{"id":35825,"date":"2024-04-14T22:54:34","date_gmt":"2024-04-15T01:54:34","guid":{"rendered":"https:\/\/larevistadigital.com.ar\/blog\/?p=35825"},"modified":"2024-04-14T22:55:33","modified_gmt":"2024-04-15T01:55:33","slug":"la-plata-reacondicionaran-el-estadio-unico-para-desarrollar-eventos-de-nivel-internacional","status":"publish","type":"post","link":"https:\/\/larevistadigital.com.ar\/blog\/la-plata-reacondicionaran-el-estadio-unico-para-desarrollar-eventos-de-nivel-internacional\/","title":{"rendered":"LA PLATA: REACONDICIONAR\u00c1N EL EST\u00c1DIO \u00daNICO PARA DESARROLLAR EVENTOS DE NIVEL INTERNACIONAL"},"content":{"rendered":"<h2 class=\"fparrafo ctext fz18 lh25\">As\u00ed lo manifest\u00f3 el Director de la Agencia de la Administraci\u00f3n del Estadio \u00danico Diego Armando Maradona de La Plata, Cristian Cardozo: <em>\u201cVamos a dejar el estadio en condiciones para que est\u00e9 disponible cuando se lo requiera\u201d<\/em>.<\/h2>\n<p><strong>CHASCOM\u00daS &#8211;\u00a0<\/strong> En di\u00e1logo en el Deportivo 1270, Cardozo explic\u00f3 el trabajo a desarrollar. <strong><em>\u201cHace poco tiempo que estamos al frente de este nuevo desaf\u00edo y que es m\u00e1s que bonito porque el estadio encarna un sentido de pertenencia muy grande para la ciudad y la provincia de Buenos Aires\u201d.<\/em><\/strong><\/p>\n<p>14 de abril de 2024<\/p>\n<p><strong>LA PLATA &#8211;<\/strong>\u00a0 Lo primero es poner en condiciones el estadio.<strong><em> \u201cEstamos con tareas de trabajo de infraestructura dentro del nodo y tambi\u00e9n incluye el campo de juego que luego de jugarse el Sub-20 el a\u00f1o pasado sufri\u00f3 un deterioro muy grande primero por la cantidad de partidos. Hay otro factor que se sum\u00f3 que fueron una serie de eventos donde se sacaban los paneles y no fueron ingresados\u201d.<\/em><\/strong><\/p>\n<p><em><strong>\u201cLa verdad es que el terreno de juego est\u00e1 en muy malas condiciones y apenas asum\u00ed tom\u00e9 la decisi\u00f3n y en base a las charlas que ven\u00eda teniendo con la AFA, TyC Sports y con diferentes clubes que hay que trabajar sobre el campo de juego y ponerlo en condiciones para la alta competencia. Los desarrolladores dicen que el tiempo para que est\u00e9 a punto el c\u00e9sped es y en condiciones internacionales es de dos meses o tres meses\u201d.<\/strong><\/em><\/p>\n<p><em><strong>\u201cHemos convocado a una empresa argentina para que haga los trabajos preliminares para proceder al acondicionamiento. Con este panorama estar\u00eda listo para la segunda parte de este a\u00f1o. El estadio fue construido para jugar partidos de f\u00fatbol y no puede no tener en condiciones el campo de juego. Hasta ahora se sacaba y se volv\u00eda a colocar y eso no result\u00f3, por eso hemos tomado la decisi\u00f3n de dejarlo en condiciones para competencias internacionales\u201d.<\/strong><\/em><\/p>\n<p>Una vez que se recupere el campo de juego Cardozo explica qui\u00e9nes podr\u00edan ser los usuarios. <strong><em>\u201cVenimos hablando con los dirigentes de Copa Argentina, tambi\u00e9n con la AFA y la idea es que se transforme en una sede para que juegue la Selecci\u00f3n Argentina\u201d<\/em><\/strong>. El estadio es una Fundaci\u00f3n que incluye en su constituci\u00f3n los clubes de La Plata, Gimnasia y Esgrima y Estudiantes con los cuales todav\u00eda no hemos hablado de este tema\u201d.<\/p>\n<p><em><strong>\u201cEstamos conversando con otros clubes, en especial hay una intenci\u00f3n por parte de un club grande de hacer uso del estadio. Nosotros queremos que se juegue al f\u00fatbol y que tambi\u00e9n tenga la posibilidad de desarrollar eventos de nivel internacional como se realizan en cualquier estadio del mundo de primer nivel\u201d<\/strong><\/em>.\u00a0<b>(InfoGEI)Ac<\/b><\/p>\n","protected":false},"excerpt":{"rendered":"<div class=\"mh-excerpt\"><p>As\u00ed lo manifest\u00f3 el Director de la Agencia de la Administraci\u00f3n del Estadio \u00danico Diego Armando Maradona de La Plata, Cristian Cardozo: \u201cVamos a dejar el estadio en condiciones para que est\u00e9 disponible cuando se <a class=\"mh-excerpt-more\" href=\"https:\/\/larevistadigital.com.ar\/blog\/la-plata-reacondicionaran-el-estadio-unico-para-desarrollar-eventos-de-nivel-internacional\/\" title=\"LA PLATA: REACONDICIONAR\u00c1N EL EST\u00c1DIO \u00daNICO PARA DESARROLLAR EVENTOS DE NIVEL INTERNACIONAL\">[Leer M\u00e1s]<\/a><\/p>\n<\/div>","protected":false},"author":3,"featured_media":35826,"comment_status":"open","ping_status":"open","sticky":false,"template":"","format":"standard","meta":{"_jetpack_memberships_contains_paid_content":false,"footnotes":"","jetpack_publicize_message":"","jetpack_publicize_feature_enabled":true,"jetpack_social_post_already_shared":true,"jetpack_social_options":{"image_generator_settings":{"template":"highway","default_image_id":0,"font":"","enabled":false},"version":2}},"categories":[24,51],"tags":[],"class_list":{"0":"post-35825","1":"post","2":"type-post","3":"status-publish","4":"format-standard","5":"has-post-thumbnail","7":"category-politica-provincial","8":"category-regionales"},"jetpack_publicize_connections":[],"jetpack_featured_media_url":"https:\/\/i0.wp.com\/larevistadigital.com.ar\/blog\/wp-content\/uploads\/20240413134213_estadio-unico-diego-armando-maradona-de-la-plata-cristian-cardozo.jpg?fit=880%2C512&ssl=1","jetpack_sharing_enabled":true,"jetpack_shortlink":"https:\/\/wp.me\/p8qtrQ-9jP","jetpack-related-posts":[{"id":33840,"url":"https:\/\/larevistadigital.com.ar\/blog\/kicillof-encabeza-a-las-16-un-acto-en-el-estadio-atenas-de-la-plata\/","url_meta":{"origin":35825,"position":0},"title":"KICILLOF ENCABEZA A LAS 16 UN ACTO EN EL ESTADIO ATENAS DE LA PLATA","author":"Alejandro Sosa Ruda","date":"5 octubre, 2023","format":false,"excerpt":"El encuentro es organizado por el ministro de Salud bonaerense, Nicol\u00e1s Kreplak, de cara a las pr\u00f3ximos elecciones. Axel Kicillof ser\u00e1 el orador principal. 05 de Octubre de 2023 LA PLATA -\u00a0 El gobernador de la Provincia de Buenos Aires, Axel Kicillof, encabezar\u00e1 el acto \"Salud por la Patria\", que\u2026","rel":"","context":"En \u00abDESTACADAS\u00bb","block_context":{"text":"DESTACADAS","link":"https:\/\/larevistadigital.com.ar\/blog\/category\/destacadas\/"},"img":{"alt_text":"","src":"https:\/\/i0.wp.com\/larevistadigital.com.ar\/blog\/wp-content\/uploads\/Captura-de-pantalla-2023-10-05-123952.png?fit=884%2C524&ssl=1&resize=350%2C200","width":350,"height":200,"srcset":"https:\/\/i0.wp.com\/larevistadigital.com.ar\/blog\/wp-content\/uploads\/Captura-de-pantalla-2023-10-05-123952.png?fit=884%2C524&ssl=1&resize=350%2C200 1x, https:\/\/i0.wp.com\/larevistadigital.com.ar\/blog\/wp-content\/uploads\/Captura-de-pantalla-2023-10-05-123952.png?fit=884%2C524&ssl=1&resize=525%2C300 1.5x, https:\/\/i0.wp.com\/larevistadigital.com.ar\/blog\/wp-content\/uploads\/Captura-de-pantalla-2023-10-05-123952.png?fit=884%2C524&ssl=1&resize=700%2C400 2x"},"classes":[]},{"id":40231,"url":"https:\/\/larevistadigital.com.ar\/blog\/chascomus-sera-sede-del-circuito-buenos-aires-aventura\/","url_meta":{"origin":35825,"position":1},"title":"Chascom\u00fas ser\u00e1 sede del Circuito Buenos Aires Aventura","author":"Alejandro Sosa Ruda","date":"30 junio, 2025","format":false,"excerpt":"Avanzan las gestiones con Deportes PBA para incorporar este evento a la agenda local y lograr la iluminaci\u00f3n del Estadio Municipal. 30 de Junio de 2025 CHASCOM\u00daS -\u00a0 El secretario de Cultura, Deportes y Relaciones Institucionales, Pablo N\u00e1poli; junto al subsecretario de Deportes municipal, Pablo Francese; particip\u00f3 de una reuni\u00f3n\u2026","rel":"","context":"En \u00abCHASCOM\u00daS\u00bb","block_context":{"text":"CHASCOM\u00daS","link":"https:\/\/larevistadigital.com.ar\/blog\/category\/chascomus\/"},"img":{"alt_text":"","src":"https:\/\/i0.wp.com\/larevistadigital.com.ar\/blog\/wp-content\/uploads\/6862c8d6b8bb7.png?fit=668%2C445&ssl=1&resize=350%2C200","width":350,"height":200,"srcset":"https:\/\/i0.wp.com\/larevistadigital.com.ar\/blog\/wp-content\/uploads\/6862c8d6b8bb7.png?fit=668%2C445&ssl=1&resize=350%2C200 1x, https:\/\/i0.wp.com\/larevistadigital.com.ar\/blog\/wp-content\/uploads\/6862c8d6b8bb7.png?fit=668%2C445&ssl=1&resize=525%2C300 1.5x"},"classes":[]},{"id":1178,"url":"https:\/\/larevistadigital.com.ar\/blog\/la-plata-choferes-de-la-linea-este-y-530-vuelven-al-paro\/","url_meta":{"origin":35825,"position":2},"title":"LA PLATA: CHOFERES DE LA L\u00cdNEA ESTE Y 530 VUELVEN AL PARO.","author":"Alejandro Sosa Ruda","date":"14 marzo, 2017","format":false,"excerpt":"Contin\u00faa el conflicto entre los choferes de la l\u00ednea este y 520 porque la empresa no consiente en volver atr\u00e1s con los despidos y las suspensiones, el cese inmediato de la persecuci\u00f3n laboral y el mejoramiento de las condiciones de trabajo. Por estos motivos, los trabajadores se encuentran desde muy\u2026","rel":"","context":"En \u00abGREMIALES\u00bb","block_context":{"text":"GREMIALES","link":"https:\/\/larevistadigital.com.ar\/blog\/category\/gremiales\/"},"img":{"alt_text":"","src":"https:\/\/i0.wp.com\/larevistadigital.com.ar\/blog\/wp-content\/uploads\/2017\/03\/0000219756.jpg?fit=1024%2C578&ssl=1&resize=350%2C200","width":350,"height":200,"srcset":"https:\/\/i0.wp.com\/larevistadigital.com.ar\/blog\/wp-content\/uploads\/2017\/03\/0000219756.jpg?fit=1024%2C578&ssl=1&resize=350%2C200 1x, https:\/\/i0.wp.com\/larevistadigital.com.ar\/blog\/wp-content\/uploads\/2017\/03\/0000219756.jpg?fit=1024%2C578&ssl=1&resize=525%2C300 1.5x, https:\/\/i0.wp.com\/larevistadigital.com.ar\/blog\/wp-content\/uploads\/2017\/03\/0000219756.jpg?fit=1024%2C578&ssl=1&resize=700%2C400 2x"},"classes":[]},{"id":24345,"url":"https:\/\/larevistadigital.com.ar\/blog\/lo-traiciono-la-pasion-con-pedido-de-captura-fue-a-ver-a-estudiantes-y-termino-preso\/","url_meta":{"origin":35825,"position":3},"title":"LO TRAICION\u00d3 LA PASI\u00d3N: CON PEDIDO DE CAPTURA FUE A VER A ESTUDIANTES Y TERMIN\u00d3 PRESO","author":"Alejandro Sosa Ruda","date":"4 marzo, 2022","format":false,"excerpt":"Un joven fue detenido en el estadio Uno cuando quiso ingresar para ver el partido anoche. Ten\u00eda una captura activa por un homicidio en grado de tentativa LA PLATA -\u00a0 Un joven de 22 a\u00f1os fue detenido anoche en el acceso al estadio Uno de La Plata cuando intent\u00f3 ingresar\u2026","rel":"","context":"En \u00abINTERES GENERAL\u00bb","block_context":{"text":"INTERES GENERAL","link":"https:\/\/larevistadigital.com.ar\/blog\/category\/interes-general\/"},"img":{"alt_text":"","src":"https:\/\/i0.wp.com\/larevistadigital.com.ar\/blog\/wp-content\/uploads\/4d4e66c9fe7cddf0a21f0ac2993e27e23b154a62.jpg?fit=437%2C900&ssl=1&resize=350%2C200","width":350,"height":200},"classes":[]},{"id":18025,"url":"https:\/\/larevistadigital.com.ar\/blog\/partido-de-la-costa-el-destino-mas-elegido-el-intendente-cardozo-agradecio-a-turistas-y-comunidad\/","url_meta":{"origin":35825,"position":4},"title":"PARTIDO DE LA COSTA: EL DESTINO M\u00c1S ELEGIDO. EL INTENDENTE CARDOZO AGRADECI\u00d3 A TURISTAS Y COMUNIDAD","author":"Alejandro Sosa Ruda","date":"10 diciembre, 2020","format":false,"excerpt":"Tras el primer fin de semana largo de diciembre donde el Partido de La Costa fue el destino tur\u00edstico m\u00e1s elegido del pa\u00eds, el intendente Cristian Cardozo agradeci\u00f3 a todos aquellos que visitaron el distrito, al tiempo que destac\u00f3 el compromiso y la importante labor realizada por los costeros. En\u2026","rel":"","context":"En \u00abREGIONALES\u00bb","block_context":{"text":"REGIONALES","link":"https:\/\/larevistadigital.com.ar\/blog\/category\/regionales\/"},"img":{"alt_text":"","src":"https:\/\/i0.wp.com\/larevistadigital.com.ar\/blog\/wp-content\/uploads\/d416dc642fd2c0371443579359e5e85f0ac948ac.jpg?fit=1140%2C637&ssl=1&resize=350%2C200","width":350,"height":200,"srcset":"https:\/\/i0.wp.com\/larevistadigital.com.ar\/blog\/wp-content\/uploads\/d416dc642fd2c0371443579359e5e85f0ac948ac.jpg?fit=1140%2C637&ssl=1&resize=350%2C200 1x, https:\/\/i0.wp.com\/larevistadigital.com.ar\/blog\/wp-content\/uploads\/d416dc642fd2c0371443579359e5e85f0ac948ac.jpg?fit=1140%2C637&ssl=1&resize=525%2C300 1.5x, https:\/\/i0.wp.com\/larevistadigital.com.ar\/blog\/wp-content\/uploads\/d416dc642fd2c0371443579359e5e85f0ac948ac.jpg?fit=1140%2C637&ssl=1&resize=700%2C400 2x, https:\/\/i0.wp.com\/larevistadigital.com.ar\/blog\/wp-content\/uploads\/d416dc642fd2c0371443579359e5e85f0ac948ac.jpg?fit=1140%2C637&ssl=1&resize=1050%2C600 3x"},"classes":[]},{"id":1471,"url":"https:\/\/larevistadigital.com.ar\/blog\/el-pro-tendra-su-acto-en-un-estadio-de-futbol\/","url_meta":{"origin":35825,"position":5},"title":"EL PRO TENDR\u00c1 SU ACTO EN UN ESTADIO DE FUTBOL","author":"Alejandro Sosa Ruda","date":"22 marzo, 2017","format":false,"excerpt":"El PRO tendr\u00e1 su primer acto en un estadio de f\u00fatbol, intentando volver a las fuentes y dar vuelta los malos \u00edndices que marcan las encuestas en referencia a la elecci\u00f3n legislativa de octubre. El marco elegido ser\u00e1 el Estadio Ciudad de La Plata y el motivo del acto la\u2026","rel":"","context":"En \u00abDESTACADAS\u00bb","block_context":{"text":"DESTACADAS","link":"https:\/\/larevistadigital.com.ar\/blog\/category\/destacadas\/"},"img":{"alt_text":"","src":"https:\/\/i0.wp.com\/larevistadigital.com.ar\/blog\/wp-content\/uploads\/2017\/03\/larreta-macri-vidal-2.jpg?fit=700%2C430&ssl=1&resize=350%2C200","width":350,"height":200,"srcset":"https:\/\/i0.wp.com\/larevistadigital.com.ar\/blog\/wp-content\/uploads\/2017\/03\/larreta-macri-vidal-2.jpg?fit=700%2C430&ssl=1&resize=350%2C200 1x, https:\/\/i0.wp.com\/larevistadigital.com.ar\/blog\/wp-content\/uploads\/2017\/03\/larreta-macri-vidal-2.jpg?fit=700%2C430&ssl=1&resize=525%2C300 1.5x, https:\/\/i0.wp.com\/larevistadigital.com.ar\/blog\/wp-content\/uploads\/2017\/03\/larreta-macri-vidal-2.jpg?fit=700%2C430&ssl=1&resize=700%2C400 2x"},"classes":[]}],"_links":{"self":[{"href":"https:\/\/larevistadigital.com.ar\/blog\/wp-json\/wp\/v2\/posts\/35825","targetHints":{"allow":["GET"]}}],"collection":[{"href":"https:\/\/larevistadigital.com.ar\/blog\/wp-json\/wp\/v2\/posts"}],"about":[{"href":"https:\/\/larevistadigital.com.ar\/blog\/wp-json\/wp\/v2\/types\/post"}],"author":[{"embeddable":true,"href":"https:\/\/larevistadigital.com.ar\/blog\/wp-json\/wp\/v2\/users\/3"}],"replies":[{"embeddable":true,"href":"https:\/\/larevistadigital.com.ar\/blog\/wp-json\/wp\/v2\/comments?post=35825"}],"version-history":[{"count":1,"href":"https:\/\/larevistadigital.com.ar\/blog\/wp-json\/wp\/v2\/posts\/35825\/revisions"}],"predecessor-version":[{"id":35827,"href":"https:\/\/larevistadigital.com.ar\/blog\/wp-json\/wp\/v2\/posts\/35825\/revisions\/35827"}],"wp:featuredmedia":[{"embeddable":true,"href":"https:\/\/larevistadigital.com.ar\/blog\/wp-json\/wp\/v2\/media\/35826"}],"wp:attachment":[{"href":"https:\/\/larevistadigital.com.ar\/blog\/wp-json\/wp\/v2\/media?parent=35825"}],"wp:term":[{"taxonomy":"category","embeddable":true,"href":"https:\/\/larevistadigital.com.ar\/blog\/wp-json\/wp\/v2\/categories?post=35825"},{"taxonomy":"post_tag","embeddable":true,"href":"https:\/\/larevistadigital.com.ar\/blog\/wp-json\/wp\/v2\/tags?post=35825"}],"curies":[{"name":"wp","href":"https:\/\/api.w.org\/{rel}","templated":true}]}}