{"id":35828,"date":"2024-04-14T23:15:35","date_gmt":"2024-04-15T02:15:35","guid":{"rendered":"https:\/\/larevistadigital.com.ar\/blog\/?p=35828"},"modified":"2024-04-14T23:15:35","modified_gmt":"2024-04-15T02:15:35","slug":"camion-volco-en-la-ruta-nacional-50","status":"publish","type":"post","link":"https:\/\/larevistadigital.com.ar\/blog\/camion-volco-en-la-ruta-nacional-50\/","title":{"rendered":"CAMI\u00d3N VOLC\u00d3 EN LA RUTA NACIONAL 50"},"content":{"rendered":"<div class=\"x11i5rnm xat24cr x1mh8g0r x1vvkbs xtlvy1s x126k92a\">\n<h2 dir=\"auto\">En la noche del s\u00e1bado 13 de abril cerca de las horas 21:30 se registr\u00f3 un accidente en Ruta Nacional 50 y Avenida Palacios, donde un cami\u00f3n volc\u00f3 y termin\u00f3 sobre la banquina, precisamente en la rotonda de ingreso a la ciudad de Or\u00e1n.<\/h2>\n<div dir=\"auto\">14 de abril de 2024<\/div>\n<div dir=\"auto\"><\/div>\n<\/div>\n<div class=\"x11i5rnm xat24cr x1mh8g0r x1vvkbs xtlvy1s x126k92a\">\n<div dir=\"auto\"><strong>Or\u00e1n &#8211; SALTA &#8211;<\/strong>\u00a0 El protagonista fue un cami\u00f3n Mercedes Benz t\u00e9rmico que viajaba desde Pichanal hasta la localidad de Aguas Blancas.<\/div>\n<div dir=\"auto\"><\/div>\n<div dir=\"auto\">Seg\u00fan la palabra del conductor, el accidente de desencaden\u00f3 cuando una moto sin luz y con una bolsa de color naranja apareci\u00f3 de golpe frente a \u00e9l, por lo que intent\u00f3 esquivarla y perdi\u00f3 el control del veh\u00edculo, el cual termin\u00f3 tendido sobre la banquina.<\/div>\n<\/div>\n<div class=\"x11i5rnm xat24cr x1mh8g0r x1vvkbs xtlvy1s x126k92a\">\n<blockquote>\n<h3 dir=\"auto\">El ch\u00f3fer del cami\u00f3n recibi\u00f3 atenci\u00f3n m\u00e9dica en el lugar de los hechos y se encuentra fuera de peligro, dado que solo recibi\u00f3 algunos golpes a ra\u00edz del vuelco.<\/h3>\n<\/blockquote>\n<div dir=\"auto\">Los Bomberos Voluntarios de Or\u00e1n, el m\u00f3vil 18 y otra dotaci\u00f3n de Bomberos trabajaron en el lugar del siniestro con el fin de brindar asistencia al conductor, retirar el cami\u00f3n de la banquina y llevar a cabo las tareas de seguridad correspondientes.<\/div>\n<\/div>\n","protected":false},"excerpt":{"rendered":"<div class=\"mh-excerpt\"><p>En la noche del s\u00e1bado 13 de abril cerca de las horas 21:30 se registr\u00f3 un accidente en Ruta Nacional 50 y Avenida Palacios, donde un cami\u00f3n volc\u00f3 y termin\u00f3 sobre la banquina, precisamente en <a class=\"mh-excerpt-more\" href=\"https:\/\/larevistadigital.com.ar\/blog\/camion-volco-en-la-ruta-nacional-50\/\" title=\"CAMI\u00d3N VOLC\u00d3 EN LA RUTA NACIONAL 50\">[Leer M\u00e1s]<\/a><\/p>\n<\/div>","protected":false},"author":3,"featured_media":35829,"comment_status":"open","ping_status":"open","sticky":false,"template":"","format":"standard","meta":{"_jetpack_memberships_contains_paid_content":false,"footnotes":"","jetpack_publicize_message":"","jetpack_publicize_feature_enabled":true,"jetpack_social_post_already_shared":true,"jetpack_social_options":{"image_generator_settings":{"template":"highway","default_image_id":0,"font":"","enabled":false},"version":2}},"categories":[50,44],"tags":[],"class_list":{"0":"post-35828","1":"post","2":"type-post","3":"status-publish","4":"format-standard","5":"has-post-thumbnail","7":"category-interes-general","8":"category-policiales"},"jetpack_publicize_connections":[],"jetpack_featured_media_url":"https:\/\/i0.wp.com\/larevistadigital.com.ar\/blog\/wp-content\/uploads\/437893814_839541674877633_4394247394583405840_n.jpg?fit=992%2C557&ssl=1","jetpack_sharing_enabled":true,"jetpack_shortlink":"https:\/\/wp.me\/p8qtrQ-9jS","jetpack-related-posts":[{"id":32753,"url":"https:\/\/larevistadigital.com.ar\/blog\/volco-un-camion-en-la-ruta-7-y-vecinos-faenaron-vacas-en-las-banquinas\/","url_meta":{"origin":35828,"position":0},"title":"VOLC\u00d3 UN CAMI\u00d3N EN LA RUTA 7 Y VECINOS FAENARON VACAS EN LAS BANQUINAS","author":"Alejandro Sosa Ruda","date":"4 agosto, 2023","format":false,"excerpt":"Tras el vuelco, varias de las vacas sufrieron heridas o perdieron la vida. Algunos vecinos y automovilistas vieron la oportunidad de aprovechar la situaci\u00f3n y saquearon la carga del cami\u00f3n. 3 de agosto de 2023 JUNIN -\u00a0 Un cami\u00f3n jaula que transportaba m\u00e1s de una decena de vacas volc\u00f3 en\u2026","rel":"","context":"En \u00abPOLICIALES\u00bb","block_context":{"text":"POLICIALES","link":"https:\/\/larevistadigital.com.ar\/blog\/category\/policiales\/"},"img":{"alt_text":"","src":"https:\/\/i0.wp.com\/larevistadigital.com.ar\/blog\/wp-content\/uploads\/20230803173637_vacas-camion-ruta-7.jpg?fit=880%2C512&ssl=1&resize=350%2C200","width":350,"height":200,"srcset":"https:\/\/i0.wp.com\/larevistadigital.com.ar\/blog\/wp-content\/uploads\/20230803173637_vacas-camion-ruta-7.jpg?fit=880%2C512&ssl=1&resize=350%2C200 1x, https:\/\/i0.wp.com\/larevistadigital.com.ar\/blog\/wp-content\/uploads\/20230803173637_vacas-camion-ruta-7.jpg?fit=880%2C512&ssl=1&resize=525%2C300 1.5x, https:\/\/i0.wp.com\/larevistadigital.com.ar\/blog\/wp-content\/uploads\/20230803173637_vacas-camion-ruta-7.jpg?fit=880%2C512&ssl=1&resize=700%2C400 2x"},"classes":[]},{"id":19921,"url":"https:\/\/larevistadigital.com.ar\/blog\/coronel-pringles-vecinos-saquearon-un-camion-que-volco-en-la-ruta-51\/","url_meta":{"origin":35828,"position":1},"title":"CORONEL PRINGLES: VECINOS SAQUEARON UN CAMI\u00d3N QUE VOLC\u00d3 EN LA RUTA 51","author":"Alejandro Sosa Ruda","date":"29 abril, 2021","format":false,"excerpt":"CORONEL PRINGLES - En la medianoche del domingo, un cami\u00f3n cargado de mercader\u00eda volc\u00f3 en las afueras de Coronel Pringles sobre Ruta 51. En el lugar se mont\u00f3 una custodia policial, pero los efectivos nada pudieron hacer ante la gran cantidad de vecinos que se acercaron para llevarse los alimentos.\u2026","rel":"","context":"En \u00abREGIONALES\u00bb","block_context":{"text":"REGIONALES","link":"https:\/\/larevistadigital.com.ar\/blog\/category\/regionales\/"},"img":{"alt_text":"","src":"https:\/\/i0.wp.com\/larevistadigital.com.ar\/blog\/wp-content\/uploads\/vuelco-camion-pringles-abril-2021.jpg?fit=880%2C512&ssl=1&resize=350%2C200","width":350,"height":200,"srcset":"https:\/\/i0.wp.com\/larevistadigital.com.ar\/blog\/wp-content\/uploads\/vuelco-camion-pringles-abril-2021.jpg?fit=880%2C512&ssl=1&resize=350%2C200 1x, https:\/\/i0.wp.com\/larevistadigital.com.ar\/blog\/wp-content\/uploads\/vuelco-camion-pringles-abril-2021.jpg?fit=880%2C512&ssl=1&resize=525%2C300 1.5x, https:\/\/i0.wp.com\/larevistadigital.com.ar\/blog\/wp-content\/uploads\/vuelco-camion-pringles-abril-2021.jpg?fit=880%2C512&ssl=1&resize=700%2C400 2x"},"classes":[]},{"id":32141,"url":"https:\/\/larevistadigital.com.ar\/blog\/ruta-2-volco-un-camion-que-trasladaba-pescado-a-mar-del-plata\/","url_meta":{"origin":35828,"position":2},"title":"RUTA 2: VOLC\u00d3 UN CAMI\u00d3N QUE TRASLADABA PESCADO A MAR DEL PLATA","author":"Alejandro Sosa Ruda","date":"27 junio, 2023","format":false,"excerpt":"El cargamento qued\u00f3 derramado en el asfalto y en la banquina, a la altura del kil\u00f3metro 331 de la autov\u00eda, cerca de General Pir\u00e1n. El chofer, de 65 a\u00f1os, fue hospitalizado aunque se encuentra en buen estado de salud. 27 de junio de 2023 GENERAL PIR\u00c1N -\u00a0 Un incidente vial\u2026","rel":"","context":"En \u00abPOLICIALES\u00bb","block_context":{"text":"POLICIALES","link":"https:\/\/larevistadigital.com.ar\/blog\/category\/policiales\/"},"img":{"alt_text":"","src":"https:\/\/i0.wp.com\/larevistadigital.com.ar\/blog\/wp-content\/uploads\/Captura-de-pantalla-2023-06-27-191455.jpg?fit=806%2C480&ssl=1&resize=350%2C200","width":350,"height":200,"srcset":"https:\/\/i0.wp.com\/larevistadigital.com.ar\/blog\/wp-content\/uploads\/Captura-de-pantalla-2023-06-27-191455.jpg?fit=806%2C480&ssl=1&resize=350%2C200 1x, https:\/\/i0.wp.com\/larevistadigital.com.ar\/blog\/wp-content\/uploads\/Captura-de-pantalla-2023-06-27-191455.jpg?fit=806%2C480&ssl=1&resize=525%2C300 1.5x, https:\/\/i0.wp.com\/larevistadigital.com.ar\/blog\/wp-content\/uploads\/Captura-de-pantalla-2023-06-27-191455.jpg?fit=806%2C480&ssl=1&resize=700%2C400 2x"},"classes":[]},{"id":36065,"url":"https:\/\/larevistadigital.com.ar\/blog\/ruta-2-camion-volco-a-la-altura-de-castelli-hubo-seis-heridos\/","url_meta":{"origin":35828,"position":3},"title":"RUTA 2: CAMI\u00d3N VOLC\u00d3 A LA ALTURA DE CASTELLI. HUBO SEIS HERIDOS","author":"Alejandro Sosa Ruda","date":"18 mayo, 2024","format":false,"excerpt":"CASTELLI -\u00a0 \u00a0En las primeras horas de este viernes se produjo un accidente en la Ruta 2, a la altura del partido de\u00a0Castelli, que dej\u00f3 como saldo\u00a06 personas heridas, afortunadamente ninguna de gravedad. Ocurri\u00f3 cuando, por cuestiones que a\u00fan se tratan de establecer, el conductor de un cami\u00f3n que transportaba\u2026","rel":"","context":"En \u00abPOLICIALES\u00bb","block_context":{"text":"POLICIALES","link":"https:\/\/larevistadigital.com.ar\/blog\/category\/policiales\/"},"img":{"alt_text":"","src":"https:\/\/i0.wp.com\/larevistadigital.com.ar\/blog\/wp-content\/uploads\/d6c644c411a0407f97d8969aed8687aba153cefc.jpg?fit=1140%2C713&ssl=1&resize=350%2C200","width":350,"height":200,"srcset":"https:\/\/i0.wp.com\/larevistadigital.com.ar\/blog\/wp-content\/uploads\/d6c644c411a0407f97d8969aed8687aba153cefc.jpg?fit=1140%2C713&ssl=1&resize=350%2C200 1x, https:\/\/i0.wp.com\/larevistadigital.com.ar\/blog\/wp-content\/uploads\/d6c644c411a0407f97d8969aed8687aba153cefc.jpg?fit=1140%2C713&ssl=1&resize=525%2C300 1.5x, https:\/\/i0.wp.com\/larevistadigital.com.ar\/blog\/wp-content\/uploads\/d6c644c411a0407f97d8969aed8687aba153cefc.jpg?fit=1140%2C713&ssl=1&resize=700%2C400 2x, https:\/\/i0.wp.com\/larevistadigital.com.ar\/blog\/wp-content\/uploads\/d6c644c411a0407f97d8969aed8687aba153cefc.jpg?fit=1140%2C713&ssl=1&resize=1050%2C600 3x"},"classes":[]},{"id":17350,"url":"https:\/\/larevistadigital.com.ar\/blog\/ruta-2-camion-volco-en-el-terraplen-central-de-la-autopista\/","url_meta":{"origin":35828,"position":4},"title":"RUTA 2: CAMI\u00d3N VOLC\u00d3 EN EL TERRAPLEN CENTRAL DE LA AUTOPISTA","author":"Alejandro Sosa Ruda","date":"30 octubre, 2020","format":false,"excerpt":"Un cami\u00f3n se despist\u00f3 ayer por la\u00a0 madrugada y cay\u00f3 al cantero central en la Autov\u00eda 2 en jurisdicci\u00f3n del distrito de General Guido. El accidente se produjo alrededor de la una de la madrugada, cuando un cami\u00f3n Iveco con acoplado que circulaba en direcci\u00f3n a Mar del Plata, se\u2026","rel":"","context":"En \u00abREGIONALES\u00bb","block_context":{"text":"REGIONALES","link":"https:\/\/larevistadigital.com.ar\/blog\/category\/regionales\/"},"img":{"alt_text":"","src":"https:\/\/i0.wp.com\/larevistadigital.com.ar\/blog\/wp-content\/uploads\/598ca16625d4e185de29d4bb47fd81d137970156.jpg?fit=1140%2C759&ssl=1&resize=350%2C200","width":350,"height":200,"srcset":"https:\/\/i0.wp.com\/larevistadigital.com.ar\/blog\/wp-content\/uploads\/598ca16625d4e185de29d4bb47fd81d137970156.jpg?fit=1140%2C759&ssl=1&resize=350%2C200 1x, https:\/\/i0.wp.com\/larevistadigital.com.ar\/blog\/wp-content\/uploads\/598ca16625d4e185de29d4bb47fd81d137970156.jpg?fit=1140%2C759&ssl=1&resize=525%2C300 1.5x, https:\/\/i0.wp.com\/larevistadigital.com.ar\/blog\/wp-content\/uploads\/598ca16625d4e185de29d4bb47fd81d137970156.jpg?fit=1140%2C759&ssl=1&resize=700%2C400 2x, https:\/\/i0.wp.com\/larevistadigital.com.ar\/blog\/wp-content\/uploads\/598ca16625d4e185de29d4bb47fd81d137970156.jpg?fit=1140%2C759&ssl=1&resize=1050%2C600 3x"},"classes":[]},{"id":19625,"url":"https:\/\/larevistadigital.com.ar\/blog\/volco-un-camion-en-la-ruta-29\/","url_meta":{"origin":35828,"position":5},"title":"VOLC\u00d3 UN CAMI\u00d3N EN LA RUTA 29","author":"Alejandro Sosa Ruda","date":"13 abril, 2021","format":false,"excerpt":"UDAQUIOLA - Un cami\u00f3n que transportaba maderas volc\u00f3 este martes a la madrugada en ruta 29 en cercan\u00edas al cruce con la localidad de Udaquiola obligando a la intervenci\u00f3n de Bomberos Voluntarios como de Polic\u00eda, teniendo en cuenta que el pesado transporte qued\u00f3 sobre la cinta asf\u00e1ltica, donde dej\u00f3 tendida\u2026","rel":"","context":"En \u00abPOLICIALES\u00bb","block_context":{"text":"POLICIALES","link":"https:\/\/larevistadigital.com.ar\/blog\/category\/policiales\/"},"img":{"alt_text":"","src":"https:\/\/i0.wp.com\/larevistadigital.com.ar\/blog\/wp-content\/uploads\/camion-vuelco.jpeg?fit=806%2C408&ssl=1&resize=350%2C200","width":350,"height":200,"srcset":"https:\/\/i0.wp.com\/larevistadigital.com.ar\/blog\/wp-content\/uploads\/camion-vuelco.jpeg?fit=806%2C408&ssl=1&resize=350%2C200 1x, https:\/\/i0.wp.com\/larevistadigital.com.ar\/blog\/wp-content\/uploads\/camion-vuelco.jpeg?fit=806%2C408&ssl=1&resize=525%2C300 1.5x, https:\/\/i0.wp.com\/larevistadigital.com.ar\/blog\/wp-content\/uploads\/camion-vuelco.jpeg?fit=806%2C408&ssl=1&resize=700%2C400 2x"},"classes":[]}],"_links":{"self":[{"href":"https:\/\/larevistadigital.com.ar\/blog\/wp-json\/wp\/v2\/posts\/35828","targetHints":{"allow":["GET"]}}],"collection":[{"href":"https:\/\/larevistadigital.com.ar\/blog\/wp-json\/wp\/v2\/posts"}],"about":[{"href":"https:\/\/larevistadigital.com.ar\/blog\/wp-json\/wp\/v2\/types\/post"}],"author":[{"embeddable":true,"href":"https:\/\/larevistadigital.com.ar\/blog\/wp-json\/wp\/v2\/users\/3"}],"replies":[{"embeddable":true,"href":"https:\/\/larevistadigital.com.ar\/blog\/wp-json\/wp\/v2\/comments?post=35828"}],"version-history":[{"count":1,"href":"https:\/\/larevistadigital.com.ar\/blog\/wp-json\/wp\/v2\/posts\/35828\/revisions"}],"predecessor-version":[{"id":35830,"href":"https:\/\/larevistadigital.com.ar\/blog\/wp-json\/wp\/v2\/posts\/35828\/revisions\/35830"}],"wp:featuredmedia":[{"embeddable":true,"href":"https:\/\/larevistadigital.com.ar\/blog\/wp-json\/wp\/v2\/media\/35829"}],"wp:attachment":[{"href":"https:\/\/larevistadigital.com.ar\/blog\/wp-json\/wp\/v2\/media?parent=35828"}],"wp:term":[{"taxonomy":"category","embeddable":true,"href":"https:\/\/larevistadigital.com.ar\/blog\/wp-json\/wp\/v2\/categories?post=35828"},{"taxonomy":"post_tag","embeddable":true,"href":"https:\/\/larevistadigital.com.ar\/blog\/wp-json\/wp\/v2\/tags?post=35828"}],"curies":[{"name":"wp","href":"https:\/\/api.w.org\/{rel}","templated":true}]}}