{"id":35831,"date":"2024-04-14T23:41:37","date_gmt":"2024-04-15T02:41:37","guid":{"rendered":"https:\/\/larevistadigital.com.ar\/blog\/?p=35831"},"modified":"2024-04-14T23:41:37","modified_gmt":"2024-04-15T02:41:37","slug":"choque-entre-dos-colectivos-con-un-saldo-de-9-personas-heridas","status":"publish","type":"post","link":"https:\/\/larevistadigital.com.ar\/blog\/choque-entre-dos-colectivos-con-un-saldo-de-9-personas-heridas\/","title":{"rendered":"CHOQUE ENTRE DOS COLECTIVOS CON UN SALDO DE 9 PERSONAS HERIDAS"},"content":{"rendered":"<h2 dir=\"auto\">Al menos nueve heridos tras el choque de dos colectivos.<\/h2>\n<div dir=\"auto\">14 de abril de 2024<\/div>\n<div dir=\"auto\">Ocurri\u00f3 en Posadas, cuando\u00a0un micro de larga distancia de la empresa Crucero del Norte y uno de pasajeros urbanos de Don Casimiro colisionaron.<\/div>\n<div dir=\"auto\"><\/div>\n<div dir=\"auto\">El accidente fue en Av Quaranta y Av Jauretche entre los dos colectivos mencionados.<\/div>\n<div dir=\"auto\"><\/div>\n<div dir=\"auto\">El colectivo Crucero del Norte estaba siendo manejado por <strong>Juan R<\/strong>. (32) mientras que el urbano lo conduc\u00eda <strong>Jonathan M<\/strong>. (34).<\/div>\n<div dir=\"auto\"><\/div>\n<div dir=\"auto\">Al sitio llegaron varias ambulancias, quienes transportaron entre 9 y 10 heridos al hospital Ram\u00f3n Madariaga, por lo que se espera saber cu\u00e1l es su estado de salud.<\/div>\n<div dir=\"auto\"><\/div>\n<div dir=\"auto\">La polic\u00eda y la ambulancia trabajaron en el lugar. Tr\u00e1nsito estaba cortado.<\/div>\n","protected":false},"excerpt":{"rendered":"<div class=\"mh-excerpt\"><p>Al menos nueve heridos tras el choque de dos colectivos. 14 de abril de 2024 Ocurri\u00f3 en Posadas, cuando\u00a0un micro de larga distancia de la empresa Crucero del Norte y uno de pasajeros urbanos de <a class=\"mh-excerpt-more\" href=\"https:\/\/larevistadigital.com.ar\/blog\/choque-entre-dos-colectivos-con-un-saldo-de-9-personas-heridas\/\" title=\"CHOQUE ENTRE DOS COLECTIVOS CON UN SALDO DE 9 PERSONAS HERIDAS\">[Leer M\u00e1s]<\/a><\/p>\n<\/div>","protected":false},"author":3,"featured_media":35832,"comment_status":"open","ping_status":"open","sticky":false,"template":"","format":"standard","meta":{"_jetpack_memberships_contains_paid_content":false,"footnotes":"","jetpack_publicize_message":"","jetpack_publicize_feature_enabled":true,"jetpack_social_post_already_shared":true,"jetpack_social_options":{"image_generator_settings":{"template":"highway","default_image_id":0,"font":"","enabled":false},"version":2}},"categories":[50,44],"tags":[],"class_list":{"0":"post-35831","1":"post","2":"type-post","3":"status-publish","4":"format-standard","5":"has-post-thumbnail","7":"category-interes-general","8":"category-policiales"},"jetpack_publicize_connections":[],"jetpack_featured_media_url":"https:\/\/i0.wp.com\/larevistadigital.com.ar\/blog\/wp-content\/uploads\/438037188_839708861527581_8001843743986299071_n.jpg?fit=1200%2C1600&ssl=1","jetpack_sharing_enabled":true,"jetpack_shortlink":"https:\/\/wp.me\/p8qtrQ-9jV","jetpack-related-posts":[{"id":11075,"url":"https:\/\/larevistadigital.com.ar\/blog\/un-muerto-y-14-heridos-en-choque-entre-colectivo-y-camion\/","url_meta":{"origin":35831,"position":0},"title":"UN MUERTO Y 14 HERIDOS EN CHOQUE ENTRE COLECTIVO Y CAMI\u00d3N","author":"Alejandro Sosa Ruda","date":"5 julio, 2019","format":false,"excerpt":"El siniestro vial tuvo lugar en la madrugada. La v\u00edctima fatal es el chofer del cami\u00f3n. Un choque entre un colectivo y un cami\u00f3n en cercan\u00edas de la localidad correntina de San Roque dej\u00f3 como saldo un muerto y 14 heridos, dos de ellos de gravedad, informaron hoy fuentes de\u2026","rel":"","context":"En \u00abDESTACADAS\u00bb","block_context":{"text":"DESTACADAS","link":"https:\/\/larevistadigital.com.ar\/blog\/category\/destacadas\/"},"img":{"alt_text":"","src":"https:\/\/i0.wp.com\/larevistadigital.com.ar\/blog\/wp-content\/uploads\/5d1f5f8c3449f_1004x565.jpg?fit=1004%2C565&ssl=1&resize=350%2C200","width":350,"height":200,"srcset":"https:\/\/i0.wp.com\/larevistadigital.com.ar\/blog\/wp-content\/uploads\/5d1f5f8c3449f_1004x565.jpg?fit=1004%2C565&ssl=1&resize=350%2C200 1x, https:\/\/i0.wp.com\/larevistadigital.com.ar\/blog\/wp-content\/uploads\/5d1f5f8c3449f_1004x565.jpg?fit=1004%2C565&ssl=1&resize=525%2C300 1.5x, https:\/\/i0.wp.com\/larevistadigital.com.ar\/blog\/wp-content\/uploads\/5d1f5f8c3449f_1004x565.jpg?fit=1004%2C565&ssl=1&resize=700%2C400 2x"},"classes":[]},{"id":40937,"url":"https:\/\/larevistadigital.com.ar\/blog\/chascomus-choque-entre-dos-camionetas-sin-heridos\/","url_meta":{"origin":35831,"position":1},"title":"Chascom\u00fas: Choque entre dos camionetas sin heridos","author":"Alejandro Sosa Ruda","date":"16 agosto, 2025","format":false,"excerpt":"El accidente gener\u00f3 demoras en el tr\u00e1nsito durante el mediod\u00eda del s\u00e1bado. 16 de Agosto de 2025 CHASCOM\u00daS\u00a0 -\u00a0 Un choque entre dos camionetas,\u00a0 m\u00e1s precisamente dos\u00a0 Toyota Hilux, en la intersecci\u00f3n de las calles Alte. Brown y Mendiola provoc\u00f3 demoras en el tr\u00e1nsito durante la tarde de este s\u00e1bado.\u2026","rel":"","context":"En \u00abDESTACADAS\u00bb","block_context":{"text":"DESTACADAS","link":"https:\/\/larevistadigital.com.ar\/blog\/category\/destacadas\/"},"img":{"alt_text":"","src":"https:\/\/i0.wp.com\/larevistadigital.com.ar\/blog\/wp-content\/uploads\/CHOQUE-2.jpg?fit=1200%2C537&ssl=1&resize=350%2C200","width":350,"height":200,"srcset":"https:\/\/i0.wp.com\/larevistadigital.com.ar\/blog\/wp-content\/uploads\/CHOQUE-2.jpg?fit=1200%2C537&ssl=1&resize=350%2C200 1x, https:\/\/i0.wp.com\/larevistadigital.com.ar\/blog\/wp-content\/uploads\/CHOQUE-2.jpg?fit=1200%2C537&ssl=1&resize=525%2C300 1.5x, https:\/\/i0.wp.com\/larevistadigital.com.ar\/blog\/wp-content\/uploads\/CHOQUE-2.jpg?fit=1200%2C537&ssl=1&resize=700%2C400 2x, https:\/\/i0.wp.com\/larevistadigital.com.ar\/blog\/wp-content\/uploads\/CHOQUE-2.jpg?fit=1200%2C537&ssl=1&resize=1050%2C600 3x"},"classes":[]},{"id":7417,"url":"https:\/\/larevistadigital.com.ar\/blog\/castelli-dos-ciclistas-heridos-por-choque-con-camioneta-en-la-ruta-2\/","url_meta":{"origin":35831,"position":2},"title":"CASTELLI: DOS CICLISTAS HERIDOS POR CHOQUE CON CAMIONETA EN LA RUTA 2","author":"Alejandro Sosa Ruda","date":"28 diciembre, 2018","format":false,"excerpt":"Dos ciclistas de Castelli resultaron con lesiones tras colisionar con una camioneta que estaba parada en la autov\u00eda 2 Seg\u00fan se supo y public\u00f3 en Castelli diario se trata de los pedalistas Carlos Brivio y Hugo Martinez, quienes a\u00a0 bordo de sus bicicletas, impactaron con una camioneta Ford Eco Sport\u2026","rel":"","context":"En \u00abCASTELLI\u00bb","block_context":{"text":"CASTELLI","link":"https:\/\/larevistadigital.com.ar\/blog\/category\/castelli\/"},"img":{"alt_text":"","src":"https:\/\/i0.wp.com\/larevistadigital.com.ar\/blog\/wp-content\/uploads\/2018\/12\/bici-1.jpg?fit=600%2C800&ssl=1&resize=350%2C200","width":350,"height":200,"srcset":"https:\/\/i0.wp.com\/larevistadigital.com.ar\/blog\/wp-content\/uploads\/2018\/12\/bici-1.jpg?fit=600%2C800&ssl=1&resize=350%2C200 1x, https:\/\/i0.wp.com\/larevistadigital.com.ar\/blog\/wp-content\/uploads\/2018\/12\/bici-1.jpg?fit=600%2C800&ssl=1&resize=525%2C300 1.5x"},"classes":[]},{"id":22045,"url":"https:\/\/larevistadigital.com.ar\/blog\/choque-multiple-en-panamericana-con-dos-muertos-y-tres-heridos\/","url_meta":{"origin":35831,"position":3},"title":"CHOQUE M\u00daLTIPLE EN PANAMERICANA CON DOS MUERTOS Y TRES HERIDOS","author":"Alejandro Sosa Ruda","date":"19 septiembre, 2021","format":false,"excerpt":"Dos j\u00f3venes de 19 a\u00f1os murieron y otros tres resultaron heridos\u00a0como consecuencia de un\u00a0choque m\u00faltiple\u00a0ocurrido el domingo a la madrugada en la\u00a0Panamericana, ramal Campana. En el choque intervinieron\u00a0seis veh\u00edculos en el kil\u00f3metro 37,5 de la ruta 9,\u00a0en direcci\u00f3n a la ciudad de Buenos Aires, a las 6.05. Seg\u00fan informaron fuentes\u2026","rel":"","context":"En \u00abINTERES GENERAL\u00bb","block_context":{"text":"INTERES GENERAL","link":"https:\/\/larevistadigital.com.ar\/blog\/category\/interes-general\/"},"img":{"alt_text":"","src":"https:\/\/i0.wp.com\/larevistadigital.com.ar\/blog\/wp-content\/uploads\/194774-9b702d19-39e2-4a75-8e01-dd5aeacbff13_0.jpeg?fit=960%2C640&ssl=1&resize=350%2C200","width":350,"height":200,"srcset":"https:\/\/i0.wp.com\/larevistadigital.com.ar\/blog\/wp-content\/uploads\/194774-9b702d19-39e2-4a75-8e01-dd5aeacbff13_0.jpeg?fit=960%2C640&ssl=1&resize=350%2C200 1x, https:\/\/i0.wp.com\/larevistadigital.com.ar\/blog\/wp-content\/uploads\/194774-9b702d19-39e2-4a75-8e01-dd5aeacbff13_0.jpeg?fit=960%2C640&ssl=1&resize=525%2C300 1.5x, https:\/\/i0.wp.com\/larevistadigital.com.ar\/blog\/wp-content\/uploads\/194774-9b702d19-39e2-4a75-8e01-dd5aeacbff13_0.jpeg?fit=960%2C640&ssl=1&resize=700%2C400 2x"},"classes":[]},{"id":28443,"url":"https:\/\/larevistadigital.com.ar\/blog\/zarate-investigan-el-incendio-de-seis-colectivos\/","url_meta":{"origin":35831,"position":4},"title":"Z\u00c1RATE: INVESTIGAN EL INCENDIO DE SEIS COLECTIVOS","author":"Alejandro Sosa Ruda","date":"14 octubre, 2022","format":false,"excerpt":"Un llamado al 911 alert\u00f3 de lo sucedido y cinco dotaciones de Bomberos Voluntarios llegaron para controlar las llamas. Hasta el momento se desconocen los motivos del incendio, y se asegur\u00f3 que no existe conflicto sindical alguno. 13 de octubre Z\u00c1RATE -\u00a0 La ciudad de Z\u00e1rate se vio conmocionada en\u2026","rel":"","context":"En \u00abPOLICIALES\u00bb","block_context":{"text":"POLICIALES","link":"https:\/\/larevistadigital.com.ar\/blog\/category\/policiales\/"},"img":{"alt_text":"","src":"https:\/\/i0.wp.com\/larevistadigital.com.ar\/blog\/wp-content\/uploads\/20221013191955_zara.jpg?fit=880%2C512&ssl=1&resize=350%2C200","width":350,"height":200,"srcset":"https:\/\/i0.wp.com\/larevistadigital.com.ar\/blog\/wp-content\/uploads\/20221013191955_zara.jpg?fit=880%2C512&ssl=1&resize=350%2C200 1x, https:\/\/i0.wp.com\/larevistadigital.com.ar\/blog\/wp-content\/uploads\/20221013191955_zara.jpg?fit=880%2C512&ssl=1&resize=525%2C300 1.5x, https:\/\/i0.wp.com\/larevistadigital.com.ar\/blog\/wp-content\/uploads\/20221013191955_zara.jpg?fit=880%2C512&ssl=1&resize=700%2C400 2x"},"classes":[]},{"id":9099,"url":"https:\/\/larevistadigital.com.ar\/blog\/choque-entre-un-ambulancia-y-una-camioneta-un-muerto-y-tres-heridos\/","url_meta":{"origin":35831,"position":5},"title":"CHOQUE ENTRE UN AMBULANCIA Y UNA CAMIONETA: UN MUERTO Y TRES HERIDOS","author":"Alejandro Sosa Ruda","date":"14 marzo, 2019","format":false,"excerpt":"Se trata de un hombre de entre unos 30 y 40 a\u00f1os. El hecho ocurri\u00f3 esta tarde. Hay otras tres personas heridas.\u00a0 Un hombre de 34 a\u00f1os falleci\u00f3 esta tarde y otras tres personas resultaron con serias heridas cuando una camioneta utilitaria choc\u00f3 con una ambulancia que trasladaba a un\u2026","rel":"","context":"En \u00abDESTACADAS\u00bb","block_context":{"text":"DESTACADAS","link":"https:\/\/larevistadigital.com.ar\/blog\/category\/destacadas\/"},"img":{"alt_text":"","src":"https:\/\/i0.wp.com\/larevistadigital.com.ar\/blog\/wp-content\/uploads\/2019\/03\/WhatsApp-Image-2019-03-14-at-17.36.30-1024x767.jpeg?fit=1024%2C767&ssl=1&resize=350%2C200","width":350,"height":200,"srcset":"https:\/\/i0.wp.com\/larevistadigital.com.ar\/blog\/wp-content\/uploads\/2019\/03\/WhatsApp-Image-2019-03-14-at-17.36.30-1024x767.jpeg?fit=1024%2C767&ssl=1&resize=350%2C200 1x, https:\/\/i0.wp.com\/larevistadigital.com.ar\/blog\/wp-content\/uploads\/2019\/03\/WhatsApp-Image-2019-03-14-at-17.36.30-1024x767.jpeg?fit=1024%2C767&ssl=1&resize=525%2C300 1.5x, https:\/\/i0.wp.com\/larevistadigital.com.ar\/blog\/wp-content\/uploads\/2019\/03\/WhatsApp-Image-2019-03-14-at-17.36.30-1024x767.jpeg?fit=1024%2C767&ssl=1&resize=700%2C400 2x"},"classes":[]}],"_links":{"self":[{"href":"https:\/\/larevistadigital.com.ar\/blog\/wp-json\/wp\/v2\/posts\/35831","targetHints":{"allow":["GET"]}}],"collection":[{"href":"https:\/\/larevistadigital.com.ar\/blog\/wp-json\/wp\/v2\/posts"}],"about":[{"href":"https:\/\/larevistadigital.com.ar\/blog\/wp-json\/wp\/v2\/types\/post"}],"author":[{"embeddable":true,"href":"https:\/\/larevistadigital.com.ar\/blog\/wp-json\/wp\/v2\/users\/3"}],"replies":[{"embeddable":true,"href":"https:\/\/larevistadigital.com.ar\/blog\/wp-json\/wp\/v2\/comments?post=35831"}],"version-history":[{"count":1,"href":"https:\/\/larevistadigital.com.ar\/blog\/wp-json\/wp\/v2\/posts\/35831\/revisions"}],"predecessor-version":[{"id":35833,"href":"https:\/\/larevistadigital.com.ar\/blog\/wp-json\/wp\/v2\/posts\/35831\/revisions\/35833"}],"wp:featuredmedia":[{"embeddable":true,"href":"https:\/\/larevistadigital.com.ar\/blog\/wp-json\/wp\/v2\/media\/35832"}],"wp:attachment":[{"href":"https:\/\/larevistadigital.com.ar\/blog\/wp-json\/wp\/v2\/media?parent=35831"}],"wp:term":[{"taxonomy":"category","embeddable":true,"href":"https:\/\/larevistadigital.com.ar\/blog\/wp-json\/wp\/v2\/categories?post=35831"},{"taxonomy":"post_tag","embeddable":true,"href":"https:\/\/larevistadigital.com.ar\/blog\/wp-json\/wp\/v2\/tags?post=35831"}],"curies":[{"name":"wp","href":"https:\/\/api.w.org\/{rel}","templated":true}]}}