{"id":35834,"date":"2024-04-15T00:32:50","date_gmt":"2024-04-15T03:32:50","guid":{"rendered":"https:\/\/larevistadigital.com.ar\/blog\/?p=35834"},"modified":"2024-04-15T00:35:25","modified_gmt":"2024-04-15T03:35:25","slug":"el-viceministro-de-cultura-provincial-cote-rossi-visito-balcarce","status":"publish","type":"post","link":"https:\/\/larevistadigital.com.ar\/blog\/el-viceministro-de-cultura-provincial-cote-rossi-visito-balcarce\/","title":{"rendered":"EL VICEMINISTRO DE CULTURA PROVINCIAL, JOS\u00c9 IGNACIO\u00bbCOTE\u00bb ROSSI VISIT\u00d3 BALCARCE"},"content":{"rendered":"<div class=\"xdj266r x11i5rnm xat24cr x1mh8g0r x1vvkbs x126k92a\">\n<h2 dir=\"auto\">Pese al recorte del gobierno nacional, se sigue trabajando con gran dedicaci\u00f3n en el \u00e1rea cultural de la Provincia de Buenos Aires, con gran cantidad de iniciativas y artistas.<\/h2>\n<div dir=\"auto\">14 de abril de 2024<\/div>\n<div dir=\"auto\"><\/div>\n<div dir=\"auto\"><strong>BUENOS AIRES &#8211;\u00a0<\/strong> El Vice Ministro de Cultura de la Provincia de Buenos Aires, <strong>Jos\u00e9 Ignacio \u00abCote\u00bb Rossi<\/strong> visit\u00f3 Balcarce, y as\u00ed lo expres\u00f3 en su perfil de facebook:<\/div>\n<div dir=\"auto\"><strong><em>\u00abTuve el inmenso placer de participar en Balcarce de la primera fecha de la Pe\u00f1as del Encuentro organizada por el <a class=\"x1i10hfl xjbqb8w x1ejq31n xd10rxx x1sy0etr x17r0tee x972fbf xcfux6l x1qhh985 xm0m39n x9f619 x1ypdohk xt0psk2 xe8uvvx xdj266r x11i5rnm xat24cr x1mh8g0r xexx8yu x4uap5 x18d9i69 xkhd6sd x16tdsg8 x1hl2dhg xggy1nq x1a2a7pz xt0b8zv x1fey0fg xo1l8bm\" role=\"link\" href=\"https:\/\/www.facebook.com\/CulturaPBA?__cft__[0]=AZUiDegNC6xDX-DcZ_nbM4j8pevOHInrCzOBN4y954zB6sdpunQ84ewR1qEi3idZNOHe3COLR4RapRIKDytb8l8jnRSMeKDpGJsVka-mB8j_FYPJCwcy7UnPy57tMDuJSg_RRLqn79oBfj4sn5J3ECXEjLM23CObNICjuHVGPNO2V7mmeax7H9cPYkErDzrDbVI&amp;__tn__=-]K-R\"><span class=\"xt0psk2\">Instituto Cultural de la Provincia de Buenos Aires<\/span><\/a>.\u00bb<\/em><\/strong><\/div>\n<\/div>\n<div class=\"x11i5rnm xat24cr x1mh8g0r x1vvkbs xtlvy1s x126k92a\">\n<blockquote>\n<h3 dir=\"auto\">En articulaci\u00f3n con el Centro Tradicionalista de la ciudad y junto a <strong>Leo Parigi, <a class=\"x1i10hfl xjbqb8w x1ejq31n xd10rxx x1sy0etr x17r0tee x972fbf xcfux6l x1qhh985 xm0m39n x9f619 x1ypdohk xt0psk2 xe8uvvx xdj266r x11i5rnm xat24cr x1mh8g0r xexx8yu x4uap5 x18d9i69 xkhd6sd x16tdsg8 x1hl2dhg xggy1nq x1a2a7pz xt0b8zv x1fey0fg xo1l8bm\" role=\"link\" href=\"https:\/\/www.facebook.com\/vascootegui?__cft__[0]=AZUiDegNC6xDX-DcZ_nbM4j8pevOHInrCzOBN4y954zB6sdpunQ84ewR1qEi3idZNOHe3COLR4RapRIKDytb8l8jnRSMeKDpGJsVka-mB8j_FYPJCwcy7UnPy57tMDuJSg_RRLqn79oBfj4sn5J3ECXEjLM23CObNICjuHVGPNO2V7mmeax7H9cPYkErDzrDbVI&amp;__tn__=-]K-R\"><span class=\"xt0psk2\">Vasco Otegui<\/span><\/a> y Viviana Erreguerena<\/strong>, llevaron adelante una maravillosa velada entre artistas y bailarines locales que vistieron la noche con su talento.<\/h3>\n<\/blockquote>\n<div dir=\"auto\">Para coronar el espect\u00e1culo, la inigualable <a class=\"x1i10hfl xjbqb8w x1ejq31n xd10rxx x1sy0etr x17r0tee x972fbf xcfux6l x1qhh985 xm0m39n x9f619 x1ypdohk xt0psk2 xe8uvvx xdj266r x11i5rnm xat24cr x1mh8g0r xexx8yu x4uap5 x18d9i69 xkhd6sd x16tdsg8 x1hl2dhg xggy1nq x1a2a7pz xt0b8zv x1fey0fg xo1l8bm\" role=\"link\" href=\"https:\/\/www.facebook.com\/yamilacafruneoficial?__cft__[0]=AZUiDegNC6xDX-DcZ_nbM4j8pevOHInrCzOBN4y954zB6sdpunQ84ewR1qEi3idZNOHe3COLR4RapRIKDytb8l8jnRSMeKDpGJsVka-mB8j_FYPJCwcy7UnPy57tMDuJSg_RRLqn79oBfj4sn5J3ECXEjLM23CObNICjuHVGPNO2V7mmeax7H9cPYkErDzrDbVI&amp;__tn__=-]K-R\"><span class=\"xt0psk2\">Yamila Cafrune<\/span><\/a> deslumbr\u00f3 a todos con su maravillosa voz.<\/div>\n<div dir=\"auto\"><\/div>\n<\/div>\n<div class=\"x11i5rnm xat24cr x1mh8g0r x1vvkbs xtlvy1s x126k92a\">\n<div dir=\"auto\">Por \u00faltimo, el dirigente subray\u00f3: <em><strong>\u00abSeguimos trabajando d\u00eda a d\u00eda por potenciar nuestra cultura bonaerense\u00bb.<\/strong><\/em><\/div>\n<div dir=\"auto\">As\u00ed, una vez m\u00e1s queda de manifiesto el compromiso y la gran actividad de <strong>Rossi y la ministra Saintout<\/strong>, que no cesan de articular acciones por la cultura en la Provincia de Buenos Aires.<\/div>\n<\/div>\n","protected":false},"excerpt":{"rendered":"<div class=\"mh-excerpt\"><p>Pese al recorte del gobierno nacional, se sigue trabajando con gran dedicaci\u00f3n en el \u00e1rea cultural de la Provincia de Buenos Aires, con gran cantidad de iniciativas y artistas. 14 de abril de 2024 BUENOS <a class=\"mh-excerpt-more\" href=\"https:\/\/larevistadigital.com.ar\/blog\/el-viceministro-de-cultura-provincial-cote-rossi-visito-balcarce\/\" title=\"EL VICEMINISTRO DE CULTURA PROVINCIAL, JOS\u00c9 IGNACIO\u00bbCOTE\u00bb ROSSI VISIT\u00d3 BALCARCE\">[Leer M\u00e1s]<\/a><\/p>\n<\/div>","protected":false},"author":3,"featured_media":35835,"comment_status":"open","ping_status":"open","sticky":false,"template":"","format":"standard","meta":{"_jetpack_memberships_contains_paid_content":false,"footnotes":"","jetpack_publicize_message":"","jetpack_publicize_feature_enabled":true,"jetpack_social_post_already_shared":true,"jetpack_social_options":{"image_generator_settings":{"template":"highway","default_image_id":0,"font":"","enabled":false},"version":2}},"categories":[41,24],"tags":[],"class_list":{"0":"post-35834","1":"post","2":"type-post","3":"status-publish","4":"format-standard","5":"has-post-thumbnail","7":"category-destacadas","8":"category-politica-provincial"},"jetpack_publicize_connections":[],"jetpack_featured_media_url":"https:\/\/i0.wp.com\/larevistadigital.com.ar\/blog\/wp-content\/uploads\/437768030_843911317752412_3866289522582623179_n.jpg?fit=2048%2C1356&ssl=1","jetpack_sharing_enabled":true,"jetpack_shortlink":"https:\/\/wp.me\/p8qtrQ-9jY","jetpack-related-posts":[{"id":8519,"url":"https:\/\/larevistadigital.com.ar\/blog\/el-diputado-chascomunense-jose-cote-rossi-visito-distintas-localidades-acompanando-a-axel-kicillof\/","url_meta":{"origin":35834,"position":0},"title":"EL DIPUTADO CHASCOMUNENSE JOS\u00c9  \u00abCOTE\u00bb ROSSI VISIT\u00d3 DISTINTAS LOCALIDADES ACOMPA\u00d1ANDO A AXEL KICILLOF","author":"Alejandro Sosa Ruda","date":"18 febrero, 2019","format":false,"excerpt":"El dirigente kirchner\u00edsta y ex ministro de econom\u00eda del gobierno de Cristina Fernandez,\u00a0Axel Kicillof visit\u00f3 distintas localidades de la provincia de Buenos Aires, en el marco de una recorrida que tiene que ver con su probable candidatura a gobernador de la Provincia, acompa\u00f1ado por el diputado de Unidad Ciudadana nativo\u2026","rel":"","context":"En \u00abPOLITICA\u00bb","block_context":{"text":"POLITICA","link":"https:\/\/larevistadigital.com.ar\/blog\/category\/politica\/"},"img":{"alt_text":"","src":"https:\/\/i0.wp.com\/larevistadigital.com.ar\/blog\/wp-content\/uploads\/2019\/02\/WhatsApp-Image-2019-02-17-at-22.18.45.jpeg?fit=720%2C479&ssl=1&resize=350%2C200","width":350,"height":200,"srcset":"https:\/\/i0.wp.com\/larevistadigital.com.ar\/blog\/wp-content\/uploads\/2019\/02\/WhatsApp-Image-2019-02-17-at-22.18.45.jpeg?fit=720%2C479&ssl=1&resize=350%2C200 1x, https:\/\/i0.wp.com\/larevistadigital.com.ar\/blog\/wp-content\/uploads\/2019\/02\/WhatsApp-Image-2019-02-17-at-22.18.45.jpeg?fit=720%2C479&ssl=1&resize=525%2C300 1.5x, https:\/\/i0.wp.com\/larevistadigital.com.ar\/blog\/wp-content\/uploads\/2019\/02\/WhatsApp-Image-2019-02-17-at-22.18.45.jpeg?fit=720%2C479&ssl=1&resize=700%2C400 2x"},"classes":[]},{"id":35080,"url":"https:\/\/larevistadigital.com.ar\/blog\/el-ex-diputado-chascomunense-jose-ignacio-cote-rossi-asumio-como-viceministro-de-cultura-de-la-provincia-de-buenos-aires\/","url_meta":{"origin":35834,"position":1},"title":"EL EX DIPUTADO CHASCOMUNENSE JOSE IGNACIO \u00abCOTE\u00bb ROSSI ASUMI\u00d3 COMO VICEMINISTRO DE CULTURA DE LA PROVINCIA DE BUENOS AIRES","author":"Alejandro Sosa Ruda","date":"22 enero, 2024","format":false,"excerpt":"Otra vez un representante de Chascom\u00fas ocupa una importante posici\u00f3n pol\u00edtica, ahora en el gabinete de Axel Kicillof. 22 de enero de 2023 BUENOS AIRES -\u00a0 Originario de Chascom\u00fas, \"Cote\" Rossi, quien ocup\u00f3 el cargo de legislador provincial hasta el 10 de diciembre, ha sido seleccionado para desempe\u00f1ar el rol\u2026","rel":"","context":"En \u00abINTERES GENERAL\u00bb","block_context":{"text":"INTERES GENERAL","link":"https:\/\/larevistadigital.com.ar\/blog\/category\/interes-general\/"},"img":{"alt_text":"","src":"https:\/\/i0.wp.com\/larevistadigital.com.ar\/blog\/wp-content\/uploads\/WhatsApp-Image-2024-01-22-at-20.23.03.jpeg?fit=600%2C400&ssl=1&resize=350%2C200","width":350,"height":200,"srcset":"https:\/\/i0.wp.com\/larevistadigital.com.ar\/blog\/wp-content\/uploads\/WhatsApp-Image-2024-01-22-at-20.23.03.jpeg?fit=600%2C400&ssl=1&resize=350%2C200 1x, https:\/\/i0.wp.com\/larevistadigital.com.ar\/blog\/wp-content\/uploads\/WhatsApp-Image-2024-01-22-at-20.23.03.jpeg?fit=600%2C400&ssl=1&resize=525%2C300 1.5x"},"classes":[]},{"id":35570,"url":"https:\/\/larevistadigital.com.ar\/blog\/el-viceministro-de-cultura-juan-ignacio-cote-rossi-visito-la-isla-martin-garcia-junto-al-gobernador-kicillof\/","url_meta":{"origin":35834,"position":2},"title":"EL VICEMINISTRO DE CULTURA, JUAN IGNACIO \u00abCOTE\u00bb ROSSI VISIT\u00d3 LA ISLA MART\u00cdN GARC\u00cdA JUNTO AL GOBERNADOR KICILLOF","author":"Alejandro Sosa Ruda","date":"16 marzo, 2024","format":false,"excerpt":"\u00a0 16 de marzo de 2024 LRD - El chascomunense Juan Ignacio \"Cote\" Rossi, viceministro de Cultura de la Provincia de Buenos Aires, junto al gobernador Axel Kicillof\u00a0 y en representaci\u00f3n del Instituto Cultural de la Provincia de Buenos Aires, de un reconocimiento a Eva Per\u00f3n, abanderada de los humildes\u2026","rel":"","context":"En \u00abINTERES GENERAL\u00bb","block_context":{"text":"INTERES GENERAL","link":"https:\/\/larevistadigital.com.ar\/blog\/category\/interes-general\/"},"img":{"alt_text":"","src":"https:\/\/i0.wp.com\/larevistadigital.com.ar\/blog\/wp-content\/uploads\/432381351_824620576348153_5614084164306149309_n.jpg?fit=1200%2C1200&ssl=1&resize=350%2C200","width":350,"height":200,"srcset":"https:\/\/i0.wp.com\/larevistadigital.com.ar\/blog\/wp-content\/uploads\/432381351_824620576348153_5614084164306149309_n.jpg?fit=1200%2C1200&ssl=1&resize=350%2C200 1x, https:\/\/i0.wp.com\/larevistadigital.com.ar\/blog\/wp-content\/uploads\/432381351_824620576348153_5614084164306149309_n.jpg?fit=1200%2C1200&ssl=1&resize=525%2C300 1.5x, https:\/\/i0.wp.com\/larevistadigital.com.ar\/blog\/wp-content\/uploads\/432381351_824620576348153_5614084164306149309_n.jpg?fit=1200%2C1200&ssl=1&resize=700%2C400 2x, https:\/\/i0.wp.com\/larevistadigital.com.ar\/blog\/wp-content\/uploads\/432381351_824620576348153_5614084164306149309_n.jpg?fit=1200%2C1200&ssl=1&resize=1050%2C600 3x"},"classes":[]},{"id":35652,"url":"https:\/\/larevistadigital.com.ar\/blog\/el-viceministro-de-cultura-de-la-provincia-jose-ignacio-cote-rossi-continua-acompanando-las-fiestas-populares\/","url_meta":{"origin":35834,"position":3},"title":"EL VICEMINISTRO DE CULTURA DE LA PROVINCIA, JOS\u00c9 IGNACIO \u00abCOTE\u00bb ROSSI CONTIN\u00daA ACOMPA\u00d1ANDO LAS FIESTAS POPULARES","author":"Alejandro Sosa Ruda","date":"20 marzo, 2024","format":false,"excerpt":"El dirigente provincial nativo de Chascom\u00fas, renueva cada d\u00eda su compromiso con la cultura popular. 20 de marzo de 2024 BUENOS AIRES -\u00a0 El viceministro de Cultura de la Provincia de Buenos Aires, Jos\u00e9 Ignacio \"Cote\" Rossi, quien desde que asumi\u00f3 tiene una agenda que lo lleva a participar y\u2026","rel":"","context":"En \u00abINTERES GENERAL\u00bb","block_context":{"text":"INTERES GENERAL","link":"https:\/\/larevistadigital.com.ar\/blog\/category\/interes-general\/"},"img":{"alt_text":"","src":"https:\/\/i0.wp.com\/larevistadigital.com.ar\/blog\/wp-content\/uploads\/433660757_826319242844953_3075976269529019029_n.jpg?fit=1200%2C800&ssl=1&resize=350%2C200","width":350,"height":200,"srcset":"https:\/\/i0.wp.com\/larevistadigital.com.ar\/blog\/wp-content\/uploads\/433660757_826319242844953_3075976269529019029_n.jpg?fit=1200%2C800&ssl=1&resize=350%2C200 1x, https:\/\/i0.wp.com\/larevistadigital.com.ar\/blog\/wp-content\/uploads\/433660757_826319242844953_3075976269529019029_n.jpg?fit=1200%2C800&ssl=1&resize=525%2C300 1.5x, https:\/\/i0.wp.com\/larevistadigital.com.ar\/blog\/wp-content\/uploads\/433660757_826319242844953_3075976269529019029_n.jpg?fit=1200%2C800&ssl=1&resize=700%2C400 2x, https:\/\/i0.wp.com\/larevistadigital.com.ar\/blog\/wp-content\/uploads\/433660757_826319242844953_3075976269529019029_n.jpg?fit=1200%2C800&ssl=1&resize=1050%2C600 3x"},"classes":[]},{"id":27457,"url":"https:\/\/larevistadigital.com.ar\/blog\/chascomus-por-gestiones-del-diputado-jose-ignacio-cote-rossi-javier-gaston-firmo-un-convenio-con-medio-ambiente-pba\/","url_meta":{"origin":35834,"position":4},"title":"CHASCOM\u00daS: POR GESTIONES DEL DIPUTADO JOS\u00c9 IGNACIO \u00abCOTE\u00bb ROSSI, JAVIER GAST\u00d3N FIRM\u00d3 UN CONVENIO CON MEDIO AMBIENTE PBA","author":"Alejandro Sosa Ruda","date":"1 septiembre, 2022","format":false,"excerpt":"Se firm\u00f3 con la Ministra de Ambiente de la Provincia de Buenos Aires, Daniela Vilar. Los alcances. CHASCOM\u00daS -\u00a0 Por gestiones del diputado Jos\u00e9 Ignacio \"Cote\" Rossi, se firm\u00f3 un importante convenio entre la Ministro de Ambiente de la Provincia de Buenos Aires, Daniela Vilar y el intendente chascomunense Javier\u2026","rel":"","context":"En \u00abINTERES GENERAL\u00bb","block_context":{"text":"INTERES GENERAL","link":"https:\/\/larevistadigital.com.ar\/blog\/category\/interes-general\/"},"img":{"alt_text":"","src":"https:\/\/i0.wp.com\/larevistadigital.com.ar\/blog\/wp-content\/uploads\/304693538_503419148261624_5646517410135872841_n.jpg?fit=710%2C462&ssl=1&resize=350%2C200","width":350,"height":200,"srcset":"https:\/\/i0.wp.com\/larevistadigital.com.ar\/blog\/wp-content\/uploads\/304693538_503419148261624_5646517410135872841_n.jpg?fit=710%2C462&ssl=1&resize=350%2C200 1x, https:\/\/i0.wp.com\/larevistadigital.com.ar\/blog\/wp-content\/uploads\/304693538_503419148261624_5646517410135872841_n.jpg?fit=710%2C462&ssl=1&resize=525%2C300 1.5x, https:\/\/i0.wp.com\/larevistadigital.com.ar\/blog\/wp-content\/uploads\/304693538_503419148261624_5646517410135872841_n.jpg?fit=710%2C462&ssl=1&resize=700%2C400 2x"},"classes":[]},{"id":25448,"url":"https:\/\/larevistadigital.com.ar\/blog\/el-diputado-chascomunense-jose-ignacio-cote-rossi-formara-parte-de-7-comisiones-en-la-camara-de-diputados\/","url_meta":{"origin":35834,"position":5},"title":"EL DIPUTADO CHASCOMUNENSE JOS\u00c9 IGNACIO \u00abCOTE\u00bb ROSSI FORMAR\u00c1 PARTE DE 7 COMISIONES EN LA C\u00c1MARA DE DIPUTADOS","author":"Alejandro Sosa Ruda","date":"28 mayo, 2022","format":false,"excerpt":"Durante esta semana, se constituyeron las distintas comisiones de trabajo en la C\u00e1mara de Diputados de la Provincia de Buenos Aires, donde se eligen los legisladores que formar\u00e1n parte de las mismas. En el caso del Diputado Provincial Chascomunense y referente de la quinta secci\u00f3n electoral Jos\u00e9 Ignacio \"Cote\" Rossi,\u2026","rel":"","context":"En \u00abPOLITICA PROVINCIAL\u00bb","block_context":{"text":"POLITICA PROVINCIAL","link":"https:\/\/larevistadigital.com.ar\/blog\/category\/politica\/politica-provincial\/"},"img":{"alt_text":"","src":"https:\/\/i0.wp.com\/larevistadigital.com.ar\/blog\/wp-content\/uploads\/283953696_10224531761355499_3926810698564851892_n.jpg?fit=960%2C640&ssl=1&resize=350%2C200","width":350,"height":200,"srcset":"https:\/\/i0.wp.com\/larevistadigital.com.ar\/blog\/wp-content\/uploads\/283953696_10224531761355499_3926810698564851892_n.jpg?fit=960%2C640&ssl=1&resize=350%2C200 1x, https:\/\/i0.wp.com\/larevistadigital.com.ar\/blog\/wp-content\/uploads\/283953696_10224531761355499_3926810698564851892_n.jpg?fit=960%2C640&ssl=1&resize=525%2C300 1.5x, https:\/\/i0.wp.com\/larevistadigital.com.ar\/blog\/wp-content\/uploads\/283953696_10224531761355499_3926810698564851892_n.jpg?fit=960%2C640&ssl=1&resize=700%2C400 2x"},"classes":[]}],"_links":{"self":[{"href":"https:\/\/larevistadigital.com.ar\/blog\/wp-json\/wp\/v2\/posts\/35834","targetHints":{"allow":["GET"]}}],"collection":[{"href":"https:\/\/larevistadigital.com.ar\/blog\/wp-json\/wp\/v2\/posts"}],"about":[{"href":"https:\/\/larevistadigital.com.ar\/blog\/wp-json\/wp\/v2\/types\/post"}],"author":[{"embeddable":true,"href":"https:\/\/larevistadigital.com.ar\/blog\/wp-json\/wp\/v2\/users\/3"}],"replies":[{"embeddable":true,"href":"https:\/\/larevistadigital.com.ar\/blog\/wp-json\/wp\/v2\/comments?post=35834"}],"version-history":[{"count":2,"href":"https:\/\/larevistadigital.com.ar\/blog\/wp-json\/wp\/v2\/posts\/35834\/revisions"}],"predecessor-version":[{"id":35837,"href":"https:\/\/larevistadigital.com.ar\/blog\/wp-json\/wp\/v2\/posts\/35834\/revisions\/35837"}],"wp:featuredmedia":[{"embeddable":true,"href":"https:\/\/larevistadigital.com.ar\/blog\/wp-json\/wp\/v2\/media\/35835"}],"wp:attachment":[{"href":"https:\/\/larevistadigital.com.ar\/blog\/wp-json\/wp\/v2\/media?parent=35834"}],"wp:term":[{"taxonomy":"category","embeddable":true,"href":"https:\/\/larevistadigital.com.ar\/blog\/wp-json\/wp\/v2\/categories?post=35834"},{"taxonomy":"post_tag","embeddable":true,"href":"https:\/\/larevistadigital.com.ar\/blog\/wp-json\/wp\/v2\/tags?post=35834"}],"curies":[{"name":"wp","href":"https:\/\/api.w.org\/{rel}","templated":true}]}}