{"id":35839,"date":"2024-04-16T09:30:26","date_gmt":"2024-04-16T12:30:26","guid":{"rendered":"https:\/\/larevistadigital.com.ar\/blog\/?p=35839"},"modified":"2024-04-16T09:34:54","modified_gmt":"2024-04-16T12:34:54","slug":"funcionarios-municipales-y-bomberos-evaluaron-medidas-de-seguridad-en-edificaciones-en-altura","status":"publish","type":"post","link":"https:\/\/larevistadigital.com.ar\/blog\/funcionarios-municipales-y-bomberos-evaluaron-medidas-de-seguridad-en-edificaciones-en-altura\/","title":{"rendered":"FUNCIONARIOS MUNICIPALES Y BOMBEROS EVALUARON MEDIDAS DE SEGURIDAD EN EDIFICACIONES EN ALTURA"},"content":{"rendered":"<h2><em>Se analizan medidas para garantizar la asistencia y la evacuaci\u00f3n segura ante emergencias en nuevos y antiguos edificios.<\/em><\/h2>\n<p>16 de abril de 2024<\/p>\n<p><strong>CHASCOM\u00daS &#8211;<\/strong>\u00a0 El secretario de Gobierno, <strong>Cipriano P\u00e9rez del Cerro<\/strong>, y la directora de Planeamiento Urbano, <strong>Patricia M\u00e9ndez<\/strong>, se reunieron con representantes de la Sociedad de Bomberos Voluntarios de Chascom\u00fas.<\/p>\n<blockquote>\n<h3>El prop\u00f3sito del encuentro fue abordar las medidas de seguridad necesarias en los edificios en construcci\u00f3n y en los establecimientos comerciales de grandes superficies en el distrito.<\/h3>\n<\/blockquote>\n<p>Los bomberos expresaron la importancia de asegurar las condiciones m\u00ednimas requeridas para abordar situaciones de emergencia, como incendios o siniestros que requieran su intervenci\u00f3n.<\/p>\n<blockquote>\n<h3>En particular, explicaron la necesidad de garantizar espacios adecuados para la circulaci\u00f3n en ascensores, pasillos y escaleras, asegurando la salida y el transporte de camillas en casos de urgencia.<\/h3>\n<\/blockquote>\n<p>Adem\u00e1s, se plantearon posibles adaptaciones de los edificios existentes para cumplir con normativas m\u00ednimas que faciliten el acceso a los equipos de rescate y permitan una evacuaci\u00f3n eficiente.<\/p>\n<blockquote>\n<h3>Por otra parte, se\u00f1alaron la necesidad de contar con entradas seguras y cisternas en clubes de campo y countries.<\/h3>\n<\/blockquote>\n<p>Al respecto, los funcionarios municipales y los representantes de los bomberos coincidieron en la necesidad de regular estas medidas de seguridad. En este sentido, se propuso elaborar un proyecto de modificaci\u00f3n de la Ordenanza 452\/54, Reglamentaria de las Construcciones y subdivisiones en el Partido de Chascom\u00fas, junto con las normativas complementarias, para lo cual se evaluar\u00e1n en conjunto las reformas necesarias.<\/p>\n","protected":false},"excerpt":{"rendered":"<div class=\"mh-excerpt\"><p>Se analizan medidas para garantizar la asistencia y la evacuaci\u00f3n segura ante emergencias en nuevos y antiguos edificios. 16 de abril de 2024 CHASCOM\u00daS &#8211;\u00a0 El secretario de Gobierno, Cipriano P\u00e9rez del Cerro, y la <a class=\"mh-excerpt-more\" href=\"https:\/\/larevistadigital.com.ar\/blog\/funcionarios-municipales-y-bomberos-evaluaron-medidas-de-seguridad-en-edificaciones-en-altura\/\" title=\"FUNCIONARIOS MUNICIPALES Y BOMBEROS EVALUARON MEDIDAS DE SEGURIDAD EN EDIFICACIONES EN ALTURA\">[Leer M\u00e1s]<\/a><\/p>\n<\/div>","protected":false},"author":3,"featured_media":35840,"comment_status":"open","ping_status":"open","sticky":false,"template":"","format":"standard","meta":{"_jetpack_memberships_contains_paid_content":false,"footnotes":"","jetpack_publicize_message":"","jetpack_publicize_feature_enabled":true,"jetpack_social_post_already_shared":true,"jetpack_social_options":{"image_generator_settings":{"template":"highway","default_image_id":0,"font":"","enabled":false},"version":2}},"categories":[50,23],"tags":[],"class_list":{"0":"post-35839","1":"post","2":"type-post","3":"status-publish","4":"format-standard","5":"has-post-thumbnail","7":"category-interes-general","8":"category-politica-local"},"jetpack_publicize_connections":[],"jetpack_featured_media_url":"https:\/\/i0.wp.com\/larevistadigital.com.ar\/blog\/wp-content\/uploads\/2024_04_16_01_19_15_5855411.jpg?fit=600%2C400&ssl=1","jetpack_sharing_enabled":true,"jetpack_shortlink":"https:\/\/wp.me\/p8qtrQ-9k3","jetpack-related-posts":[{"id":37456,"url":"https:\/\/larevistadigital.com.ar\/blog\/chascomus-los-bomberos-lograron-evitar-que-un-joven-se-arroje-al-vacio-desde-un-edificio\/","url_meta":{"origin":35839,"position":0},"title":"CHASCOM\u00daS: Los Bomberos lograron evitar que un joven se arroje al vac\u00edo desde un edificio","author":"Alejandro Sosa Ruda","date":"7 octubre, 2024","format":false,"excerpt":"Ocurri\u00f3 por la tarde, apenas pasadas las 17hs. Los Bomberos lograron ayudar al muchacho. 07 de Octubre de 2024 CHASCOM\u00daS -\u00a0\u00a0Afortunadamente el trabajo de contenci\u00f3n de los bomberos voluntarios de Chascom\u00fas rindi\u00f3 sus frutos, y pudieron evitar que un j\u00f3ven tome una dr\u00e1stica decisi\u00f3n que sin dudas le habr\u00eda costado\u2026","rel":"","context":"En \u00abINTERES GENERAL\u00bb","block_context":{"text":"INTERES GENERAL","link":"https:\/\/larevistadigital.com.ar\/blog\/category\/interes-general\/"},"img":{"alt_text":"","src":"https:\/\/i0.wp.com\/larevistadigital.com.ar\/blog\/wp-content\/uploads\/WhatsApp-Image-2024-10-07-at-18.36.37.jpeg?fit=1200%2C719&ssl=1&resize=350%2C200","width":350,"height":200,"srcset":"https:\/\/i0.wp.com\/larevistadigital.com.ar\/blog\/wp-content\/uploads\/WhatsApp-Image-2024-10-07-at-18.36.37.jpeg?fit=1200%2C719&ssl=1&resize=350%2C200 1x, https:\/\/i0.wp.com\/larevistadigital.com.ar\/blog\/wp-content\/uploads\/WhatsApp-Image-2024-10-07-at-18.36.37.jpeg?fit=1200%2C719&ssl=1&resize=525%2C300 1.5x, https:\/\/i0.wp.com\/larevistadigital.com.ar\/blog\/wp-content\/uploads\/WhatsApp-Image-2024-10-07-at-18.36.37.jpeg?fit=1200%2C719&ssl=1&resize=700%2C400 2x, https:\/\/i0.wp.com\/larevistadigital.com.ar\/blog\/wp-content\/uploads\/WhatsApp-Image-2024-10-07-at-18.36.37.jpeg?fit=1200%2C719&ssl=1&resize=1050%2C600 3x"},"classes":[]},{"id":45001,"url":"https:\/\/larevistadigital.com.ar\/blog\/chascomus-controles-en-la-estacion-ferroautomotor\/","url_meta":{"origin":35839,"position":1},"title":"Chascom\u00fas: Controles en la estaci\u00f3n ferroautomotor","author":"Alejandro Sosa Ruda","date":"7 abril, 2026","format":false,"excerpt":"Los operativos buscan garantizar la seguridad de los pasajeros que utilizan servicios de transporte local. 07 de abril de 2026 CHASCOM\u00daS -\u00a0 \u00a0La Municipalidad de Chascom\u00fas inform\u00f3 que se est\u00e1n llevando a cabo operativos de control en la estaci\u00f3n ferroautomotor con el objetivo de verificar la habilitaci\u00f3n de los remises\u2026","rel":"","context":"En \u00abCHASCOM\u00daS\u00bb","block_context":{"text":"CHASCOM\u00daS","link":"https:\/\/larevistadigital.com.ar\/blog\/category\/chascomus\/"},"img":{"alt_text":"","src":"https:\/\/i0.wp.com\/larevistadigital.com.ar\/blog\/wp-content\/uploads\/69d53f601e44a.png?fit=668%2C445&ssl=1&resize=350%2C200","width":350,"height":200,"srcset":"https:\/\/i0.wp.com\/larevistadigital.com.ar\/blog\/wp-content\/uploads\/69d53f601e44a.png?fit=668%2C445&ssl=1&resize=350%2C200 1x, https:\/\/i0.wp.com\/larevistadigital.com.ar\/blog\/wp-content\/uploads\/69d53f601e44a.png?fit=668%2C445&ssl=1&resize=525%2C300 1.5x"},"classes":[]},{"id":31697,"url":"https:\/\/larevistadigital.com.ar\/blog\/que-riesgos-conlleva-una-falsa-llamada-a-los-bomberos-voluntarios\/","url_meta":{"origin":35839,"position":2},"title":"QU\u00c9 RIESGOS CONLLEVA UNA FALSA LLAMADA A LOS BOMBEROS VOLUNTARIOS","author":"Alejandro Sosa Ruda","date":"22 mayo, 2023","format":false,"excerpt":"Sucedi\u00f3 el d\u00eda de hoy por la ma\u00f1ana, y no es la primera vez que pasa. Una situaci\u00f3n que genera un grave perjuicio a los servidores y a los vecinos en general, provocada por alg\u00fan insensato que se cree gracioso. 22 de mayo de 2023 CHASCOM\u00daS -\u00a0 Durante el d\u00eda\u2026","rel":"","context":"En \u00abINTERES GENERAL\u00bb","block_context":{"text":"INTERES GENERAL","link":"https:\/\/larevistadigital.com.ar\/blog\/category\/interes-general\/"},"img":{"alt_text":"","src":"https:\/\/i0.wp.com\/larevistadigital.com.ar\/blog\/wp-content\/uploads\/descarga-22.jpg?fit=756%2C576&ssl=1&resize=350%2C200","width":350,"height":200,"srcset":"https:\/\/i0.wp.com\/larevistadigital.com.ar\/blog\/wp-content\/uploads\/descarga-22.jpg?fit=756%2C576&ssl=1&resize=350%2C200 1x, https:\/\/i0.wp.com\/larevistadigital.com.ar\/blog\/wp-content\/uploads\/descarga-22.jpg?fit=756%2C576&ssl=1&resize=525%2C300 1.5x, https:\/\/i0.wp.com\/larevistadigital.com.ar\/blog\/wp-content\/uploads\/descarga-22.jpg?fit=756%2C576&ssl=1&resize=700%2C400 2x"},"classes":[]},{"id":7413,"url":"https:\/\/larevistadigital.com.ar\/blog\/chascomus-bomberos-encuentran-una-persona-fallecida-caida-en-un-pozo-de-bano\/","url_meta":{"origin":35839,"position":3},"title":"CHASCOM\u00daS: BOMBEROS ENCUENTRAN UNA PERSONA FALLECIDA, CAIDA EN UN POZO DE BA\u00d1O","author":"Alejandro Sosa Ruda","date":"27 diciembre, 2018","format":false,"excerpt":"Pasadas las 18 hs., se llama a los Bomberos Voluntarios de Chascom\u00fas, para pedir auxilio por una persona que se encontraba caida en un pozo. Al llegar al lugar se constat\u00f3 que el individuo estaba fallecido. La polic\u00eda realiza las actuaciones de rigor, para determinar lo ocurrido (NOTICIA EN DESARROLLO)\u2026","rel":"","context":"En \u00abDESTACADAS\u00bb","block_context":{"text":"DESTACADAS","link":"https:\/\/larevistadigital.com.ar\/blog\/category\/destacadas\/"},"img":{"alt_text":"","src":"https:\/\/i0.wp.com\/larevistadigital.com.ar\/blog\/wp-content\/uploads\/2018\/12\/43286859_2309581579277764_5207489164538281984_n.jpg?fit=960%2C720&ssl=1&resize=350%2C200","width":350,"height":200,"srcset":"https:\/\/i0.wp.com\/larevistadigital.com.ar\/blog\/wp-content\/uploads\/2018\/12\/43286859_2309581579277764_5207489164538281984_n.jpg?fit=960%2C720&ssl=1&resize=350%2C200 1x, https:\/\/i0.wp.com\/larevistadigital.com.ar\/blog\/wp-content\/uploads\/2018\/12\/43286859_2309581579277764_5207489164538281984_n.jpg?fit=960%2C720&ssl=1&resize=525%2C300 1.5x, https:\/\/i0.wp.com\/larevistadigital.com.ar\/blog\/wp-content\/uploads\/2018\/12\/43286859_2309581579277764_5207489164538281984_n.jpg?fit=960%2C720&ssl=1&resize=700%2C400 2x"},"classes":[]},{"id":37977,"url":"https:\/\/larevistadigital.com.ar\/blog\/chascomus-los-bomberos-te-invitan-a-elegir-el-muneco-para-la-clasica-quema-de-fin-de-ano\/","url_meta":{"origin":35839,"position":4},"title":"Chascom\u00fas: Los Bomberos te invitan a elegir el mu\u00f1eco para la cl\u00e1sica quema de fin de a\u00f1o","author":"Alejandro Sosa Ruda","date":"24 noviembre, 2024","format":false,"excerpt":"Se puede elegir entre tres personajes. 24 de Noviembre de 2024 CHASCOM\u00daS\u00a0 -\u00a0 La tradicional quema del mu\u00f1eco, que marca la llegada del nuevo a\u00f1o, se llevar\u00e1 a cabo a la 1 de la ma\u00f1ana del 1ro. de enero en el cuartel de bomberos, y todos los vecinos est\u00e1n invitados\u2026","rel":"","context":"En \u00abCHASCOM\u00daS\u00bb","block_context":{"text":"CHASCOM\u00daS","link":"https:\/\/larevistadigital.com.ar\/blog\/category\/chascomus\/"},"img":{"alt_text":"","src":"https:\/\/i0.wp.com\/larevistadigital.com.ar\/blog\/wp-content\/uploads\/Captura-de-pantalla-2024-11-24-112436.png?fit=782%2C381&ssl=1&resize=350%2C200","width":350,"height":200,"srcset":"https:\/\/i0.wp.com\/larevistadigital.com.ar\/blog\/wp-content\/uploads\/Captura-de-pantalla-2024-11-24-112436.png?fit=782%2C381&ssl=1&resize=350%2C200 1x, https:\/\/i0.wp.com\/larevistadigital.com.ar\/blog\/wp-content\/uploads\/Captura-de-pantalla-2024-11-24-112436.png?fit=782%2C381&ssl=1&resize=525%2C300 1.5x, https:\/\/i0.wp.com\/larevistadigital.com.ar\/blog\/wp-content\/uploads\/Captura-de-pantalla-2024-11-24-112436.png?fit=782%2C381&ssl=1&resize=700%2C400 2x"},"classes":[]},{"id":9932,"url":"https:\/\/larevistadigital.com.ar\/blog\/chascomus-continuan-las-jornadas-de-educacion-vial-rcp-primeros-auxilios-y-monoxido-de-carbono-para-las-escuelas-en-los-tres-niveles\/","url_meta":{"origin":35839,"position":5},"title":"CHASCOM\u00daS: CONTIN\u00daAN LAS JORNADAS DE EDUCACI\u00d3N VIAL, RCP, PRIMEROS AUXILIOS Y MON\u00d3XIDO DE CARBONO PARA LAS ESCUELAS EN LOS TRES NIVELES","author":"Alejandro Sosa Ruda","date":"2 mayo, 2019","format":false,"excerpt":"A trav\u00e9s del Plan Maestro de Seguridad Vial impulsado por el gobierno municipal, se promueve de manera permanente el cumplimiento de las normativas vigentes y la buena convivencia en la v\u00eda p\u00fablica mediante distintas acciones. En este sentido, se puso en marcha un proyecto ambientando el sal\u00f3n de los Bomberos\u2026","rel":"","context":"En \u00abPOLITICA\u00bb","block_context":{"text":"POLITICA","link":"https:\/\/larevistadigital.com.ar\/blog\/category\/politica\/"},"img":{"alt_text":"","src":"https:\/\/i0.wp.com\/larevistadigital.com.ar\/blog\/wp-content\/uploads\/2019\/05\/59106192_2409335435753994_1116390857839214592_o.jpg?fit=1200%2C675&ssl=1&resize=350%2C200","width":350,"height":200,"srcset":"https:\/\/i0.wp.com\/larevistadigital.com.ar\/blog\/wp-content\/uploads\/2019\/05\/59106192_2409335435753994_1116390857839214592_o.jpg?fit=1200%2C675&ssl=1&resize=350%2C200 1x, https:\/\/i0.wp.com\/larevistadigital.com.ar\/blog\/wp-content\/uploads\/2019\/05\/59106192_2409335435753994_1116390857839214592_o.jpg?fit=1200%2C675&ssl=1&resize=525%2C300 1.5x, https:\/\/i0.wp.com\/larevistadigital.com.ar\/blog\/wp-content\/uploads\/2019\/05\/59106192_2409335435753994_1116390857839214592_o.jpg?fit=1200%2C675&ssl=1&resize=700%2C400 2x, https:\/\/i0.wp.com\/larevistadigital.com.ar\/blog\/wp-content\/uploads\/2019\/05\/59106192_2409335435753994_1116390857839214592_o.jpg?fit=1200%2C675&ssl=1&resize=1050%2C600 3x"},"classes":[]}],"_links":{"self":[{"href":"https:\/\/larevistadigital.com.ar\/blog\/wp-json\/wp\/v2\/posts\/35839","targetHints":{"allow":["GET"]}}],"collection":[{"href":"https:\/\/larevistadigital.com.ar\/blog\/wp-json\/wp\/v2\/posts"}],"about":[{"href":"https:\/\/larevistadigital.com.ar\/blog\/wp-json\/wp\/v2\/types\/post"}],"author":[{"embeddable":true,"href":"https:\/\/larevistadigital.com.ar\/blog\/wp-json\/wp\/v2\/users\/3"}],"replies":[{"embeddable":true,"href":"https:\/\/larevistadigital.com.ar\/blog\/wp-json\/wp\/v2\/comments?post=35839"}],"version-history":[{"count":2,"href":"https:\/\/larevistadigital.com.ar\/blog\/wp-json\/wp\/v2\/posts\/35839\/revisions"}],"predecessor-version":[{"id":35842,"href":"https:\/\/larevistadigital.com.ar\/blog\/wp-json\/wp\/v2\/posts\/35839\/revisions\/35842"}],"wp:featuredmedia":[{"embeddable":true,"href":"https:\/\/larevistadigital.com.ar\/blog\/wp-json\/wp\/v2\/media\/35840"}],"wp:attachment":[{"href":"https:\/\/larevistadigital.com.ar\/blog\/wp-json\/wp\/v2\/media?parent=35839"}],"wp:term":[{"taxonomy":"category","embeddable":true,"href":"https:\/\/larevistadigital.com.ar\/blog\/wp-json\/wp\/v2\/categories?post=35839"},{"taxonomy":"post_tag","embeddable":true,"href":"https:\/\/larevistadigital.com.ar\/blog\/wp-json\/wp\/v2\/tags?post=35839"}],"curies":[{"name":"wp","href":"https:\/\/api.w.org\/{rel}","templated":true}]}}