{"id":35843,"date":"2024-04-16T09:47:24","date_gmt":"2024-04-16T12:47:24","guid":{"rendered":"https:\/\/larevistadigital.com.ar\/blog\/?p=35843"},"modified":"2024-04-18T09:21:43","modified_gmt":"2024-04-18T12:21:43","slug":"la-caida-en-las-ventas-minoristas-afecta-a-la-economia-local","status":"publish","type":"post","link":"https:\/\/larevistadigital.com.ar\/blog\/la-caida-en-las-ventas-minoristas-afecta-a-la-economia-local\/","title":{"rendered":"LA CA\u00cdDA EN LAS VENTAS MINORISTAS AFECTA A LA ECONOM\u00cdA LOCAL"},"content":{"rendered":"<h2 class=\"notaIntro\"><em>La Confederaci\u00f3n Argentina de la Mediana Empresa (CAME) inform\u00f3 una fuerte disminuci\u00f3n en las operaciones de los comercios minoristas durante el mes de marzo,que impacta negativamente en la din\u00e1mica econ\u00f3mica de la ciudad.<\/em><\/h2>\n<p>16 de abril de 2024<\/p>\n<p class=\"notaTexto\"><strong>CHASCOM\u00daS &#8211;\u00a0<\/strong> En su informe mensual correspondiente a marzo, la Confederaci\u00f3n Argentina de la Mediana Empresa (CAME) se\u00f1ala una ca\u00edda del 12,6% en las ventas minoristas a nivel nacional, en comparaci\u00f3n con el mismo per\u00edodo del a\u00f1o anterior, a precios constantes.<\/p>\n<p class=\"notaTexto\">De acuerdo con la entidad, acumulan una ca\u00edda de 22,1% en el primer trimestre del a\u00f1o. En la comparaci\u00f3n mensual, disminuyeron 3,2%.<br \/>\nEsta preocupante realidad est\u00e1 teniendo un impacto directo en la econom\u00eda local, que se ve seriamente afectada por la disminuci\u00f3n en el consumo a lo que se suma el aumento en los costos fijos, especialmente en servicios como la electricidad y el gas.<\/p>\n<blockquote>\n<h2 class=\"notaTexto\">Los consumidores, frente a la crisis econ\u00f3mica, est\u00e1n ajustando sus gastos y priorizando rubros esenciales como alimentos y servicios b\u00e1sicos, lo que ha agravado a\u00fan m\u00e1s la situaci\u00f3n para los comercios minoristas.<\/h2>\n<\/blockquote>\n<p class=\"notaTexto\">El informe detalla que seis de los siete rubros analizados tuvieron reducciones en sus ventas en comparaci\u00f3n con el a\u00f1o anterior, destacando que solo el sector de textiles e indumentaria qued\u00f3 afuera de la tendencia negativa con un aumento del 10,2%.<\/p>\n<p class=\"notaTexto\">Las cifras surgen del \u00cdndice de Ventas Minoristas Pyme, elaborado en base a un relevamiento mensual entre 1.350 comercios minoristas del pa\u00eds, realizado entre el 3 y el 5 de abril.<\/p>\n","protected":false},"excerpt":{"rendered":"<div class=\"mh-excerpt\"><p>La Confederaci\u00f3n Argentina de la Mediana Empresa (CAME) inform\u00f3 una fuerte disminuci\u00f3n en las operaciones de los comercios minoristas durante el mes de marzo,que impacta negativamente en la din\u00e1mica econ\u00f3mica de la ciudad. 16 de <a class=\"mh-excerpt-more\" href=\"https:\/\/larevistadigital.com.ar\/blog\/la-caida-en-las-ventas-minoristas-afecta-a-la-economia-local\/\" title=\"LA CA\u00cdDA EN LAS VENTAS MINORISTAS AFECTA A LA ECONOM\u00cdA LOCAL\">[Leer M\u00e1s]<\/a><\/p>\n<\/div>","protected":false},"author":3,"featured_media":13627,"comment_status":"open","ping_status":"open","sticky":false,"template":"","format":"standard","meta":{"_jetpack_memberships_contains_paid_content":false,"footnotes":"","jetpack_publicize_message":"","jetpack_publicize_feature_enabled":true,"jetpack_social_post_already_shared":true,"jetpack_social_options":{"image_generator_settings":{"template":"highway","default_image_id":0,"font":"","enabled":false},"version":2}},"categories":[6],"tags":[],"class_list":{"0":"post-35843","1":"post","2":"type-post","3":"status-publish","4":"format-standard","5":"has-post-thumbnail","7":"category-chascomus"},"jetpack_publicize_connections":[],"jetpack_featured_media_url":"https:\/\/i0.wp.com\/larevistadigital.com.ar\/blog\/wp-content\/uploads\/bbx_467407452_1_20171221_092044.jpg?fit=800%2C579&ssl=1","jetpack_sharing_enabled":true,"jetpack_shortlink":"https:\/\/wp.me\/p8qtrQ-9k7","jetpack-related-posts":[{"id":36933,"url":"https:\/\/larevistadigital.com.ar\/blog\/chascomus-continua-la-baja-en-la-actividad-comercial-minorista-que-afecta-a-la-economia-local\/","url_meta":{"origin":35843,"position":0},"title":"CHASCOM\u00daS: CONTIN\u00daA LA BAJA EN LA ACTIVIDAD COMERCIAL MINORISTA QUE AFECTA A LA ECONOM\u00cdA LOCAL","author":"Alejandro Sosa Ruda","date":"11 agosto, 2024","format":false,"excerpt":"Los \u00faltimos relevamientos indican que las pymes enfrentan una ca\u00edda del 15,7% en julio. Mientras que en Chascom\u00fas hubo un leve repunte durante las vacaciones de invierno, el panorama general contin\u00faa siendo preocupante. 11 de Agosto de 2024 CHASCOM\u00daS -\u00a0 Las ventas minoristas de las pymes tuvieron una nueva baja\u2026","rel":"","context":"En \u00abCHASCOM\u00daS\u00bb","block_context":{"text":"CHASCOM\u00daS","link":"https:\/\/larevistadigital.com.ar\/blog\/category\/chascomus\/"},"img":{"alt_text":"","src":"https:\/\/i0.wp.com\/larevistadigital.com.ar\/blog\/wp-content\/uploads\/66b765275385e.png?fit=668%2C445&ssl=1&resize=350%2C200","width":350,"height":200,"srcset":"https:\/\/i0.wp.com\/larevistadigital.com.ar\/blog\/wp-content\/uploads\/66b765275385e.png?fit=668%2C445&ssl=1&resize=350%2C200 1x, https:\/\/i0.wp.com\/larevistadigital.com.ar\/blog\/wp-content\/uploads\/66b765275385e.png?fit=668%2C445&ssl=1&resize=525%2C300 1.5x"},"classes":[]},{"id":128,"url":"https:\/\/larevistadigital.com.ar\/blog\/la-mitad-las-ventas-argentina-promociones\/","url_meta":{"origin":35843,"position":1},"title":"La mitad de las ventas en Argentina son con promociones","author":"editor","date":"12 febrero, 2017","format":false,"excerpt":"Como resultado del enfriamiento de la econom\u00eda y el aumento del costo de vida, el 50% de las ventas minoristas ya se realizan bajo alg\u00fan sistema de descuento El enfriamiento de la econom\u00eda no puede contra el furor de las promociones. Al contrario, la recesi\u00f3n retroalimenta la necesidad de aplicar\u2026","rel":"","context":"En \u00abECONOMIA\u00bb","block_context":{"text":"ECONOMIA","link":"https:\/\/larevistadigital.com.ar\/blog\/category\/economia\/"},"img":{"alt_text":"","src":"https:\/\/i0.wp.com\/larevistadigital.com.ar\/blog\/wp-content\/uploads\/2017\/02\/1-imagen.jpg?fit=620%2C414&ssl=1&resize=350%2C200","width":350,"height":200,"srcset":"https:\/\/i0.wp.com\/larevistadigital.com.ar\/blog\/wp-content\/uploads\/2017\/02\/1-imagen.jpg?fit=620%2C414&ssl=1&resize=350%2C200 1x, https:\/\/i0.wp.com\/larevistadigital.com.ar\/blog\/wp-content\/uploads\/2017\/02\/1-imagen.jpg?fit=620%2C414&ssl=1&resize=525%2C300 1.5x"},"classes":[]},{"id":43041,"url":"https:\/\/larevistadigital.com.ar\/blog\/consumo-en-rojo-siete-de-cada-diez-hogares-ajustaron-gastos\/","url_meta":{"origin":35843,"position":2},"title":"Consumo en rojo: siete de cada diez hogares ajustaron gastos","author":"Alejandro Sosa Ruda","date":"27 diciembre, 2025","format":false,"excerpt":"Un informe de la UBA revel\u00f3 que el 72% de los hogares redujo sus gastos en los \u00faltimos meses por la p\u00e9rdida de poder adquisitivo, con mayor impacto en mujeres y sectores de menores ingresos. Seg\u00fan un informe elaborado por el Centro Nacional de Responsabilidad Social Empresarial y Capital Social\u2026","rel":"","context":"En \u00abINTERES GENERAL\u00bb","block_context":{"text":"INTERES GENERAL","link":"https:\/\/larevistadigital.com.ar\/blog\/category\/interes-general\/"},"img":{"alt_text":"","src":"https:\/\/i0.wp.com\/larevistadigital.com.ar\/blog\/wp-content\/uploads\/Captura-de-pantalla-2025-12-27-135945.jpg?fit=792%2C421&ssl=1&resize=350%2C200","width":350,"height":200,"srcset":"https:\/\/i0.wp.com\/larevistadigital.com.ar\/blog\/wp-content\/uploads\/Captura-de-pantalla-2025-12-27-135945.jpg?fit=792%2C421&ssl=1&resize=350%2C200 1x, https:\/\/i0.wp.com\/larevistadigital.com.ar\/blog\/wp-content\/uploads\/Captura-de-pantalla-2025-12-27-135945.jpg?fit=792%2C421&ssl=1&resize=525%2C300 1.5x, https:\/\/i0.wp.com\/larevistadigital.com.ar\/blog\/wp-content\/uploads\/Captura-de-pantalla-2025-12-27-135945.jpg?fit=792%2C421&ssl=1&resize=700%2C400 2x"},"classes":[]},{"id":37878,"url":"https:\/\/larevistadigital.com.ar\/blog\/pese-a-lo-que-dice-el-gobierno-la-construccion-no-repunta\/","url_meta":{"origin":35843,"position":3},"title":"Pese a lo que dice el gobierno, la construcci\u00f3n no repunta&#8230;","author":"Alejandro Sosa Ruda","date":"14 noviembre, 2024","format":false,"excerpt":"El sector de la construcci\u00f3n ha sido fuertemente afectado en t\u00e9rminos de empleo y a\u00fan no logra recuperarse. 13 de Noviembre de 2024 El impacto en el empleo es significativo: el Centro de Econom\u00eda Pol\u00edtica Argentina (CEPA) muestra que la construcci\u00f3n representa el 56,29% de los despidos y suspensiones del\u2026","rel":"","context":"En \u00abINTERES GENERAL\u00bb","block_context":{"text":"INTERES GENERAL","link":"https:\/\/larevistadigital.com.ar\/blog\/category\/interes-general\/"},"img":{"alt_text":"","src":"https:\/\/i0.wp.com\/larevistadigital.com.ar\/blog\/wp-content\/uploads\/20241113102913_caida-actividad-empleo-construccion.jpg?fit=880%2C512&ssl=1&resize=350%2C200","width":350,"height":200,"srcset":"https:\/\/i0.wp.com\/larevistadigital.com.ar\/blog\/wp-content\/uploads\/20241113102913_caida-actividad-empleo-construccion.jpg?fit=880%2C512&ssl=1&resize=350%2C200 1x, https:\/\/i0.wp.com\/larevistadigital.com.ar\/blog\/wp-content\/uploads\/20241113102913_caida-actividad-empleo-construccion.jpg?fit=880%2C512&ssl=1&resize=525%2C300 1.5x, https:\/\/i0.wp.com\/larevistadigital.com.ar\/blog\/wp-content\/uploads\/20241113102913_caida-actividad-empleo-construccion.jpg?fit=880%2C512&ssl=1&resize=700%2C400 2x"},"classes":[]},{"id":44806,"url":"https:\/\/larevistadigital.com.ar\/blog\/la-caida-del-consumo-a-nivel-nacional-impacta-en-el-comercio-local\/","url_meta":{"origin":35843,"position":4},"title":"La ca\u00edda del consumo a nivel nacional impacta en el comercio local","author":"Alejandro Sosa Ruda","date":"30 marzo, 2026","format":false,"excerpt":"El retroceso en las ventas, vinculado al contexto econ\u00f3mico general, comienza a reflejarse con fuerza en la actividad comercial de la ciudad. 30 de marzo de 2026 CHASCOM\u00daS -\u00a0 \u00a0El consumo masivo en Argentina contin\u00faa mostrando signos de debilidad en el inicio del a\u00f1o. Seg\u00fan datos de la consultora Scentia\u2026","rel":"","context":"En \u00abCHASCOM\u00daS\u00bb","block_context":{"text":"CHASCOM\u00daS","link":"https:\/\/larevistadigital.com.ar\/blog\/category\/chascomus\/"},"img":{"alt_text":"","src":"https:\/\/i0.wp.com\/larevistadigital.com.ar\/blog\/wp-content\/uploads\/69cabd7825332.png?fit=668%2C445&ssl=1&resize=350%2C200","width":350,"height":200,"srcset":"https:\/\/i0.wp.com\/larevistadigital.com.ar\/blog\/wp-content\/uploads\/69cabd7825332.png?fit=668%2C445&ssl=1&resize=350%2C200 1x, https:\/\/i0.wp.com\/larevistadigital.com.ar\/blog\/wp-content\/uploads\/69cabd7825332.png?fit=668%2C445&ssl=1&resize=525%2C300 1.5x"},"classes":[]},{"id":37825,"url":"https:\/\/larevistadigital.com.ar\/blog\/alerta-en-la-industria-en-2024-cerraron-16-500-pymes\/","url_meta":{"origin":35843,"position":5},"title":"Alerta en la industria: en 2024 cerraron 16.500 PyMEs","author":"Alejandro Sosa Ruda","date":"12 noviembre, 2024","format":false,"excerpt":"En 2024, la crisis econ\u00f3mica ha llevado al cierre de 16.500 PyMEs, siendo el sector industrial uno de los m\u00e1s golpeados, seg\u00fan datos del Frente Productivo Nacional. 12 de Noviembre de 2024 BUENOS AIRES -\u00a0 Adem\u00e1s, se reporta el cierre de 10.000 kioscos y almacenes y la p\u00e9rdida de 160.000\u2026","rel":"","context":"En \u00abINTERES GENERAL\u00bb","block_context":{"text":"INTERES GENERAL","link":"https:\/\/larevistadigital.com.ar\/blog\/category\/interes-general\/"},"img":{"alt_text":"","src":"https:\/\/i0.wp.com\/larevistadigital.com.ar\/blog\/wp-content\/uploads\/20241112172203_alerta-industria-cerraron-16-500-pymes.jpg?fit=880%2C512&ssl=1&resize=350%2C200","width":350,"height":200,"srcset":"https:\/\/i0.wp.com\/larevistadigital.com.ar\/blog\/wp-content\/uploads\/20241112172203_alerta-industria-cerraron-16-500-pymes.jpg?fit=880%2C512&ssl=1&resize=350%2C200 1x, https:\/\/i0.wp.com\/larevistadigital.com.ar\/blog\/wp-content\/uploads\/20241112172203_alerta-industria-cerraron-16-500-pymes.jpg?fit=880%2C512&ssl=1&resize=525%2C300 1.5x, https:\/\/i0.wp.com\/larevistadigital.com.ar\/blog\/wp-content\/uploads\/20241112172203_alerta-industria-cerraron-16-500-pymes.jpg?fit=880%2C512&ssl=1&resize=700%2C400 2x"},"classes":[]}],"_links":{"self":[{"href":"https:\/\/larevistadigital.com.ar\/blog\/wp-json\/wp\/v2\/posts\/35843","targetHints":{"allow":["GET"]}}],"collection":[{"href":"https:\/\/larevistadigital.com.ar\/blog\/wp-json\/wp\/v2\/posts"}],"about":[{"href":"https:\/\/larevistadigital.com.ar\/blog\/wp-json\/wp\/v2\/types\/post"}],"author":[{"embeddable":true,"href":"https:\/\/larevistadigital.com.ar\/blog\/wp-json\/wp\/v2\/users\/3"}],"replies":[{"embeddable":true,"href":"https:\/\/larevistadigital.com.ar\/blog\/wp-json\/wp\/v2\/comments?post=35843"}],"version-history":[{"count":1,"href":"https:\/\/larevistadigital.com.ar\/blog\/wp-json\/wp\/v2\/posts\/35843\/revisions"}],"predecessor-version":[{"id":35844,"href":"https:\/\/larevistadigital.com.ar\/blog\/wp-json\/wp\/v2\/posts\/35843\/revisions\/35844"}],"wp:featuredmedia":[{"embeddable":true,"href":"https:\/\/larevistadigital.com.ar\/blog\/wp-json\/wp\/v2\/media\/13627"}],"wp:attachment":[{"href":"https:\/\/larevistadigital.com.ar\/blog\/wp-json\/wp\/v2\/media?parent=35843"}],"wp:term":[{"taxonomy":"category","embeddable":true,"href":"https:\/\/larevistadigital.com.ar\/blog\/wp-json\/wp\/v2\/categories?post=35843"},{"taxonomy":"post_tag","embeddable":true,"href":"https:\/\/larevistadigital.com.ar\/blog\/wp-json\/wp\/v2\/tags?post=35843"}],"curies":[{"name":"wp","href":"https:\/\/api.w.org\/{rel}","templated":true}]}}