{"id":35847,"date":"2024-04-17T23:10:40","date_gmt":"2024-04-18T02:10:40","guid":{"rendered":"https:\/\/larevistadigital.com.ar\/blog\/?p=35847"},"modified":"2024-04-18T09:35:53","modified_gmt":"2024-04-18T12:35:53","slug":"chascomus-la-policia-atrapo-al-responsable-del-robo-en-calle-grito-de-dolores","status":"publish","type":"post","link":"https:\/\/larevistadigital.com.ar\/blog\/chascomus-la-policia-atrapo-al-responsable-del-robo-en-calle-grito-de-dolores\/","title":{"rendered":"CHASCOM\u00daS: LA POLIC\u00cdA ATRAP\u00d3 AL RESPONSABLE DEL ROBO EN CALLE GRITO DE DOLORES"},"content":{"rendered":"<h2>Luego de las investigaciones, la polic\u00eda logr\u00f3 detener al responsable del hecho de robo de calle Griuto de Dolores.<\/h2>\n<p>17 de abril de 2024<\/p>\n<p><strong>CHASCOM\u00daS &#8211;\u00a0<\/strong> El dia mi\u00e9rcoles 10 del corriente, se recibio una denuncia de Robo en el que la v\u00edctima manifesto que habian constatado que autor o autores ignorados habian ingresado a su vivienda de calle Grito De Dolores previo a romper la reja de una ventana de un dormitorio.<\/p>\n<p>Los delncuentes, habian sustra\u00eddo dinero de moneda nacional y d\u00f3lares\u00a0 estadounidenses y otros elementos, entre ellos armas de fuego.<\/p>\n<p>Iniciada la investigaci\u00f3n, la sub ddi Chascom\u00fas pero trabajando en conjunto, personal policial de E.P.C. Chascom\u00fas y producto de la informacion recolectada por sus tareas investigativas establecieron la identidad del unico autor del hecho y que el mismo en el dia de ayer planeaba irse de esta localidad.<\/p>\n<p>En horas de la noche del dia de ayer personal policial mientras continuaba con las tareas de cruzaron con el investigado, momentos en que el mismo comenzo a correr siendo perseguido por dos efectivos policiales ingresando a un monte y descampado en la manzana sur de calle Brasil a la altura del cruce con la calle Canal de Beagle, el sujeto al verse cercado por el personal se trenzo en lucha con los mismos, gener\u00e1ndole lesiones leves, no obstante ello, fue reducido y en su poder se logro incautar dinero en efectivo y objeto el cual se quiso deshac\u00e9r al momento de la reduccion. El mismo fue aprehendido inmediatamente por <strong>ATENTADO Y RESISTENCIA A LA AUTORIDAD Y LESIONES. <\/strong><\/p>\n<p>En horas de la ma\u00f1ana del dia de la fecha fueron elevadas a la U.f.i.d. n\u00b0 9 las actuaciones y las tareas realizadas en conjunto con la subddi Chascomus, entre ellas el reconocimiento como propia y denunciado como sustraido a la v\u00edctima el objeto que se quiso deshac\u00e9r el aprehendido.<\/p>\n<p>En horas de la tarde, se recibi\u00f3 resoluci\u00f3n del Juez de Garantias n 5 de Chascom\u00fas inmediata Libertad del aprehendido por el delito de Atentado y resistencia a la autoridad y lesiones, como asi tambien la inmediata Detenci\u00f3n del mismo sujeto en orden al delito de <strong>ROBO AGRAVADO POR EFRACCION<\/strong> o sea del hecho cometido el miercoles 10 del corriente en calle Grito de Dolores.<\/p>\n<p>Mismo detenido se encuentra alojado en sector de calabozos de esta dependencia haciendo mencion que es oriundo de Chascom\u00fas con frondosos antecedentes delictivos, mencionando ultimo hecho por el cual estuvo detenido siendo hace dos meses a la fecha por el Delito de <strong>ROBO CALIFICADO POR EL USO DE ARMA DE FUEGO Y LESIONES<\/strong> en esta localidad. Personal policial de E.P.C. Chascomus 1ra y sub ddi Chascom\u00fas continuan realizando tareas y diligencias en la misma investigaci\u00f3n.<\/p>\n","protected":false},"excerpt":{"rendered":"<div class=\"mh-excerpt\"><p>Luego de las investigaciones, la polic\u00eda logr\u00f3 detener al responsable del hecho de robo de calle Griuto de Dolores. 17 de abril de 2024 CHASCOM\u00daS &#8211;\u00a0 El dia mi\u00e9rcoles 10 del corriente, se recibio una <a class=\"mh-excerpt-more\" href=\"https:\/\/larevistadigital.com.ar\/blog\/chascomus-la-policia-atrapo-al-responsable-del-robo-en-calle-grito-de-dolores\/\" title=\"CHASCOM\u00daS: LA POLIC\u00cdA ATRAP\u00d3 AL RESPONSABLE DEL ROBO EN CALLE GRITO DE DOLORES\">[Leer M\u00e1s]<\/a><\/p>\n<\/div>","protected":false},"author":3,"featured_media":35848,"comment_status":"open","ping_status":"open","sticky":false,"template":"","format":"standard","meta":{"_jetpack_memberships_contains_paid_content":false,"footnotes":"","jetpack_publicize_message":"","jetpack_publicize_feature_enabled":true,"jetpack_social_post_already_shared":true,"jetpack_social_options":{"image_generator_settings":{"template":"highway","default_image_id":0,"font":"","enabled":false},"version":2}},"categories":[41,1],"tags":[],"class_list":{"0":"post-35847","1":"post","2":"type-post","3":"status-publish","4":"format-standard","5":"has-post-thumbnail","7":"category-destacadas","8":"category-sin-categoria"},"jetpack_publicize_connections":[],"jetpack_featured_media_url":"https:\/\/i0.wp.com\/larevistadigital.com.ar\/blog\/wp-content\/uploads\/WhatsApp-Image-2024-04-16-at-19.03.18.jpeg?fit=899%2C1599&ssl=1","jetpack_sharing_enabled":true,"jetpack_shortlink":"https:\/\/wp.me\/p8qtrQ-9kb","jetpack-related-posts":[{"id":26504,"url":"https:\/\/larevistadigital.com.ar\/blog\/chascomus-aprehenden-a-un-sujeto-por-el-robo-de-dos-motocicletas\/","url_meta":{"origin":35847,"position":0},"title":"CHASCOM\u00daS: APREHENDEN A UN SUJETO POR EL ROBO DE DOS MOTOCICLETAS","author":"Alejandro Sosa Ruda","date":"12 julio, 2022","format":false,"excerpt":"Luego de las investigaciones a ra\u00edz de dos denuncias por los robos de dos motos, la polic\u00eda pudo dar con el autor de los hechos, logrando aprehenderlo. CHASCOM\u00daS -\u00a0 En relaci\u00f3n a la denuncia de dos hechos de robo de motocicletas y luego de realizadas tareas de investigaci\u00f3n, y trabajos\u2026","rel":"","context":"En \u00abCHASCOM\u00daS\u00bb","block_context":{"text":"CHASCOM\u00daS","link":"https:\/\/larevistadigital.com.ar\/blog\/category\/chascomus\/"},"img":{"alt_text":"","src":"https:\/\/i0.wp.com\/larevistadigital.com.ar\/blog\/wp-content\/uploads\/2019\/01\/bbx_755050019_comisaria_chasco_01.jpg?fit=800%2C579&ssl=1&resize=350%2C200","width":350,"height":200,"srcset":"https:\/\/i0.wp.com\/larevistadigital.com.ar\/blog\/wp-content\/uploads\/2019\/01\/bbx_755050019_comisaria_chasco_01.jpg?fit=800%2C579&ssl=1&resize=350%2C200 1x, https:\/\/i0.wp.com\/larevistadigital.com.ar\/blog\/wp-content\/uploads\/2019\/01\/bbx_755050019_comisaria_chasco_01.jpg?fit=800%2C579&ssl=1&resize=525%2C300 1.5x, https:\/\/i0.wp.com\/larevistadigital.com.ar\/blog\/wp-content\/uploads\/2019\/01\/bbx_755050019_comisaria_chasco_01.jpg?fit=800%2C579&ssl=1&resize=700%2C400 2x"},"classes":[]},{"id":42405,"url":"https:\/\/larevistadigital.com.ar\/blog\/chascomus-allanamiento-en-el-barrio-escribano-tras-el-robo-de-dos-bicicletas\/","url_meta":{"origin":35847,"position":1},"title":"Chascom\u00fas: Allanamiento en el Barrio Escribano, tras el robo de dos bicicletas","author":"Alejandro Sosa Ruda","date":"5 noviembre, 2025","format":false,"excerpt":"La Polic\u00eda de Chascom\u00fas realiz\u00f3 un allanamiento en una vivienda de calle Estrada y notific\u00f3 al presunto autor del robo de dos bicicletas sustra\u00eddas del patio de una casa del barrio Escribano. 05 de Noviembre de 2025 CHASCOM\u00daS -\u00a0 \u00a0Autoridades policiales informaron que, a ra\u00edz de una denuncia radicada el\u2026","rel":"","context":"En \u00abINTERES GENERAL\u00bb","block_context":{"text":"INTERES GENERAL","link":"https:\/\/larevistadigital.com.ar\/blog\/category\/interes-general\/"},"img":{"alt_text":"","src":"https:\/\/i0.wp.com\/larevistadigital.com.ar\/blog\/wp-content\/uploads\/Patrullero-La-Plata-Berisso-Policia.jpg?fit=882%2C492&ssl=1&resize=350%2C200","width":350,"height":200,"srcset":"https:\/\/i0.wp.com\/larevistadigital.com.ar\/blog\/wp-content\/uploads\/Patrullero-La-Plata-Berisso-Policia.jpg?fit=882%2C492&ssl=1&resize=350%2C200 1x, https:\/\/i0.wp.com\/larevistadigital.com.ar\/blog\/wp-content\/uploads\/Patrullero-La-Plata-Berisso-Policia.jpg?fit=882%2C492&ssl=1&resize=525%2C300 1.5x, https:\/\/i0.wp.com\/larevistadigital.com.ar\/blog\/wp-content\/uploads\/Patrullero-La-Plata-Berisso-Policia.jpg?fit=882%2C492&ssl=1&resize=700%2C400 2x"},"classes":[]},{"id":13997,"url":"https:\/\/larevistadigital.com.ar\/blog\/detienen-hombre-por-robo-a-iglesia\/","url_meta":{"origin":35847,"position":2},"title":"CHASCOM\u00daS: DETIENEN HOMBRE POR ROBO A IGLESIA","author":"Alejandro Sosa Ruda","date":"6 enero, 2020","format":false,"excerpt":"Se inform\u00f3 en la comisar\u00eda local, que una persona mayor de edad fue detenida ayer, tras haber protagonizado el s\u00e1bado el robo de una serie de electrodom\u00e9sticos de una iglesia ubicada en calle Grito de Dolores 631. El protagonista del hecho, qued\u00f3 detenido luego de que la justicia librara la\u2026","rel":"","context":"En \u00abINTERES GENERAL\u00bb","block_context":{"text":"INTERES GENERAL","link":"https:\/\/larevistadigital.com.ar\/blog\/category\/interes-general\/"},"img":{"alt_text":"","src":"https:\/\/i0.wp.com\/larevistadigital.com.ar\/blog\/wp-content\/uploads\/encarcelado.jpg?fit=890%2C532&ssl=1&resize=350%2C200","width":350,"height":200,"srcset":"https:\/\/i0.wp.com\/larevistadigital.com.ar\/blog\/wp-content\/uploads\/encarcelado.jpg?fit=890%2C532&ssl=1&resize=350%2C200 1x, https:\/\/i0.wp.com\/larevistadigital.com.ar\/blog\/wp-content\/uploads\/encarcelado.jpg?fit=890%2C532&ssl=1&resize=525%2C300 1.5x, https:\/\/i0.wp.com\/larevistadigital.com.ar\/blog\/wp-content\/uploads\/encarcelado.jpg?fit=890%2C532&ssl=1&resize=700%2C400 2x"},"classes":[]},{"id":8631,"url":"https:\/\/larevistadigital.com.ar\/blog\/chascomus-la-policia-comunal-resuelve-un-hecho-de-robo-a-comercio-del-18-02\/","url_meta":{"origin":35847,"position":3},"title":"CHASCOM\u00daS: LA POLIC\u00cdA COMUNAL RESUELVE UN HECHO DE ROBO A COMERCIO DEL 18\/02","author":"Alejandro Sosa Ruda","date":"21 febrero, 2019","format":false,"excerpt":"En relaci\u00f3n a hecho de Robo Agravado (por el uso de arma de fuego) acaecido en horas de la tarde del 18.02.19 en un comercio del barrio Esmeralda, del que fuera v\u00edctima Stella Maris Lezcano\u00a0y como resultado de la investigaci\u00f3n llevada a cabo por personal de la Estaci\u00f3n de Polic\u00eda\u2026","rel":"","context":"En \u00abPOLICIALES\u00bb","block_context":{"text":"POLICIALES","link":"https:\/\/larevistadigital.com.ar\/blog\/category\/policiales\/"},"img":{"alt_text":"","src":"https:\/\/i0.wp.com\/larevistadigital.com.ar\/blog\/wp-content\/uploads\/2019\/02\/WhatsApp-Image-2019-02-20-at-23.59.11.jpeg?fit=1200%2C900&ssl=1&resize=350%2C200","width":350,"height":200,"srcset":"https:\/\/i0.wp.com\/larevistadigital.com.ar\/blog\/wp-content\/uploads\/2019\/02\/WhatsApp-Image-2019-02-20-at-23.59.11.jpeg?fit=1200%2C900&ssl=1&resize=350%2C200 1x, https:\/\/i0.wp.com\/larevistadigital.com.ar\/blog\/wp-content\/uploads\/2019\/02\/WhatsApp-Image-2019-02-20-at-23.59.11.jpeg?fit=1200%2C900&ssl=1&resize=525%2C300 1.5x, https:\/\/i0.wp.com\/larevistadigital.com.ar\/blog\/wp-content\/uploads\/2019\/02\/WhatsApp-Image-2019-02-20-at-23.59.11.jpeg?fit=1200%2C900&ssl=1&resize=700%2C400 2x, https:\/\/i0.wp.com\/larevistadigital.com.ar\/blog\/wp-content\/uploads\/2019\/02\/WhatsApp-Image-2019-02-20-at-23.59.11.jpeg?fit=1200%2C900&ssl=1&resize=1050%2C600 3x"},"classes":[]},{"id":7183,"url":"https:\/\/larevistadigital.com.ar\/blog\/chascomus-vecinos-de-calle-grito-de-dolores-dicen-que-en-cada-lluvia-se-inunda-todo\/","url_meta":{"origin":35847,"position":4},"title":"CHASCOM\u00daS: VECINOS DE CALLE GRITO DE DOLORES DICEN QUE EN CADA LLUVIA SE INUNDA TODO","author":"Alejandro Sosa Ruda","date":"14 diciembre, 2018","format":false,"excerpt":"Si bien durante el d\u00eda de ayer llovi\u00f3 bastante, y de manera ininterrumpida, algunos vecinos de calle Grito de Dolores de la ciudad de Chascom\u00fas han hecho llegar su reclamo porque sostienen que esto sucede en cada oportunidad que llueve. Las fotos que nos han enviado, son de calle\u00a0 Grito\u2026","rel":"","context":"En \u00abCHASCOM\u00daS\u00bb","block_context":{"text":"CHASCOM\u00daS","link":"https:\/\/larevistadigital.com.ar\/blog\/category\/chascomus\/"},"img":{"alt_text":"","src":"https:\/\/i0.wp.com\/larevistadigital.com.ar\/blog\/wp-content\/uploads\/2018\/12\/48360484_2145741329023069_6153115279489499136_n.jpg?fit=1200%2C900&ssl=1&resize=350%2C200","width":350,"height":200,"srcset":"https:\/\/i0.wp.com\/larevistadigital.com.ar\/blog\/wp-content\/uploads\/2018\/12\/48360484_2145741329023069_6153115279489499136_n.jpg?fit=1200%2C900&ssl=1&resize=350%2C200 1x, https:\/\/i0.wp.com\/larevistadigital.com.ar\/blog\/wp-content\/uploads\/2018\/12\/48360484_2145741329023069_6153115279489499136_n.jpg?fit=1200%2C900&ssl=1&resize=525%2C300 1.5x, https:\/\/i0.wp.com\/larevistadigital.com.ar\/blog\/wp-content\/uploads\/2018\/12\/48360484_2145741329023069_6153115279489499136_n.jpg?fit=1200%2C900&ssl=1&resize=700%2C400 2x, https:\/\/i0.wp.com\/larevistadigital.com.ar\/blog\/wp-content\/uploads\/2018\/12\/48360484_2145741329023069_6153115279489499136_n.jpg?fit=1200%2C900&ssl=1&resize=1050%2C600 3x"},"classes":[]},{"id":38659,"url":"https:\/\/larevistadigital.com.ar\/blog\/chascomus-allanan-y-detienen-a-menor-de-14-anos-autor-de-distintos-robos\/","url_meta":{"origin":35847,"position":5},"title":"Chascom\u00fas: Allanan y detienen a menor de 14 a\u00f1os, autor de distintos robos","author":"Alejandro Sosa Ruda","date":"10 febrero, 2025","format":false,"excerpt":"El menor est\u00e1 sindicado como el responsable del robo en el Club de Pelotas; distintas motos y robos en el barrio El Tambor. 10 de Febrero de 2025 CHASCOM\u00daS -\u00a0 En horas de la ma\u00f1ana personal de E.P.C. Chascomus 1ra. hizo efectivo un allanamiento en un domicilio de calle Belbeze.\u2026","rel":"","context":"En \u00abDESTACADAS\u00bb","block_context":{"text":"DESTACADAS","link":"https:\/\/larevistadigital.com.ar\/blog\/category\/destacadas\/"},"img":{"alt_text":"","src":"https:\/\/i0.wp.com\/larevistadigital.com.ar\/blog\/wp-content\/uploads\/menor-detenido.jpg?fit=850%2C479&ssl=1&resize=350%2C200","width":350,"height":200,"srcset":"https:\/\/i0.wp.com\/larevistadigital.com.ar\/blog\/wp-content\/uploads\/menor-detenido.jpg?fit=850%2C479&ssl=1&resize=350%2C200 1x, https:\/\/i0.wp.com\/larevistadigital.com.ar\/blog\/wp-content\/uploads\/menor-detenido.jpg?fit=850%2C479&ssl=1&resize=525%2C300 1.5x, https:\/\/i0.wp.com\/larevistadigital.com.ar\/blog\/wp-content\/uploads\/menor-detenido.jpg?fit=850%2C479&ssl=1&resize=700%2C400 2x"},"classes":[]}],"_links":{"self":[{"href":"https:\/\/larevistadigital.com.ar\/blog\/wp-json\/wp\/v2\/posts\/35847","targetHints":{"allow":["GET"]}}],"collection":[{"href":"https:\/\/larevistadigital.com.ar\/blog\/wp-json\/wp\/v2\/posts"}],"about":[{"href":"https:\/\/larevistadigital.com.ar\/blog\/wp-json\/wp\/v2\/types\/post"}],"author":[{"embeddable":true,"href":"https:\/\/larevistadigital.com.ar\/blog\/wp-json\/wp\/v2\/users\/3"}],"replies":[{"embeddable":true,"href":"https:\/\/larevistadigital.com.ar\/blog\/wp-json\/wp\/v2\/comments?post=35847"}],"version-history":[{"count":1,"href":"https:\/\/larevistadigital.com.ar\/blog\/wp-json\/wp\/v2\/posts\/35847\/revisions"}],"predecessor-version":[{"id":35849,"href":"https:\/\/larevistadigital.com.ar\/blog\/wp-json\/wp\/v2\/posts\/35847\/revisions\/35849"}],"wp:featuredmedia":[{"embeddable":true,"href":"https:\/\/larevistadigital.com.ar\/blog\/wp-json\/wp\/v2\/media\/35848"}],"wp:attachment":[{"href":"https:\/\/larevistadigital.com.ar\/blog\/wp-json\/wp\/v2\/media?parent=35847"}],"wp:term":[{"taxonomy":"category","embeddable":true,"href":"https:\/\/larevistadigital.com.ar\/blog\/wp-json\/wp\/v2\/categories?post=35847"},{"taxonomy":"post_tag","embeddable":true,"href":"https:\/\/larevistadigital.com.ar\/blog\/wp-json\/wp\/v2\/tags?post=35847"}],"curies":[{"name":"wp","href":"https:\/\/api.w.org\/{rel}","templated":true}]}}