{"id":35850,"date":"2024-04-17T23:19:48","date_gmt":"2024-04-18T02:19:48","guid":{"rendered":"https:\/\/larevistadigital.com.ar\/blog\/?p=35850"},"modified":"2024-04-17T23:19:48","modified_gmt":"2024-04-18T02:19:48","slug":"silvina-lantano-queremos-que-todas-las-personas-sepan-realizar-la-maniobra-basica-de-rcp","status":"publish","type":"post","link":"https:\/\/larevistadigital.com.ar\/blog\/silvina-lantano-queremos-que-todas-las-personas-sepan-realizar-la-maniobra-basica-de-rcp\/","title":{"rendered":"SILVINA LANTA\u00d1O: \u201cQUEREMOS QUE TODAS LAS PERSONAS SEPAN REALIZAR LA MANIOBRA B\u00c1SICA DE RCP\u201d"},"content":{"rendered":"<h2 class=\"notaIntro\"><em>La directora de Defensa Civil municipal invit\u00f3 a la comunidad a sumarse a las capacitaciones que se ofrecen para aprender t\u00e9cnicas de asistencia y primeros auxilios.<\/em><\/h2>\n<p>17 de abril de 2024<\/p>\n<p class=\"notaTexto\"><strong>CHASCOM\u00daS &#8211;<\/strong>\u00a0 La Municipalidad de Chascom\u00fas contin\u00faa brindando charlas gratuitas destinadas a ofrecer conocimientos b\u00e1sicos para actuar ante situaciones de emergencia.<\/p>\n<p class=\"notaTexto\">Las formaciones est\u00e1n a cargo del equipo de Defensa Civil que brinda conocimientos sobre primeros auxilios, t\u00e9cnicas de Reanimaci\u00f3n Cardio Pulmonar (RCP), manejo del desfibrilador externo autom\u00e1tico (DEA), maniobra de Heimlich y formas de contacto en caso de emergencia.<\/p>\n<blockquote>\n<h3 class=\"notaTexto\">En cada encuentro se ense\u00f1an nociones sobre masaje card\u00edaco externo, compresiones tor\u00e1cicas y recibieron informaci\u00f3n sobre los procedimientos ante cortes, quemaduras, hemorragias y golpes, entre otros temas.<\/h3>\n<\/blockquote>\n<p class=\"notaTexto\"><em><strong>\u201cEsta acci\u00f3n se realiza en el marco del proyecto \u201cNuestras Manos Salvan Vidas\u201d<\/strong><strong> que iniciamos en el a\u00f1o 2016 y que tiene como objetivo llegar a toda la comunidad porque hay muchos casos de problemas card\u00edacos o muertes s\u00fabitas en espacios p\u00fablicos y privados y, con el fin de reducir esta situaci\u00f3n, necesitamos que todas las personas sepan realizar la maniobra b\u00e1sica de RCP\u201d<\/strong><\/em>, explic\u00f3 la directora del \u00e1rea, <strong>Silvina Lanta\u00f1o<\/strong>.<\/p>\n<p class=\"notaTexto\">Al respecto, destac\u00f3 que la invitaci\u00f3n para aprender a realizar primeros auxilios es para escuelas, instituciones y toda la comunidad, especialmente para quienes realizan trabajos o actividades en las que est\u00e1n en contacto con muchas personas: <em><strong>\u201cNos encantar\u00eda que se sumen comerciantes y empleados de diferentes rubros, tambi\u00e9n remiseros o quienes est\u00e1n habitualmente en compa\u00f1\u00eda de mucha gente y que lamentablemente, no sabemos en qu\u00e9 momento pueden necesitar asistir a alguien en una situaci\u00f3n para la que es importante estar preparados\u201d.<\/strong><\/em><\/p>\n<p class=\"notaTexto\">Las instituciones interesadas pueden solicitar la capacitaci\u00f3n a trav\u00e9s del correo electr\u00f3nico defensa.civil@chascomus.gob.ar, o de la l\u00ednea 103.<\/p>\n","protected":false},"excerpt":{"rendered":"<div class=\"mh-excerpt\"><p>La directora de Defensa Civil municipal invit\u00f3 a la comunidad a sumarse a las capacitaciones que se ofrecen para aprender t\u00e9cnicas de asistencia y primeros auxilios. 17 de abril de 2024 CHASCOM\u00daS &#8211;\u00a0 La Municipalidad <a class=\"mh-excerpt-more\" href=\"https:\/\/larevistadigital.com.ar\/blog\/silvina-lantano-queremos-que-todas-las-personas-sepan-realizar-la-maniobra-basica-de-rcp\/\" title=\"SILVINA LANTA\u00d1O: \u201cQUEREMOS QUE TODAS LAS PERSONAS SEPAN REALIZAR LA MANIOBRA B\u00c1SICA DE RCP\u201d\">[Leer M\u00e1s]<\/a><\/p>\n<\/div>","protected":false},"author":3,"featured_media":35851,"comment_status":"open","ping_status":"open","sticky":false,"template":"","format":"standard","meta":{"_jetpack_memberships_contains_paid_content":false,"footnotes":"","jetpack_publicize_message":"","jetpack_publicize_feature_enabled":true,"jetpack_social_post_already_shared":true,"jetpack_social_options":{"image_generator_settings":{"template":"highway","default_image_id":0,"font":"","enabled":false},"version":2}},"categories":[1],"tags":[],"class_list":{"0":"post-35850","1":"post","2":"type-post","3":"status-publish","4":"format-standard","5":"has-post-thumbnail","7":"category-sin-categoria"},"jetpack_publicize_connections":[],"jetpack_featured_media_url":"https:\/\/i0.wp.com\/larevistadigital.com.ar\/blog\/wp-content\/uploads\/2024_04_18_01_03_22_424945.jpg?fit=600%2C400&ssl=1","jetpack_sharing_enabled":true,"jetpack_shortlink":"https:\/\/wp.me\/p8qtrQ-9ke","jetpack-related-posts":[{"id":9486,"url":"https:\/\/larevistadigital.com.ar\/blog\/chascomus-trabajadores-municipales-de-defensa-civil-ensenaron-tecnicas-de-rcp-en-escuelas-rurales\/","url_meta":{"origin":35850,"position":0},"title":"CHASCOM\u00daS: TRABAJADORES MUNICIPALES DE DEFENSA CIVIL ENSE\u00d1ARON T\u00c9CNICAS DE RCP EN ESCUELAS RURALES","author":"Alejandro Sosa Ruda","date":"1 abril, 2019","format":false,"excerpt":"Durante toda la semana, personal municipal se hizo presente en la EP N\u00b0 21 de G\u00e1ndara, EP N\u00b0 19 del paraje \"9 de Julio\" y la EP N\u00b0 11 paraje \"Almac\u00e9n 4 de Febrero\" para concientizar sobre cuidados, primeros auxilios y reanimaci\u00f3n cardio pulmonar. Esta iniciativa tambi\u00e9n tiene el valor\u2026","rel":"","context":"En \u00abCHASCOM\u00daS\u00bb","block_context":{"text":"CHASCOM\u00daS","link":"https:\/\/larevistadigital.com.ar\/blog\/category\/chascomus\/"},"img":{"alt_text":"","src":"https:\/\/i0.wp.com\/larevistadigital.com.ar\/blog\/wp-content\/uploads\/2019\/04\/55591746_2355077471179791_8965758644310245376_n.jpg?fit=960%2C720&ssl=1&resize=350%2C200","width":350,"height":200,"srcset":"https:\/\/i0.wp.com\/larevistadigital.com.ar\/blog\/wp-content\/uploads\/2019\/04\/55591746_2355077471179791_8965758644310245376_n.jpg?fit=960%2C720&ssl=1&resize=350%2C200 1x, https:\/\/i0.wp.com\/larevistadigital.com.ar\/blog\/wp-content\/uploads\/2019\/04\/55591746_2355077471179791_8965758644310245376_n.jpg?fit=960%2C720&ssl=1&resize=525%2C300 1.5x, https:\/\/i0.wp.com\/larevistadigital.com.ar\/blog\/wp-content\/uploads\/2019\/04\/55591746_2355077471179791_8965758644310245376_n.jpg?fit=960%2C720&ssl=1&resize=700%2C400 2x"},"classes":[]},{"id":9932,"url":"https:\/\/larevistadigital.com.ar\/blog\/chascomus-continuan-las-jornadas-de-educacion-vial-rcp-primeros-auxilios-y-monoxido-de-carbono-para-las-escuelas-en-los-tres-niveles\/","url_meta":{"origin":35850,"position":1},"title":"CHASCOM\u00daS: CONTIN\u00daAN LAS JORNADAS DE EDUCACI\u00d3N VIAL, RCP, PRIMEROS AUXILIOS Y MON\u00d3XIDO DE CARBONO PARA LAS ESCUELAS EN LOS TRES NIVELES","author":"Alejandro Sosa Ruda","date":"2 mayo, 2019","format":false,"excerpt":"A trav\u00e9s del Plan Maestro de Seguridad Vial impulsado por el gobierno municipal, se promueve de manera permanente el cumplimiento de las normativas vigentes y la buena convivencia en la v\u00eda p\u00fablica mediante distintas acciones. En este sentido, se puso en marcha un proyecto ambientando el sal\u00f3n de los Bomberos\u2026","rel":"","context":"En \u00abPOLITICA\u00bb","block_context":{"text":"POLITICA","link":"https:\/\/larevistadigital.com.ar\/blog\/category\/politica\/"},"img":{"alt_text":"","src":"https:\/\/i0.wp.com\/larevistadigital.com.ar\/blog\/wp-content\/uploads\/2019\/05\/59106192_2409335435753994_1116390857839214592_o.jpg?fit=1200%2C675&ssl=1&resize=350%2C200","width":350,"height":200,"srcset":"https:\/\/i0.wp.com\/larevistadigital.com.ar\/blog\/wp-content\/uploads\/2019\/05\/59106192_2409335435753994_1116390857839214592_o.jpg?fit=1200%2C675&ssl=1&resize=350%2C200 1x, https:\/\/i0.wp.com\/larevistadigital.com.ar\/blog\/wp-content\/uploads\/2019\/05\/59106192_2409335435753994_1116390857839214592_o.jpg?fit=1200%2C675&ssl=1&resize=525%2C300 1.5x, https:\/\/i0.wp.com\/larevistadigital.com.ar\/blog\/wp-content\/uploads\/2019\/05\/59106192_2409335435753994_1116390857839214592_o.jpg?fit=1200%2C675&ssl=1&resize=700%2C400 2x, https:\/\/i0.wp.com\/larevistadigital.com.ar\/blog\/wp-content\/uploads\/2019\/05\/59106192_2409335435753994_1116390857839214592_o.jpg?fit=1200%2C675&ssl=1&resize=1050%2C600 3x"},"classes":[]},{"id":36110,"url":"https:\/\/larevistadigital.com.ar\/blog\/defensa-civil-nueva-capacitacion-sobre-primeros-auxilios\/","url_meta":{"origin":35850,"position":2},"title":"DEFENSA CIVIL: NUEVA CAPACITACI\u00d3N SOBRE PRIMEROS AUXILIOS","author":"Alejandro Sosa Ruda","date":"22 mayo, 2024","format":false,"excerpt":"Contin\u00faa el programa de capacitaciones que desarrolla la Secretar\u00eda de Seguridad del municipio 22 de Mayo de 2024 CHASCOM\u00daS -\u00a0 El s\u00e1bado por la ma\u00f1ana en el SUM del barrio San Luis, se realiz\u00f3 una capacitaci\u00f3n sobre control de hemorragias y la aplicaci\u00f3n de torniquete, destinada al personal de Defensa\u2026","rel":"","context":"En \u00abCHASCOM\u00daS\u00bb","block_context":{"text":"CHASCOM\u00daS","link":"https:\/\/larevistadigital.com.ar\/blog\/category\/chascomus\/"},"img":{"alt_text":"","src":"https:\/\/i0.wp.com\/larevistadigital.com.ar\/blog\/wp-content\/uploads\/2024_05_22_01_18_21_5345082.jpeg?fit=600%2C450&ssl=1&resize=350%2C200","width":350,"height":200,"srcset":"https:\/\/i0.wp.com\/larevistadigital.com.ar\/blog\/wp-content\/uploads\/2024_05_22_01_18_21_5345082.jpeg?fit=600%2C450&ssl=1&resize=350%2C200 1x, https:\/\/i0.wp.com\/larevistadigital.com.ar\/blog\/wp-content\/uploads\/2024_05_22_01_18_21_5345082.jpeg?fit=600%2C450&ssl=1&resize=525%2C300 1.5x"},"classes":[]},{"id":5311,"url":"https:\/\/larevistadigital.com.ar\/blog\/nuevo-curso-de-rcp-y-primeros-auxilios\/","url_meta":{"origin":35850,"position":3},"title":"NUEVO CURSO DE RCP Y PRIMEROS AUXILIOS","author":"admin","date":"28 marzo, 2018","format":false,"excerpt":"La Direcci\u00f3n de Defensa Civil de Castelli informa que est\u00e1 abierta la inscripci\u00f3n a toda la comunidad al Curso de Reanimaci\u00f3n Cardio Pulmonar y Primeros Auxilios que se va a llevar a cabo el viernes 6 de abril de 14 a 18hs en la sede de calle Houssay y Contreras.\u2026","rel":"","context":"En \u00abCASTELLI\u00bb","block_context":{"text":"CASTELLI","link":"https:\/\/larevistadigital.com.ar\/blog\/category\/castelli\/"},"img":{"alt_text":"","src":"https:\/\/i0.wp.com\/larevistadigital.com.ar\/blog\/wp-content\/uploads\/2018\/03\/19702699_1622120131156221_9147511288556121670_o-662x335.jpg?fit=662%2C335&ssl=1&resize=350%2C200","width":350,"height":200,"srcset":"https:\/\/i0.wp.com\/larevistadigital.com.ar\/blog\/wp-content\/uploads\/2018\/03\/19702699_1622120131156221_9147511288556121670_o-662x335.jpg?fit=662%2C335&ssl=1&resize=350%2C200 1x, https:\/\/i0.wp.com\/larevistadigital.com.ar\/blog\/wp-content\/uploads\/2018\/03\/19702699_1622120131156221_9147511288556121670_o-662x335.jpg?fit=662%2C335&ssl=1&resize=525%2C300 1.5x"},"classes":[]},{"id":4036,"url":"https:\/\/larevistadigital.com.ar\/blog\/bomberos-capacito-estudiantes-la-secundaria-1-rcp\/","url_meta":{"origin":35850,"position":4},"title":"Bomberos capacit\u00f3 a estudiantes de la Secundaria 1 sobre RCP","author":"admin","date":"26 noviembre, 2017","format":false,"excerpt":"Integrantes del Cuerpo Activo de Bomberos Voluntarios de Lezama realizaron\u00a0una importante capacitaci\u00f3n en las instalaciones de la UPA Trauma de dicha ciudad para alumnos y docentes de la Escuela Secundaria n\u00ba 1 en Reanimaci\u00f3n Cardio Pulmonar y Primeros Auxilios. Al d\u00eda de la fecha, m\u00e1s de 230 personas recibieron capacitaciones\u2026","rel":"","context":"En \u00abLEZAMA\u00bb","block_context":{"text":"LEZAMA","link":"https:\/\/larevistadigital.com.ar\/blog\/category\/lezama\/"},"img":{"alt_text":"","src":"https:\/\/i0.wp.com\/larevistadigital.com.ar\/blog\/wp-content\/uploads\/2017\/11\/rcp-lezama.jpg?fit=960%2C540&ssl=1&resize=350%2C200","width":350,"height":200,"srcset":"https:\/\/i0.wp.com\/larevistadigital.com.ar\/blog\/wp-content\/uploads\/2017\/11\/rcp-lezama.jpg?fit=960%2C540&ssl=1&resize=350%2C200 1x, https:\/\/i0.wp.com\/larevistadigital.com.ar\/blog\/wp-content\/uploads\/2017\/11\/rcp-lezama.jpg?fit=960%2C540&ssl=1&resize=525%2C300 1.5x, https:\/\/i0.wp.com\/larevistadigital.com.ar\/blog\/wp-content\/uploads\/2017\/11\/rcp-lezama.jpg?fit=960%2C540&ssl=1&resize=700%2C400 2x"},"classes":[]},{"id":28102,"url":"https:\/\/larevistadigital.com.ar\/blog\/chascomus-un-nene-le-salvo-la-vida-al-abuelo-de-su-companera\/","url_meta":{"origin":35850,"position":5},"title":"CHASCOM\u00daS: UN NENE LE SALV\u00d3 LA VIDA AL ABUELO DE SU COMPA\u00d1ERA","author":"Alejandro Sosa Ruda","date":"28 septiembre, 2022","format":false,"excerpt":"Un d\u00eda antes de lo sucedido, Dylan, junto a sus compa\u00f1eros de la Escuela N\u00b021 de G\u00e1ndara, hab\u00eda recibido una capacitaci\u00f3n de RCP y primeros auxilios que brinda la direcci\u00f3n de Defensa Civil municipal por iniciativa de la Sec. de Seguridad Ciudadana a todos los establecimientos educativos. 28 de septiembre\u2026","rel":"","context":"En \u00abDESTACADAS\u00bb","block_context":{"text":"DESTACADAS","link":"https:\/\/larevistadigital.com.ar\/blog\/category\/destacadas\/"},"img":{"alt_text":"","src":"https:\/\/i0.wp.com\/larevistadigital.com.ar\/blog\/wp-content\/uploads\/DYLAN.jpg?fit=900%2C561&ssl=1&resize=350%2C200","width":350,"height":200,"srcset":"https:\/\/i0.wp.com\/larevistadigital.com.ar\/blog\/wp-content\/uploads\/DYLAN.jpg?fit=900%2C561&ssl=1&resize=350%2C200 1x, https:\/\/i0.wp.com\/larevistadigital.com.ar\/blog\/wp-content\/uploads\/DYLAN.jpg?fit=900%2C561&ssl=1&resize=525%2C300 1.5x, https:\/\/i0.wp.com\/larevistadigital.com.ar\/blog\/wp-content\/uploads\/DYLAN.jpg?fit=900%2C561&ssl=1&resize=700%2C400 2x"},"classes":[]}],"_links":{"self":[{"href":"https:\/\/larevistadigital.com.ar\/blog\/wp-json\/wp\/v2\/posts\/35850","targetHints":{"allow":["GET"]}}],"collection":[{"href":"https:\/\/larevistadigital.com.ar\/blog\/wp-json\/wp\/v2\/posts"}],"about":[{"href":"https:\/\/larevistadigital.com.ar\/blog\/wp-json\/wp\/v2\/types\/post"}],"author":[{"embeddable":true,"href":"https:\/\/larevistadigital.com.ar\/blog\/wp-json\/wp\/v2\/users\/3"}],"replies":[{"embeddable":true,"href":"https:\/\/larevistadigital.com.ar\/blog\/wp-json\/wp\/v2\/comments?post=35850"}],"version-history":[{"count":1,"href":"https:\/\/larevistadigital.com.ar\/blog\/wp-json\/wp\/v2\/posts\/35850\/revisions"}],"predecessor-version":[{"id":35852,"href":"https:\/\/larevistadigital.com.ar\/blog\/wp-json\/wp\/v2\/posts\/35850\/revisions\/35852"}],"wp:featuredmedia":[{"embeddable":true,"href":"https:\/\/larevistadigital.com.ar\/blog\/wp-json\/wp\/v2\/media\/35851"}],"wp:attachment":[{"href":"https:\/\/larevistadigital.com.ar\/blog\/wp-json\/wp\/v2\/media?parent=35850"}],"wp:term":[{"taxonomy":"category","embeddable":true,"href":"https:\/\/larevistadigital.com.ar\/blog\/wp-json\/wp\/v2\/categories?post=35850"},{"taxonomy":"post_tag","embeddable":true,"href":"https:\/\/larevistadigital.com.ar\/blog\/wp-json\/wp\/v2\/tags?post=35850"}],"curies":[{"name":"wp","href":"https:\/\/api.w.org\/{rel}","templated":true}]}}