{"id":35853,"date":"2024-04-17T23:24:10","date_gmt":"2024-04-18T02:24:10","guid":{"rendered":"https:\/\/larevistadigital.com.ar\/blog\/?p=35853"},"modified":"2024-04-17T23:24:10","modified_gmt":"2024-04-18T02:24:10","slug":"poda-preventiva-de-arboles-luego-del-temporal-del-fin-de-semana","status":"publish","type":"post","link":"https:\/\/larevistadigital.com.ar\/blog\/poda-preventiva-de-arboles-luego-del-temporal-del-fin-de-semana\/","title":{"rendered":"PODA PREVENTIVA DE \u00c1RBOLES LUEGO DEL TEMPORAL DEL FIN DE SEMANA"},"content":{"rendered":"<h2 class=\"notaIntro\">La medida busca evitar riesgos de ca\u00eddas tras los da\u00f1os producidos por las recientes condiciones clim\u00e1ticas.<\/h2>\n<p>17 de abril de 2024<\/p>\n<p class=\"notaTexto\">Luego de las intensas lluvias y el paso de una tormenta que afect\u00f3 a la regi\u00f3n durante los \u00faltimos d\u00edas, equipos municipales iniciaron labores de poda preventiva en \u00e1rboles distribuidos en diversos puntos del \u00e1rea urbana.<br \/>\nEl objetivo principal de esta acci\u00f3n es reducir el riesgo de ca\u00eddas de ramas y troncos, que quedaron en malas condiciones debido a los da\u00f1os sufridos durante el temporal de los \u00faltimos d\u00edas.<br \/>\nAl mismo tiempo, busca mitigar los riesgos de rotura de cables de baja tensi\u00f3n con lo cual la poda se dirige a la eliminaci\u00f3n de algunas ramas que pudieran afectar el servicio el\u00e9ctrico.<br \/>\nAdem\u00e1s, se llevaron a cabo labores de limpieza y mantenimiento de la carteler\u00eda afectada por la tormenta.<\/p>\n","protected":false},"excerpt":{"rendered":"<div class=\"mh-excerpt\"><p>La medida busca evitar riesgos de ca\u00eddas tras los da\u00f1os producidos por las recientes condiciones clim\u00e1ticas. 17 de abril de 2024 Luego de las intensas lluvias y el paso de una tormenta que afect\u00f3 a <a class=\"mh-excerpt-more\" href=\"https:\/\/larevistadigital.com.ar\/blog\/poda-preventiva-de-arboles-luego-del-temporal-del-fin-de-semana\/\" title=\"PODA PREVENTIVA DE \u00c1RBOLES LUEGO DEL TEMPORAL DEL FIN DE SEMANA\">[Leer M\u00e1s]<\/a><\/p>\n<\/div>","protected":false},"author":3,"featured_media":35854,"comment_status":"open","ping_status":"open","sticky":false,"template":"","format":"standard","meta":{"_jetpack_memberships_contains_paid_content":false,"footnotes":"","jetpack_publicize_message":"","jetpack_publicize_feature_enabled":true,"jetpack_social_post_already_shared":true,"jetpack_social_options":{"image_generator_settings":{"template":"highway","default_image_id":0,"font":"","enabled":false},"version":2}},"categories":[6],"tags":[],"class_list":{"0":"post-35853","1":"post","2":"type-post","3":"status-publish","4":"format-standard","5":"has-post-thumbnail","7":"category-chascomus"},"jetpack_publicize_connections":[],"jetpack_featured_media_url":"https:\/\/i0.wp.com\/larevistadigital.com.ar\/blog\/wp-content\/uploads\/2024_04_18_01_01_29_2170179.jpg?fit=600%2C400&ssl=1","jetpack_sharing_enabled":true,"jetpack_shortlink":"https:\/\/wp.me\/p8qtrQ-9kh","jetpack-related-posts":[{"id":36059,"url":"https:\/\/larevistadigital.com.ar\/blog\/se-inicia-el-periodo-de-poda-del-arbolado-urbano-de-chascomus\/","url_meta":{"origin":35853,"position":0},"title":"SE INICIA EL PER\u00cdODO DE PODA DEL ARBOLADO URBANO DE CHASCOM\u00daS","author":"Alejandro Sosa Ruda","date":"17 mayo, 2024","format":false,"excerpt":"Esta medida busca preservar la salud y la integridad de los \u00e1rboles, as\u00ed como mantener la seguridad de los ciudadanos. 17 de Mayo de 2024 CHASCOM\u00daS -\u00a0 Desde el lunes 20 de mayo hasta el 15 de septiembre estar\u00e1 habilitado el per\u00edodo de poda del arbolado urbano en la ciudad.\u2026","rel":"","context":"En \u00abINTERES GENERAL\u00bb","block_context":{"text":"INTERES GENERAL","link":"https:\/\/larevistadigital.com.ar\/blog\/category\/interes-general\/"},"img":{"alt_text":"","src":"https:\/\/i0.wp.com\/larevistadigital.com.ar\/blog\/wp-content\/uploads\/2024_05_18_02_11_00_7783684.jpg?fit=600%2C401&ssl=1&resize=350%2C200","width":350,"height":200,"srcset":"https:\/\/i0.wp.com\/larevistadigital.com.ar\/blog\/wp-content\/uploads\/2024_05_18_02_11_00_7783684.jpg?fit=600%2C401&ssl=1&resize=350%2C200 1x, https:\/\/i0.wp.com\/larevistadigital.com.ar\/blog\/wp-content\/uploads\/2024_05_18_02_11_00_7783684.jpg?fit=600%2C401&ssl=1&resize=525%2C300 1.5x"},"classes":[]},{"id":24373,"url":"https:\/\/larevistadigital.com.ar\/blog\/arboles-caidos-cables-y-otros-danos-chascomus-amanecio-con-las-consecuencias-del-temporal-de-la-madrugada\/","url_meta":{"origin":35853,"position":1},"title":"ARBOLES CA\u00cdDOS, CABLES Y OTROS DA\u00d1OS: CHASCOM\u00daS AMANECI\u00d3 CON LAS CONSECUENCIAS DEL TEMPORAL DE LA MADRUGADA&#8230;","author":"Alejandro Sosa Ruda","date":"7 marzo, 2022","format":false,"excerpt":"CHASCOM\u00daS -\u00a0 Durante la madrugada de ayer, aproximadamente a las 4:00 am la lluvia se vio acompa\u00f1ada por fuertes vientos, que azotaron a gran parte de la provincia de Buenos Aires, y l\u00f3gicamente, Chascom\u00fas no fue la excepci\u00f3n. Tal como en otros lugares, hubo ca\u00eddas de ramas, y \u00e1rboles enteros,\u2026","rel":"","context":"En \u00abDESTACADAS\u00bb","block_context":{"text":"DESTACADAS","link":"https:\/\/larevistadigital.com.ar\/blog\/category\/destacadas\/"},"img":{"alt_text":"","src":"https:\/\/i0.wp.com\/larevistadigital.com.ar\/blog\/wp-content\/uploads\/WhatsApp-Image-2022-03-07-at-09.50.50.jpeg?fit=900%2C1200&ssl=1&resize=350%2C200","width":350,"height":200,"srcset":"https:\/\/i0.wp.com\/larevistadigital.com.ar\/blog\/wp-content\/uploads\/WhatsApp-Image-2022-03-07-at-09.50.50.jpeg?fit=900%2C1200&ssl=1&resize=350%2C200 1x, https:\/\/i0.wp.com\/larevistadigital.com.ar\/blog\/wp-content\/uploads\/WhatsApp-Image-2022-03-07-at-09.50.50.jpeg?fit=900%2C1200&ssl=1&resize=525%2C300 1.5x, https:\/\/i0.wp.com\/larevistadigital.com.ar\/blog\/wp-content\/uploads\/WhatsApp-Image-2022-03-07-at-09.50.50.jpeg?fit=900%2C1200&ssl=1&resize=700%2C400 2x"},"classes":[]},{"id":35793,"url":"https:\/\/larevistadigital.com.ar\/blog\/inscripcion-abierta-para-el-curso-de-poda-2024\/","url_meta":{"origin":35853,"position":2},"title":"INSCRIPCI\u00d3N ABIERTA PARA EL CURSO DE PODA 2024","author":"Alejandro Sosa Ruda","date":"9 abril, 2024","format":false,"excerpt":"La capacitaci\u00f3n ser\u00e1 obligatoria para el Registro Municipal de Podadores Autorizados y los vecinos interesados en el cuidado del arbolado urbano. 9 de abril de 2024 CHASCOM\u00daS -\u00a0 La Municipalidad de Chascom\u00fas abre la inscripci\u00f3n para el Curso de Poda 2024 estar\u00e1 abierta a partir de esta semana. La capacitaci\u00f3n\u2026","rel":"","context":"En \u00abINTERES GENERAL\u00bb","block_context":{"text":"INTERES GENERAL","link":"https:\/\/larevistadigital.com.ar\/blog\/category\/interes-general\/"},"img":{"alt_text":"","src":"https:\/\/i0.wp.com\/larevistadigital.com.ar\/blog\/wp-content\/uploads\/2024_04_09_00_47_30_2994489.jpg?fit=600%2C402&ssl=1&resize=350%2C200","width":350,"height":200,"srcset":"https:\/\/i0.wp.com\/larevistadigital.com.ar\/blog\/wp-content\/uploads\/2024_04_09_00_47_30_2994489.jpg?fit=600%2C402&ssl=1&resize=350%2C200 1x, https:\/\/i0.wp.com\/larevistadigital.com.ar\/blog\/wp-content\/uploads\/2024_04_09_00_47_30_2994489.jpg?fit=600%2C402&ssl=1&resize=525%2C300 1.5x"},"classes":[]},{"id":44998,"url":"https:\/\/larevistadigital.com.ar\/blog\/chascomus-se-inicia-la-inscripcion-para-el-curso-de-poda\/","url_meta":{"origin":35853,"position":3},"title":"Chascom\u00fas: Se inicia la inscripci\u00f3n para el curso de poda","author":"Alejandro Sosa Ruda","date":"7 abril, 2026","format":false,"excerpt":"La capacitaci\u00f3n ser\u00e1 obligatoria para el Registro Municipal de Podadores Autorizados y los vecinos interesados en el cuidado del arbolado urbano. 07 de abril de 2026 CHASCOM\u00daS -\u00a0 \u00a0La Municipalidad de Chascom\u00fas abre la inscripci\u00f3n para el Curso de Poda 206 estar\u00e1 abierta a partir de esta semana. La capacitaci\u00f3n\u2026","rel":"","context":"En \u00abCHASCOM\u00daS\u00bb","block_context":{"text":"CHASCOM\u00daS","link":"https:\/\/larevistadigital.com.ar\/blog\/category\/chascomus\/"},"img":{"alt_text":"","src":"https:\/\/i0.wp.com\/larevistadigital.com.ar\/blog\/wp-content\/uploads\/69d53c7678a75.png?fit=668%2C445&ssl=1&resize=350%2C200","width":350,"height":200,"srcset":"https:\/\/i0.wp.com\/larevistadigital.com.ar\/blog\/wp-content\/uploads\/69d53c7678a75.png?fit=668%2C445&ssl=1&resize=350%2C200 1x, https:\/\/i0.wp.com\/larevistadigital.com.ar\/blog\/wp-content\/uploads\/69d53c7678a75.png?fit=668%2C445&ssl=1&resize=525%2C300 1.5x"},"classes":[]},{"id":19283,"url":"https:\/\/larevistadigital.com.ar\/blog\/mar-del-plata-graves-danos-en-diversos-lugares-por-el-temporal-video-impresionante\/","url_meta":{"origin":35853,"position":4},"title":"MAR DEL PLATA: GRAVES DA\u00d1OS EN DIVERSOS LUGARES POR EL TEMPORAL (VIDEO IMPRESIONANTE)","author":"Alejandro Sosa Ruda","date":"17 marzo, 2021","format":false,"excerpt":"Entre otras cosas, el temporal que vive Mar del Plata provoc\u00f3 un crecimiento del mar que avanz\u00f3 sobre las playas. Un lector de 0223.com.ar grab\u00f3 un video que muestra el fen\u00f3meno. MAR DEL PLATA - El temporal de viento y lluvia que se desarrolla en\u00a0Mar del Plata\u00a0provoc\u00f3 que este mi\u00e9rcoles\u2026","rel":"","context":"En \u00abREGIONALES\u00bb","block_context":{"text":"REGIONALES","link":"https:\/\/larevistadigital.com.ar\/blog\/category\/regionales\/"},"img":{"alt_text":"","src":"https:\/\/i0.wp.com\/larevistadigital.com.ar\/blog\/wp-content\/uploads\/Captura-de-pantalla-2021-03-17-124952.png?fit=1000%2C560&ssl=1&resize=350%2C200","width":350,"height":200,"srcset":"https:\/\/i0.wp.com\/larevistadigital.com.ar\/blog\/wp-content\/uploads\/Captura-de-pantalla-2021-03-17-124952.png?fit=1000%2C560&ssl=1&resize=350%2C200 1x, https:\/\/i0.wp.com\/larevistadigital.com.ar\/blog\/wp-content\/uploads\/Captura-de-pantalla-2021-03-17-124952.png?fit=1000%2C560&ssl=1&resize=525%2C300 1.5x, https:\/\/i0.wp.com\/larevistadigital.com.ar\/blog\/wp-content\/uploads\/Captura-de-pantalla-2021-03-17-124952.png?fit=1000%2C560&ssl=1&resize=700%2C400 2x"},"classes":[]},{"id":21166,"url":"https:\/\/larevistadigital.com.ar\/blog\/mar-del-plata-las-fotos-del-temporal-que-ocasiono-voladuras-de-techos-postes-y-arboles\/","url_meta":{"origin":35853,"position":5},"title":"MAR DEL PLATA: LAS FOTOS DEL TEMPORAL QUE OCASION\u00d3 VOLADURAS DE TECHOS, POSTES Y \u00c1RBOLES","author":"Alejandro Sosa Ruda","date":"19 julio, 2021","format":false,"excerpt":"MAR DEL PLATA - El aviso del Servicio Meteorol\u00f3gico Nacional (SMN) sobre fuertes vientos que azotar\u00edan amplias zonas del pa\u00eds, especialmente el litoral atl\u00e1ntico bonaerense, se cumpli\u00f3\u00a0a rajatabla y fueron varias las ciudades costeras que sufrieron serios da\u00f1os. Una de las que llev\u00f3 la peor parte fue Mar del Plata,\u2026","rel":"","context":"En \u00abREGIONALES\u00bb","block_context":{"text":"REGIONALES","link":"https:\/\/larevistadigital.com.ar\/blog\/category\/regionales\/"},"img":{"alt_text":"","src":"https:\/\/i0.wp.com\/larevistadigital.com.ar\/blog\/wp-content\/uploads\/Mar-del-Plata-temporal-18-7-2021.jpg?fit=1200%2C675&ssl=1&resize=350%2C200","width":350,"height":200,"srcset":"https:\/\/i0.wp.com\/larevistadigital.com.ar\/blog\/wp-content\/uploads\/Mar-del-Plata-temporal-18-7-2021.jpg?fit=1200%2C675&ssl=1&resize=350%2C200 1x, https:\/\/i0.wp.com\/larevistadigital.com.ar\/blog\/wp-content\/uploads\/Mar-del-Plata-temporal-18-7-2021.jpg?fit=1200%2C675&ssl=1&resize=525%2C300 1.5x, https:\/\/i0.wp.com\/larevistadigital.com.ar\/blog\/wp-content\/uploads\/Mar-del-Plata-temporal-18-7-2021.jpg?fit=1200%2C675&ssl=1&resize=700%2C400 2x, https:\/\/i0.wp.com\/larevistadigital.com.ar\/blog\/wp-content\/uploads\/Mar-del-Plata-temporal-18-7-2021.jpg?fit=1200%2C675&ssl=1&resize=1050%2C600 3x"},"classes":[]}],"_links":{"self":[{"href":"https:\/\/larevistadigital.com.ar\/blog\/wp-json\/wp\/v2\/posts\/35853","targetHints":{"allow":["GET"]}}],"collection":[{"href":"https:\/\/larevistadigital.com.ar\/blog\/wp-json\/wp\/v2\/posts"}],"about":[{"href":"https:\/\/larevistadigital.com.ar\/blog\/wp-json\/wp\/v2\/types\/post"}],"author":[{"embeddable":true,"href":"https:\/\/larevistadigital.com.ar\/blog\/wp-json\/wp\/v2\/users\/3"}],"replies":[{"embeddable":true,"href":"https:\/\/larevistadigital.com.ar\/blog\/wp-json\/wp\/v2\/comments?post=35853"}],"version-history":[{"count":1,"href":"https:\/\/larevistadigital.com.ar\/blog\/wp-json\/wp\/v2\/posts\/35853\/revisions"}],"predecessor-version":[{"id":35855,"href":"https:\/\/larevistadigital.com.ar\/blog\/wp-json\/wp\/v2\/posts\/35853\/revisions\/35855"}],"wp:featuredmedia":[{"embeddable":true,"href":"https:\/\/larevistadigital.com.ar\/blog\/wp-json\/wp\/v2\/media\/35854"}],"wp:attachment":[{"href":"https:\/\/larevistadigital.com.ar\/blog\/wp-json\/wp\/v2\/media?parent=35853"}],"wp:term":[{"taxonomy":"category","embeddable":true,"href":"https:\/\/larevistadigital.com.ar\/blog\/wp-json\/wp\/v2\/categories?post=35853"},{"taxonomy":"post_tag","embeddable":true,"href":"https:\/\/larevistadigital.com.ar\/blog\/wp-json\/wp\/v2\/tags?post=35853"}],"curies":[{"name":"wp","href":"https:\/\/api.w.org\/{rel}","templated":true}]}}