{"id":35856,"date":"2024-04-17T23:27:50","date_gmt":"2024-04-18T02:27:50","guid":{"rendered":"https:\/\/larevistadigital.com.ar\/blog\/?p=35856"},"modified":"2024-04-17T23:27:50","modified_gmt":"2024-04-18T02:27:50","slug":"gran-milonga-en-el-marco-de-la-26-edicion-de-la-semana-del-tango","status":"publish","type":"post","link":"https:\/\/larevistadigital.com.ar\/blog\/gran-milonga-en-el-marco-de-la-26-edicion-de-la-semana-del-tango\/","title":{"rendered":"GRAN MILONGA EN EL MARCO DE LA 26\u00b0 EDICI\u00d3N DE LA \u201cSEMANA DEL TANGO\u201d"},"content":{"rendered":"<h2 class=\"notaIntro\">Se realizar\u00e1 durante el fin de semana pr\u00f3ximo con propuesta que engalanar\u00e1n a la m\u00fasica ciudadana.<\/h2>\n<p>17 de abril de 2024<\/p>\n<p class=\"notaTexto\"><strong>CHASCOM\u00daS &#8211;<\/strong>\u00a0 El s\u00e1bado 20, se realizar\u00e1 una noche de Milonga, en un escenario inmejorable como lo es el Centro Cultural Municipal \u201cVieja Estaci\u00f3n\u201d, organizada por el Taller Municipal \u201cCon Perfume de Tango\u201d y sus profesores Eduardo \u201cPerico\u201d Su\u00e1rez y Patricia Exp\u00f3sito.<br \/>\nEste g\u00e9nero musical que est\u00e1 emparentado con el tango. El origen de la palabra milonga es africano y significa enredo, l\u00edo o problema. La milonga representa el aporte de afrodescendientes y criollos mezclados, exaltando los or\u00edgenes mulatos. La milonga se va trasladando a la ciudad y se va transformando, hasta que de ah\u00ed nace el tango.<br \/>\nUsa los elementos b\u00e1sicos del tango argentino, las letras son m\u00e1s p\u00edcaras, el ritmo m\u00e1s divertido y ligero. As\u00ed la milonga tiene un ritmo m\u00e1s r\u00e1pido con un car\u00e1cter m\u00e1s humor\u00edstico.<br \/>\nY, en este contexto festivo, adem\u00e1s, habr\u00e1 lugar para participar de una clase abierta de introducci\u00f3n al Vals. Una noche imperdible.<br \/>\nPara los amantes del tango, recordamos que el ya cl\u00e1sico Taller Municipal \u201cCon Perfume de Tango\u201d, se desarrolla todos los lunes y mi\u00e9rcoles, de 20 a 22 horas, en el Club Social.<\/p>\n","protected":false},"excerpt":{"rendered":"<div class=\"mh-excerpt\"><p>Se realizar\u00e1 durante el fin de semana pr\u00f3ximo con propuesta que engalanar\u00e1n a la m\u00fasica ciudadana. 17 de abril de 2024 CHASCOM\u00daS &#8211;\u00a0 El s\u00e1bado 20, se realizar\u00e1 una noche de Milonga, en un escenario <a class=\"mh-excerpt-more\" href=\"https:\/\/larevistadigital.com.ar\/blog\/gran-milonga-en-el-marco-de-la-26-edicion-de-la-semana-del-tango\/\" title=\"GRAN MILONGA EN EL MARCO DE LA 26\u00b0 EDICI\u00d3N DE LA \u201cSEMANA DEL TANGO\u201d\">[Leer M\u00e1s]<\/a><\/p>\n<\/div>","protected":false},"author":3,"featured_media":35857,"comment_status":"open","ping_status":"open","sticky":false,"template":"","format":"standard","meta":{"_jetpack_memberships_contains_paid_content":false,"footnotes":"","jetpack_publicize_message":"","jetpack_publicize_feature_enabled":true,"jetpack_social_post_already_shared":true,"jetpack_social_options":{"image_generator_settings":{"template":"highway","default_image_id":0,"font":"","enabled":false},"version":2}},"categories":[50],"tags":[],"class_list":{"0":"post-35856","1":"post","2":"type-post","3":"status-publish","4":"format-standard","5":"has-post-thumbnail","7":"category-interes-general"},"jetpack_publicize_connections":[],"jetpack_featured_media_url":"https:\/\/i0.wp.com\/larevistadigital.com.ar\/blog\/wp-content\/uploads\/2024_04_18_01_15_10_8935243.jpg?fit=600%2C338&ssl=1","jetpack_sharing_enabled":true,"jetpack_shortlink":"https:\/\/wp.me\/p8qtrQ-9kk","jetpack-related-posts":[{"id":36107,"url":"https:\/\/larevistadigital.com.ar\/blog\/un-lujo-en-junio-llega-hernan-piquin-al-brazzola-con-el-ultimo-tango\/","url_meta":{"origin":35856,"position":0},"title":"UN LUJO: EN JUNIO LLEGA HERN\u00c1N PIQU\u00cdN AL BRAZZOLA CON \u201cEL \u00daLTIMO TANGO\u201d","author":"Alejandro Sosa Ruda","date":"22 mayo, 2024","format":false,"excerpt":"El espect\u00e1culo narra la apasionante historia de amor entre Mar\u00eda de Buenos Aires, una joven bailarina de tango, enigm\u00e1tica y apasionada que se cruza en el camino de Eugenio, un bohemio y talentoso bailar\u00edn de tango. 22 de Mayo de 2024 CHASCOM\u00daS -\u00a0 Las entradas ya est\u00e1n a la venta\u2026","rel":"","context":"En \u00abINTERES GENERAL\u00bb","block_context":{"text":"INTERES GENERAL","link":"https:\/\/larevistadigital.com.ar\/blog\/category\/interes-general\/"},"img":{"alt_text":"","src":"https:\/\/i0.wp.com\/larevistadigital.com.ar\/blog\/wp-content\/uploads\/2024_05_22_01_10_41_4756620.jpg?fit=600%2C529&ssl=1&resize=350%2C200","width":350,"height":200,"srcset":"https:\/\/i0.wp.com\/larevistadigital.com.ar\/blog\/wp-content\/uploads\/2024_05_22_01_10_41_4756620.jpg?fit=600%2C529&ssl=1&resize=350%2C200 1x, https:\/\/i0.wp.com\/larevistadigital.com.ar\/blog\/wp-content\/uploads\/2024_05_22_01_10_41_4756620.jpg?fit=600%2C529&ssl=1&resize=525%2C300 1.5x"},"classes":[]},{"id":201,"url":"https:\/\/larevistadigital.com.ar\/blog\/municipalidad-gral-paz-subsecretaria-deportes-eliminatorias-encuentro-regional-abuelos\/","url_meta":{"origin":35856,"position":1},"title":"Municipalidad de Gral. Paz Subsecretar\u00eda de Deportes: ELIMINATORIAS PARA ENCUENTRO REGIONAL DE ABUELOS","author":"editor","date":"9 febrero, 2017","format":false,"excerpt":"ELIMINATORIAS PARA EL ENCUENTRO REGIONAL DE ABUELOS A REALIZARSE EL 4 DE MARZO DE 2017 EN RANCHOS DISCIPLINAS: SAPO MASCULINO Y FEMENINO \u2013 TABA MASCULINO Y FEMENINO TEJO: FEMENINO, MASCULINO Y MIXTO \u2013 CHINCHON \u2013 ESCOBA DE 15 \u2013 TRUCO \u2013 MUS \u2013 TANGO \u2013 MILONGA DIAS DE ELIMINATORIAS *LUNES\u2026","rel":"","context":"En \u00abRANCHOS\u00bb","block_context":{"text":"RANCHOS","link":"https:\/\/larevistadigital.com.ar\/blog\/category\/ranchos\/"},"img":{"alt_text":"","src":"https:\/\/i0.wp.com\/larevistadigital.com.ar\/blog\/wp-content\/uploads\/2017\/02\/thumb_tejo.jpg?fit=850%2C465&ssl=1&resize=350%2C200","width":350,"height":200,"srcset":"https:\/\/i0.wp.com\/larevistadigital.com.ar\/blog\/wp-content\/uploads\/2017\/02\/thumb_tejo.jpg?fit=850%2C465&ssl=1&resize=350%2C200 1x, https:\/\/i0.wp.com\/larevistadigital.com.ar\/blog\/wp-content\/uploads\/2017\/02\/thumb_tejo.jpg?fit=850%2C465&ssl=1&resize=525%2C300 1.5x, https:\/\/i0.wp.com\/larevistadigital.com.ar\/blog\/wp-content\/uploads\/2017\/02\/thumb_tejo.jpg?fit=850%2C465&ssl=1&resize=700%2C400 2x"},"classes":[]},{"id":37765,"url":"https:\/\/larevistadigital.com.ar\/blog\/el-conservatorio-de-musica-de-chascomus-presenta-el-concierto-de-tango\/","url_meta":{"origin":35856,"position":2},"title":"El Conservatorio de M\u00fasica de Chascom\u00fas presenta el \u201cConcierto de Tango\u201d","author":"Alejandro Sosa Ruda","date":"7 noviembre, 2024","format":false,"excerpt":"La cita es este viernes 8 de noviembre, donde se re\u00fanen m\u00fasicos de las distintas c\u00e1tedras afines al ritmo del 2x4 con artistas invitados. 7 de Noviembre de 2024 CHASCOM\u00daS\u00a0 -\u00a0 \u00a0El Conservatorio de M\u00fasica de Chascom\u00fas ofrece el espect\u00e1culo \u201cConcierto de Tango\u201d, este viernes 8 de noviembre, desde las\u2026","rel":"","context":"En \u00abCHASCOM\u00daS\u00bb","block_context":{"text":"CHASCOM\u00daS","link":"https:\/\/larevistadigital.com.ar\/blog\/category\/chascomus\/"},"img":{"alt_text":"","src":"https:\/\/i0.wp.com\/larevistadigital.com.ar\/blog\/wp-content\/uploads\/672ba7b666f69.png?fit=668%2C445&ssl=1&resize=350%2C200","width":350,"height":200,"srcset":"https:\/\/i0.wp.com\/larevistadigital.com.ar\/blog\/wp-content\/uploads\/672ba7b666f69.png?fit=668%2C445&ssl=1&resize=350%2C200 1x, https:\/\/i0.wp.com\/larevistadigital.com.ar\/blog\/wp-content\/uploads\/672ba7b666f69.png?fit=668%2C445&ssl=1&resize=525%2C300 1.5x"},"classes":[]},{"id":8146,"url":"https:\/\/larevistadigital.com.ar\/blog\/un-grande-video-del-artista-chascomunense-jorge-gagliardo-a-todo-tango\/","url_meta":{"origin":35856,"position":3},"title":"\u00a1UN GRANDE! VIDEO DEL ARTISTA CHASCOMUNENSE JORGE GAGLIARDO A TODO TANGO","author":"Alejandro Sosa Ruda","date":"5 febrero, 2019","format":false,"excerpt":"Hermosa interpretaci\u00f3n de un gran amigo y art\u00edsta de Chascom\u00fas. Jorge H\u00e9ctor Gagliardo cantando el tango\u00a0Lagrimas de Sangre Letra y M\u00fasica de Roberto Gimenez... A DISFRUTARLA....","rel":"","context":"En \u00abCULTURA\u00bb","block_context":{"text":"CULTURA","link":"https:\/\/larevistadigital.com.ar\/blog\/category\/cultura\/"},"img":{"alt_text":"","src":"https:\/\/i0.wp.com\/larevistadigital.com.ar\/blog\/wp-content\/uploads\/2019\/02\/28467705_10213760947331580_7092073948993560384_n.jpg?fit=791%2C960&ssl=1&resize=350%2C200","width":350,"height":200,"srcset":"https:\/\/i0.wp.com\/larevistadigital.com.ar\/blog\/wp-content\/uploads\/2019\/02\/28467705_10213760947331580_7092073948993560384_n.jpg?fit=791%2C960&ssl=1&resize=350%2C200 1x, https:\/\/i0.wp.com\/larevistadigital.com.ar\/blog\/wp-content\/uploads\/2019\/02\/28467705_10213760947331580_7092073948993560384_n.jpg?fit=791%2C960&ssl=1&resize=525%2C300 1.5x, https:\/\/i0.wp.com\/larevistadigital.com.ar\/blog\/wp-content\/uploads\/2019\/02\/28467705_10213760947331580_7092073948993560384_n.jpg?fit=791%2C960&ssl=1&resize=700%2C400 2x"},"classes":[]},{"id":36356,"url":"https:\/\/larevistadigital.com.ar\/blog\/atencion-chascomus-se-sortean-entradas-para-el-espectaculo-de-hernan-piquin\/","url_meta":{"origin":35856,"position":4},"title":"ATENCI\u00d3N CHASCOM\u00daS: SE SORTEAN ENTRADAS PARA EL ESPECT\u00c1CULO DE HERN\u00c1N PIQU\u00cdN","author":"Alejandro Sosa Ruda","date":"19 junio, 2024","format":false,"excerpt":"Ser\u00e1 el viernes a trav\u00e9s de la cuenta de Instagram del teatro Brazzola. 19 de Junio de 2024 CHASCOM\u00daS -\u00a0 El Teatro Municipal Brazzola sortea dos entradas para el espect\u00e1culo \u201cEl \u00faltimo tango\u201d de Hern\u00e1n Piqu\u00edn, anunciado para el pr\u00f3ximo s\u00e1bado 22 a las 21 hs. Los interesados en participar\u2026","rel":"","context":"En \u00abCULTURA\u00bb","block_context":{"text":"CULTURA","link":"https:\/\/larevistadigital.com.ar\/blog\/category\/cultura\/"},"img":{"alt_text":"","src":"https:\/\/i0.wp.com\/larevistadigital.com.ar\/blog\/wp-content\/uploads\/2024_06_20_01_53_45_5118486.jpg?fit=600%2C529&ssl=1&resize=350%2C200","width":350,"height":200,"srcset":"https:\/\/i0.wp.com\/larevistadigital.com.ar\/blog\/wp-content\/uploads\/2024_06_20_01_53_45_5118486.jpg?fit=600%2C529&ssl=1&resize=350%2C200 1x, https:\/\/i0.wp.com\/larevistadigital.com.ar\/blog\/wp-content\/uploads\/2024_06_20_01_53_45_5118486.jpg?fit=600%2C529&ssl=1&resize=525%2C300 1.5x"},"classes":[]},{"id":9364,"url":"https:\/\/larevistadigital.com.ar\/blog\/exclusivo-de-la-revista-digital-la-verdad-del-suceso-con-el-avion-de-los-reyes-de-espana-en-aeroparque\/","url_meta":{"origin":35856,"position":5},"title":"\u00a1EXCLUSIVO DE LA REVISTA DIGITAL! LA VERDAD DEL SUCESO CON EL AVI\u00d3N DE LOS REYES DE ESPA\u00d1A EN AEROPARQUE","author":"Alejandro Sosa Ruda","date":"25 marzo, 2019","format":false,"excerpt":"El avi\u00f3n de los Reyes de Espa\u00f1a, roz\u00f3 al Tango 04 al aterrizar en aeroparque, y antes del incidente de la escalera. La llegada de los Reyes de Espa\u00f1a a la Argentina qued\u00f3 bajo escrutinio p\u00fablico cuando hubo una demora en el descenso del avi\u00f3n que los tra\u00eda por la\u2026","rel":"","context":"En \u00abDESTACADAS\u00bb","block_context":{"text":"DESTACADAS","link":"https:\/\/larevistadigital.com.ar\/blog\/category\/destacadas\/"},"img":{"alt_text":"","src":"https:\/\/i0.wp.com\/larevistadigital.com.ar\/blog\/wp-content\/uploads\/2019\/03\/WhatsApp-Image-2019-03-25-at-12.27.00.jpeg?fit=1200%2C900&ssl=1&resize=350%2C200","width":350,"height":200,"srcset":"https:\/\/i0.wp.com\/larevistadigital.com.ar\/blog\/wp-content\/uploads\/2019\/03\/WhatsApp-Image-2019-03-25-at-12.27.00.jpeg?fit=1200%2C900&ssl=1&resize=350%2C200 1x, https:\/\/i0.wp.com\/larevistadigital.com.ar\/blog\/wp-content\/uploads\/2019\/03\/WhatsApp-Image-2019-03-25-at-12.27.00.jpeg?fit=1200%2C900&ssl=1&resize=525%2C300 1.5x, https:\/\/i0.wp.com\/larevistadigital.com.ar\/blog\/wp-content\/uploads\/2019\/03\/WhatsApp-Image-2019-03-25-at-12.27.00.jpeg?fit=1200%2C900&ssl=1&resize=700%2C400 2x, https:\/\/i0.wp.com\/larevistadigital.com.ar\/blog\/wp-content\/uploads\/2019\/03\/WhatsApp-Image-2019-03-25-at-12.27.00.jpeg?fit=1200%2C900&ssl=1&resize=1050%2C600 3x"},"classes":[]}],"_links":{"self":[{"href":"https:\/\/larevistadigital.com.ar\/blog\/wp-json\/wp\/v2\/posts\/35856","targetHints":{"allow":["GET"]}}],"collection":[{"href":"https:\/\/larevistadigital.com.ar\/blog\/wp-json\/wp\/v2\/posts"}],"about":[{"href":"https:\/\/larevistadigital.com.ar\/blog\/wp-json\/wp\/v2\/types\/post"}],"author":[{"embeddable":true,"href":"https:\/\/larevistadigital.com.ar\/blog\/wp-json\/wp\/v2\/users\/3"}],"replies":[{"embeddable":true,"href":"https:\/\/larevistadigital.com.ar\/blog\/wp-json\/wp\/v2\/comments?post=35856"}],"version-history":[{"count":1,"href":"https:\/\/larevistadigital.com.ar\/blog\/wp-json\/wp\/v2\/posts\/35856\/revisions"}],"predecessor-version":[{"id":35858,"href":"https:\/\/larevistadigital.com.ar\/blog\/wp-json\/wp\/v2\/posts\/35856\/revisions\/35858"}],"wp:featuredmedia":[{"embeddable":true,"href":"https:\/\/larevistadigital.com.ar\/blog\/wp-json\/wp\/v2\/media\/35857"}],"wp:attachment":[{"href":"https:\/\/larevistadigital.com.ar\/blog\/wp-json\/wp\/v2\/media?parent=35856"}],"wp:term":[{"taxonomy":"category","embeddable":true,"href":"https:\/\/larevistadigital.com.ar\/blog\/wp-json\/wp\/v2\/categories?post=35856"},{"taxonomy":"post_tag","embeddable":true,"href":"https:\/\/larevistadigital.com.ar\/blog\/wp-json\/wp\/v2\/tags?post=35856"}],"curies":[{"name":"wp","href":"https:\/\/api.w.org\/{rel}","templated":true}]}}