{"id":35859,"date":"2024-04-17T23:40:30","date_gmt":"2024-04-18T02:40:30","guid":{"rendered":"https:\/\/larevistadigital.com.ar\/blog\/?p=35859"},"modified":"2024-04-17T23:40:30","modified_gmt":"2024-04-18T02:40:30","slug":"posse-y-caputo-viajaron-a-washington-para-ratificar-la-alianza-estrategica-con-eeuu-agenda-con-el-fmi-la-casa-blanca-y-el-tesoro","status":"publish","type":"post","link":"https:\/\/larevistadigital.com.ar\/blog\/posse-y-caputo-viajaron-a-washington-para-ratificar-la-alianza-estrategica-con-eeuu-agenda-con-el-fmi-la-casa-blanca-y-el-tesoro\/","title":{"rendered":"POSSE Y CAPUTO VIAJARON A WASHINGTON PARA RATIFICAR LA ALIANZA ESTRAT\u00c9GICA CON EEUU: AGENDA CON EL FMI, LA CASA BLANCA Y EL TESORO"},"content":{"rendered":"<h2>El viaje se da en el contexto de las Reuniones de Primavera de Fondo Monetario, pero ser\u00e1 mucho m\u00e1s amplio que ese encuentro global.<\/h2>\n<p>17 de abril de 2024<\/p>\n<p>La crisis en Medio Oriente, la situaci\u00f3n pol\u00edtica en Venezuela y el plan de ajuste encabezan la agenda que Posse y Caputo protagonizaran en el Consejo de Seguridad Nacional. Ser\u00e1n recibidos por Daniel Erikson, que reemplaz\u00f3 a Juan Gonz\u00e1lez como asesor de Joseph Biden para Am\u00e9rica Latina.<\/p>\n","protected":false},"excerpt":{"rendered":"<div class=\"mh-excerpt\"><p>El viaje se da en el contexto de las Reuniones de Primavera de Fondo Monetario, pero ser\u00e1 mucho m\u00e1s amplio que ese encuentro global. 17 de abril de 2024 La crisis en Medio Oriente, la <a class=\"mh-excerpt-more\" href=\"https:\/\/larevistadigital.com.ar\/blog\/posse-y-caputo-viajaron-a-washington-para-ratificar-la-alianza-estrategica-con-eeuu-agenda-con-el-fmi-la-casa-blanca-y-el-tesoro\/\" title=\"POSSE Y CAPUTO VIAJARON A WASHINGTON PARA RATIFICAR LA ALIANZA ESTRAT\u00c9GICA CON EEUU: AGENDA CON EL FMI, LA CASA BLANCA Y EL TESORO\">[Leer M\u00e1s]<\/a><\/p>\n<\/div>","protected":false},"author":3,"featured_media":35860,"comment_status":"open","ping_status":"open","sticky":false,"template":"","format":"standard","meta":{"_jetpack_memberships_contains_paid_content":false,"footnotes":"","jetpack_publicize_message":"","jetpack_publicize_feature_enabled":true,"jetpack_social_post_already_shared":true,"jetpack_social_options":{"image_generator_settings":{"template":"highway","default_image_id":0,"font":"","enabled":false},"version":2}},"categories":[50],"tags":[],"class_list":{"0":"post-35859","1":"post","2":"type-post","3":"status-publish","4":"format-standard","5":"has-post-thumbnail","7":"category-interes-general"},"jetpack_publicize_connections":[],"jetpack_featured_media_url":"https:\/\/i0.wp.com\/larevistadigital.com.ar\/blog\/wp-content\/uploads\/Captura-de-pantalla-2024-04-17-233846.png?fit=670%2C363&ssl=1","jetpack_sharing_enabled":true,"jetpack_shortlink":"https:\/\/wp.me\/p8qtrQ-9kn","jetpack-related-posts":[{"id":6641,"url":"https:\/\/larevistadigital.com.ar\/blog\/caputo-renuncio-al-banco-central\/","url_meta":{"origin":35859,"position":0},"title":"CAPUTO RENUNCI\u00d3 AL BANCO CENTRAL","author":"Alejandro Sosa Ruda","date":"25 septiembre, 2018","format":false,"excerpt":"El presidente del Banco Central de la Rep\u00fablica Argentina,\u00a0Luis Caputo, present\u00f3 este martes su renuncia al Presidente de la Naci\u00f3n,\u00a0Mauricio Macri. \"Esta renuncia se debe a\u00a0motivos personales, con la convicci\u00f3n de que el\u00a0nuevo acuerdo con el Fondo\u00a0Monetario Internacional\u00a0reestablecer\u00e1 la confianza\u00a0acerca de la situaci\u00f3n fiscal, financiera, monetaria y cambiaria\", se\u00f1al\u00f3 la\u2026","rel":"","context":"En \u00abDESTACADAS\u00bb","block_context":{"text":"DESTACADAS","link":"https:\/\/larevistadigital.com.ar\/blog\/category\/destacadas\/"},"img":{"alt_text":"","src":"https:\/\/i0.wp.com\/larevistadigital.com.ar\/blog\/wp-content\/uploads\/2018\/09\/caputo.jpg?fit=850%2C560&ssl=1&resize=350%2C200","width":350,"height":200,"srcset":"https:\/\/i0.wp.com\/larevistadigital.com.ar\/blog\/wp-content\/uploads\/2018\/09\/caputo.jpg?fit=850%2C560&ssl=1&resize=350%2C200 1x, https:\/\/i0.wp.com\/larevistadigital.com.ar\/blog\/wp-content\/uploads\/2018\/09\/caputo.jpg?fit=850%2C560&ssl=1&resize=525%2C300 1.5x, https:\/\/i0.wp.com\/larevistadigital.com.ar\/blog\/wp-content\/uploads\/2018\/09\/caputo.jpg?fit=850%2C560&ssl=1&resize=700%2C400 2x"},"classes":[]},{"id":35371,"url":"https:\/\/larevistadigital.com.ar\/blog\/la-casa-rosada-definio-que-convocara-a-todos-los-gobernadores-juntos-la-reunion-sera-este-viernes\/","url_meta":{"origin":35859,"position":1},"title":"LA CASA ROSADA DEFINI\u00d3 QUE CONVOCAR\u00c1 A TODOS LOS GOBERNADORES JUNTOS: LA REUNI\u00d3N SER\u00c1 ESTE VIERNES.","author":"Alejandro Sosa Ruda","date":"5 marzo, 2024","format":false,"excerpt":"Aqu\u00ed los detalles... 5 De marzo de 2024 NACI\u00d3N -\u00a0 \u00a0La decisi\u00f3n se tom\u00f3 en el encuentro que tuvieron Nicol\u00e1s Posse, Guillermo Francos y Luis Caputo. La idea original era dividir a los mandatarios en grupos, pero finalmente ser\u00e1 un solo c\u00f3nclave con todas las provincias. \u201cEl Gobierno Nacional sostiene\u2026","rel":"","context":"En \u00abINTERES GENERAL\u00bb","block_context":{"text":"INTERES GENERAL","link":"https:\/\/larevistadigital.com.ar\/blog\/category\/interes-general\/"},"img":{"alt_text":"","src":"https:\/\/i0.wp.com\/larevistadigital.com.ar\/blog\/wp-content\/uploads\/Captura-de-pantalla-2024-03-05-085015.png?fit=714%2C297&ssl=1&resize=350%2C200","width":350,"height":200,"srcset":"https:\/\/i0.wp.com\/larevistadigital.com.ar\/blog\/wp-content\/uploads\/Captura-de-pantalla-2024-03-05-085015.png?fit=714%2C297&ssl=1&resize=350%2C200 1x, https:\/\/i0.wp.com\/larevistadigital.com.ar\/blog\/wp-content\/uploads\/Captura-de-pantalla-2024-03-05-085015.png?fit=714%2C297&ssl=1&resize=525%2C300 1.5x, https:\/\/i0.wp.com\/larevistadigital.com.ar\/blog\/wp-content\/uploads\/Captura-de-pantalla-2024-03-05-085015.png?fit=714%2C297&ssl=1&resize=700%2C400 2x"},"classes":[]},{"id":41636,"url":"https:\/\/larevistadigital.com.ar\/blog\/kicillof-cruzo-a-caputo-es-un-caradura-y-mentiroso-no-hay-ningun-impuesto-nuevo-en-la-provincia\/","url_meta":{"origin":35859,"position":2},"title":"Kicillof cruz\u00f3 a Caputo: \u201cEs un caradura y mentiroso, no hay ning\u00fan impuesto nuevo en la provincia\u00bb","author":"Alejandro Sosa Ruda","date":"24 septiembre, 2025","format":false,"excerpt":"El gobernador bonaerense sostuvo que es otra \u201crepugnante mentira\u201d del Gobierno Nacional que busca \u201cgenerar confusi\u00f3n y rascar votos\u201d en las pr\u00f3ximas elecciones. 24 de septiembre de 2025 BUENOS AIRES -\u00a0 \u00a0El gobernador de la provincia de Buenos Aires, Axel Kicillof, cruz\u00f3 al ministro de Econom\u00eda de la Naci\u00f3n, Luis\u2026","rel":"","context":"En \u00abINTERES GENERAL\u00bb","block_context":{"text":"INTERES GENERAL","link":"https:\/\/larevistadigital.com.ar\/blog\/category\/interes-general\/"},"img":{"alt_text":"","src":"https:\/\/i0.wp.com\/larevistadigital.com.ar\/blog\/wp-content\/uploads\/Captura-de-pantalla-2025-09-24-185654.jpg?fit=624%2C353&ssl=1&resize=350%2C200","width":350,"height":200,"srcset":"https:\/\/i0.wp.com\/larevistadigital.com.ar\/blog\/wp-content\/uploads\/Captura-de-pantalla-2025-09-24-185654.jpg?fit=624%2C353&ssl=1&resize=350%2C200 1x, https:\/\/i0.wp.com\/larevistadigital.com.ar\/blog\/wp-content\/uploads\/Captura-de-pantalla-2025-09-24-185654.jpg?fit=624%2C353&ssl=1&resize=525%2C300 1.5x"},"classes":[]},{"id":42308,"url":"https:\/\/larevistadigital.com.ar\/blog\/empezaron-los-cambios-renuncio-guillermo-francos-y-manuel-adorni-sera-el-nuevo-jefe-de-gabinete\/","url_meta":{"origin":35859,"position":3},"title":"Empezaron los cambios: renunci\u00f3 Guillermo Francos y Manuel Adorni ser\u00e1 el nuevo jefe de Gabinete","author":"Alejandro Sosa Ruda","date":"31 octubre, 2025","format":false,"excerpt":"A casi una semana del triunfo legislativo de La Libertad Avanza, el Gobierno de Javier Milei atraviesa una fuerte reconfiguraci\u00f3n interna. Francos present\u00f3 su renuncia en medio de tensiones con el asesor presidencial Santiago Caputo. Tambi\u00e9n dej\u00f3 su cargo el ministro del Interior, Lisandro Catal\u00e1n. 31 de Octubre de 2025\u2026","rel":"","context":"En \u00abDESTACADAS\u00bb","block_context":{"text":"DESTACADAS","link":"https:\/\/larevistadigital.com.ar\/blog\/category\/destacadas\/"},"img":{"alt_text":"","src":"https:\/\/i0.wp.com\/larevistadigital.com.ar\/blog\/wp-content\/uploads\/Captura-de-pantalla-2025-10-31-215643.jpg?fit=735%2C509&ssl=1&resize=350%2C200","width":350,"height":200,"srcset":"https:\/\/i0.wp.com\/larevistadigital.com.ar\/blog\/wp-content\/uploads\/Captura-de-pantalla-2025-10-31-215643.jpg?fit=735%2C509&ssl=1&resize=350%2C200 1x, https:\/\/i0.wp.com\/larevistadigital.com.ar\/blog\/wp-content\/uploads\/Captura-de-pantalla-2025-10-31-215643.jpg?fit=735%2C509&ssl=1&resize=525%2C300 1.5x, https:\/\/i0.wp.com\/larevistadigital.com.ar\/blog\/wp-content\/uploads\/Captura-de-pantalla-2025-10-31-215643.jpg?fit=735%2C509&ssl=1&resize=700%2C400 2x"},"classes":[]},{"id":42823,"url":"https:\/\/larevistadigital.com.ar\/blog\/kicillof-tilda-a-milei-y-caputo-de-endeudadores-seriales-y-promete-no-dejarles-rematar-el-pais\/","url_meta":{"origin":35859,"position":4},"title":"Kicillof tilda a Milei y Caputo de \u201cendeudadores seriales\u201d y promete no dejarles \u201crematar el pa\u00eds\u201d","author":"Alejandro Sosa Ruda","date":"10 diciembre, 2025","format":false,"excerpt":"El gobernador cuestion\u00f3 las restricciones de la naci\u00f3n a la ley de financiamiento provincial, asegurando que los fondos solo cubren el roll over de vencimientos de deuda de Vidal. 10 De Diciembre de 2025 El gobernador de la provincia de Buenos Aires,\u00a0Axel Kicillof, elev\u00f3 el tono de su confrontaci\u00f3n con\u2026","rel":"","context":"En \u00abPOLITICA PROVINCIAL\u00bb","block_context":{"text":"POLITICA PROVINCIAL","link":"https:\/\/larevistadigital.com.ar\/blog\/category\/politica\/politica-provincial\/"},"img":{"alt_text":"","src":"https:\/\/i0.wp.com\/larevistadigital.com.ar\/blog\/wp-content\/uploads\/20251210104723_20251208172729-axel-kicillof-luis-caputo-deuda-provincia.jpg?fit=880%2C512&ssl=1&resize=350%2C200","width":350,"height":200,"srcset":"https:\/\/i0.wp.com\/larevistadigital.com.ar\/blog\/wp-content\/uploads\/20251210104723_20251208172729-axel-kicillof-luis-caputo-deuda-provincia.jpg?fit=880%2C512&ssl=1&resize=350%2C200 1x, https:\/\/i0.wp.com\/larevistadigital.com.ar\/blog\/wp-content\/uploads\/20251210104723_20251208172729-axel-kicillof-luis-caputo-deuda-provincia.jpg?fit=880%2C512&ssl=1&resize=525%2C300 1.5x, https:\/\/i0.wp.com\/larevistadigital.com.ar\/blog\/wp-content\/uploads\/20251210104723_20251208172729-axel-kicillof-luis-caputo-deuda-provincia.jpg?fit=880%2C512&ssl=1&resize=700%2C400 2x"},"classes":[]},{"id":39388,"url":"https:\/\/larevistadigital.com.ar\/blog\/villarruel-mueve-fichas-en-el-senado-y-suma-a-un-viejo-conocido-de-milei\/","url_meta":{"origin":35859,"position":5},"title":"Villarruel mueve fichas en el Senado y suma a un viejo conocido de Milei","author":"Alejandro Sosa Ruda","date":"15 abril, 2025","format":false,"excerpt":"Con la llegada de Mario \"Pato\" Russo, se reconfigura el poder en la C\u00e1mara Alta mientras crecen las sospechas en la Casa Rosada. 15 de Abril de 2025 Victoria Villarruel comenz\u00f3 a redibujar su entorno m\u00e1s cercano en el Senado tras la salida de su secretaria administrativa, Mar\u00eda Laura Izzo.\u2026","rel":"","context":"En \u00abINTERES GENERAL\u00bb","block_context":{"text":"INTERES GENERAL","link":"https:\/\/larevistadigital.com.ar\/blog\/category\/interes-general\/"},"img":{"alt_text":"","src":"https:\/\/i0.wp.com\/larevistadigital.com.ar\/blog\/wp-content\/uploads\/Captura-de-pantalla-2025-04-15-192058.jpg?fit=692%2C462&ssl=1&resize=350%2C200","width":350,"height":200,"srcset":"https:\/\/i0.wp.com\/larevistadigital.com.ar\/blog\/wp-content\/uploads\/Captura-de-pantalla-2025-04-15-192058.jpg?fit=692%2C462&ssl=1&resize=350%2C200 1x, https:\/\/i0.wp.com\/larevistadigital.com.ar\/blog\/wp-content\/uploads\/Captura-de-pantalla-2025-04-15-192058.jpg?fit=692%2C462&ssl=1&resize=525%2C300 1.5x"},"classes":[]}],"_links":{"self":[{"href":"https:\/\/larevistadigital.com.ar\/blog\/wp-json\/wp\/v2\/posts\/35859","targetHints":{"allow":["GET"]}}],"collection":[{"href":"https:\/\/larevistadigital.com.ar\/blog\/wp-json\/wp\/v2\/posts"}],"about":[{"href":"https:\/\/larevistadigital.com.ar\/blog\/wp-json\/wp\/v2\/types\/post"}],"author":[{"embeddable":true,"href":"https:\/\/larevistadigital.com.ar\/blog\/wp-json\/wp\/v2\/users\/3"}],"replies":[{"embeddable":true,"href":"https:\/\/larevistadigital.com.ar\/blog\/wp-json\/wp\/v2\/comments?post=35859"}],"version-history":[{"count":1,"href":"https:\/\/larevistadigital.com.ar\/blog\/wp-json\/wp\/v2\/posts\/35859\/revisions"}],"predecessor-version":[{"id":35861,"href":"https:\/\/larevistadigital.com.ar\/blog\/wp-json\/wp\/v2\/posts\/35859\/revisions\/35861"}],"wp:featuredmedia":[{"embeddable":true,"href":"https:\/\/larevistadigital.com.ar\/blog\/wp-json\/wp\/v2\/media\/35860"}],"wp:attachment":[{"href":"https:\/\/larevistadigital.com.ar\/blog\/wp-json\/wp\/v2\/media?parent=35859"}],"wp:term":[{"taxonomy":"category","embeddable":true,"href":"https:\/\/larevistadigital.com.ar\/blog\/wp-json\/wp\/v2\/categories?post=35859"},{"taxonomy":"post_tag","embeddable":true,"href":"https:\/\/larevistadigital.com.ar\/blog\/wp-json\/wp\/v2\/tags?post=35859"}],"curies":[{"name":"wp","href":"https:\/\/api.w.org\/{rel}","templated":true}]}}