{"id":35862,"date":"2024-04-17T23:47:09","date_gmt":"2024-04-18T02:47:09","guid":{"rendered":"https:\/\/larevistadigital.com.ar\/blog\/?p=35862"},"modified":"2024-04-17T23:47:09","modified_gmt":"2024-04-18T02:47:09","slug":"presentaron-un-proyecto-de-ley-para-cobrarle-la-atencion-medica-a-extranjeros-en-corrientes","status":"publish","type":"post","link":"https:\/\/larevistadigital.com.ar\/blog\/presentaron-un-proyecto-de-ley-para-cobrarle-la-atencion-medica-a-extranjeros-en-corrientes\/","title":{"rendered":"PRESENTARON UN PROYECTO DE LEY PARA COBRARLE LA ATENCI\u00d3N M\u00c9DICA A EXTRANJEROS EN CORRIENTES"},"content":{"rendered":"<p><strong>El texto de la iniciativa aclara:<\/strong> La iniciativa, cuyo autor es el legislador autonomista <strong>Jos\u00e9 Antonio Romero Brisco<\/strong>, ingresar\u00e1 a la C\u00e1mara de Diputados de la Provincia de Corrientes este mi\u00e9rcoles.<em><strong> \u201cel arancelamiento de la atenci\u00f3n y servicios en el \u00e1mbito del sistema de Salud P\u00fablica de la Provincia, para todos los extranjeros que, de acuerdo a la categorizaci\u00f3n establecida en la Ley Nacional N\u00b0 25.871, sean \u2018residentes transitorios\u2019 o \u2018residentes precarios\u2019, debiendo solventar los costos de dichas prestaciones a trav\u00e9s de un seguro de salud con cobertura suficiente o por s\u00ed mismos\u201d<\/strong><\/em>.<\/p>\n<p>No obstante, la ley exime a los extranjeros que revistan la condici\u00f3n de \u201cresidentes permanentes\u201d y \u201cresidentes temporarios\u201d. En dichos casos, \u201clos servicios de salud p\u00fablica provincial se prestar\u00e1n de manera igualitaria y sin distinci\u00f3n\u201d.<\/p>\n","protected":false},"excerpt":{"rendered":"<div class=\"mh-excerpt\"><p>El texto de la iniciativa aclara: La iniciativa, cuyo autor es el legislador autonomista Jos\u00e9 Antonio Romero Brisco, ingresar\u00e1 a la C\u00e1mara de Diputados de la Provincia de Corrientes este mi\u00e9rcoles. \u201cel arancelamiento de la <a class=\"mh-excerpt-more\" href=\"https:\/\/larevistadigital.com.ar\/blog\/presentaron-un-proyecto-de-ley-para-cobrarle-la-atencion-medica-a-extranjeros-en-corrientes\/\" title=\"PRESENTARON UN PROYECTO DE LEY PARA COBRARLE LA ATENCI\u00d3N M\u00c9DICA A EXTRANJEROS EN CORRIENTES\">[Leer M\u00e1s]<\/a><\/p>\n<\/div>","protected":false},"author":3,"featured_media":35863,"comment_status":"open","ping_status":"open","sticky":false,"template":"","format":"standard","meta":{"_jetpack_memberships_contains_paid_content":false,"footnotes":"","jetpack_publicize_message":"","jetpack_publicize_feature_enabled":true,"jetpack_social_post_already_shared":true,"jetpack_social_options":{"image_generator_settings":{"template":"highway","default_image_id":0,"font":"","enabled":false},"version":2}},"categories":[50],"tags":[],"class_list":{"0":"post-35862","1":"post","2":"type-post","3":"status-publish","4":"format-standard","5":"has-post-thumbnail","7":"category-interes-general"},"jetpack_publicize_connections":[],"jetpack_featured_media_url":"https:\/\/i0.wp.com\/larevistadigital.com.ar\/blog\/wp-content\/uploads\/Captura-de-pantalla-2024-04-17-234603.png?fit=710%2C369&ssl=1","jetpack_sharing_enabled":true,"jetpack_shortlink":"https:\/\/wp.me\/p8qtrQ-9kq","jetpack-related-posts":[{"id":790,"url":"https:\/\/larevistadigital.com.ar\/blog\/habrian-restituido-los-cupos-residentes-medicos-generalistas\/","url_meta":{"origin":35862,"position":0},"title":"Habr\u00edan restituido los cupos para residentes m\u00e9dicos generalistas","author":"editor","date":"8 marzo, 2017","format":false,"excerpt":"Tras reuni\u00f3n con funcionarios provinciales Se conoci\u00f3 ayer, que luego de la reuni\u00f3n mantenida por funcionarios municipales con miembros de la Direcci\u00f3n de Capacitaci\u00f3n del Ministerio de Salud de la provincia de Buenos Aires, finalmente se habr\u00edan restituidos los tres cupos para la residencia de m\u00e9dicos generalistas. Luego de lo\u2026","rel":"","context":"En \u00abPOLITICA\u00bb","block_context":{"text":"POLITICA","link":"https:\/\/larevistadigital.com.ar\/blog\/category\/politica\/"},"img":{"alt_text":"","src":"https:\/\/i0.wp.com\/larevistadigital.com.ar\/blog\/wp-content\/uploads\/2017\/03\/generalistas_elfuerte_070317.jpg?fit=932%2C942&ssl=1&resize=350%2C200","width":350,"height":200,"srcset":"https:\/\/i0.wp.com\/larevistadigital.com.ar\/blog\/wp-content\/uploads\/2017\/03\/generalistas_elfuerte_070317.jpg?fit=932%2C942&ssl=1&resize=350%2C200 1x, https:\/\/i0.wp.com\/larevistadigital.com.ar\/blog\/wp-content\/uploads\/2017\/03\/generalistas_elfuerte_070317.jpg?fit=932%2C942&ssl=1&resize=525%2C300 1.5x, https:\/\/i0.wp.com\/larevistadigital.com.ar\/blog\/wp-content\/uploads\/2017\/03\/generalistas_elfuerte_070317.jpg?fit=932%2C942&ssl=1&resize=700%2C400 2x"},"classes":[]},{"id":20860,"url":"https:\/\/larevistadigital.com.ar\/blog\/cicop-realizara-el-reclamo-de-la-continuidad-laboral-de-los-residentes-que-egresan-este-ano\/","url_meta":{"origin":35862,"position":1},"title":"CICOP REALIZAR\u00c1 EL RECLAMO DE LA CONTINUIDAD LABORAL DE LOS RESIDENTES QUE EGRESAN ESTE A\u00d1O","author":"Alejandro Sosa Ruda","date":"23 junio, 2021","format":false,"excerpt":"La Asociaci\u00f3n Sindical de Profesionales de la Salud de la Provincia de Buenos Aires (CICOP) brindar\u00e1 una Conferencia de Prensa este jueves 24 de junio a las 12:30 hs en el Play\u00f3n de Estacionamiento del Hospital \u201cDr. Alejandro Korn\u201d, ubicado en la Calle 520 e\/173 y 178 de la localidad\u2026","rel":"","context":"En \u00abINTERES GENERAL\u00bb","block_context":{"text":"INTERES GENERAL","link":"https:\/\/larevistadigital.com.ar\/blog\/category\/interes-general\/"},"img":{"alt_text":"","src":"https:\/\/i0.wp.com\/larevistadigital.com.ar\/blog\/wp-content\/uploads\/2018\/06\/cicop_01deseptiembrede2017_elfuerte.jpg?fit=737%2C348&ssl=1&resize=350%2C200","width":350,"height":200,"srcset":"https:\/\/i0.wp.com\/larevistadigital.com.ar\/blog\/wp-content\/uploads\/2018\/06\/cicop_01deseptiembrede2017_elfuerte.jpg?fit=737%2C348&ssl=1&resize=350%2C200 1x, https:\/\/i0.wp.com\/larevistadigital.com.ar\/blog\/wp-content\/uploads\/2018\/06\/cicop_01deseptiembrede2017_elfuerte.jpg?fit=737%2C348&ssl=1&resize=525%2C300 1.5x, https:\/\/i0.wp.com\/larevistadigital.com.ar\/blog\/wp-content\/uploads\/2018\/06\/cicop_01deseptiembrede2017_elfuerte.jpg?fit=737%2C348&ssl=1&resize=700%2C400 2x"},"classes":[]},{"id":619,"url":"https:\/\/larevistadigital.com.ar\/blog\/seria-una-gran-perdida-no-lleguen-medicos-financiados-la-provincia-reforzar-escenario-local\/","url_meta":{"origin":35862,"position":2},"title":"\u00abSer\u00eda una gran p\u00e9rdida de que no lleguen m\u00e9dicos que son financiados por la Provincia, para reforzar el escenario local\u00bb","author":"editor","date":"6 marzo, 2017","format":false,"excerpt":"Dr. An\u00edbal Giusti, coordinador de la residencia de m\u00e9dicos generalistas Adem\u00e1s volvi\u00f3 a confirmar que el cupo cero para el ingreso de residentes de medicina general, se dio a ra\u00edz de un informe negativo que presentara la Secretaria de Salud, Dra. Marcela Arias. El Dr. An\u00edbal Giusti, fue entrevistado en\u2026","rel":"","context":"En \u00abCHASCOM\u00daS\u00bb","block_context":{"text":"CHASCOM\u00daS","link":"https:\/\/larevistadigital.com.ar\/blog\/category\/chascomus\/"},"img":{"alt_text":"","src":"https:\/\/i0.wp.com\/larevistadigital.com.ar\/blog\/wp-content\/uploads\/2017\/03\/guisti_elfuerte_050317.jpg?fit=921%2C799&ssl=1&resize=350%2C200","width":350,"height":200,"srcset":"https:\/\/i0.wp.com\/larevistadigital.com.ar\/blog\/wp-content\/uploads\/2017\/03\/guisti_elfuerte_050317.jpg?fit=921%2C799&ssl=1&resize=350%2C200 1x, https:\/\/i0.wp.com\/larevistadigital.com.ar\/blog\/wp-content\/uploads\/2017\/03\/guisti_elfuerte_050317.jpg?fit=921%2C799&ssl=1&resize=525%2C300 1.5x, https:\/\/i0.wp.com\/larevistadigital.com.ar\/blog\/wp-content\/uploads\/2017\/03\/guisti_elfuerte_050317.jpg?fit=921%2C799&ssl=1&resize=700%2C400 2x"},"classes":[]},{"id":44508,"url":"https:\/\/larevistadigital.com.ar\/blog\/profesionales-de-la-salud-de-cicop-aceptaron-el-aumento-salarial-propuesto-por-la-provincia\/","url_meta":{"origin":35862,"position":3},"title":"Profesionales de la salud de CICOP aceptaron el aumento salarial propuesto por la Provincia","author":"Alejandro Sosa Ruda","date":"15 marzo, 2026","format":false,"excerpt":"La oferta del Gobierno bonaerense contempla una suba del 9% en tres tramos, con instancia de revisi\u00f3n en mayo y reapertura de las negociaciones en junio. Se comenzar\u00e1n a discutir recategorizaciones. 15 de marzo de 2026 La\u00a0Asociaci\u00f3n Sindical de Profesionales de la\u00a0Salud\u00a0de la provincia de Buenos Aires (CICOP)\u00a0aprob\u00f3 este viernes\u2026","rel":"","context":"En \u00abGREMIALES\u00bb","block_context":{"text":"GREMIALES","link":"https:\/\/larevistadigital.com.ar\/blog\/category\/gremiales\/"},"img":{"alt_text":"","src":"https:\/\/i0.wp.com\/larevistadigital.com.ar\/blog\/wp-content\/uploads\/Captura-de-pantalla-2026-03-15-011338.jpg?fit=628%2C406&ssl=1&resize=350%2C200","width":350,"height":200,"srcset":"https:\/\/i0.wp.com\/larevistadigital.com.ar\/blog\/wp-content\/uploads\/Captura-de-pantalla-2026-03-15-011338.jpg?fit=628%2C406&ssl=1&resize=350%2C200 1x, https:\/\/i0.wp.com\/larevistadigital.com.ar\/blog\/wp-content\/uploads\/Captura-de-pantalla-2026-03-15-011338.jpg?fit=628%2C406&ssl=1&resize=525%2C300 1.5x"},"classes":[]},{"id":44268,"url":"https:\/\/larevistadigital.com.ar\/blog\/nuevas-tarifas-del-registro-nacional-de-las-personas-cuanto-costaran-los-dni-desde-marzo-de-2026\/","url_meta":{"origin":35862,"position":4},"title":"Nuevas tarifas del Registro Nacional de las Personas: cu\u00e1nto costar\u00e1n los DNI desde marzo de 2026","author":"Alejandro Sosa Ruda","date":"3 marzo, 2026","format":false,"excerpt":"El Ministerio del Interior actualiz\u00f3 el cuadro tarifario del Renaper mediante la Resoluci\u00f3n 19\/2026. Los nuevos valores comenzar\u00e1n a regir el 6 de marzo de 2026 e incluyen cambios en DNI, tr\u00e1mites para extranjeros y servicios de validaci\u00f3n digital. 03 de marzo de 2026 El Ministerio del Interior inform\u00f3 una\u2026","rel":"","context":"En \u00abINTERES GENERAL\u00bb","block_context":{"text":"INTERES GENERAL","link":"https:\/\/larevistadigital.com.ar\/blog\/category\/interes-general\/"},"img":{"alt_text":"","src":"https:\/\/i0.wp.com\/larevistadigital.com.ar\/blog\/wp-content\/uploads\/Captura-de-pantalla-2026-03-03-161937.jpg?fit=817%2C415&ssl=1&resize=350%2C200","width":350,"height":200,"srcset":"https:\/\/i0.wp.com\/larevistadigital.com.ar\/blog\/wp-content\/uploads\/Captura-de-pantalla-2026-03-03-161937.jpg?fit=817%2C415&ssl=1&resize=350%2C200 1x, https:\/\/i0.wp.com\/larevistadigital.com.ar\/blog\/wp-content\/uploads\/Captura-de-pantalla-2026-03-03-161937.jpg?fit=817%2C415&ssl=1&resize=525%2C300 1.5x, https:\/\/i0.wp.com\/larevistadigital.com.ar\/blog\/wp-content\/uploads\/Captura-de-pantalla-2026-03-03-161937.jpg?fit=817%2C415&ssl=1&resize=700%2C400 2x"},"classes":[]},{"id":44370,"url":"https:\/\/larevistadigital.com.ar\/blog\/la-provincia-firmo-un-acuerdo-con-la-ops-para-fortalecer-el-sistema-de-salud\/","url_meta":{"origin":35862,"position":5},"title":"La Provincia firm\u00f3 un acuerdo con la OPS para fortalecer el sistema de salud","author":"Alejandro Sosa Ruda","date":"6 marzo, 2026","format":false,"excerpt":"Se trata de un convenio marco de cooperaci\u00f3n t\u00e9cnica entre el Gobierno de la provincia de Buenos Aires y la Organizaci\u00f3n Panamericana de la Salud (OPS). 06 De Marzo de 2026 El gobernador de la provincia de Buenos Aires, Axel Kicillof, encabez\u00f3 este viernes la firma del Acuerdo Marco de\u2026","rel":"","context":"En \u00abPOLITICA PROVINCIAL\u00bb","block_context":{"text":"POLITICA PROVINCIAL","link":"https:\/\/larevistadigital.com.ar\/blog\/category\/politica\/politica-provincial\/"},"img":{"alt_text":"","src":"https:\/\/i0.wp.com\/larevistadigital.com.ar\/blog\/wp-content\/uploads\/DON_1984-scaled.jpg?fit=1200%2C800&ssl=1&resize=350%2C200","width":350,"height":200,"srcset":"https:\/\/i0.wp.com\/larevistadigital.com.ar\/blog\/wp-content\/uploads\/DON_1984-scaled.jpg?fit=1200%2C800&ssl=1&resize=350%2C200 1x, https:\/\/i0.wp.com\/larevistadigital.com.ar\/blog\/wp-content\/uploads\/DON_1984-scaled.jpg?fit=1200%2C800&ssl=1&resize=525%2C300 1.5x, https:\/\/i0.wp.com\/larevistadigital.com.ar\/blog\/wp-content\/uploads\/DON_1984-scaled.jpg?fit=1200%2C800&ssl=1&resize=700%2C400 2x, https:\/\/i0.wp.com\/larevistadigital.com.ar\/blog\/wp-content\/uploads\/DON_1984-scaled.jpg?fit=1200%2C800&ssl=1&resize=1050%2C600 3x"},"classes":[]}],"_links":{"self":[{"href":"https:\/\/larevistadigital.com.ar\/blog\/wp-json\/wp\/v2\/posts\/35862","targetHints":{"allow":["GET"]}}],"collection":[{"href":"https:\/\/larevistadigital.com.ar\/blog\/wp-json\/wp\/v2\/posts"}],"about":[{"href":"https:\/\/larevistadigital.com.ar\/blog\/wp-json\/wp\/v2\/types\/post"}],"author":[{"embeddable":true,"href":"https:\/\/larevistadigital.com.ar\/blog\/wp-json\/wp\/v2\/users\/3"}],"replies":[{"embeddable":true,"href":"https:\/\/larevistadigital.com.ar\/blog\/wp-json\/wp\/v2\/comments?post=35862"}],"version-history":[{"count":1,"href":"https:\/\/larevistadigital.com.ar\/blog\/wp-json\/wp\/v2\/posts\/35862\/revisions"}],"predecessor-version":[{"id":35864,"href":"https:\/\/larevistadigital.com.ar\/blog\/wp-json\/wp\/v2\/posts\/35862\/revisions\/35864"}],"wp:featuredmedia":[{"embeddable":true,"href":"https:\/\/larevistadigital.com.ar\/blog\/wp-json\/wp\/v2\/media\/35863"}],"wp:attachment":[{"href":"https:\/\/larevistadigital.com.ar\/blog\/wp-json\/wp\/v2\/media?parent=35862"}],"wp:term":[{"taxonomy":"category","embeddable":true,"href":"https:\/\/larevistadigital.com.ar\/blog\/wp-json\/wp\/v2\/categories?post=35862"},{"taxonomy":"post_tag","embeddable":true,"href":"https:\/\/larevistadigital.com.ar\/blog\/wp-json\/wp\/v2\/tags?post=35862"}],"curies":[{"name":"wp","href":"https:\/\/api.w.org\/{rel}","templated":true}]}}