{"id":35874,"date":"2024-04-20T11:31:12","date_gmt":"2024-04-20T14:31:12","guid":{"rendered":"https:\/\/larevistadigital.com.ar\/blog\/?p=35874"},"modified":"2024-04-20T11:31:12","modified_gmt":"2024-04-20T14:31:12","slug":"continuan-las-visitas-educativas-al-centro-de-monitoreo","status":"publish","type":"post","link":"https:\/\/larevistadigital.com.ar\/blog\/continuan-las-visitas-educativas-al-centro-de-monitoreo\/","title":{"rendered":"CONTIN\u00daAN LAS VISITAS EDUCATIVAS AL CENTRO DE MONITOREO"},"content":{"rendered":"<h2 class=\"notaIntro\"><strong><em>La Secretar\u00eda de Seguridad Ciudadana inici\u00f3 una serie de recorridos semanales para que los j\u00f3venes conozcan cu\u00e1les son las herramientas que el estado municipal pone a su disposici\u00f3n con el fin de cuidarlos, contenerlos y acompa\u00f1arlos en situaciones que as\u00ed lo requieran.<\/em><\/strong><\/h2>\n<p>20 de abril de 2024<\/p>\n<p class=\"notaTexto\"><strong>CHASCOM\u00daS\u00a0 &#8211;\u00a0<\/strong> Este mi\u00e9rcoles, estudiantes de 5\u00ba a\u00f1o de las escuelas secundarias N\u00ba 1 y N\u00ba 5 visitaron el Centro de Monitoreo Municipal ubicado en Arenales y Juli\u00e1n Quintana.<\/p>\n<p class=\"notaTexto\">All\u00ed fueron recibidos por la secretaria de Seguridad Ciudadana, Mariela Moscarella, y por el responsable del lugar, Mario Ceballos, quienes los guiaron para que puedan conocer conceptos b\u00e1sicos sobre las distintas tem\u00e1ticas.<br \/>\nEsta propuesta es parte de un trabajo de articulaci\u00f3n entre la Secretaria de Seguridad Ciudadana, la Secretar\u00eda de Desarrollo Social y la Subsecretar\u00eda de Educaci\u00f3n, dirigido a j\u00f3venes y adolescentes, en el marco del Plan Integral de Seguridad.<\/p>\n<blockquote>\n<h3 class=\"notaTexto\">Durante esas visitas, se les presenta la aplicaci\u00f3n BasApp invit\u00e1ndolos a instalarla en sus tel\u00e9fonos celulares con el objetivo de acceder r\u00e1pidamente a distintas reparticiones en situaciones de riesgo.<\/h3>\n<\/blockquote>\n<p class=\"notaTexto\">Por otra parte, se les explica el funcionamiento del sistema de videovigilancia, los objetivos con los que se trabaja, los protocolos que lo rigen y los alcances de la tarea que desde all\u00ed se lleva adelante.<\/p>\n<blockquote>\n<h3 class=\"notaTexto\">Adem\u00e1s, se interiorizan en las funciones de la Patrulla de Prevenci\u00f3n Municipal y la manera de comunicarse en caso de enfrentar una situaci\u00f3n de riesgo.<\/h3>\n<\/blockquote>\n<p class=\"notaTexto\">Como parte de esta iniciativa, se implementar\u00e1 un recorrido similar para todas las escuelas secundarias de la ciudad que se har\u00e1n cada mi\u00e9rcoles durante el resto del a\u00f1o.<\/p>\n","protected":false},"excerpt":{"rendered":"<div class=\"mh-excerpt\"><p>La Secretar\u00eda de Seguridad Ciudadana inici\u00f3 una serie de recorridos semanales para que los j\u00f3venes conozcan cu\u00e1les son las herramientas que el estado municipal pone a su disposici\u00f3n con el fin de cuidarlos, contenerlos y <a class=\"mh-excerpt-more\" href=\"https:\/\/larevistadigital.com.ar\/blog\/continuan-las-visitas-educativas-al-centro-de-monitoreo\/\" title=\"CONTIN\u00daAN LAS VISITAS EDUCATIVAS AL CENTRO DE MONITOREO\">[Leer M\u00e1s]<\/a><\/p>\n<\/div>","protected":false},"author":3,"featured_media":35875,"comment_status":"open","ping_status":"open","sticky":false,"template":"","format":"standard","meta":{"_jetpack_memberships_contains_paid_content":false,"footnotes":"","jetpack_publicize_message":"","jetpack_publicize_feature_enabled":true,"jetpack_social_post_already_shared":true,"jetpack_social_options":{"image_generator_settings":{"template":"highway","default_image_id":0,"font":"","enabled":false},"version":2}},"categories":[50],"tags":[],"class_list":{"0":"post-35874","1":"post","2":"type-post","3":"status-publish","4":"format-standard","5":"has-post-thumbnail","7":"category-interes-general"},"jetpack_publicize_connections":[],"jetpack_featured_media_url":"https:\/\/i0.wp.com\/larevistadigital.com.ar\/blog\/wp-content\/uploads\/2024_04_19_01_04_37_364927.jpg?fit=600%2C401&ssl=1","jetpack_sharing_enabled":true,"jetpack_shortlink":"https:\/\/wp.me\/p8qtrQ-9kC","jetpack-related-posts":[{"id":36902,"url":"https:\/\/larevistadigital.com.ar\/blog\/chascomus-se-presento-ojos-en-alerta-una-nueva-herramienta-de-seguridad-ciudadana\/","url_meta":{"origin":35874,"position":0},"title":"CHASCOM\u00daS: SE PRESENT\u00d3 \u00abOJOS EN ALERTA\u00bb, UNA NUEVA HERRAMIENTA DE SEGURIDAD CIUDADANA","author":"Alejandro Sosa Ruda","date":"5 agosto, 2024","format":false,"excerpt":"Funciona a trav\u00e9s de WhatsApp con conexi\u00f3n directa al Centro de Monitoreo. 05 de Agosto de 2024 CHASCOM\u00daS -\u00a0 Se present\u00f3 hoy un nuevo programa de Seguridad Ciudadana para la prevenci\u00f3n del delito. La exposici\u00f3n estuvo a cargo de Cristian M\u00e9ndez, creador de la herramienta digital que ya opera en\u2026","rel":"","context":"En \u00abDESTACADAS\u00bb","block_context":{"text":"DESTACADAS","link":"https:\/\/larevistadigital.com.ar\/blog\/category\/destacadas\/"},"img":{"alt_text":"","src":"https:\/\/i0.wp.com\/larevistadigital.com.ar\/blog\/wp-content\/uploads\/66b12a8b9b222.png?fit=668%2C445&ssl=1&resize=350%2C200","width":350,"height":200,"srcset":"https:\/\/i0.wp.com\/larevistadigital.com.ar\/blog\/wp-content\/uploads\/66b12a8b9b222.png?fit=668%2C445&ssl=1&resize=350%2C200 1x, https:\/\/i0.wp.com\/larevistadigital.com.ar\/blog\/wp-content\/uploads\/66b12a8b9b222.png?fit=668%2C445&ssl=1&resize=525%2C300 1.5x"},"classes":[]},{"id":35984,"url":"https:\/\/larevistadigital.com.ar\/blog\/reunion-de-la-secretaria-de-seguridad-ciudadana-con-autoridades-policiales\/","url_meta":{"origin":35874,"position":1},"title":"REUNI\u00d3N DE LA SECRETARIA DE SEGURIDAD CIUDADANA CON AUTORIDADES POLICIALES","author":"Alejandro Sosa Ruda","date":"4 mayo, 2024","format":false,"excerpt":"El encuentro tuvo como objetivo fortalecer el trabajo de cooperaci\u00f3n entre la instituci\u00f3n policial y las \u00e1reas municipales de seguridad en cuanto a la prevenci\u00f3n del delito y las violencias, tanto en la zona rural como en la zona urbana. 4 de mayo de 2024 CHASCOM\u00daS -\u00a0 La secretaria de\u2026","rel":"","context":"En \u00abCHASCOM\u00daS\u00bb","block_context":{"text":"CHASCOM\u00daS","link":"https:\/\/larevistadigital.com.ar\/blog\/category\/chascomus\/"},"img":{"alt_text":"","src":"https:\/\/i0.wp.com\/larevistadigital.com.ar\/blog\/wp-content\/uploads\/2024_05_04_00_51_51_6230477.jpg?fit=600%2C450&ssl=1&resize=350%2C200","width":350,"height":200,"srcset":"https:\/\/i0.wp.com\/larevistadigital.com.ar\/blog\/wp-content\/uploads\/2024_05_04_00_51_51_6230477.jpg?fit=600%2C450&ssl=1&resize=350%2C200 1x, https:\/\/i0.wp.com\/larevistadigital.com.ar\/blog\/wp-content\/uploads\/2024_05_04_00_51_51_6230477.jpg?fit=600%2C450&ssl=1&resize=525%2C300 1.5x"},"classes":[]},{"id":44628,"url":"https:\/\/larevistadigital.com.ar\/blog\/chascomus-operativos-sorpresivos-en-los-accesos-a-la-ciudad-para-reforzar-la-seguridad-vial\/","url_meta":{"origin":35874,"position":2},"title":"Chascom\u00fas: Operativos sorpresivos en los accesos a la ciudad para reforzar la seguridad vial","author":"Alejandro Sosa Ruda","date":"20 marzo, 2026","format":false,"excerpt":"Las acciones buscan detectar veh\u00edculos sin patente o con irregularidades y fortalecer el monitoreo urbano. 20 de marzo de 2026 CHASCOM\u00daS -\u00a0 \u00a0La Secretar\u00eda de Seguridad Ciudadana lleva adelante operativos sorpresivos en distintos horarios en los ingresos a la ciudad. Estas tareas preventivas, realizadas por el personal de la Patrulla\u2026","rel":"","context":"En \u00abDESTACADAS\u00bb","block_context":{"text":"DESTACADAS","link":"https:\/\/larevistadigital.com.ar\/blog\/category\/destacadas\/"},"img":{"alt_text":"","src":"https:\/\/i0.wp.com\/larevistadigital.com.ar\/blog\/wp-content\/uploads\/69bc30315bfd0.png?fit=668%2C445&ssl=1&resize=350%2C200","width":350,"height":200,"srcset":"https:\/\/i0.wp.com\/larevistadigital.com.ar\/blog\/wp-content\/uploads\/69bc30315bfd0.png?fit=668%2C445&ssl=1&resize=350%2C200 1x, https:\/\/i0.wp.com\/larevistadigital.com.ar\/blog\/wp-content\/uploads\/69bc30315bfd0.png?fit=668%2C445&ssl=1&resize=525%2C300 1.5x"},"classes":[]},{"id":36865,"url":"https:\/\/larevistadigital.com.ar\/blog\/incluye-video-el-centro-de-monitoreo-impidio-un-hecho-delictivo\/","url_meta":{"origin":35874,"position":3},"title":"[INCLUYE VIDEO] EL CENTRO DE MONITOREO IMPIDI\u00d3 UN HECHO DELICTIVO","author":"Alejandro Sosa Ruda","date":"1 agosto, 2024","format":false,"excerpt":"El Centro de Monitoreo dispar\u00f3 el alerta que gener\u00f3 el accionar policial. 01 de Agosto de 2024 CHASCOM\u00daS -\u00a0 En la ma\u00f1ana del mi\u00e9rcoles personal del Centro de Monitoreo detect\u00f3 a trav\u00e9s de las c\u00e1maras de seguridad, a dos personas que merodeaban con intenciones de entrar a un inmueble en\u2026","rel":"","context":"En \u00abDESTACADAS\u00bb","block_context":{"text":"DESTACADAS","link":"https:\/\/larevistadigital.com.ar\/blog\/category\/destacadas\/"},"img":{"alt_text":"","src":"https:\/\/i0.wp.com\/larevistadigital.com.ar\/blog\/wp-content\/uploads\/66abc4b983f62.png?fit=668%2C445&ssl=1&resize=350%2C200","width":350,"height":200,"srcset":"https:\/\/i0.wp.com\/larevistadigital.com.ar\/blog\/wp-content\/uploads\/66abc4b983f62.png?fit=668%2C445&ssl=1&resize=350%2C200 1x, https:\/\/i0.wp.com\/larevistadigital.com.ar\/blog\/wp-content\/uploads\/66abc4b983f62.png?fit=668%2C445&ssl=1&resize=525%2C300 1.5x"},"classes":[]},{"id":36120,"url":"https:\/\/larevistadigital.com.ar\/blog\/importante-aporte-del-centro-de-monitoreo-municipal-a-la-prevencion-y-resolucion-de-delitos\/","url_meta":{"origin":35874,"position":4},"title":"IMPORTANTE APORTE DEL CENTRO DE MONITOREO MUNICIPAL A LA PREVENCI\u00d3N Y RESOLUCI\u00d3N DE DELITOS","author":"Alejandro Sosa Ruda","date":"23 mayo, 2024","format":false,"excerpt":"Un joven fue aprehendido en la madrugada de este martes, al ser detectado a trav\u00e9s de las c\u00e1maras de seguridad ingresando a una vivienda con intenciones de robo. 23 de Mayo de 2024 CHASCOM\u00daS -\u00a0 El hecho se produjo en M\u00e9xico entre Grito de Dolores y Florencio Chappa y, gracias\u2026","rel":"","context":"En \u00abINTERES GENERAL\u00bb","block_context":{"text":"INTERES GENERAL","link":"https:\/\/larevistadigital.com.ar\/blog\/category\/interes-general\/"},"img":{"alt_text":"","src":"https:\/\/i0.wp.com\/larevistadigital.com.ar\/blog\/wp-content\/uploads\/2024_05_23_01_02_07_9958041.jpeg?fit=600%2C338&ssl=1&resize=350%2C200","width":350,"height":200,"srcset":"https:\/\/i0.wp.com\/larevistadigital.com.ar\/blog\/wp-content\/uploads\/2024_05_23_01_02_07_9958041.jpeg?fit=600%2C338&ssl=1&resize=350%2C200 1x, https:\/\/i0.wp.com\/larevistadigital.com.ar\/blog\/wp-content\/uploads\/2024_05_23_01_02_07_9958041.jpeg?fit=600%2C338&ssl=1&resize=525%2C300 1.5x"},"classes":[]},{"id":39058,"url":"https:\/\/larevistadigital.com.ar\/blog\/fue-citado-a-indagatoria-el-conductor-de-una-moto-que-realizaba-maniobras-peligrosas\/","url_meta":{"origin":35874,"position":5},"title":"Fue citado a indagatoria el conductor de una moto que realizaba maniobras peligrosas","author":"Alejandro Sosa Ruda","date":"22 marzo, 2025","format":false,"excerpt":"La imputaci\u00f3n surge de una denuncia de la Secretar\u00eda de Seguridad Ciudadana. 22 de Marzo de 2025 CHASCOM\u00daS -\u00a0 \u00a0La Unidad Fiscal Descentralizada N\u00b0 10, a cargo del fiscal Jonathan Robert, cit\u00f3 a indagatoria a un motociclista que realizaba maniobras de alto riesgo en la zona de la costanera de\u2026","rel":"","context":"En \u00abDESTACADAS\u00bb","block_context":{"text":"DESTACADAS","link":"https:\/\/larevistadigital.com.ar\/blog\/category\/destacadas\/"},"img":{"alt_text":"","src":"https:\/\/i0.wp.com\/larevistadigital.com.ar\/blog\/wp-content\/uploads\/67dd9dc9d963f.png?fit=668%2C445&ssl=1&resize=350%2C200","width":350,"height":200,"srcset":"https:\/\/i0.wp.com\/larevistadigital.com.ar\/blog\/wp-content\/uploads\/67dd9dc9d963f.png?fit=668%2C445&ssl=1&resize=350%2C200 1x, https:\/\/i0.wp.com\/larevistadigital.com.ar\/blog\/wp-content\/uploads\/67dd9dc9d963f.png?fit=668%2C445&ssl=1&resize=525%2C300 1.5x"},"classes":[]}],"_links":{"self":[{"href":"https:\/\/larevistadigital.com.ar\/blog\/wp-json\/wp\/v2\/posts\/35874","targetHints":{"allow":["GET"]}}],"collection":[{"href":"https:\/\/larevistadigital.com.ar\/blog\/wp-json\/wp\/v2\/posts"}],"about":[{"href":"https:\/\/larevistadigital.com.ar\/blog\/wp-json\/wp\/v2\/types\/post"}],"author":[{"embeddable":true,"href":"https:\/\/larevistadigital.com.ar\/blog\/wp-json\/wp\/v2\/users\/3"}],"replies":[{"embeddable":true,"href":"https:\/\/larevistadigital.com.ar\/blog\/wp-json\/wp\/v2\/comments?post=35874"}],"version-history":[{"count":1,"href":"https:\/\/larevistadigital.com.ar\/blog\/wp-json\/wp\/v2\/posts\/35874\/revisions"}],"predecessor-version":[{"id":35876,"href":"https:\/\/larevistadigital.com.ar\/blog\/wp-json\/wp\/v2\/posts\/35874\/revisions\/35876"}],"wp:featuredmedia":[{"embeddable":true,"href":"https:\/\/larevistadigital.com.ar\/blog\/wp-json\/wp\/v2\/media\/35875"}],"wp:attachment":[{"href":"https:\/\/larevistadigital.com.ar\/blog\/wp-json\/wp\/v2\/media?parent=35874"}],"wp:term":[{"taxonomy":"category","embeddable":true,"href":"https:\/\/larevistadigital.com.ar\/blog\/wp-json\/wp\/v2\/categories?post=35874"},{"taxonomy":"post_tag","embeddable":true,"href":"https:\/\/larevistadigital.com.ar\/blog\/wp-json\/wp\/v2\/tags?post=35874"}],"curies":[{"name":"wp","href":"https:\/\/api.w.org\/{rel}","templated":true}]}}