{"id":35877,"date":"2024-04-20T11:37:14","date_gmt":"2024-04-20T14:37:14","guid":{"rendered":"https:\/\/larevistadigital.com.ar\/blog\/?p=35877"},"modified":"2024-04-20T11:37:14","modified_gmt":"2024-04-20T14:37:14","slug":"chascomus-mas-de-100-motos-fueron-retenidas-por-la-patrulla-municipal","status":"publish","type":"post","link":"https:\/\/larevistadigital.com.ar\/blog\/chascomus-mas-de-100-motos-fueron-retenidas-por-la-patrulla-municipal\/","title":{"rendered":"CHASCOM\u00daS: M\u00c1S DE 100 MOTOS FUERON RETENIDAS POR LA PATRULLA MUNICIPAL"},"content":{"rendered":"<h2 class=\"notaIntro\"><em>En los \u00faltimos dos a\u00f1os, la Municipalidad de Chascom\u00fas realiz\u00f3 diversas acciones de control para regularizar el tr\u00e1nsito y mejorar la seguridad vial en la ciudad.<\/em><\/h2>\n<p>20 de abril de 2024<\/p>\n<p class=\"notaTexto\"><strong>CHASCOM\u00daS &#8211;\u00a0<\/strong> En el marco de estos controles, la Patrulla Municipal procedi\u00f3 al secuestro de m\u00e1s de 100 ciclomotores y motocicletas constat\u00e1ndose diversas infracciones.<\/p>\n<blockquote>\n<h3 class=\"notaTexto\">Los veh\u00edculos fueron retenidos en horario nocturno a personas que realizaban maniobras peligrosas.<\/h3>\n<\/blockquote>\n<p class=\"notaTexto\">Adem\u00e1s, otros fueron secuestrados en la v\u00eda p\u00fablica al comprobarse que contaban con pedido activo de secuestro.<\/p>\n<blockquote>\n<h3 class=\"notaTexto\">Tambi\u00e9n fueron detectados en la v\u00eda p\u00fablica sin patentes o \u201cdescachados\u201d, es decir sin parte de los pl\u00e1sticos que los recubren.<\/h3>\n<\/blockquote>\n<p class=\"notaTexto\">Actualmente, se encuentran en el dep\u00f3sito municipal, como parte de las medidas implementadas para garantizar un adecuado control del tr\u00e1nsito y promover la seguridad en las calles de la localidad.<\/p>\n","protected":false},"excerpt":{"rendered":"<div class=\"mh-excerpt\"><p>En los \u00faltimos dos a\u00f1os, la Municipalidad de Chascom\u00fas realiz\u00f3 diversas acciones de control para regularizar el tr\u00e1nsito y mejorar la seguridad vial en la ciudad. 20 de abril de 2024 CHASCOM\u00daS &#8211;\u00a0 En el <a class=\"mh-excerpt-more\" href=\"https:\/\/larevistadigital.com.ar\/blog\/chascomus-mas-de-100-motos-fueron-retenidas-por-la-patrulla-municipal\/\" title=\"CHASCOM\u00daS: M\u00c1S DE 100 MOTOS FUERON RETENIDAS POR LA PATRULLA MUNICIPAL\">[Leer M\u00e1s]<\/a><\/p>\n<\/div>","protected":false},"author":3,"featured_media":35878,"comment_status":"open","ping_status":"open","sticky":false,"template":"","format":"standard","meta":{"_jetpack_memberships_contains_paid_content":false,"footnotes":"","jetpack_publicize_message":"","jetpack_publicize_feature_enabled":true,"jetpack_social_post_already_shared":true,"jetpack_social_options":{"image_generator_settings":{"template":"highway","default_image_id":0,"font":"","enabled":false},"version":2}},"categories":[6],"tags":[],"class_list":{"0":"post-35877","1":"post","2":"type-post","3":"status-publish","4":"format-standard","5":"has-post-thumbnail","7":"category-chascomus"},"jetpack_publicize_connections":[],"jetpack_featured_media_url":"https:\/\/i0.wp.com\/larevistadigital.com.ar\/blog\/wp-content\/uploads\/2024_04_20_01_36_23_2706675.jpeg?fit=600%2C379&ssl=1","jetpack_sharing_enabled":true,"jetpack_shortlink":"https:\/\/wp.me\/p8qtrQ-9kF","jetpack-related-posts":[{"id":40896,"url":"https:\/\/larevistadigital.com.ar\/blog\/chascomus-fueron-detectados-pescadores-furtivos-en-la-laguna-durante-la-madrugada\/","url_meta":{"origin":35877,"position":0},"title":"Chascom\u00fas: Fueron detectados pescadores furtivos en la laguna durante la madrugada","author":"Alejandro Sosa Ruda","date":"13 agosto, 2025","format":false,"excerpt":"Gracias a una intervenci\u00f3n conjunta de la Patrulla de Prevenci\u00f3n Municipal y la Polic\u00eda Rural. 13 de Agosto de 2025 CHASCOM\u00daS -\u00a0 \u00a0En un operativo realizado en horas de la madrugada, la Patrulla de Prevenci\u00f3n Municipal identific\u00f3 una situaci\u00f3n de pesca furtiva en la zona de la Costanera, entre las\u2026","rel":"","context":"En \u00abCHASCOM\u00daS\u00bb","block_context":{"text":"CHASCOM\u00daS","link":"https:\/\/larevistadigital.com.ar\/blog\/category\/chascomus\/"},"img":{"alt_text":"","src":"https:\/\/i0.wp.com\/larevistadigital.com.ar\/blog\/wp-content\/uploads\/689ccefc8cd84.png?fit=668%2C445&ssl=1&resize=350%2C200","width":350,"height":200,"srcset":"https:\/\/i0.wp.com\/larevistadigital.com.ar\/blog\/wp-content\/uploads\/689ccefc8cd84.png?fit=668%2C445&ssl=1&resize=350%2C200 1x, https:\/\/i0.wp.com\/larevistadigital.com.ar\/blog\/wp-content\/uploads\/689ccefc8cd84.png?fit=668%2C445&ssl=1&resize=525%2C300 1.5x"},"classes":[]},{"id":40138,"url":"https:\/\/larevistadigital.com.ar\/blog\/chascomus-recuperaron-motos-robadas-y-detuvieron-a-dos-sospechosos-gracias-a-la-intervencion-municipal\/","url_meta":{"origin":35877,"position":1},"title":"Chascom\u00fas: Recuperaron motos robadas y detuvieron a dos sospechosos gracias a la intervenci\u00f3n municipal","author":"Alejandro Sosa Ruda","date":"23 junio, 2025","format":false,"excerpt":"La intervenci\u00f3n de la Patrulla de Prevenci\u00f3n Municipal y del Centro de Monitoreo permiti\u00f3 en los \u00faltimos d\u00edas recuperar cinco motocicletas robadas y detener a dos personas involucradas en un hecho delictivo en el barrio Lomas Altas. 23 de Junio de 2025 CHASCOM\u00daS -\u00a0 \u00a0La intervenci\u00f3n se realiz\u00f3 a partir\u2026","rel":"","context":"En \u00abCHASCOM\u00daS\u00bb","block_context":{"text":"CHASCOM\u00daS","link":"https:\/\/larevistadigital.com.ar\/blog\/category\/chascomus\/"},"img":{"alt_text":"","src":"https:\/\/i0.wp.com\/larevistadigital.com.ar\/blog\/wp-content\/uploads\/6859954f8cc54.png?fit=668%2C445&ssl=1&resize=350%2C200","width":350,"height":200,"srcset":"https:\/\/i0.wp.com\/larevistadigital.com.ar\/blog\/wp-content\/uploads\/6859954f8cc54.png?fit=668%2C445&ssl=1&resize=350%2C200 1x, https:\/\/i0.wp.com\/larevistadigital.com.ar\/blog\/wp-content\/uploads\/6859954f8cc54.png?fit=668%2C445&ssl=1&resize=525%2C300 1.5x"},"classes":[]},{"id":43974,"url":"https:\/\/larevistadigital.com.ar\/blog\/chascomus-dos-motos-recuperadas-gracias-a-la-patrulla-de-prevencion-municipal\/","url_meta":{"origin":35877,"position":2},"title":"Chascom\u00fas: Dos motos recuperadas gracias a la Patrulla de Prevenci\u00f3n Municipal","author":"Alejandro Sosa Ruda","date":"12 febrero, 2026","format":false,"excerpt":"Los procedimientos se realizaron en distintos puntos de la ciudad y permitieron detectar motoveh\u00edculos con pedido de secuestro activo por robo. 12 de febrero de 2026 CHASCOM\u00daS -\u00a0 \u00a0Durante las tareas habituales de prevenci\u00f3n que realiza diariamente, la Patrulla de Prevenci\u00f3n Municipal logr\u00f3 recuperar dos motocicletas que ten\u00edan pedido activo\u2026","rel":"","context":"En \u00abCHASCOM\u00daS\u00bb","block_context":{"text":"CHASCOM\u00daS","link":"https:\/\/larevistadigital.com.ar\/blog\/category\/chascomus\/"},"img":{"alt_text":"","src":"https:\/\/i0.wp.com\/larevistadigital.com.ar\/blog\/wp-content\/uploads\/698e13df16213.png?fit=668%2C445&ssl=1&resize=350%2C200","width":350,"height":200,"srcset":"https:\/\/i0.wp.com\/larevistadigital.com.ar\/blog\/wp-content\/uploads\/698e13df16213.png?fit=668%2C445&ssl=1&resize=350%2C200 1x, https:\/\/i0.wp.com\/larevistadigital.com.ar\/blog\/wp-content\/uploads\/698e13df16213.png?fit=668%2C445&ssl=1&resize=525%2C300 1.5x"},"classes":[]},{"id":41967,"url":"https:\/\/larevistadigital.com.ar\/blog\/chascomus-la-patrulla-de-prevencion-municipal-recupero-una-moto-de-alta-gama-sustraida-a-un-vecino\/","url_meta":{"origin":35877,"position":3},"title":"Chascom\u00fas: La Patrulla de Prevenci\u00f3n Municipal recuper\u00f3 una moto de alta gama sustra\u00edda a un vecino","author":"Alejandro Sosa Ruda","date":"14 octubre, 2025","format":false,"excerpt":"Las tareas preventivas que se realizan de manera continua permitieron la r\u00e1pida recuperaci\u00f3n de varios motoveh\u00edculos en los \u00faltimos meses. 14 de Octubre de 2025 CHASCOM\u00daS -\u00a0 \u00a0Gracias al trabajo de los equipos de la Secretar\u00eda de Seguridad Ciudadana, una acci\u00f3n conjunta entre la Patrulla de Prevenci\u00f3n Municipal y el\u2026","rel":"","context":"En \u00abINTERES GENERAL\u00bb","block_context":{"text":"INTERES GENERAL","link":"https:\/\/larevistadigital.com.ar\/blog\/category\/interes-general\/"},"img":{"alt_text":"","src":"https:\/\/i0.wp.com\/larevistadigital.com.ar\/blog\/wp-content\/uploads\/68ee8572861ed.png?fit=668%2C445&ssl=1&resize=350%2C200","width":350,"height":200,"srcset":"https:\/\/i0.wp.com\/larevistadigital.com.ar\/blog\/wp-content\/uploads\/68ee8572861ed.png?fit=668%2C445&ssl=1&resize=350%2C200 1x, https:\/\/i0.wp.com\/larevistadigital.com.ar\/blog\/wp-content\/uploads\/68ee8572861ed.png?fit=668%2C445&ssl=1&resize=525%2C300 1.5x"},"classes":[]},{"id":43905,"url":"https:\/\/larevistadigital.com.ar\/blog\/chascomus-tres-hombres-aprehendidos-tras-una-persecucion-y-el-hallazgo-de-un-arma-de-fuego\/","url_meta":{"origin":35877,"position":4},"title":"Chascom\u00fas: Tres hombres aprehendidos tras una persecuci\u00f3n y el hallazgo de un arma de fuego","author":"Alejandro Sosa Ruda","date":"10 febrero, 2026","format":false,"excerpt":"El hecho se origin\u00f3 tras un alerta por maniobras imprudentes y consumo de alcohol en la v\u00eda p\u00fablica. Los ocupantes del veh\u00edculo huyeron a pie luego de abandonar el auto, donde la Polic\u00eda encontr\u00f3 un rev\u00f3lver con municiones. Clave trabajo conjunto de la Secretar\u00eda de Seguridad, la Patrulla de Prevenci\u00f3n\u2026","rel":"","context":"En \u00abDESTACADAS\u00bb","block_context":{"text":"DESTACADAS","link":"https:\/\/larevistadigital.com.ar\/blog\/category\/destacadas\/"},"img":{"alt_text":"","src":"https:\/\/i0.wp.com\/larevistadigital.com.ar\/blog\/wp-content\/uploads\/2-22.jpg?fit=900%2C886&ssl=1&resize=350%2C200","width":350,"height":200,"srcset":"https:\/\/i0.wp.com\/larevistadigital.com.ar\/blog\/wp-content\/uploads\/2-22.jpg?fit=900%2C886&ssl=1&resize=350%2C200 1x, https:\/\/i0.wp.com\/larevistadigital.com.ar\/blog\/wp-content\/uploads\/2-22.jpg?fit=900%2C886&ssl=1&resize=525%2C300 1.5x, https:\/\/i0.wp.com\/larevistadigital.com.ar\/blog\/wp-content\/uploads\/2-22.jpg?fit=900%2C886&ssl=1&resize=700%2C400 2x"},"classes":[]},{"id":29224,"url":"https:\/\/larevistadigital.com.ar\/blog\/chascomus-la-patrulla-rural-intercepto-cazadores-furtivos\/","url_meta":{"origin":35877,"position":5},"title":"CHASCOM\u00daS: LA PATRULLA RURAL INTERCEPT\u00d3 CAZADORES FURTIVOS","author":"Alejandro Sosa Ruda","date":"2 diciembre, 2022","format":false,"excerpt":"Los descubri\u00f3 mientras recorr\u00eda y hac\u00edan trabajos de prevenci\u00f3n. Los operativos vienen dando muy buenos resultados. 2 de diciembre de 2022 CHASCOM\u00daS -\u00a0\u00a0Durante la jornada de ayer, personal de la Patrulla Rural de Chascom\u00fas se encontraba realizando tareas de prevenci\u00f3n de delitos y faltas en todas sus gamas, y en\u2026","rel":"","context":"En \u00abDESTACADAS\u00bb","block_context":{"text":"DESTACADAS","link":"https:\/\/larevistadigital.com.ar\/blog\/category\/destacadas\/"},"img":{"alt_text":"","src":"https:\/\/i0.wp.com\/larevistadigital.com.ar\/blog\/wp-content\/uploads\/WhatsApp-Image-2022-12-01-at-22.53.12.jpeg?fit=1200%2C675&ssl=1&resize=350%2C200","width":350,"height":200,"srcset":"https:\/\/i0.wp.com\/larevistadigital.com.ar\/blog\/wp-content\/uploads\/WhatsApp-Image-2022-12-01-at-22.53.12.jpeg?fit=1200%2C675&ssl=1&resize=350%2C200 1x, https:\/\/i0.wp.com\/larevistadigital.com.ar\/blog\/wp-content\/uploads\/WhatsApp-Image-2022-12-01-at-22.53.12.jpeg?fit=1200%2C675&ssl=1&resize=525%2C300 1.5x, https:\/\/i0.wp.com\/larevistadigital.com.ar\/blog\/wp-content\/uploads\/WhatsApp-Image-2022-12-01-at-22.53.12.jpeg?fit=1200%2C675&ssl=1&resize=700%2C400 2x, https:\/\/i0.wp.com\/larevistadigital.com.ar\/blog\/wp-content\/uploads\/WhatsApp-Image-2022-12-01-at-22.53.12.jpeg?fit=1200%2C675&ssl=1&resize=1050%2C600 3x"},"classes":[]}],"_links":{"self":[{"href":"https:\/\/larevistadigital.com.ar\/blog\/wp-json\/wp\/v2\/posts\/35877","targetHints":{"allow":["GET"]}}],"collection":[{"href":"https:\/\/larevistadigital.com.ar\/blog\/wp-json\/wp\/v2\/posts"}],"about":[{"href":"https:\/\/larevistadigital.com.ar\/blog\/wp-json\/wp\/v2\/types\/post"}],"author":[{"embeddable":true,"href":"https:\/\/larevistadigital.com.ar\/blog\/wp-json\/wp\/v2\/users\/3"}],"replies":[{"embeddable":true,"href":"https:\/\/larevistadigital.com.ar\/blog\/wp-json\/wp\/v2\/comments?post=35877"}],"version-history":[{"count":1,"href":"https:\/\/larevistadigital.com.ar\/blog\/wp-json\/wp\/v2\/posts\/35877\/revisions"}],"predecessor-version":[{"id":35879,"href":"https:\/\/larevistadigital.com.ar\/blog\/wp-json\/wp\/v2\/posts\/35877\/revisions\/35879"}],"wp:featuredmedia":[{"embeddable":true,"href":"https:\/\/larevistadigital.com.ar\/blog\/wp-json\/wp\/v2\/media\/35878"}],"wp:attachment":[{"href":"https:\/\/larevistadigital.com.ar\/blog\/wp-json\/wp\/v2\/media?parent=35877"}],"wp:term":[{"taxonomy":"category","embeddable":true,"href":"https:\/\/larevistadigital.com.ar\/blog\/wp-json\/wp\/v2\/categories?post=35877"},{"taxonomy":"post_tag","embeddable":true,"href":"https:\/\/larevistadigital.com.ar\/blog\/wp-json\/wp\/v2\/tags?post=35877"}],"curies":[{"name":"wp","href":"https:\/\/api.w.org\/{rel}","templated":true}]}}