{"id":35880,"date":"2024-04-20T11:44:15","date_gmt":"2024-04-20T14:44:15","guid":{"rendered":"https:\/\/larevistadigital.com.ar\/blog\/?p=35880"},"modified":"2024-04-20T11:44:15","modified_gmt":"2024-04-20T14:44:15","slug":"acciones-para-regularizar-los-espacios-destinados-al-alquiler-turistico","status":"publish","type":"post","link":"https:\/\/larevistadigital.com.ar\/blog\/acciones-para-regularizar-los-espacios-destinados-al-alquiler-turistico\/","title":{"rendered":"ACCIONES PARA REGULARIZAR LOS ESPACIOS DESTINADOS AL ALQUILER TUR\u00cdSTICO"},"content":{"rendered":"<h2 class=\"notaIntro\"><em>El secretario de Desarrollo Tur\u00edstico, Productivo y Cultural, Pablo N\u00e1poli, se reuni\u00f3 con integrantes de la Comisi\u00f3n de Turismo de la C\u00e1mara de Comercio.<\/em><\/h2>\n<p>20 de abril de 2024<\/p>\n<p class=\"notaTexto\"><strong>CHASCOM\u00daS &#8211;<\/strong>\u00a0 En el encuentro, analizaron la importancia de contar con espacios debidamente habilitados para el alquiler tur\u00edstico y la necesidad de regularizar los ya existentes.<\/p>\n<blockquote>\n<h3 class=\"notaTexto\">En ese marco, se dialog\u00f3 sobre la difusi\u00f3n del sello de \u00abEstablecimiento Habilitado\u00bb, propuesta de la Comisi\u00f3n de Turismo, de la C\u00e1mara de Comercio, que fue acompa\u00f1ada por la Municipalidad y, en este sentido, se acordaron pr\u00f3ximas acciones de colaboraci\u00f3n a seguir.<\/h3>\n<\/blockquote>\n<p class=\"notaTexto\">El objetivo principal de esta acci\u00f3n es invitar a los establecimientos a regularizar su situaci\u00f3n y resaltar los beneficios legales y de seguridad que implica el trabajo dentro del marco legal; como as\u00ed tambi\u00e9n los beneficios en funci\u00f3n de la promoci\u00f3n tur\u00edstica y el trabajo conjunto que realiza la direcci\u00f3n de Turismo con los prestadores, en cuanto a las reservas y disponibilidad, informaci\u00f3n, propuestas culturales, deportivas y tur\u00edsticas, entre otras.<\/p>\n<p class=\"notaTexto\">Adem\u00e1s, se busca brindar informaci\u00f3n clara y precisa a los turistas sobre las caracter\u00edsticas de los alojamientos que contratan y sobre los servicios que pueden esperar.<\/p>\n","protected":false},"excerpt":{"rendered":"<div class=\"mh-excerpt\"><p>El secretario de Desarrollo Tur\u00edstico, Productivo y Cultural, Pablo N\u00e1poli, se reuni\u00f3 con integrantes de la Comisi\u00f3n de Turismo de la C\u00e1mara de Comercio. 20 de abril de 2024 CHASCOM\u00daS &#8211;\u00a0 En el encuentro, analizaron <a class=\"mh-excerpt-more\" href=\"https:\/\/larevistadigital.com.ar\/blog\/acciones-para-regularizar-los-espacios-destinados-al-alquiler-turistico\/\" title=\"ACCIONES PARA REGULARIZAR LOS ESPACIOS DESTINADOS AL ALQUILER TUR\u00cdSTICO\">[Leer M\u00e1s]<\/a><\/p>\n<\/div>","protected":false},"author":3,"featured_media":35881,"comment_status":"open","ping_status":"open","sticky":false,"template":"","format":"standard","meta":{"_jetpack_memberships_contains_paid_content":false,"footnotes":"","jetpack_publicize_message":"","jetpack_publicize_feature_enabled":true,"jetpack_social_post_already_shared":true,"jetpack_social_options":{"image_generator_settings":{"template":"highway","default_image_id":0,"font":"","enabled":false},"version":2}},"categories":[50,23],"tags":[],"class_list":{"0":"post-35880","1":"post","2":"type-post","3":"status-publish","4":"format-standard","5":"has-post-thumbnail","7":"category-interes-general","8":"category-politica-local"},"jetpack_publicize_connections":[],"jetpack_featured_media_url":"https:\/\/i0.wp.com\/larevistadigital.com.ar\/blog\/wp-content\/uploads\/2024_04_20_02_07_01_4141231.jpg?fit=600%2C400&ssl=1","jetpack_sharing_enabled":true,"jetpack_shortlink":"https:\/\/wp.me\/p8qtrQ-9kI","jetpack-related-posts":[{"id":42066,"url":"https:\/\/larevistadigital.com.ar\/blog\/chascomus-operativo-para-regularizar-complejos-turisticos-sin-habilitacion\/","url_meta":{"origin":35880,"position":0},"title":"Chascom\u00fas: Operativo para regularizar complejos tur\u00edsticos sin habilitaci\u00f3n","author":"Alejandro Sosa Ruda","date":"17 octubre, 2025","format":false,"excerpt":"La actividad tur\u00edstica debe contar con la autorizaci\u00f3n municipal, tanto por razones legales como de seguridad y control sanitario. La Municipalidad de Chascom\u00fas lleva adelante tareas de relevamiento destinadas a regularizar los establecimientos y viviendas que funcionan como alojamientos tur\u00edsticos en la ciudad. En ese marco, el pasado fin de\u2026","rel":"","context":"En \u00abCHASCOM\u00daS\u00bb","block_context":{"text":"CHASCOM\u00daS","link":"https:\/\/larevistadigital.com.ar\/blog\/category\/chascomus\/"},"img":{"alt_text":"","src":"https:\/\/i0.wp.com\/larevistadigital.com.ar\/blog\/wp-content\/uploads\/68f26bfa347a4.png?fit=668%2C445&ssl=1&resize=350%2C200","width":350,"height":200,"srcset":"https:\/\/i0.wp.com\/larevistadigital.com.ar\/blog\/wp-content\/uploads\/68f26bfa347a4.png?fit=668%2C445&ssl=1&resize=350%2C200 1x, https:\/\/i0.wp.com\/larevistadigital.com.ar\/blog\/wp-content\/uploads\/68f26bfa347a4.png?fit=668%2C445&ssl=1&resize=525%2C300 1.5x"},"classes":[]},{"id":43807,"url":"https:\/\/larevistadigital.com.ar\/blog\/turismo-avanza-en-gestiones-con-la-plataforma-booking-para-ordenar-la-oferta-de-alojamientos\/","url_meta":{"origin":35880,"position":1},"title":"Turismo avanza en gestiones con la plataforma Booking para ordenar la oferta de alojamientos","author":"Alejandro Sosa Ruda","date":"5 febrero, 2026","format":false,"excerpt":"La Municipalidad, junto a la Subcomisi\u00f3n de Turismo de la C\u00e1mara de Comercio, trabaja con Booking para dar de baja publicaciones sin habilitaci\u00f3n vigente y actualizar informaci\u00f3n de establecimientos que deben regularizar su situaci\u00f3n. 05 De febrero de 2026 CHASCOM\u00daS -\u00a0 \u00a0 La Secretar\u00eda de Turismo, Deportes y Cultura de\u2026","rel":"","context":"En \u00abCHASCOM\u00daS\u00bb","block_context":{"text":"CHASCOM\u00daS","link":"https:\/\/larevistadigital.com.ar\/blog\/category\/chascomus\/"},"img":{"alt_text":"","src":"https:\/\/i0.wp.com\/larevistadigital.com.ar\/blog\/wp-content\/uploads\/6984d5c4298bd.png?fit=668%2C445&ssl=1&resize=350%2C200","width":350,"height":200,"srcset":"https:\/\/i0.wp.com\/larevistadigital.com.ar\/blog\/wp-content\/uploads\/6984d5c4298bd.png?fit=668%2C445&ssl=1&resize=350%2C200 1x, https:\/\/i0.wp.com\/larevistadigital.com.ar\/blog\/wp-content\/uploads\/6984d5c4298bd.png?fit=668%2C445&ssl=1&resize=525%2C300 1.5x"},"classes":[]},{"id":27314,"url":"https:\/\/larevistadigital.com.ar\/blog\/chascomus-la-camara-de-comercio-trabaja-con-privados-y-autoridades-en-transformar-a-la-ciudad-en-un-destino-turistico-inteligente\/","url_meta":{"origin":35880,"position":2},"title":"CHASCOM\u00daS: LA C\u00c1MARA DE COMERCIO TRABAJA CON PRIVADOS Y AUTORIDADES EN TRANSFORMAR A LA CIUDAD EN UN \u00abDESTINO TUR\u00cdSTICO INTELIGENTE\u00bb","author":"Alejandro Sosa Ruda","date":"25 agosto, 2022","format":false,"excerpt":"Lo explic\u00f3 en una interesante nota en la FM Por Siempre (97.3) Ernesto Clap, integrante de la sub comisi\u00f3n de la c\u00e1mara de comercio de Chascom\u00fas, en la ma\u00f1ana de FM por siempre 97.3 hizo menci\u00f3n que se est\u00e1 trabajando para transformar a Chascom\u00fas en un destino tur\u00edstico inteligente. En\u2026","rel":"","context":"En \u00abINTERES GENERAL\u00bb","block_context":{"text":"INTERES GENERAL","link":"https:\/\/larevistadigital.com.ar\/blog\/category\/interes-general\/"},"img":{"alt_text":"","src":"https:\/\/i0.wp.com\/larevistadigital.com.ar\/blog\/wp-content\/uploads\/Captura-de-pantalla-2022-08-25-193115.png?fit=707%2C395&ssl=1&resize=350%2C200","width":350,"height":200,"srcset":"https:\/\/i0.wp.com\/larevistadigital.com.ar\/blog\/wp-content\/uploads\/Captura-de-pantalla-2022-08-25-193115.png?fit=707%2C395&ssl=1&resize=350%2C200 1x, https:\/\/i0.wp.com\/larevistadigital.com.ar\/blog\/wp-content\/uploads\/Captura-de-pantalla-2022-08-25-193115.png?fit=707%2C395&ssl=1&resize=525%2C300 1.5x, https:\/\/i0.wp.com\/larevistadigital.com.ar\/blog\/wp-content\/uploads\/Captura-de-pantalla-2022-08-25-193115.png?fit=707%2C395&ssl=1&resize=700%2C400 2x"},"classes":[]},{"id":39775,"url":"https:\/\/larevistadigital.com.ar\/blog\/chascomus-relevamiento-para-regularizar-alojamientos-turisticos\/","url_meta":{"origin":35880,"position":3},"title":"Chascom\u00fas: Relevamiento para regularizar alojamientos tur\u00edsticos","author":"Alejandro Sosa Ruda","date":"16 mayo, 2025","format":false,"excerpt":"La Municipalidad de Chascom\u00fas inici\u00f3 esta semana un relevamiento destinado a regularizar los establecimientos y viviendas que funcionan como alojamientos tur\u00edsticos en la ciudad. 16 de Mayo de 2025 CHASCOM\u00daS -\u00a0 La medida, a cargo del \u00e1rea de Turismo y Producci\u00f3n municipal, se inici\u00f3 en el barrio Lomas Altas y\u2026","rel":"","context":"En \u00abCHASCOM\u00daS\u00bb","block_context":{"text":"CHASCOM\u00daS","link":"https:\/\/larevistadigital.com.ar\/blog\/category\/chascomus\/"},"img":{"alt_text":"","src":"https:\/\/i0.wp.com\/larevistadigital.com.ar\/blog\/wp-content\/uploads\/6826296230687.png?fit=668%2C445&ssl=1&resize=350%2C200","width":350,"height":200,"srcset":"https:\/\/i0.wp.com\/larevistadigital.com.ar\/blog\/wp-content\/uploads\/6826296230687.png?fit=668%2C445&ssl=1&resize=350%2C200 1x, https:\/\/i0.wp.com\/larevistadigital.com.ar\/blog\/wp-content\/uploads\/6826296230687.png?fit=668%2C445&ssl=1&resize=525%2C300 1.5x"},"classes":[]},{"id":4057,"url":"https:\/\/larevistadigital.com.ar\/blog\/reunion-la-comision-turismo-la-camara-comercio-local\/","url_meta":{"origin":35880,"position":4},"title":"Reuni\u00f3n de la Comisi\u00f3n de turismo de la C\u00e1mara de Comercio local","author":"admin","date":"27 noviembre, 2017","format":false,"excerpt":"Hoy a las 19 horas La comisi\u00f3n de turismo de la C\u00e1mara de Comercio de Chascom\u00fas, mantendr\u00e1 una nueva reuni\u00f3n hoy, a partir de las 20 horas, en la sede de Alvear y Soler. De acuerdo a lo que este diario pudo conocer, en el temario del encuentro est\u00e1 previsto\u2026","rel":"","context":"En \u00abCHASCOM\u00daS\u00bb","block_context":{"text":"CHASCOM\u00daS","link":"https:\/\/larevistadigital.com.ar\/blog\/category\/chascomus\/"},"img":{"alt_text":"","src":"https:\/\/i0.wp.com\/larevistadigital.com.ar\/blog\/wp-content\/uploads\/2017\/11\/CAMARA.jpg?fit=737%2C415&ssl=1&resize=350%2C200","width":350,"height":200,"srcset":"https:\/\/i0.wp.com\/larevistadigital.com.ar\/blog\/wp-content\/uploads\/2017\/11\/CAMARA.jpg?fit=737%2C415&ssl=1&resize=350%2C200 1x, https:\/\/i0.wp.com\/larevistadigital.com.ar\/blog\/wp-content\/uploads\/2017\/11\/CAMARA.jpg?fit=737%2C415&ssl=1&resize=525%2C300 1.5x, https:\/\/i0.wp.com\/larevistadigital.com.ar\/blog\/wp-content\/uploads\/2017\/11\/CAMARA.jpg?fit=737%2C415&ssl=1&resize=700%2C400 2x"},"classes":[]},{"id":41746,"url":"https:\/\/larevistadigital.com.ar\/blog\/chascomus-reunion-de-autoridades-municipales-con-la-subcomision-de-turismo-de-la-camara-de-comercio\/","url_meta":{"origin":35880,"position":5},"title":"Chascom\u00fas: Reuni\u00f3n de autoridades municipales con la Subcomisi\u00f3n de Turismo de la C\u00e1mara de Comercio","author":"Alejandro Sosa Ruda","date":"3 octubre, 2025","format":false,"excerpt":"Se trataron temas vinculados a habilitaciones, fiestas populares y la pr\u00f3xima temporada de verano CHASCOM\u00daS -\u00a0 \u00a0El secretario de Gobierno, Cipriano P\u00e9rez del Cerro, y la subsecretaria de Desarrollo Tur\u00edstico y Productivo, Jimena Arano, mantuvieron un encuentro de trabajo con integrantes de la Subcomisi\u00f3n de Turismo de la C\u00e1mara de\u2026","rel":"","context":"En \u00abCHASCOM\u00daS\u00bb","block_context":{"text":"CHASCOM\u00daS","link":"https:\/\/larevistadigital.com.ar\/blog\/category\/chascomus\/"},"img":{"alt_text":"","src":"https:\/\/i0.wp.com\/larevistadigital.com.ar\/blog\/wp-content\/uploads\/68e012b984735.png?fit=668%2C445&ssl=1&resize=350%2C200","width":350,"height":200,"srcset":"https:\/\/i0.wp.com\/larevistadigital.com.ar\/blog\/wp-content\/uploads\/68e012b984735.png?fit=668%2C445&ssl=1&resize=350%2C200 1x, https:\/\/i0.wp.com\/larevistadigital.com.ar\/blog\/wp-content\/uploads\/68e012b984735.png?fit=668%2C445&ssl=1&resize=525%2C300 1.5x"},"classes":[]}],"_links":{"self":[{"href":"https:\/\/larevistadigital.com.ar\/blog\/wp-json\/wp\/v2\/posts\/35880","targetHints":{"allow":["GET"]}}],"collection":[{"href":"https:\/\/larevistadigital.com.ar\/blog\/wp-json\/wp\/v2\/posts"}],"about":[{"href":"https:\/\/larevistadigital.com.ar\/blog\/wp-json\/wp\/v2\/types\/post"}],"author":[{"embeddable":true,"href":"https:\/\/larevistadigital.com.ar\/blog\/wp-json\/wp\/v2\/users\/3"}],"replies":[{"embeddable":true,"href":"https:\/\/larevistadigital.com.ar\/blog\/wp-json\/wp\/v2\/comments?post=35880"}],"version-history":[{"count":1,"href":"https:\/\/larevistadigital.com.ar\/blog\/wp-json\/wp\/v2\/posts\/35880\/revisions"}],"predecessor-version":[{"id":35882,"href":"https:\/\/larevistadigital.com.ar\/blog\/wp-json\/wp\/v2\/posts\/35880\/revisions\/35882"}],"wp:featuredmedia":[{"embeddable":true,"href":"https:\/\/larevistadigital.com.ar\/blog\/wp-json\/wp\/v2\/media\/35881"}],"wp:attachment":[{"href":"https:\/\/larevistadigital.com.ar\/blog\/wp-json\/wp\/v2\/media?parent=35880"}],"wp:term":[{"taxonomy":"category","embeddable":true,"href":"https:\/\/larevistadigital.com.ar\/blog\/wp-json\/wp\/v2\/categories?post=35880"},{"taxonomy":"post_tag","embeddable":true,"href":"https:\/\/larevistadigital.com.ar\/blog\/wp-json\/wp\/v2\/tags?post=35880"}],"curies":[{"name":"wp","href":"https:\/\/api.w.org\/{rel}","templated":true}]}}