{"id":35891,"date":"2024-04-23T18:24:19","date_gmt":"2024-04-23T21:24:19","guid":{"rendered":"https:\/\/larevistadigital.com.ar\/blog\/?p=35891"},"modified":"2024-04-23T18:24:19","modified_gmt":"2024-04-23T21:24:19","slug":"mar-chiquita-el-gobernador-kicillof-encabezara-un-homenaje-al-intendente-de-jesus","status":"publish","type":"post","link":"https:\/\/larevistadigital.com.ar\/blog\/mar-chiquita-el-gobernador-kicillof-encabezara-un-homenaje-al-intendente-de-jesus\/","title":{"rendered":"MAR CHIQUITA: EL GOBERNADOR KICILLOF ENCABEZAR\u00c1 UN HOMENAJE AL INTENDENTE DE JES\u00daS"},"content":{"rendered":"<h2 class=\"nota__hero__summary\">El homenaje al jefe comunal costero en tributo a \u201cgran trayectoria e historia\u201d se realizar\u00e1 este viernes en Santa Clara del Mar.<\/h2>\n<p>23 de abril de 2024<\/p>\n<p><strong>BUENOS AIRES &#8211;\u00a0<\/strong> Este viernes 26 de abril, en el Polideportivo de Santa Clara del Mar, en el partido de Mar Chiquita, el gobernador <strong>Axel Kicillof<\/strong> liderar\u00e1 un emotivo tributo al intendente <strong>Juan de Jes\u00fas<\/strong>, quien est\u00e1 sirviendo en su quinto mandato en el Partido de La Costa. Los anfitriones de este significativo evento ser\u00e1n <strong>Jorge Paredi<\/strong>, ex intendente y actual funcionario provincial, junto a <strong>Walter Wischnivetzky<\/strong>, el actual alcalde de Mar Chiquita.<\/p>\n<blockquote>\n<h3>El <strong>Dr. Juan de Jes\u00fas<\/strong> se erige como uno de los pilares pol\u00edticos m\u00e1s destacados de la provincia de Buenos Aires. Con formaci\u00f3n en medicina pedi\u00e1trica y cirug\u00eda, fue elegido como intendente por primera vez en 1983, durante el retorno de la democracia en Argentina, coincidiendo con los mandatos de <strong>Ra\u00fal Alfons\u00edn<\/strong> como presidente y <strong>Alejandro Armend\u00e1riz<\/strong> como gobernador.<\/h3>\n<\/blockquote>\n<p>Desde entonces, <strong>De Jes\u00fas<\/strong> ha ocupado el cargo de intendente durante tres mandatos hasta 1995, retomando la funci\u00f3n en 2003, coincidiendo con la presidencia de <strong>N\u00e9stor Kirchner<\/strong>. Tras un per\u00edodo como diputado provincial entre 2007 y 2011, fue nuevamente elegido como intendente en el Partido de La Costa en 2023, asumiendo as\u00ed su quinto mandato.<\/p>\n<blockquote>\n<h3>En reconocimiento a su sobresaliente trayectoria y legado, se llevar\u00e1 a cabo un homenaje en su honor, liderado por el gobernador Axel Kicillof, y con la participaci\u00f3n de ministros provinciales, intendentes de todas las secciones electorales y destacados l\u00edderes pol\u00edticos de la regi\u00f3n.<\/h3>\n<\/blockquote>\n<p>El evento se llevar\u00e1 a cabo en el Polideportivo de Santa Clara del Mar, situado en el Parque Municipal \u00abEl Diego\u00bb, este viernes a las 15:00 horas. Como parte de la ceremonia, se proyectar\u00e1 el documental \u00ab40 a\u00f1os de democracia &#8211; Retrato de un l\u00edder extraordinario\u00bb, que ofrece un recorrido a trav\u00e9s de registros y archivos audiovisuales que abarcan desde 1983 hasta la actualidad, en un homenaje a su notable trayectoria. de 1983 a la fecha.<\/p>\n<p>fuente: entrel\u00edneas.info<\/p>\n","protected":false},"excerpt":{"rendered":"<div class=\"mh-excerpt\"><p>El homenaje al jefe comunal costero en tributo a \u201cgran trayectoria e historia\u201d se realizar\u00e1 este viernes en Santa Clara del Mar. 23 de abril de 2024 BUENOS AIRES &#8211;\u00a0 Este viernes 26 de abril, <a class=\"mh-excerpt-more\" href=\"https:\/\/larevistadigital.com.ar\/blog\/mar-chiquita-el-gobernador-kicillof-encabezara-un-homenaje-al-intendente-de-jesus\/\" title=\"MAR CHIQUITA: EL GOBERNADOR KICILLOF ENCABEZAR\u00c1 UN HOMENAJE AL INTENDENTE DE JES\u00daS\">[Leer M\u00e1s]<\/a><\/p>\n<\/div>","protected":false},"author":3,"featured_media":35892,"comment_status":"open","ping_status":"open","sticky":false,"template":"","format":"standard","meta":{"_jetpack_memberships_contains_paid_content":false,"footnotes":"","jetpack_publicize_message":"","jetpack_publicize_feature_enabled":true,"jetpack_social_post_already_shared":true,"jetpack_social_options":{"image_generator_settings":{"template":"highway","default_image_id":0,"font":"","enabled":false},"version":2}},"categories":[24,51],"tags":[],"class_list":{"0":"post-35891","1":"post","2":"type-post","3":"status-publish","4":"format-standard","5":"has-post-thumbnail","7":"category-politica-provincial","8":"category-regionales"},"jetpack_publicize_connections":[],"jetpack_featured_media_url":"https:\/\/i0.wp.com\/larevistadigital.com.ar\/blog\/wp-content\/uploads\/c09eba161dea879b091ac283ea7eb1f728f66301.jpg?fit=1140%2C714&ssl=1","jetpack_sharing_enabled":true,"jetpack_shortlink":"https:\/\/wp.me\/p8qtrQ-9kT","jetpack-related-posts":[{"id":35929,"url":"https:\/\/larevistadigital.com.ar\/blog\/kicillof-inauguro-la-ampliacion-de-la-escuela-primaria-n-12-de-mar-chiquita\/","url_meta":{"origin":35891,"position":0},"title":"KICILLOF INAUGUR\u00d3 LA AMPLIACI\u00d3N DE LA ESCUELA PRIMARIA N\u00b0 12 DE MAR CHIQUITA","author":"Alejandro Sosa Ruda","date":"27 abril, 2024","format":false,"excerpt":"A partir de una inversi\u00f3n de $51 millones, se sumaron 340 metros cuadrados con salas de direcci\u00f3n y de maestros, cocina, biblioteca, aulas, sala de inform\u00e1tica y SUM. 27 de abril de 2024 MAR CHIQUITA - El gobernador de la provincia de Buenos Aires, Axel Kicillof, encabez\u00f3 este viernes la\u2026","rel":"","context":"En \u00abINTERES GENERAL\u00bb","block_context":{"text":"INTERES GENERAL","link":"https:\/\/larevistadigital.com.ar\/blog\/category\/interes-general\/"},"img":{"alt_text":"","src":"https:\/\/i0.wp.com\/larevistadigital.com.ar\/blog\/wp-content\/uploads\/Axel-Kicillof_23.jpg?fit=743%2C530&ssl=1&resize=350%2C200","width":350,"height":200,"srcset":"https:\/\/i0.wp.com\/larevistadigital.com.ar\/blog\/wp-content\/uploads\/Axel-Kicillof_23.jpg?fit=743%2C530&ssl=1&resize=350%2C200 1x, https:\/\/i0.wp.com\/larevistadigital.com.ar\/blog\/wp-content\/uploads\/Axel-Kicillof_23.jpg?fit=743%2C530&ssl=1&resize=525%2C300 1.5x, https:\/\/i0.wp.com\/larevistadigital.com.ar\/blog\/wp-content\/uploads\/Axel-Kicillof_23.jpg?fit=743%2C530&ssl=1&resize=700%2C400 2x"},"classes":[]},{"id":31043,"url":"https:\/\/larevistadigital.com.ar\/blog\/kicillof-aseguro-que-lo-que-le-hace-falta-a-mar-del-plata-es-que-la-gobiernen-como-corresponde\/","url_meta":{"origin":35891,"position":1},"title":"KICILLOF ASEGUR\u00d3 QUE \u00abLO QUE LE HACE FALTA A MAR DEL PLATA, ES QUE LA GOBIERNEN COMO CORRESPONDE\u00bb","author":"Alejandro Sosa Ruda","date":"14 abril, 2023","format":false,"excerpt":"El gobernador de la Provincia de Buenos Aires, Axel Kicillof, cuestion\u00f3 la gesti\u00f3n del intendente de Mar del Plata, Guillermo Montenegro, afirmando que a la ciudad \"le falta que la gobiernen como corresponde\". Kicillof respald\u00f3 la candidatura de Fernanda Raverta, quien lo acompa\u00f1\u00f3 en el cierre del Congreso Provincial de\u2026","rel":"","context":"En \u00abPOLITICA PROVINCIAL\u00bb","block_context":{"text":"POLITICA PROVINCIAL","link":"https:\/\/larevistadigital.com.ar\/blog\/category\/politica\/politica-provincial\/"},"img":{"alt_text":"","src":"https:\/\/i0.wp.com\/larevistadigital.com.ar\/blog\/wp-content\/uploads\/Captura-de-pantalla-2023-04-14-191119.png?fit=798%2C471&ssl=1&resize=350%2C200","width":350,"height":200,"srcset":"https:\/\/i0.wp.com\/larevistadigital.com.ar\/blog\/wp-content\/uploads\/Captura-de-pantalla-2023-04-14-191119.png?fit=798%2C471&ssl=1&resize=350%2C200 1x, https:\/\/i0.wp.com\/larevistadigital.com.ar\/blog\/wp-content\/uploads\/Captura-de-pantalla-2023-04-14-191119.png?fit=798%2C471&ssl=1&resize=525%2C300 1.5x, https:\/\/i0.wp.com\/larevistadigital.com.ar\/blog\/wp-content\/uploads\/Captura-de-pantalla-2023-04-14-191119.png?fit=798%2C471&ssl=1&resize=700%2C400 2x"},"classes":[]},{"id":41029,"url":"https:\/\/larevistadigital.com.ar\/blog\/kicillof-inauguro-un-nuevo-tramo-de-las-obras-sobre-la-ruta-provincial-n11\/","url_meta":{"origin":35891,"position":2},"title":"Kicillof inaugur\u00f3 un nuevo tramo de las obras sobre la Ruta Provincial N\u00b011","author":"Alejandro Sosa Ruda","date":"22 agosto, 2025","format":false,"excerpt":"Fue junto al intendente local, Gustavo Barrera, con quien adem\u00e1s puso en funcionamiento el nuevo edificio de la cancha de hockey municipal. 22 De Agosto de 2025 VILLA GESELL\u00a0 -\u00a0 \u00a0El gobernador de la provincia de Buenos Aires, Axel Kicillof, encabez\u00f3 este mi\u00e9rcoles junto al intendente de Villa Gesell, Gustavo\u2026","rel":"","context":"En \u00abPOLITICA PROVINCIAL\u00bb","block_context":{"text":"POLITICA PROVINCIAL","link":"https:\/\/larevistadigital.com.ar\/blog\/category\/politica\/politica-provincial\/"},"img":{"alt_text":"","src":"https:\/\/i0.wp.com\/larevistadigital.com.ar\/blog\/wp-content\/uploads\/Axel-Kicillof_131.jpg?fit=743%2C530&ssl=1&resize=350%2C200","width":350,"height":200,"srcset":"https:\/\/i0.wp.com\/larevistadigital.com.ar\/blog\/wp-content\/uploads\/Axel-Kicillof_131.jpg?fit=743%2C530&ssl=1&resize=350%2C200 1x, https:\/\/i0.wp.com\/larevistadigital.com.ar\/blog\/wp-content\/uploads\/Axel-Kicillof_131.jpg?fit=743%2C530&ssl=1&resize=525%2C300 1.5x, https:\/\/i0.wp.com\/larevistadigital.com.ar\/blog\/wp-content\/uploads\/Axel-Kicillof_131.jpg?fit=743%2C530&ssl=1&resize=700%2C400 2x"},"classes":[]},{"id":33553,"url":"https:\/\/larevistadigital.com.ar\/blog\/el-gobernador-axel-kicillof-dio-luz-verde-para-el-comienzo-de-las-obras-de-la-doble-via-entre-villa-gesell-y-mar-chiquita\/","url_meta":{"origin":35891,"position":3},"title":"EL GOBERNADOR AXEL KICILLOF DI\u00d3 LUZ VERDE PARA EL COMIENZO DE LAS OBRAS  DE LA DOBLE V\u00cdA ENTRE VILLA GESELL Y MAR CHIQUITA","author":"Alejandro Sosa Ruda","date":"23 septiembre, 2023","format":false,"excerpt":"La inversi\u00f3n ser\u00e1 de U$S 130 millones. Esto implica un gran beneficio para la Costa Atl\u00e1ntica. 23 de Septiembre de 2023 El Gobernador de la Provincia de Buenos Aires, Axel Kicillof, firm\u00f3 la adjudicaci\u00f3n de la obra de pavimentaci\u00f3n de calzada que permitir\u00e1\u00a0transformar en autov\u00eda la ruta provincial N\u00b0 11,\u2026","rel":"","context":"En \u00abPOLITICA PROVINCIAL\u00bb","block_context":{"text":"POLITICA PROVINCIAL","link":"https:\/\/larevistadigital.com.ar\/blog\/category\/politica\/politica-provincial\/"},"img":{"alt_text":"","src":"https:\/\/i0.wp.com\/larevistadigital.com.ar\/blog\/wp-content\/uploads\/a50c58ea3c3609e49da0d7f34202dde81b39039f.jpg?fit=1140%2C760&ssl=1&resize=350%2C200","width":350,"height":200,"srcset":"https:\/\/i0.wp.com\/larevistadigital.com.ar\/blog\/wp-content\/uploads\/a50c58ea3c3609e49da0d7f34202dde81b39039f.jpg?fit=1140%2C760&ssl=1&resize=350%2C200 1x, https:\/\/i0.wp.com\/larevistadigital.com.ar\/blog\/wp-content\/uploads\/a50c58ea3c3609e49da0d7f34202dde81b39039f.jpg?fit=1140%2C760&ssl=1&resize=525%2C300 1.5x, https:\/\/i0.wp.com\/larevistadigital.com.ar\/blog\/wp-content\/uploads\/a50c58ea3c3609e49da0d7f34202dde81b39039f.jpg?fit=1140%2C760&ssl=1&resize=700%2C400 2x, https:\/\/i0.wp.com\/larevistadigital.com.ar\/blog\/wp-content\/uploads\/a50c58ea3c3609e49da0d7f34202dde81b39039f.jpg?fit=1140%2C760&ssl=1&resize=1050%2C600 3x"},"classes":[]},{"id":41894,"url":"https:\/\/larevistadigital.com.ar\/blog\/jorge-taiana-en-mar-chiquita-aseguro-que-milei-ya-fracaso\/","url_meta":{"origin":35891,"position":4},"title":"Jorge Taiana en Mar Chiquita asegur\u00f3 que \u00abMilei ya fracas\u00f3\u00bb","author":"Alejandro Sosa Ruda","date":"12 octubre, 2025","format":false,"excerpt":"El candidato a diputado nacional por Fuerza Patria encabez\u00f3 un acto junto a Jorge Paredi y Jimena L\u00f3pez, en el marco del ciclo \u201cPeronistas con Historia\u201d. 12 de Octubre de 2025 Mar Chiquita.- BUENOS AIRES-\u00a0 \u00a0Durante un encuentro en el Centro Cultural de Santa Clara del Mar, el primer candidato\u2026","rel":"","context":"En \u00abPOLITICA PROVINCIAL\u00bb","block_context":{"text":"POLITICA PROVINCIAL","link":"https:\/\/larevistadigital.com.ar\/blog\/category\/politica\/politica-provincial\/"},"img":{"alt_text":"","src":"https:\/\/i0.wp.com\/larevistadigital.com.ar\/blog\/wp-content\/uploads\/4eb65d6be2e2083c8a0472ccbe0bc1e6e6b04463.jpg?fit=1140%2C760&ssl=1&resize=350%2C200","width":350,"height":200,"srcset":"https:\/\/i0.wp.com\/larevistadigital.com.ar\/blog\/wp-content\/uploads\/4eb65d6be2e2083c8a0472ccbe0bc1e6e6b04463.jpg?fit=1140%2C760&ssl=1&resize=350%2C200 1x, https:\/\/i0.wp.com\/larevistadigital.com.ar\/blog\/wp-content\/uploads\/4eb65d6be2e2083c8a0472ccbe0bc1e6e6b04463.jpg?fit=1140%2C760&ssl=1&resize=525%2C300 1.5x, https:\/\/i0.wp.com\/larevistadigital.com.ar\/blog\/wp-content\/uploads\/4eb65d6be2e2083c8a0472ccbe0bc1e6e6b04463.jpg?fit=1140%2C760&ssl=1&resize=700%2C400 2x, https:\/\/i0.wp.com\/larevistadigital.com.ar\/blog\/wp-content\/uploads\/4eb65d6be2e2083c8a0472ccbe0bc1e6e6b04463.jpg?fit=1140%2C760&ssl=1&resize=1050%2C600 3x"},"classes":[]},{"id":23126,"url":"https:\/\/larevistadigital.com.ar\/blog\/atropellan-en-mar-del-plata-al-intendente-de-mar-chiquita-sufrio-una-fractura\/","url_meta":{"origin":35891,"position":5},"title":"ATROPELLAN EN MAR DEL PLATA AL INTENDENTE DE MAR CHIQUITA: SUFRI\u00d3 UNA FRACTURA","author":"Alejandro Sosa Ruda","date":"1 enero, 2022","format":false,"excerpt":"El jefe comunal Jorge Paredi fue golpeado por un autom\u00f3vil y sufri\u00f3 la fractura del platillo tibial exterior de su rodilla izquierda. El intendente del Partido de Mar Chiquita, Jorge Paredi, fue atropellado levemente por un autom\u00f3vil ayer por la tarde en la ciudad de Mar del Plata por lo\u2026","rel":"","context":"En \u00abREGIONALES\u00bb","block_context":{"text":"REGIONALES","link":"https:\/\/larevistadigital.com.ar\/blog\/category\/regionales\/"},"img":{"alt_text":"","src":"https:\/\/i0.wp.com\/larevistadigital.com.ar\/blog\/wp-content\/uploads\/El-intendente-Jorge-Paredi-guarda-reposo-en-su-casa-768x510-1.jpg?fit=768%2C510&ssl=1&resize=350%2C200","width":350,"height":200,"srcset":"https:\/\/i0.wp.com\/larevistadigital.com.ar\/blog\/wp-content\/uploads\/El-intendente-Jorge-Paredi-guarda-reposo-en-su-casa-768x510-1.jpg?fit=768%2C510&ssl=1&resize=350%2C200 1x, https:\/\/i0.wp.com\/larevistadigital.com.ar\/blog\/wp-content\/uploads\/El-intendente-Jorge-Paredi-guarda-reposo-en-su-casa-768x510-1.jpg?fit=768%2C510&ssl=1&resize=525%2C300 1.5x, https:\/\/i0.wp.com\/larevistadigital.com.ar\/blog\/wp-content\/uploads\/El-intendente-Jorge-Paredi-guarda-reposo-en-su-casa-768x510-1.jpg?fit=768%2C510&ssl=1&resize=700%2C400 2x"},"classes":[]}],"_links":{"self":[{"href":"https:\/\/larevistadigital.com.ar\/blog\/wp-json\/wp\/v2\/posts\/35891","targetHints":{"allow":["GET"]}}],"collection":[{"href":"https:\/\/larevistadigital.com.ar\/blog\/wp-json\/wp\/v2\/posts"}],"about":[{"href":"https:\/\/larevistadigital.com.ar\/blog\/wp-json\/wp\/v2\/types\/post"}],"author":[{"embeddable":true,"href":"https:\/\/larevistadigital.com.ar\/blog\/wp-json\/wp\/v2\/users\/3"}],"replies":[{"embeddable":true,"href":"https:\/\/larevistadigital.com.ar\/blog\/wp-json\/wp\/v2\/comments?post=35891"}],"version-history":[{"count":1,"href":"https:\/\/larevistadigital.com.ar\/blog\/wp-json\/wp\/v2\/posts\/35891\/revisions"}],"predecessor-version":[{"id":35893,"href":"https:\/\/larevistadigital.com.ar\/blog\/wp-json\/wp\/v2\/posts\/35891\/revisions\/35893"}],"wp:featuredmedia":[{"embeddable":true,"href":"https:\/\/larevistadigital.com.ar\/blog\/wp-json\/wp\/v2\/media\/35892"}],"wp:attachment":[{"href":"https:\/\/larevistadigital.com.ar\/blog\/wp-json\/wp\/v2\/media?parent=35891"}],"wp:term":[{"taxonomy":"category","embeddable":true,"href":"https:\/\/larevistadigital.com.ar\/blog\/wp-json\/wp\/v2\/categories?post=35891"},{"taxonomy":"post_tag","embeddable":true,"href":"https:\/\/larevistadigital.com.ar\/blog\/wp-json\/wp\/v2\/tags?post=35891"}],"curies":[{"name":"wp","href":"https:\/\/api.w.org\/{rel}","templated":true}]}}