{"id":35894,"date":"2024-04-23T19:06:18","date_gmt":"2024-04-23T22:06:18","guid":{"rendered":"https:\/\/larevistadigital.com.ar\/blog\/?p=35894"},"modified":"2024-04-23T19:06:18","modified_gmt":"2024-04-23T22:06:18","slug":"se-presento-formalmente-el-pedido-de-juicio-politico-a-milei","status":"publish","type":"post","link":"https:\/\/larevistadigital.com.ar\/blog\/se-presento-formalmente-el-pedido-de-juicio-politico-a-milei\/","title":{"rendered":"SE PRESENT\u00d3 FORMALMENTE EL PEDIDO DE JUICIO POL\u00cdTICO A MILEI"},"content":{"rendered":"<h2>Los firmantes pidieron el juicio pol\u00edtico a Milei por apolog\u00eda del crimen y por la consecuencia del desfinanciamientos en todo el pa\u00eds, entre otras acusaciones.<\/h2>\n<p>23 de abril de 2024<\/p>\n<article class=\"article-body article-body--first-paragraph\" data-td-script-src=\"https:\/\/www.0221.com.ar\/js-custom\/vendor\/jquery\/jquery-3.6.0.min-min-version-1713845203.js\"><strong>BUENOS AIRES &#8211;<\/strong>\u00a0 Este lunes, se present\u00f3 en el <strong><a class=\"agrupador\" href=\"https:\/\/www.0221.com.ar\/tag\/congreso\" rel=\"9148\">Congreso<\/a><\/strong>\u00a0de la Naci\u00f3n el pedido de\u00a0<strong><a class=\"agrupador\" href=\"https:\/\/www.0221.com.ar\/tag\/juicio-politico\" rel=\"678\">juicio pol\u00edtico<\/a><\/strong>\u00a0formal contra\u00a0<strong><a id=\"344_agrupador\" class=\"agrupador\" href=\"https:\/\/www.0221.com.ar\/tag\/javier-milei\">Javier Milei\u00a0<\/a><\/strong>por mal desempe\u00f1o de sus funciones y posible comisi\u00f3n de delitos. El escrito de 28 p\u00e1ginas solicita al titular de la C\u00e1mara de Diputados, Mart\u00edn Menem, el inicio del proceso judicial contra el presidente.<\/p>\n<\/article>\n<article class=\"article-body article-body--second-paragraph\">\n<blockquote>\n<h3>La presentaci\u00f3n lleva la firma del premio Nobel de la Paz, Adolfo Perez Esquivel; la exembajadora en Venezuela y el Reino Unido, Alicia Castro; el constitucionalista Eduardo Barcesat; el ex juez Carlos Rozanski; la referente de Madres de Plaza de Mayo L\u00ednea Fundadora, Taty Almeida; y la investigadora Dora Barrancos, entre otros.<\/h3>\n<\/blockquote>\n<p>Para que prospere un juicio pol\u00edtico deben darse las causales de mal desempe\u00f1o o la comisi\u00f3n de delitos y que la C\u00e1mara de Diputados re\u00fana una mayor\u00eda especial para promoverlo. Luego quedar\u00e1 en manos del Senado para decidir la inocencia o la condena, con la remoci\u00f3n del cargo.<\/p>\n<blockquote>\n<h3>En paralelo a la presentaci\u00f3n de juicio pol\u00edtico al presidente Javier Milei por las v\u00edas institucionales, el proyecto ser\u00e1 puesto a disposici\u00f3n de toda la ciudadan\u00eda para la recolecci\u00f3n de firmas. El expediente qued\u00f3 registrado bajo el n\u00famero 0031-P-2024.<\/h3>\n<\/blockquote>\n<article class=\"article-body article-body--fifth-paragraph\">\n<h2>Las acusaciones contra Javier Milei<\/h2>\n<p>En el documento, solicitaron que el Congreso de la Naci\u00f3n investigue tanto al Presidente como a otros funcionarios por los posibles delitos de instigaci\u00f3n a la poblaci\u00f3n a cometer uno o m\u00e1s delitos espec\u00edficos; apolog\u00eda del delito y la incitaci\u00f3n a cometer delitos financieros con la posible afectaci\u00f3n a la divisi\u00f3n de poderes; la posible comisi\u00f3n del delito de apolog\u00eda del crimen; el delito de abandono de personas y el incumplimiento de deberes de funcionario p\u00fablico.<\/p>\n<\/article>\n<article class=\"article-body article-body--sixth-paragraph\">A su vez, apuntaron contra el mandatario por las consecuencias del desfinanciamiento y el desmantelamiento los recursos asignados al Plan Nacional Argentina Contra el Hambre y por la suspensi\u00f3n de la Direcci\u00f3n de Asistencia Directa por Situaciones Especiales (la DADSE) para la adquisici\u00f3n de medicamentos y tecnolog\u00eda para pacientes oncol\u00f3gicos.<\/p>\n<p>Publicado en 0221.com.ar<\/p>\n<\/article>\n<\/article>\n","protected":false},"excerpt":{"rendered":"<div class=\"mh-excerpt\"><p>Los firmantes pidieron el juicio pol\u00edtico a Milei por apolog\u00eda del crimen y por la consecuencia del desfinanciamientos en todo el pa\u00eds, entre otras acusaciones. 23 de abril de 2024 BUENOS AIRES &#8211;\u00a0 Este lunes, <a class=\"mh-excerpt-more\" href=\"https:\/\/larevistadigital.com.ar\/blog\/se-presento-formalmente-el-pedido-de-juicio-politico-a-milei\/\" title=\"SE PRESENT\u00d3 FORMALMENTE EL PEDIDO DE JUICIO POL\u00cdTICO A MILEI\">[Leer M\u00e1s]<\/a><\/p>\n<\/div>","protected":false},"author":3,"featured_media":35895,"comment_status":"open","ping_status":"open","sticky":false,"template":"","format":"standard","meta":{"_jetpack_memberships_contains_paid_content":false,"footnotes":"","jetpack_publicize_message":"","jetpack_publicize_feature_enabled":true,"jetpack_social_post_already_shared":true,"jetpack_social_options":{"image_generator_settings":{"template":"highway","default_image_id":0,"font":"","enabled":false},"version":2}},"categories":[50,12],"tags":[],"class_list":{"0":"post-35894","1":"post","2":"type-post","3":"status-publish","4":"format-standard","5":"has-post-thumbnail","7":"category-interes-general","8":"category-politica"},"jetpack_publicize_connections":[],"jetpack_featured_media_url":"https:\/\/i0.wp.com\/larevistadigital.com.ar\/blog\/wp-content\/uploads\/a22f8bdb-112b-4e12-a814-937c02c79fca_16-9-discover-aspect-ratio_default_0.jpg?fit=1200%2C675&ssl=1","jetpack_sharing_enabled":true,"jetpack_shortlink":"https:\/\/wp.me\/p8qtrQ-9kW","jetpack-related-posts":[{"id":34189,"url":"https:\/\/larevistadigital.com.ar\/blog\/el-diputado-jose-ignacio-cote-rossi-presento-un-repudio-por-los-agravios-de-milei-sobre-raul-alfonsin\/","url_meta":{"origin":35894,"position":0},"title":"EL DIPUTADO JOS\u00c9 IGNACIO \u00abCOTE\u00bb ROSSI PRESENT\u00d3 UN REPUDIO POR LOS AGRAVIOS DE MILEI SOBRE RA\u00daL ALFONS\u00cdN","author":"Alejandro Sosa Ruda","date":"25 octubre, 2023","format":false,"excerpt":"El legislador ori\u00fando de Chascom\u00fas, present\u00f3 un repudio a los insultantes conceptos vertidos por el candidato de derecha. 25 de Octubre de 2023 BUENOS AIRES -\u00a0\u00a0El Diputado Provincial nativo de Chascom\u00fas, Jos\u00e9 Ignacio Cote Rossi present\u00f3 un repudio por los injuriosos dichos, vertidos por Javier Milei, referente de derecha y\u2026","rel":"","context":"En \u00abDESTACADAS\u00bb","block_context":{"text":"DESTACADAS","link":"https:\/\/larevistadigital.com.ar\/blog\/category\/destacadas\/"},"img":{"alt_text":"Cote Rossi","src":"https:\/\/i0.wp.com\/larevistadigital.com.ar\/blog\/wp-content\/uploads\/20190927133540_rossi.jpg?fit=1200%2C685&ssl=1&resize=350%2C200","width":350,"height":200,"srcset":"https:\/\/i0.wp.com\/larevistadigital.com.ar\/blog\/wp-content\/uploads\/20190927133540_rossi.jpg?fit=1200%2C685&ssl=1&resize=350%2C200 1x, https:\/\/i0.wp.com\/larevistadigital.com.ar\/blog\/wp-content\/uploads\/20190927133540_rossi.jpg?fit=1200%2C685&ssl=1&resize=525%2C300 1.5x, https:\/\/i0.wp.com\/larevistadigital.com.ar\/blog\/wp-content\/uploads\/20190927133540_rossi.jpg?fit=1200%2C685&ssl=1&resize=700%2C400 2x, https:\/\/i0.wp.com\/larevistadigital.com.ar\/blog\/wp-content\/uploads\/20190927133540_rossi.jpg?fit=1200%2C685&ssl=1&resize=1050%2C600 3x"},"classes":[]},{"id":29662,"url":"https:\/\/larevistadigital.com.ar\/blog\/milei-larreta-es-kirchnerismo-con-buenos-modales\/","url_meta":{"origin":35894,"position":1},"title":"MILEI: \u00abLARRETA ES KIRCHNERISMO CON BUENOS MODALES\u00bb","author":"Alejandro Sosa Ruda","date":"28 diciembre, 2022","format":false,"excerpt":"El diputado analiz\u00f3 la disparada del d\u00f3lar blue, critic\u00f3 al Jefe de Gobierno porte\u00f1o y opin\u00f3 sobre la protesta de Juan Grabois en Lago Escondido. 28 de diciembre Javier Milei se refiri\u00f3 al techo r\u00e9cord que toc\u00f3 este martes el dolar blue y compar\u00f3 el peso con excremento. Adem\u00e1s, se\u2026","rel":"","context":"En \u00abINTERES GENERAL\u00bb","block_context":{"text":"INTERES GENERAL","link":"https:\/\/larevistadigital.com.ar\/blog\/category\/interes-general\/"},"img":{"alt_text":"","src":"https:\/\/i0.wp.com\/larevistadigital.com.ar\/blog\/wp-content\/uploads\/javier-milei-1479256.jpeg?fit=1200%2C675&ssl=1&resize=350%2C200","width":350,"height":200,"srcset":"https:\/\/i0.wp.com\/larevistadigital.com.ar\/blog\/wp-content\/uploads\/javier-milei-1479256.jpeg?fit=1200%2C675&ssl=1&resize=350%2C200 1x, https:\/\/i0.wp.com\/larevistadigital.com.ar\/blog\/wp-content\/uploads\/javier-milei-1479256.jpeg?fit=1200%2C675&ssl=1&resize=525%2C300 1.5x, https:\/\/i0.wp.com\/larevistadigital.com.ar\/blog\/wp-content\/uploads\/javier-milei-1479256.jpeg?fit=1200%2C675&ssl=1&resize=700%2C400 2x, https:\/\/i0.wp.com\/larevistadigital.com.ar\/blog\/wp-content\/uploads\/javier-milei-1479256.jpeg?fit=1200%2C675&ssl=1&resize=1050%2C600 3x"},"classes":[]},{"id":39373,"url":"https:\/\/larevistadigital.com.ar\/blog\/convocan-a-un-frente-politico-y-electoral-contra-milei-y-en-apoyo-a-kicillof\/","url_meta":{"origin":35894,"position":2},"title":"Convocan a un \u00abfrente pol\u00edtico y electoral contra Milei\u201d y en apoyo a Kicillof","author":"Alejandro Sosa Ruda","date":"15 abril, 2025","format":false,"excerpt":"Unidad Popular (UP) de la Provincia de Buenos Aires llam\u00f3 este s\u00e1bado a formar \u201cun frente pol\u00edtico y electoral contra Milei\u201d y respaldaron la l\u00ednea pol\u00edtica del gobernador Kicillof \"contra los embates\" del gobierno nacional que \"afectan a las y los bonaerenses\" 15 de Abril de 2025 BUENOS AIRES -\u00a0\u2026","rel":"","context":"En \u00abINTERES GENERAL\u00bb","block_context":{"text":"INTERES GENERAL","link":"https:\/\/larevistadigital.com.ar\/blog\/category\/interes-general\/"},"img":{"alt_text":"","src":"https:\/\/i0.wp.com\/larevistadigital.com.ar\/blog\/wp-content\/uploads\/20250414164537_plenario-unidad-popular-kicillof.jpg?fit=880%2C512&ssl=1&resize=350%2C200","width":350,"height":200,"srcset":"https:\/\/i0.wp.com\/larevistadigital.com.ar\/blog\/wp-content\/uploads\/20250414164537_plenario-unidad-popular-kicillof.jpg?fit=880%2C512&ssl=1&resize=350%2C200 1x, https:\/\/i0.wp.com\/larevistadigital.com.ar\/blog\/wp-content\/uploads\/20250414164537_plenario-unidad-popular-kicillof.jpg?fit=880%2C512&ssl=1&resize=525%2C300 1.5x, https:\/\/i0.wp.com\/larevistadigital.com.ar\/blog\/wp-content\/uploads\/20250414164537_plenario-unidad-popular-kicillof.jpg?fit=880%2C512&ssl=1&resize=700%2C400 2x"},"classes":[]},{"id":41401,"url":"https:\/\/larevistadigital.com.ar\/blog\/kicillof-tras-la-derrota-libertaria-milei-puso-todas-las-fichas-en-buenos-aires-y-perdio-en-mas-de-100-distritos\/","url_meta":{"origin":35894,"position":3},"title":"Kicillof tras la derrota libertaria: \u201cMilei puso todas las fichas en Buenos Aires y perdi\u00f3 en m\u00e1s de 100 distritos\u201d","author":"Alejandro Sosa Ruda","date":"10 septiembre, 2025","format":false,"excerpt":"El gobernador bonaerense celebr\u00f3 el triunfo del peronismo en las legislativas y calific\u00f3 la derrota de Javier Milei como un \u201csacud\u00f3n\u201d pol\u00edtico y econ\u00f3mico. Tambi\u00e9n apunt\u00f3 contra el FMI por el endeudamiento del pa\u00eds. 10 de Septiembre de 2025 BUENOS AIRES\u00a0 -\u00a0 \u00a0El gobernador de la provincia de Buenos Aires,\u2026","rel":"","context":"En \u00abINTERES GENERAL\u00bb","block_context":{"text":"INTERES GENERAL","link":"https:\/\/larevistadigital.com.ar\/blog\/category\/interes-general\/"},"img":{"alt_text":"","src":"https:\/\/i0.wp.com\/larevistadigital.com.ar\/blog\/wp-content\/uploads\/Captura-de-pantalla-2025-09-10-225347.jpg?fit=642%2C367&ssl=1&resize=350%2C200","width":350,"height":200,"srcset":"https:\/\/i0.wp.com\/larevistadigital.com.ar\/blog\/wp-content\/uploads\/Captura-de-pantalla-2025-09-10-225347.jpg?fit=642%2C367&ssl=1&resize=350%2C200 1x, https:\/\/i0.wp.com\/larevistadigital.com.ar\/blog\/wp-content\/uploads\/Captura-de-pantalla-2025-09-10-225347.jpg?fit=642%2C367&ssl=1&resize=525%2C300 1.5x"},"classes":[]},{"id":42308,"url":"https:\/\/larevistadigital.com.ar\/blog\/empezaron-los-cambios-renuncio-guillermo-francos-y-manuel-adorni-sera-el-nuevo-jefe-de-gabinete\/","url_meta":{"origin":35894,"position":4},"title":"Empezaron los cambios: renunci\u00f3 Guillermo Francos y Manuel Adorni ser\u00e1 el nuevo jefe de Gabinete","author":"Alejandro Sosa Ruda","date":"31 octubre, 2025","format":false,"excerpt":"A casi una semana del triunfo legislativo de La Libertad Avanza, el Gobierno de Javier Milei atraviesa una fuerte reconfiguraci\u00f3n interna. Francos present\u00f3 su renuncia en medio de tensiones con el asesor presidencial Santiago Caputo. Tambi\u00e9n dej\u00f3 su cargo el ministro del Interior, Lisandro Catal\u00e1n. 31 de Octubre de 2025\u2026","rel":"","context":"En \u00abDESTACADAS\u00bb","block_context":{"text":"DESTACADAS","link":"https:\/\/larevistadigital.com.ar\/blog\/category\/destacadas\/"},"img":{"alt_text":"","src":"https:\/\/i0.wp.com\/larevistadigital.com.ar\/blog\/wp-content\/uploads\/Captura-de-pantalla-2025-10-31-215643.jpg?fit=735%2C509&ssl=1&resize=350%2C200","width":350,"height":200,"srcset":"https:\/\/i0.wp.com\/larevistadigital.com.ar\/blog\/wp-content\/uploads\/Captura-de-pantalla-2025-10-31-215643.jpg?fit=735%2C509&ssl=1&resize=350%2C200 1x, https:\/\/i0.wp.com\/larevistadigital.com.ar\/blog\/wp-content\/uploads\/Captura-de-pantalla-2025-10-31-215643.jpg?fit=735%2C509&ssl=1&resize=525%2C300 1.5x, https:\/\/i0.wp.com\/larevistadigital.com.ar\/blog\/wp-content\/uploads\/Captura-de-pantalla-2025-10-31-215643.jpg?fit=735%2C509&ssl=1&resize=700%2C400 2x"},"classes":[]},{"id":36200,"url":"https:\/\/larevistadigital.com.ar\/blog\/bukele-estuvo-con-milei-luego-de-su-asuncion-presidencial-en-ecuador\/","url_meta":{"origin":35894,"position":5},"title":"BUKELE ESTUVO CON MILEI, LUEGO DE SU ASUNCI\u00d3N PRESIDENCIAL EN ECUADOR","author":"Alejandro Sosa Ruda","date":"2 junio, 2024","format":false,"excerpt":"SAN SALVADOR, \u2013 El presidente de El Salvador, Nayib Bukele, se reuni\u00f3 con su hom\u00f3logo argentino, Javier Milei, tras la ceremonia de investidura para su segundo mandato consecutivo de cinco a\u00f1os (2024-2029). La Casa Presidencial salvadore\u00f1a inform\u00f3 sobre el encuentro y comparti\u00f3 en X un corto video en el que\u2026","rel":"","context":"En \u00abPOLITICA\u00bb","block_context":{"text":"POLITICA","link":"https:\/\/larevistadigital.com.ar\/blog\/category\/politica\/"},"img":{"alt_text":"","src":"https:\/\/i0.wp.com\/larevistadigital.com.ar\/blog\/wp-content\/uploads\/Captura-de-pantalla-2024-06-02-194902.png?fit=795%2C487&ssl=1&resize=350%2C200","width":350,"height":200,"srcset":"https:\/\/i0.wp.com\/larevistadigital.com.ar\/blog\/wp-content\/uploads\/Captura-de-pantalla-2024-06-02-194902.png?fit=795%2C487&ssl=1&resize=350%2C200 1x, https:\/\/i0.wp.com\/larevistadigital.com.ar\/blog\/wp-content\/uploads\/Captura-de-pantalla-2024-06-02-194902.png?fit=795%2C487&ssl=1&resize=525%2C300 1.5x, https:\/\/i0.wp.com\/larevistadigital.com.ar\/blog\/wp-content\/uploads\/Captura-de-pantalla-2024-06-02-194902.png?fit=795%2C487&ssl=1&resize=700%2C400 2x"},"classes":[]}],"_links":{"self":[{"href":"https:\/\/larevistadigital.com.ar\/blog\/wp-json\/wp\/v2\/posts\/35894","targetHints":{"allow":["GET"]}}],"collection":[{"href":"https:\/\/larevistadigital.com.ar\/blog\/wp-json\/wp\/v2\/posts"}],"about":[{"href":"https:\/\/larevistadigital.com.ar\/blog\/wp-json\/wp\/v2\/types\/post"}],"author":[{"embeddable":true,"href":"https:\/\/larevistadigital.com.ar\/blog\/wp-json\/wp\/v2\/users\/3"}],"replies":[{"embeddable":true,"href":"https:\/\/larevistadigital.com.ar\/blog\/wp-json\/wp\/v2\/comments?post=35894"}],"version-history":[{"count":1,"href":"https:\/\/larevistadigital.com.ar\/blog\/wp-json\/wp\/v2\/posts\/35894\/revisions"}],"predecessor-version":[{"id":35896,"href":"https:\/\/larevistadigital.com.ar\/blog\/wp-json\/wp\/v2\/posts\/35894\/revisions\/35896"}],"wp:featuredmedia":[{"embeddable":true,"href":"https:\/\/larevistadigital.com.ar\/blog\/wp-json\/wp\/v2\/media\/35895"}],"wp:attachment":[{"href":"https:\/\/larevistadigital.com.ar\/blog\/wp-json\/wp\/v2\/media?parent=35894"}],"wp:term":[{"taxonomy":"category","embeddable":true,"href":"https:\/\/larevistadigital.com.ar\/blog\/wp-json\/wp\/v2\/categories?post=35894"},{"taxonomy":"post_tag","embeddable":true,"href":"https:\/\/larevistadigital.com.ar\/blog\/wp-json\/wp\/v2\/tags?post=35894"}],"curies":[{"name":"wp","href":"https:\/\/api.w.org\/{rel}","templated":true}]}}