{"id":35903,"date":"2024-04-24T23:49:52","date_gmt":"2024-04-25T02:49:52","guid":{"rendered":"https:\/\/larevistadigital.com.ar\/blog\/?p=35903"},"modified":"2024-04-24T23:49:52","modified_gmt":"2024-04-25T02:49:52","slug":"chascomus-este-jueves-se-desarrollara-una-nueva-capacitacion-de-poda","status":"publish","type":"post","link":"https:\/\/larevistadigital.com.ar\/blog\/chascomus-este-jueves-se-desarrollara-una-nueva-capacitacion-de-poda\/","title":{"rendered":"CHASCOM\u00daS: ESTE JUEVES SE DESARROLLAR\u00c1 UNA NUEVA CAPACITACI\u00d3N DE PODA"},"content":{"rendered":"<h2 class=\"notaIntro\">Es obligatoria al momento de anotarse en el Registro Municipal de Podadores Autorizados.<\/h2>\n<p>24 de abril de 2024<\/p>\n<p class=\"notaTexto\"><strong>CHASCOM\u00daS &#8211;<\/strong>\u00a0 Ma\u00f1ana, jueves 25 de abril, se desarrollar\u00e1 un nuevo curso, desde las 18 horas, en las instalaciones de la Direcci\u00f3n de Promoci\u00f3n de Empleo y Fomento Productivo municipal, ubicadas en Maip\u00fa 415.<br \/>\nDurante el mismo, se abordar\u00e1n temas relacionados con el arbolado urbano as\u00ed como t\u00e9cnicas adecuadas para llevar a cabo la poda de manera responsable y respetuosa con el entorno.<\/p>\n<p class=\"notaTexto\">Los interesados en inscribirse pueden hacerlo a trav\u00e9s del sitio web oficial de la municipalidad, utilizando el enlace https:\/\/apps.chascomus.gob.ar\/podaresponsable\/inscripcion.php. Es importante tener en cuenta que los cupos son limitados.<\/p>\n<p class=\"notaTexto\">Es importante resaltar que esta formaci\u00f3n es obligatoria para permanecer inscriptos o sumarse al Registro Municipal de Podadores Autorizados. Adem\u00e1s, se extiende la invitaci\u00f3n a todos los vecinos interesados en realizar la poda de sus propios \u00e1rboles.<\/p>\n<p class=\"notaTexto\">Las podas est\u00e1n autorizadas entre el 15 de mayo y el 15 de septiembre de cada a\u00f1o y los permisos otorgados tendr\u00e1n validez durante todo el per\u00edodo.<br \/>\nPara llevar a cabo cualquier tipo de intervenci\u00f3n en el arbolado urbano, los frentistas deben solicitar un permiso a la Municipalidad, que evaluar\u00e1 cada caso de manera individual, considerando el estado del ejemplar y el momento adecuado para la poda.<\/p>\n<p class=\"notaTexto\">El cuidado del arbolado p\u00fablico es una responsabilidad compartida entre la administraci\u00f3n local y cada vecino.<\/p>\n<p class=\"notaTexto\">La poda no es una necesidad fisiol\u00f3gica para los \u00e1rboles, sino una medida para minimizar conflictos con la infraestructura urbana. El objetivo principal es garantizar la integridad y salud de los ejemplares, cumpliendo con las normas del buen arte de la poda, y asegurando que solo los podadores autorizados intervengan en estos procesos.<\/p>\n","protected":false},"excerpt":{"rendered":"<div class=\"mh-excerpt\"><p>Es obligatoria al momento de anotarse en el Registro Municipal de Podadores Autorizados. 24 de abril de 2024 CHASCOM\u00daS &#8211;\u00a0 Ma\u00f1ana, jueves 25 de abril, se desarrollar\u00e1 un nuevo curso, desde las 18 horas, en <a class=\"mh-excerpt-more\" href=\"https:\/\/larevistadigital.com.ar\/blog\/chascomus-este-jueves-se-desarrollara-una-nueva-capacitacion-de-poda\/\" title=\"CHASCOM\u00daS: ESTE JUEVES SE DESARROLLAR\u00c1 UNA NUEVA CAPACITACI\u00d3N DE PODA\">[Leer M\u00e1s]<\/a><\/p>\n<\/div>","protected":false},"author":3,"featured_media":35904,"comment_status":"open","ping_status":"open","sticky":false,"template":"","format":"standard","meta":{"_jetpack_memberships_contains_paid_content":false,"footnotes":"","jetpack_publicize_message":"","jetpack_publicize_feature_enabled":true,"jetpack_social_post_already_shared":true,"jetpack_social_options":{"image_generator_settings":{"template":"highway","default_image_id":0,"font":"","enabled":false},"version":2}},"categories":[50],"tags":[],"class_list":{"0":"post-35903","1":"post","2":"type-post","3":"status-publish","4":"format-standard","5":"has-post-thumbnail","7":"category-interes-general"},"jetpack_publicize_connections":[],"jetpack_featured_media_url":"https:\/\/i0.wp.com\/larevistadigital.com.ar\/blog\/wp-content\/uploads\/2024_04_25_02_07_09_8697864.jpg?fit=600%2C402&ssl=1","jetpack_sharing_enabled":true,"jetpack_shortlink":"https:\/\/wp.me\/p8qtrQ-9l5","jetpack-related-posts":[{"id":44998,"url":"https:\/\/larevistadigital.com.ar\/blog\/chascomus-se-inicia-la-inscripcion-para-el-curso-de-poda\/","url_meta":{"origin":35903,"position":0},"title":"Chascom\u00fas: Se inicia la inscripci\u00f3n para el curso de poda","author":"Alejandro Sosa Ruda","date":"7 abril, 2026","format":false,"excerpt":"La capacitaci\u00f3n ser\u00e1 obligatoria para el Registro Municipal de Podadores Autorizados y los vecinos interesados en el cuidado del arbolado urbano. 07 de abril de 2026 CHASCOM\u00daS -\u00a0 \u00a0La Municipalidad de Chascom\u00fas abre la inscripci\u00f3n para el Curso de Poda 206 estar\u00e1 abierta a partir de esta semana. La capacitaci\u00f3n\u2026","rel":"","context":"En \u00abCHASCOM\u00daS\u00bb","block_context":{"text":"CHASCOM\u00daS","link":"https:\/\/larevistadigital.com.ar\/blog\/category\/chascomus\/"},"img":{"alt_text":"","src":"https:\/\/i0.wp.com\/larevistadigital.com.ar\/blog\/wp-content\/uploads\/69d53c7678a75.png?fit=668%2C445&ssl=1&resize=350%2C200","width":350,"height":200,"srcset":"https:\/\/i0.wp.com\/larevistadigital.com.ar\/blog\/wp-content\/uploads\/69d53c7678a75.png?fit=668%2C445&ssl=1&resize=350%2C200 1x, https:\/\/i0.wp.com\/larevistadigital.com.ar\/blog\/wp-content\/uploads\/69d53c7678a75.png?fit=668%2C445&ssl=1&resize=525%2C300 1.5x"},"classes":[]},{"id":35793,"url":"https:\/\/larevistadigital.com.ar\/blog\/inscripcion-abierta-para-el-curso-de-poda-2024\/","url_meta":{"origin":35903,"position":1},"title":"INSCRIPCI\u00d3N ABIERTA PARA EL CURSO DE PODA 2024","author":"Alejandro Sosa Ruda","date":"9 abril, 2024","format":false,"excerpt":"La capacitaci\u00f3n ser\u00e1 obligatoria para el Registro Municipal de Podadores Autorizados y los vecinos interesados en el cuidado del arbolado urbano. 9 de abril de 2024 CHASCOM\u00daS -\u00a0 La Municipalidad de Chascom\u00fas abre la inscripci\u00f3n para el Curso de Poda 2024 estar\u00e1 abierta a partir de esta semana. La capacitaci\u00f3n\u2026","rel":"","context":"En \u00abINTERES GENERAL\u00bb","block_context":{"text":"INTERES GENERAL","link":"https:\/\/larevistadigital.com.ar\/blog\/category\/interes-general\/"},"img":{"alt_text":"","src":"https:\/\/i0.wp.com\/larevistadigital.com.ar\/blog\/wp-content\/uploads\/2024_04_09_00_47_30_2994489.jpg?fit=600%2C402&ssl=1&resize=350%2C200","width":350,"height":200,"srcset":"https:\/\/i0.wp.com\/larevistadigital.com.ar\/blog\/wp-content\/uploads\/2024_04_09_00_47_30_2994489.jpg?fit=600%2C402&ssl=1&resize=350%2C200 1x, https:\/\/i0.wp.com\/larevistadigital.com.ar\/blog\/wp-content\/uploads\/2024_04_09_00_47_30_2994489.jpg?fit=600%2C402&ssl=1&resize=525%2C300 1.5x"},"classes":[]},{"id":39382,"url":"https:\/\/larevistadigital.com.ar\/blog\/se-anuncia-la-capacitacion-para-la-poda-del-arbolado-urbano\/","url_meta":{"origin":35903,"position":2},"title":"Se anuncia la capacitaci\u00f3n para la Poda del Arbolado Urbano","author":"Alejandro Sosa Ruda","date":"15 abril, 2025","format":false,"excerpt":"La misma ser\u00e1 dictada por profesionales de la direcci\u00f3n municipal de Arbolado Urbano, y puede ser una salida laboral concreta para quienes deseen integrar el registro municipal de podadores habilitados 15 de Abril de 2025 CHASCOM\u00daS -\u00a0 La Municipalidad de Chascom\u00fas convoca a todos los interesados en participar de la\u2026","rel":"","context":"En \u00abCHASCOM\u00daS\u00bb","block_context":{"text":"CHASCOM\u00daS","link":"https:\/\/larevistadigital.com.ar\/blog\/category\/chascomus\/"},"img":{"alt_text":"","src":"https:\/\/i0.wp.com\/larevistadigital.com.ar\/blog\/wp-content\/uploads\/67fe8d8cc42a1.png?fit=668%2C445&ssl=1&resize=350%2C200","width":350,"height":200,"srcset":"https:\/\/i0.wp.com\/larevistadigital.com.ar\/blog\/wp-content\/uploads\/67fe8d8cc42a1.png?fit=668%2C445&ssl=1&resize=350%2C200 1x, https:\/\/i0.wp.com\/larevistadigital.com.ar\/blog\/wp-content\/uploads\/67fe8d8cc42a1.png?fit=668%2C445&ssl=1&resize=525%2C300 1.5x"},"classes":[]},{"id":36059,"url":"https:\/\/larevistadigital.com.ar\/blog\/se-inicia-el-periodo-de-poda-del-arbolado-urbano-de-chascomus\/","url_meta":{"origin":35903,"position":3},"title":"SE INICIA EL PER\u00cdODO DE PODA DEL ARBOLADO URBANO DE CHASCOM\u00daS","author":"Alejandro Sosa Ruda","date":"17 mayo, 2024","format":false,"excerpt":"Esta medida busca preservar la salud y la integridad de los \u00e1rboles, as\u00ed como mantener la seguridad de los ciudadanos. 17 de Mayo de 2024 CHASCOM\u00daS -\u00a0 Desde el lunes 20 de mayo hasta el 15 de septiembre estar\u00e1 habilitado el per\u00edodo de poda del arbolado urbano en la ciudad.\u2026","rel":"","context":"En \u00abINTERES GENERAL\u00bb","block_context":{"text":"INTERES GENERAL","link":"https:\/\/larevistadigital.com.ar\/blog\/category\/interes-general\/"},"img":{"alt_text":"","src":"https:\/\/i0.wp.com\/larevistadigital.com.ar\/blog\/wp-content\/uploads\/2024_05_18_02_11_00_7783684.jpg?fit=600%2C401&ssl=1&resize=350%2C200","width":350,"height":200,"srcset":"https:\/\/i0.wp.com\/larevistadigital.com.ar\/blog\/wp-content\/uploads\/2024_05_18_02_11_00_7783684.jpg?fit=600%2C401&ssl=1&resize=350%2C200 1x, https:\/\/i0.wp.com\/larevistadigital.com.ar\/blog\/wp-content\/uploads\/2024_05_18_02_11_00_7783684.jpg?fit=600%2C401&ssl=1&resize=525%2C300 1.5x"},"classes":[]},{"id":40438,"url":"https:\/\/larevistadigital.com.ar\/blog\/pasos-a-seguir-con-restos-de-poda-y-tareas-de-jardineria\/","url_meta":{"origin":35903,"position":4},"title":"Pasos a seguir con restos de poda y tareas de jardiner\u00eda","author":"Alejandro Sosa Ruda","date":"11 julio, 2025","format":false,"excerpt":"Hasta el 1\u00b0 de septiembre rige el per\u00edodo autorizado para podas, que deben realizarse con permiso previo y respetando las normas para su recolecci\u00f3n. 11 de Julio de 2025 CHASCOM\u00daS\u00a0 -\u00a0 \u00a0Con el objetivo de preservar el arbolado urbano y mantener el orden en la v\u00eda p\u00fablica, la Municipalidad de\u2026","rel":"","context":"En \u00abCHASCOM\u00daS\u00bb","block_context":{"text":"CHASCOM\u00daS","link":"https:\/\/larevistadigital.com.ar\/blog\/category\/chascomus\/"},"img":{"alt_text":"","src":"https:\/\/i0.wp.com\/larevistadigital.com.ar\/blog\/wp-content\/uploads\/6871487bece3c.png?fit=668%2C445&ssl=1&resize=350%2C200","width":350,"height":200,"srcset":"https:\/\/i0.wp.com\/larevistadigital.com.ar\/blog\/wp-content\/uploads\/6871487bece3c.png?fit=668%2C445&ssl=1&resize=350%2C200 1x, https:\/\/i0.wp.com\/larevistadigital.com.ar\/blog\/wp-content\/uploads\/6871487bece3c.png?fit=668%2C445&ssl=1&resize=525%2C300 1.5x"},"classes":[]},{"id":40994,"url":"https:\/\/larevistadigital.com.ar\/blog\/finaliza-el-periodo-autorizado-para-poda-de-arbolado-urbano\/","url_meta":{"origin":35903,"position":5},"title":"Finaliza el per\u00edodo autorizado para poda de arbolado urbano","author":"Alejandro Sosa Ruda","date":"20 agosto, 2025","format":false,"excerpt":"Ser\u00e1 el 1 de septiembre por lo que se recomienda solicitar servicios de podadores autorizados antes del 20 de agosto. 20 de agosto de 2025 CHASCOM\u00daS -\u00a0 \u00a0El per\u00edodo autorizado para la poda de arbolado urbano con permiso previo y respetando las normas para la recolecci\u00f3n de restos, est\u00e1 pr\u00f3ximo\u2026","rel":"","context":"En \u00abCHASCOM\u00daS\u00bb","block_context":{"text":"CHASCOM\u00daS","link":"https:\/\/larevistadigital.com.ar\/blog\/category\/chascomus\/"},"img":{"alt_text":"","src":"https:\/\/i0.wp.com\/larevistadigital.com.ar\/blog\/wp-content\/uploads\/68a49fe59da16.png?fit=668%2C445&ssl=1&resize=350%2C200","width":350,"height":200,"srcset":"https:\/\/i0.wp.com\/larevistadigital.com.ar\/blog\/wp-content\/uploads\/68a49fe59da16.png?fit=668%2C445&ssl=1&resize=350%2C200 1x, https:\/\/i0.wp.com\/larevistadigital.com.ar\/blog\/wp-content\/uploads\/68a49fe59da16.png?fit=668%2C445&ssl=1&resize=525%2C300 1.5x"},"classes":[]}],"_links":{"self":[{"href":"https:\/\/larevistadigital.com.ar\/blog\/wp-json\/wp\/v2\/posts\/35903","targetHints":{"allow":["GET"]}}],"collection":[{"href":"https:\/\/larevistadigital.com.ar\/blog\/wp-json\/wp\/v2\/posts"}],"about":[{"href":"https:\/\/larevistadigital.com.ar\/blog\/wp-json\/wp\/v2\/types\/post"}],"author":[{"embeddable":true,"href":"https:\/\/larevistadigital.com.ar\/blog\/wp-json\/wp\/v2\/users\/3"}],"replies":[{"embeddable":true,"href":"https:\/\/larevistadigital.com.ar\/blog\/wp-json\/wp\/v2\/comments?post=35903"}],"version-history":[{"count":1,"href":"https:\/\/larevistadigital.com.ar\/blog\/wp-json\/wp\/v2\/posts\/35903\/revisions"}],"predecessor-version":[{"id":35905,"href":"https:\/\/larevistadigital.com.ar\/blog\/wp-json\/wp\/v2\/posts\/35903\/revisions\/35905"}],"wp:featuredmedia":[{"embeddable":true,"href":"https:\/\/larevistadigital.com.ar\/blog\/wp-json\/wp\/v2\/media\/35904"}],"wp:attachment":[{"href":"https:\/\/larevistadigital.com.ar\/blog\/wp-json\/wp\/v2\/media?parent=35903"}],"wp:term":[{"taxonomy":"category","embeddable":true,"href":"https:\/\/larevistadigital.com.ar\/blog\/wp-json\/wp\/v2\/categories?post=35903"},{"taxonomy":"post_tag","embeddable":true,"href":"https:\/\/larevistadigital.com.ar\/blog\/wp-json\/wp\/v2\/tags?post=35903"}],"curies":[{"name":"wp","href":"https:\/\/api.w.org\/{rel}","templated":true}]}}