{"id":35912,"date":"2024-04-25T09:08:57","date_gmt":"2024-04-25T12:08:57","guid":{"rendered":"https:\/\/larevistadigital.com.ar\/blog\/?p=35912"},"modified":"2024-04-25T09:08:57","modified_gmt":"2024-04-25T12:08:57","slug":"cristina-anuncio-que-dara-una-charla-para-analizar-el-anarco-capitalismo","status":"publish","type":"post","link":"https:\/\/larevistadigital.com.ar\/blog\/cristina-anuncio-que-dara-una-charla-para-analizar-el-anarco-capitalismo\/","title":{"rendered":"CRISTINA ANUNCI\u00d3 QUE DAR\u00c1 UNA CHARLA PARA ANALIZAR EL \u00abANARCO CAPITALISMO\u00bb"},"content":{"rendered":"<h2 class=\"sufix-ficha\">La ex vicepresidenta, se har\u00e1 presente en la inauguraci\u00f3n del microestadio N\u00e9stor Kirchner en Quilmes.<\/h2>\n<p>25 de abril de 2024<\/p>\n<p><strong>BUENOS AIRES &#8211;\u00a0 Cristina Fern\u00e1ndez de Kirchner<\/strong> acapar\u00f3 la atenci\u00f3n durante toda la jornada de manifestaci\u00f3n en repudio al desfinanciamiento del gobierno de <strong>Javier Milei<\/strong> hacia las universidades p\u00fablicas. Su aparici\u00f3n en el balc\u00f3n del Instituto Patria, ondeando un buzo de la Universidad Nacional de La Plata, fue un claro gesto de posicionamiento.<\/p>\n<blockquote>\n<h3>Ahora, la expresidenta vuelve al escenario p\u00fablico a trav\u00e9s de su cuenta oficial de X (antes Twitter), anunciando un fin de semana cargado de actividad en el que abordar\u00e1 el contexto pol\u00edtico y econ\u00f3mico que enfrentan los argentinos, junto a las Fuerzas del Cielo.<\/h3>\n<\/blockquote>\n<p>Adem\u00e1s, adelant\u00f3 la inauguraci\u00f3n de una importante obra p\u00fablica en Quilmes, liderada por la intendenta <strong>Mayra Mendoza<\/strong>. <strong><em>\u00abEl lunes 22 de abril temprano, recib\u00ed una invitaci\u00f3n de la intendenta de Quilmes, Mayra Mendoza, para la inauguraci\u00f3n del microestadio Presidente N\u00e9stor Kirchner\u00bb<\/em><\/strong>, comparti\u00f3.<\/p>\n<blockquote>\n<h3>La esperada inauguraci\u00f3n tendr\u00e1 lugar el s\u00e1bado 28 de abril, con motivo de celebrar otro aniversario de la elecci\u00f3n de N\u00e9stor como Presidente en 2003, con solo el 22% de los votos a su favor.<\/h3>\n<\/blockquote>\n<p>Lo que inicialmente podr\u00eda haber sido considerado como una simple \u00abpublicidad\u00bb para su espacio pol\u00edtico, se convirti\u00f3 en una cr\u00edtica al gobierno libertario. <strong><em>\u00abEsa misma noche (22 de abril) escuch\u00e9 al presidente<\/em> Javier Milei por cadena nacional&#8230;\u00bb<\/strong> expres\u00f3 la ex vicepresidenta, ironizando sobre el uso de uno de los slogans de su campa\u00f1a por parte de <strong>Milei<\/strong>.<\/p>\n<blockquote>\n<h3>El anuncio de Cristina sacudi\u00f3 el panorama pol\u00edtico libertario: <em>\u00abHoy llam\u00e9 a Mayra para decirle que este s\u00e1bado voy a ir al acto&#8230;\u00bb<\/em>, afirm\u00f3, destacando la importancia de reflexionar sobre el momento actual de Argentina.<\/h3>\n<\/blockquote>\n<p>En cuanto a la charla que dar\u00e1 durante ese evento, adelant\u00f3: <strong><em>\u00abTratar\u00e9 sobre este experimento del anarco-capitalismo y el sufrimiento in\u00fatil al que est\u00e1 siendo sometido el pueblo argentino\u00bb.<\/em><\/strong><\/p>\n<h3><span style=\"color: #ff0000\">Cristina y la educaci\u00f3n p\u00fablica <\/span><\/h3>\n<p>En la misma jornada en la que un mill\u00f3n de personas se manifestaron a favor de la educaci\u00f3n p\u00fablica y su protecci\u00f3n, la exmandataria kirchnerista conmovi\u00f3 con un posteo en el que comparti\u00f3 las fichas de inscripci\u00f3n de ella y de <strong>N\u00e9stor<\/strong> en la Universidad Nacional de La Plata. Cuestion\u00f3: <strong><em>\u00ab\u00bfQui\u00e9n pod\u00eda imaginar que 27 a\u00f1os despu\u00e9s \u00edbamos a presidir una Argentina en la cual creamos e inauguramos 16 nuevas universidades p\u00fablicas, logrando que, por primera vez, todas las provincias tengan una universidad p\u00fablica?\u00bb.<\/em><\/strong><\/p>\n","protected":false},"excerpt":{"rendered":"<div class=\"mh-excerpt\"><p>La ex vicepresidenta, se har\u00e1 presente en la inauguraci\u00f3n del microestadio N\u00e9stor Kirchner en Quilmes. 25 de abril de 2024 BUENOS AIRES &#8211;\u00a0 Cristina Fern\u00e1ndez de Kirchner acapar\u00f3 la atenci\u00f3n durante toda la jornada de <a class=\"mh-excerpt-more\" href=\"https:\/\/larevistadigital.com.ar\/blog\/cristina-anuncio-que-dara-una-charla-para-analizar-el-anarco-capitalismo\/\" title=\"CRISTINA ANUNCI\u00d3 QUE DAR\u00c1 UNA CHARLA PARA ANALIZAR EL \u00abANARCO CAPITALISMO\u00bb\">[Leer M\u00e1s]<\/a><\/p>\n<\/div>","protected":false},"author":3,"featured_media":35913,"comment_status":"open","ping_status":"open","sticky":false,"template":"","format":"standard","meta":{"_jetpack_memberships_contains_paid_content":false,"footnotes":"","jetpack_publicize_message":"","jetpack_publicize_feature_enabled":true,"jetpack_social_post_already_shared":true,"jetpack_social_options":{"image_generator_settings":{"template":"highway","default_image_id":0,"font":"","enabled":false},"version":2}},"categories":[41,12],"tags":[],"class_list":{"0":"post-35912","1":"post","2":"type-post","3":"status-publish","4":"format-standard","5":"has-post-thumbnail","7":"category-destacadas","8":"category-politica"},"jetpack_publicize_connections":[],"jetpack_featured_media_url":"https:\/\/i0.wp.com\/larevistadigital.com.ar\/blog\/wp-content\/uploads\/Captura-de-pantalla-2024-04-25-084816.png?fit=909%2C491&ssl=1","jetpack_sharing_enabled":true,"jetpack_shortlink":"https:\/\/wp.me\/p8qtrQ-9le","jetpack-related-posts":[{"id":35948,"url":"https:\/\/larevistadigital.com.ar\/blog\/reaparecio-cristina-si-hubieramos-adoctrinado-este-hombre-no-seria-presidente\/","url_meta":{"origin":35912,"position":0},"title":"REAPARECI\u00d3 CRISTINA: \u00abSI HUBIERAMOS ADOCTRINADO, ESTE HOMBRE NO SER\u00cdA PRESIDENTE\u00bb","author":"Alejandro Sosa Ruda","date":"28 abril, 2024","format":false,"excerpt":"Cristina Fern\u00e1ndez de Kirchner hizo su primera aparici\u00f3n p\u00fablica desde la asunci\u00f3n de Javier Milei, este s\u00e1bado en Quilmes Oeste durante la inauguraci\u00f3n del microestadio \"presidente N\u00e9stor Kirchner\", junto a la Intendenta local, Mayra Mendoza. Critic\u00f3 duramente el plan econ\u00f3mico de Javier Milei y emiti\u00f3 un mensaje contundente sobre la\u2026","rel":"","context":"En \u00abDESTACADAS\u00bb","block_context":{"text":"DESTACADAS","link":"https:\/\/larevistadigital.com.ar\/blog\/category\/destacadas\/"},"img":{"alt_text":"","src":"https:\/\/i0.wp.com\/larevistadigital.com.ar\/blog\/wp-content\/uploads\/20240427191612_cristina-kirchner-mayra-mendoza-quilmes.jpg?fit=880%2C512&ssl=1&resize=350%2C200","width":350,"height":200,"srcset":"https:\/\/i0.wp.com\/larevistadigital.com.ar\/blog\/wp-content\/uploads\/20240427191612_cristina-kirchner-mayra-mendoza-quilmes.jpg?fit=880%2C512&ssl=1&resize=350%2C200 1x, https:\/\/i0.wp.com\/larevistadigital.com.ar\/blog\/wp-content\/uploads\/20240427191612_cristina-kirchner-mayra-mendoza-quilmes.jpg?fit=880%2C512&ssl=1&resize=525%2C300 1.5x, https:\/\/i0.wp.com\/larevistadigital.com.ar\/blog\/wp-content\/uploads\/20240427191612_cristina-kirchner-mayra-mendoza-quilmes.jpg?fit=880%2C512&ssl=1&resize=700%2C400 2x"},"classes":[]},{"id":4289,"url":"https:\/\/larevistadigital.com.ar\/blog\/contador-los-kirchner-admitio-haber-adulterado-documentos-orden-cristina\/","url_meta":{"origin":35912,"position":1},"title":"EL CONTADOR DE LOS KIRCHNER ADMITI\u00d3 HABER ADULTERADO DOCUMENTOS POR ORDEN DE CRISTINA","author":"Alejandro Sosa Ruda","date":"22 diciembre, 2017","format":false,"excerpt":"V\u00edctor Manzanares, el contador detenido de la familia Kirchner, complic\u00f3 hoy a la ex presidente en su declaraci\u00f3n ante el Juez, al admitir que hab\u00eda usado Liquid Paper para modificar actas de \u201cHotesur\u201d por orden de Cristina Fernandez. Manzanares admiti\u00f3 ante la Justicia que corrigi\u00f3 libros societarios y contables de\u2026","rel":"","context":"En \u00abPOLITICA\u00bb","block_context":{"text":"POLITICA","link":"https:\/\/larevistadigital.com.ar\/blog\/category\/politica\/"},"img":{"alt_text":"","src":"https:\/\/i0.wp.com\/larevistadigital.com.ar\/blog\/wp-content\/uploads\/2017\/12\/descarga-4.jpg?fit=650%2C364&ssl=1&resize=350%2C200","width":350,"height":200,"srcset":"https:\/\/i0.wp.com\/larevistadigital.com.ar\/blog\/wp-content\/uploads\/2017\/12\/descarga-4.jpg?fit=650%2C364&ssl=1&resize=350%2C200 1x, https:\/\/i0.wp.com\/larevistadigital.com.ar\/blog\/wp-content\/uploads\/2017\/12\/descarga-4.jpg?fit=650%2C364&ssl=1&resize=525%2C300 1.5x"},"classes":[]},{"id":3471,"url":"https:\/\/larevistadigital.com.ar\/blog\/dolores-el-viernes-visitara-la-ciudad-cristina-fernandez-de-kirchner\/","url_meta":{"origin":35912,"position":2},"title":"DOLORES: EL VIERNES VISITAR\u00c1 LA CIUDAD CRISTINA FERN\u00c1NDEZ DE KIRCHNER","author":"Alejandro Sosa Ruda","date":"12 octubre, 2017","format":false,"excerpt":"La ex presidente y candidata a senadora por Unidad Ciudadana, Cristina Fern\u00e1ndez de Kirchner, visitar\u00e1 el viernes la ciudad de Dolores. La cita ser\u00e1 a partir de las 19 horas en donde Cristina inaugurar\u00e1 una nueva sede de SMATA en la ciudad, en calle Buenos Aires, n\u00famero 1075. En un\u2026","rel":"","context":"En \u00abDOLORES\u00bb","block_context":{"text":"DOLORES","link":"https:\/\/larevistadigital.com.ar\/blog\/category\/dolores\/"},"img":{"alt_text":"","src":"https:\/\/i0.wp.com\/larevistadigital.com.ar\/blog\/wp-content\/uploads\/2017\/10\/cf.jpg?fit=600%2C600&ssl=1&resize=350%2C200","width":350,"height":200,"srcset":"https:\/\/i0.wp.com\/larevistadigital.com.ar\/blog\/wp-content\/uploads\/2017\/10\/cf.jpg?fit=600%2C600&ssl=1&resize=350%2C200 1x, https:\/\/i0.wp.com\/larevistadigital.com.ar\/blog\/wp-content\/uploads\/2017\/10\/cf.jpg?fit=600%2C600&ssl=1&resize=525%2C300 1.5x"},"classes":[]},{"id":40093,"url":"https:\/\/larevistadigital.com.ar\/blog\/cristina-kirchner-se-presentara-en-comodoro-py-el-miercoles-y-solicita-prision-domiciliaria\/","url_meta":{"origin":35912,"position":3},"title":"Cristina Kirchner se presentar\u00e1 en Comodoro Py el mi\u00e9rcoles y solicita prisi\u00f3n domiciliaria","author":"Alejandro Sosa Ruda","date":"13 junio, 2025","format":false,"excerpt":"La expresidenta confirm\u00f3 que acatar\u00e1 el fallo judicial y reforz\u00f3 su pedido de prisi\u00f3n domiciliaria, invocando razones de seguridad. 13 de Junio de 2025 BUENOS AIRES -\u00a0 A trav\u00e9s de una carta difundida en sus redes sociales, Cristina Fern\u00e1ndez de Kirchner anunci\u00f3 que el pr\u00f3ximo mi\u00e9rcoles 18 de junio se\u2026","rel":"","context":"En \u00abINTERES GENERAL\u00bb","block_context":{"text":"INTERES GENERAL","link":"https:\/\/larevistadigital.com.ar\/blog\/category\/interes-general\/"},"img":{"alt_text":"","src":"https:\/\/i0.wp.com\/larevistadigital.com.ar\/blog\/wp-content\/uploads\/Cristina-Kirchner.jpg?fit=712%2C441&ssl=1&resize=350%2C200","width":350,"height":200,"srcset":"https:\/\/i0.wp.com\/larevistadigital.com.ar\/blog\/wp-content\/uploads\/Cristina-Kirchner.jpg?fit=712%2C441&ssl=1&resize=350%2C200 1x, https:\/\/i0.wp.com\/larevistadigital.com.ar\/blog\/wp-content\/uploads\/Cristina-Kirchner.jpg?fit=712%2C441&ssl=1&resize=525%2C300 1.5x, https:\/\/i0.wp.com\/larevistadigital.com.ar\/blog\/wp-content\/uploads\/Cristina-Kirchner.jpg?fit=712%2C441&ssl=1&resize=700%2C400 2x"},"classes":[]},{"id":5124,"url":"https:\/\/larevistadigital.com.ar\/blog\/una-lamentable-decision-cristina-kirchner-no-asistira-la-asamblea-legislativa\/","url_meta":{"origin":35912,"position":4},"title":"Una lamentable decisi\u00f3n: Cristina Kirchner no asistir\u00e1 a la Asamblea Legislativa","author":"admin","date":"1 marzo, 2018","format":false,"excerpt":"Cristina Kirchner no asistir\u00e1 a la Asamblea Legislativa hoy. El motivo: no quiere escuchar el discurso del presidente Mauricio Macri y, como todos los a\u00f1os, se fue a Santa Cruz para estar en su provincia el d\u00eda del cumplea\u00f1os de N\u00e9stor Kirchner, que fue el domingo 25. Viaj\u00f3 al Sur\u2026","rel":"","context":"En \u00abDESTACADAS\u00bb","block_context":{"text":"DESTACADAS","link":"https:\/\/larevistadigital.com.ar\/blog\/category\/destacadas\/"},"img":{"alt_text":"","src":"https:\/\/i0.wp.com\/larevistadigital.com.ar\/blog\/wp-content\/uploads\/2018\/03\/cristina-admitio-que-los-fondos-de-santa-cruz-se-evaporaron.jpg?fit=640%2C369&ssl=1&resize=350%2C200","width":350,"height":200,"srcset":"https:\/\/i0.wp.com\/larevistadigital.com.ar\/blog\/wp-content\/uploads\/2018\/03\/cristina-admitio-que-los-fondos-de-santa-cruz-se-evaporaron.jpg?fit=640%2C369&ssl=1&resize=350%2C200 1x, https:\/\/i0.wp.com\/larevistadigital.com.ar\/blog\/wp-content\/uploads\/2018\/03\/cristina-admitio-que-los-fondos-de-santa-cruz-se-evaporaron.jpg?fit=640%2C369&ssl=1&resize=525%2C300 1.5x"},"classes":[]},{"id":27476,"url":"https:\/\/larevistadigital.com.ar\/blog\/repudio-de-la-ucr-por-el-atentado-fallido-a-la-vicepresidente-cristina-fernandez-de-kirchner\/","url_meta":{"origin":35912,"position":5},"title":"REPUDIO DE LA UCR POR EL ATENTADO FALLIDO A LA VICEPRESIDENTE CRISTINA FERN\u00c1NDEZ DE KIRCHNER","author":"Alejandro Sosa Ruda","date":"2 septiembre, 2022","format":false,"excerpt":"Desde la UCR nos hicieron llegar un comunicado de repudio al intento de asesinato de la vicepresidente Cristina Fern\u00e1ndez de Kirchner. \u00a0 \u00a0","rel":"","context":"En \u00abINTERES GENERAL\u00bb","block_context":{"text":"INTERES GENERAL","link":"https:\/\/larevistadigital.com.ar\/blog\/category\/interes-general\/"},"img":{"alt_text":"","src":"https:\/\/i0.wp.com\/larevistadigital.com.ar\/blog\/wp-content\/uploads\/1114px-Escudo_de_la_UCR.svg_.png?fit=1109%2C1200&ssl=1&resize=350%2C200","width":350,"height":200,"srcset":"https:\/\/i0.wp.com\/larevistadigital.com.ar\/blog\/wp-content\/uploads\/1114px-Escudo_de_la_UCR.svg_.png?fit=1109%2C1200&ssl=1&resize=350%2C200 1x, https:\/\/i0.wp.com\/larevistadigital.com.ar\/blog\/wp-content\/uploads\/1114px-Escudo_de_la_UCR.svg_.png?fit=1109%2C1200&ssl=1&resize=525%2C300 1.5x, https:\/\/i0.wp.com\/larevistadigital.com.ar\/blog\/wp-content\/uploads\/1114px-Escudo_de_la_UCR.svg_.png?fit=1109%2C1200&ssl=1&resize=700%2C400 2x, https:\/\/i0.wp.com\/larevistadigital.com.ar\/blog\/wp-content\/uploads\/1114px-Escudo_de_la_UCR.svg_.png?fit=1109%2C1200&ssl=1&resize=1050%2C600 3x"},"classes":[]}],"_links":{"self":[{"href":"https:\/\/larevistadigital.com.ar\/blog\/wp-json\/wp\/v2\/posts\/35912","targetHints":{"allow":["GET"]}}],"collection":[{"href":"https:\/\/larevistadigital.com.ar\/blog\/wp-json\/wp\/v2\/posts"}],"about":[{"href":"https:\/\/larevistadigital.com.ar\/blog\/wp-json\/wp\/v2\/types\/post"}],"author":[{"embeddable":true,"href":"https:\/\/larevistadigital.com.ar\/blog\/wp-json\/wp\/v2\/users\/3"}],"replies":[{"embeddable":true,"href":"https:\/\/larevistadigital.com.ar\/blog\/wp-json\/wp\/v2\/comments?post=35912"}],"version-history":[{"count":1,"href":"https:\/\/larevistadigital.com.ar\/blog\/wp-json\/wp\/v2\/posts\/35912\/revisions"}],"predecessor-version":[{"id":35914,"href":"https:\/\/larevistadigital.com.ar\/blog\/wp-json\/wp\/v2\/posts\/35912\/revisions\/35914"}],"wp:featuredmedia":[{"embeddable":true,"href":"https:\/\/larevistadigital.com.ar\/blog\/wp-json\/wp\/v2\/media\/35913"}],"wp:attachment":[{"href":"https:\/\/larevistadigital.com.ar\/blog\/wp-json\/wp\/v2\/media?parent=35912"}],"wp:term":[{"taxonomy":"category","embeddable":true,"href":"https:\/\/larevistadigital.com.ar\/blog\/wp-json\/wp\/v2\/categories?post=35912"},{"taxonomy":"post_tag","embeddable":true,"href":"https:\/\/larevistadigital.com.ar\/blog\/wp-json\/wp\/v2\/tags?post=35912"}],"curies":[{"name":"wp","href":"https:\/\/api.w.org\/{rel}","templated":true}]}}