{"id":35915,"date":"2024-04-25T09:33:03","date_gmt":"2024-04-25T12:33:03","guid":{"rendered":"https:\/\/larevistadigital.com.ar\/blog\/?p=35915"},"modified":"2024-04-25T09:33:03","modified_gmt":"2024-04-25T12:33:03","slug":"manana-toca-electric-gauchos-en-chascomus","status":"publish","type":"post","link":"https:\/\/larevistadigital.com.ar\/blog\/manana-toca-electric-gauchos-en-chascomus\/","title":{"rendered":"MA\u00d1ANA TOCA \u00abELECTRIC GAUCHOS\u00bb EN CHASCOM\u00daS"},"content":{"rendered":"<div class=\"xdj266r x11i5rnm xat24cr x1mh8g0r x1vvkbs x126k92a\">\n<h2 dir=\"auto\">Una interesante propuesta para disfrutar en familia.<\/h2>\n<div dir=\"auto\">25 de abril de 2024<\/div>\n<div dir=\"auto\"><\/div>\n<div dir=\"auto\"><strong>CHASCOM\u00daS &#8211;\u00a0<\/strong> El grupo musical \u00abElectric Gauchos\u00bb, conocido por su fascinante colectivo internacional de m\u00fasicos, llega a Chascom\u00fas para ofrecer un espect\u00e1culo de m\u00fasica instrumental de alta calidad, dise\u00f1ado para un p\u00fablico que aprecia los matices y los sonidos que evocan diversas sensaciones.<\/div>\n<\/div>\n<div class=\"x11i5rnm xat24cr x1mh8g0r x1vvkbs xtlvy1s x126k92a\">\n<div dir=\"auto\">Compuesto por Steve Ball (Seattle, EEUU) en guitarra y voz, Fernando Samalea en bater\u00eda, Yoyo Sevilla en guitarra bar\u00edtono, y Fernando Kabusacki y Luciano Pietrafesa en guitarras el\u00e9ctricas y sintetizadas, \u201cElectric Gauchos\u201d se presentar\u00e1 en el Teatro Municipal Brazzola el s\u00e1bado 27 de abril a las 21 hs. Una propuesta de nivel internacional que sin duda merece ser marcada en la agenda.<\/div>\n<\/div>\n<div class=\"x11i5rnm xat24cr x1mh8g0r x1vvkbs xtlvy1s x126k92a\">\n<div dir=\"auto\">Desde 1997, \u201cElectric Gauchos\u201d ha cautivado audiencias de todo el mundo con sus presentaciones en vivo y extensas grabaciones, contando con colaboraciones especiales de renombrados artistas como Mar\u00eda Gabriela Epumer, Charly Garc\u00eda, Michelle Bliman, Bill Rieflin, Trey Gunn, Uma Kabusacki, Lilian Guibetich, Marina Fages, Pat Mastelotto, Tiny Orchestral Moments y el Seattle Guitar Circle.<\/div>\n<\/div>\n<div class=\"x11i5rnm xat24cr x1mh8g0r x1vvkbs xtlvy1s x126k92a\">\n<div dir=\"auto\">Los \u201cGauchos El\u00e9ctricos\u201d son reconocidos veteranos en la escena musical, habiendo participado en eventos destacados como la Liga de Guitarristas Astutos, Los Gauchos Alemanes, Zum, Seattle Guitar Circle, M\u00fasica en Movimiento y Tiny Orchestral Moments.<\/div>\n<\/div>\n<div class=\"x11i5rnm xat24cr x1mh8g0r x1vvkbs xtlvy1s x126k92a\">\n<div dir=\"auto\">En 2022, \u201cElectric Gauchos\u201d ofreci\u00f3 un espect\u00e1culo especial en el CCK de Buenos Aires y lanz\u00f3 dos CD y una serie de videos en vivo, presentando el trabajo en video de Lisa Cerati. Este a\u00f1o, el grupo estar\u00e1 activo en Buenos Aires, Mendoza y Seattle, trabajando en la grabaci\u00f3n de un nuevo CD de estudio que ser\u00e1 lanzado m\u00e1s adelante. Adem\u00e1s, tienen planes de realizar giras m\u00e1s amplias en 2024 y m\u00e1s all\u00e1, abarcando Estados Unidos, Sudam\u00e9rica y Asia.<\/div>\n<\/div>\n<div class=\"x11i5rnm xat24cr x1mh8g0r x1vvkbs xtlvy1s x126k92a\">\n<div dir=\"auto\">Las entradas para este espect\u00e1culo est\u00e1n a la venta en las boleter\u00edas del Teatro Municipal Brazzola, en su horario habitual de 9 a 16:30 hs, con un valor de 5000 pesos. No te pierdas la oportunidad de disfrutar de esta experiencia musical \u00fanica.<\/div>\n<\/div>\n","protected":false},"excerpt":{"rendered":"<div class=\"mh-excerpt\"><p>Una interesante propuesta para disfrutar en familia. 25 de abril de 2024 CHASCOM\u00daS &#8211;\u00a0 El grupo musical \u00abElectric Gauchos\u00bb, conocido por su fascinante colectivo internacional de m\u00fasicos, llega a Chascom\u00fas para ofrecer un espect\u00e1culo de <a class=\"mh-excerpt-more\" href=\"https:\/\/larevistadigital.com.ar\/blog\/manana-toca-electric-gauchos-en-chascomus\/\" title=\"MA\u00d1ANA TOCA \u00abELECTRIC GAUCHOS\u00bb EN CHASCOM\u00daS\">[Leer M\u00e1s]<\/a><\/p>\n<\/div>","protected":false},"author":3,"featured_media":35916,"comment_status":"open","ping_status":"open","sticky":false,"template":"","format":"standard","meta":{"_jetpack_memberships_contains_paid_content":false,"footnotes":"","jetpack_publicize_message":"","jetpack_publicize_feature_enabled":true,"jetpack_social_post_already_shared":true,"jetpack_social_options":{"image_generator_settings":{"template":"highway","default_image_id":0,"font":"","enabled":false},"version":2}},"categories":[15,50],"tags":[],"class_list":{"0":"post-35915","1":"post","2":"type-post","3":"status-publish","4":"format-standard","5":"has-post-thumbnail","7":"category-cultura","8":"category-interes-general"},"jetpack_publicize_connections":[],"jetpack_featured_media_url":"https:\/\/i0.wp.com\/larevistadigital.com.ar\/blog\/wp-content\/uploads\/439498418_830383385800943_176963449248749253_n.jpg?fit=900%2C1600&ssl=1","jetpack_sharing_enabled":true,"jetpack_shortlink":"https:\/\/wp.me\/p8qtrQ-9lh","jetpack-related-posts":[{"id":43998,"url":"https:\/\/larevistadigital.com.ar\/blog\/primera-noche-del-carnaval-en-chascomus-homenajes-comparsas-y-diversion-para-toda-la-familia\/","url_meta":{"origin":35915,"position":0},"title":"Primera noche del Carnaval en Chascom\u00fas: homenajes, comparsas y diversi\u00f3n para toda la familia","author":"Alejandro Sosa Ruda","date":"14 febrero, 2026","format":false,"excerpt":"El viernes arranc\u00f3 la primera noche del Carnaval, una fiesta organizada por la Municipalidad de Chascom\u00fas, con comparsas, m\u00fasica y homenajes a referentes del Carnaval Infantil como Anal\u00eda G\u00f3mez, Palmira Castro y \u201cCuyo\u201d. 14 de febrero de 2026 CHASCOM\u00daS -\u00a0 \u00a0Con una hermosa decoraci\u00f3n con la tem\u00e1tica \u201cLos Abrazos\u201d, que\u2026","rel":"","context":"En \u00abCHASCOM\u00daS\u00bb","block_context":{"text":"CHASCOM\u00daS","link":"https:\/\/larevistadigital.com.ar\/blog\/category\/chascomus\/"},"img":{"alt_text":"","src":"https:\/\/i0.wp.com\/larevistadigital.com.ar\/blog\/wp-content\/uploads\/6990a55c14c04.png?fit=668%2C445&ssl=1&resize=350%2C200","width":350,"height":200,"srcset":"https:\/\/i0.wp.com\/larevistadigital.com.ar\/blog\/wp-content\/uploads\/6990a55c14c04.png?fit=668%2C445&ssl=1&resize=350%2C200 1x, https:\/\/i0.wp.com\/larevistadigital.com.ar\/blog\/wp-content\/uploads\/6990a55c14c04.png?fit=668%2C445&ssl=1&resize=525%2C300 1.5x"},"classes":[]},{"id":37263,"url":"https:\/\/larevistadigital.com.ar\/blog\/chascomus-se-prepara-para-promocionar-su-propuesta-en-la-feria-internacional-de-turismo\/","url_meta":{"origin":35915,"position":1},"title":"Chascom\u00fas se prepara para promocionar su propuesta en la Feria Internacional de Turismo","author":"Alejandro Sosa Ruda","date":"20 septiembre, 2024","format":false,"excerpt":"La ciudad participar\u00e1 del stand institucional de la Provincia de Buenos Aires en el mayor encuentro tur\u00edstico de Am\u00e9rica Latina. 20 de Septirmbre de 2024 CHASCOM\u00daS -\u00a0 Chascom\u00fas volver\u00e1 a ser parte de la Feria Internacional de Turismo (FIT), el evento m\u00e1s importante del sector en Am\u00e9rica Latina en el\u2026","rel":"","context":"En \u00abINTERES GENERAL\u00bb","block_context":{"text":"INTERES GENERAL","link":"https:\/\/larevistadigital.com.ar\/blog\/category\/interes-general\/"},"img":{"alt_text":"","src":"https:\/\/i0.wp.com\/larevistadigital.com.ar\/blog\/wp-content\/uploads\/66ec59b167292.png?fit=668%2C445&ssl=1&resize=350%2C200","width":350,"height":200,"srcset":"https:\/\/i0.wp.com\/larevistadigital.com.ar\/blog\/wp-content\/uploads\/66ec59b167292.png?fit=668%2C445&ssl=1&resize=350%2C200 1x, https:\/\/i0.wp.com\/larevistadigital.com.ar\/blog\/wp-content\/uploads\/66ec59b167292.png?fit=668%2C445&ssl=1&resize=525%2C300 1.5x"},"classes":[]},{"id":45011,"url":"https:\/\/larevistadigital.com.ar\/blog\/chascomus-comienza-este-viernes-capacitacion-de-promotores-de-huerta-y-ambiente\/","url_meta":{"origin":35915,"position":2},"title":"Chascom\u00fas: Comienza este viernes capacitaci\u00f3n de Promotores de Huerta y Ambiente","author":"Alejandro Sosa Ruda","date":"8 abril, 2026","format":false,"excerpt":"Quienes finalicen este tramo de formaci\u00f3n, recibir\u00e1n el\u00a0 certificado correspondiente. 08 de abril de 2026 CHASCOM\u00daS\u00a0 -\u00a0 \u00a0Este viernes 10 de abril, dar\u00e1 inicio la cuarta cohorte de la formaci\u00f3n \u201cPromotores de Huerta y Ambiente\u201d, una propuesta que forma parte del programa \u201cCosechando Saberes\u201d y que busca promover pr\u00e1cticas de\u2026","rel":"","context":"En \u00abCHASCOM\u00daS\u00bb","block_context":{"text":"CHASCOM\u00daS","link":"https:\/\/larevistadigital.com.ar\/blog\/category\/chascomus\/"},"img":{"alt_text":"","src":"https:\/\/i0.wp.com\/larevistadigital.com.ar\/blog\/wp-content\/uploads\/69d693005d76c.png?fit=668%2C445&ssl=1&resize=350%2C200","width":350,"height":200,"srcset":"https:\/\/i0.wp.com\/larevistadigital.com.ar\/blog\/wp-content\/uploads\/69d693005d76c.png?fit=668%2C445&ssl=1&resize=350%2C200 1x, https:\/\/i0.wp.com\/larevistadigital.com.ar\/blog\/wp-content\/uploads\/69d693005d76c.png?fit=668%2C445&ssl=1&resize=525%2C300 1.5x"},"classes":[]},{"id":44866,"url":"https:\/\/larevistadigital.com.ar\/blog\/chascomus-posta-de-sabores-llega-una-propuesta-innovadora-centrada-en-los-hongos\/","url_meta":{"origin":35915,"position":3},"title":"Chascom\u00fas Posta de sabores: llega una propuesta innovadora centrada en los hongos","author":"Alejandro Sosa Ruda","date":"1 abril, 2026","format":false,"excerpt":"La ciudad se prepara para vivir una nueva edici\u00f3n de Mesa Posta de Sabores, el evento gastron\u00f3mico que celebra la identidad culinaria local y regional como as\u00ed tambi\u00e9n al emprendedorismo. 01 de abril de 2026 CHASCOM\u00daS -\u00a0 \u00a0En el marco de una nueva edici\u00f3n de Mesa Posta de Sabores, el\u2026","rel":"","context":"En \u00abCHASCOM\u00daS\u00bb","block_context":{"text":"CHASCOM\u00daS","link":"https:\/\/larevistadigital.com.ar\/blog\/category\/chascomus\/"},"img":{"alt_text":"","src":"https:\/\/i0.wp.com\/larevistadigital.com.ar\/blog\/wp-content\/uploads\/69cd5407b00e1.png?fit=668%2C445&ssl=1&resize=350%2C200","width":350,"height":200,"srcset":"https:\/\/i0.wp.com\/larevistadigital.com.ar\/blog\/wp-content\/uploads\/69cd5407b00e1.png?fit=668%2C445&ssl=1&resize=350%2C200 1x, https:\/\/i0.wp.com\/larevistadigital.com.ar\/blog\/wp-content\/uploads\/69cd5407b00e1.png?fit=668%2C445&ssl=1&resize=525%2C300 1.5x"},"classes":[]},{"id":2542,"url":"https:\/\/larevistadigital.com.ar\/blog\/la-leyenda-continua-fernando-rampazzo-38-anos-y-un-nuevo-torneo-internacional-por-delante\/","url_meta":{"origin":35915,"position":4},"title":"\u201cLA LEYENDA CONTIN\u00daA\u201d \u2026FERNANDO RAMPAZZO: 38 A\u00d1OS Y UN NUEVO TORNEO INTERNACIONAL POR DELANTE","author":"Alejandro Sosa Ruda","date":"27 junio, 2017","format":false,"excerpt":"Para quienes lo venimos siguiendo hace tiempo, y lo conocemos en la intimidad, no es sorpresa que el exitoso abogado y destacado taekwondo\u00edsta Fernando Rampazzo se est\u00e9 preparando y tenga entre ojos una nueva competencia internacional que seguramente lo tendr\u00e1 como protagonista. De fuerte personalidad y gran esp\u00edritu de sacrificio,\u2026","rel":"","context":"En \u00abCHASCOM\u00daS\u00bb","block_context":{"text":"CHASCOM\u00daS","link":"https:\/\/larevistadigital.com.ar\/blog\/category\/chascomus\/"},"img":{"alt_text":"","src":"https:\/\/i0.wp.com\/larevistadigital.com.ar\/blog\/wp-content\/uploads\/2017\/06\/WhatsApp-Image-2017-06-26-at-18.01.13.jpeg?fit=640%2C640&ssl=1&resize=350%2C200","width":350,"height":200,"srcset":"https:\/\/i0.wp.com\/larevistadigital.com.ar\/blog\/wp-content\/uploads\/2017\/06\/WhatsApp-Image-2017-06-26-at-18.01.13.jpeg?fit=640%2C640&ssl=1&resize=350%2C200 1x, https:\/\/i0.wp.com\/larevistadigital.com.ar\/blog\/wp-content\/uploads\/2017\/06\/WhatsApp-Image-2017-06-26-at-18.01.13.jpeg?fit=640%2C640&ssl=1&resize=525%2C300 1.5x"},"classes":[]},{"id":45216,"url":"https:\/\/larevistadigital.com.ar\/blog\/chascomus-se-desarrollo-con-exito-la-carrera-solidaria-por-asid\/","url_meta":{"origin":35915,"position":5},"title":"Chascom\u00fas: Se desarroll\u00f3 con \u00e9xito la Carrera solidaria por ASID","author":"Alejandro Sosa Ruda","date":"20 abril, 2026","format":false,"excerpt":"Hubo sorteos y mucho entusiasmo de los participantes que colaboraron con esta importante instituci\u00f3n de nuestra comunidad. 20 de abril de 2026 CHASCOM\u00daS -\u00a0 \u00a0Con un clima ideal, en una ma\u00f1ana de domingo soleada, se llev\u00f3 a cabo la \u201cCarrera Solidaria por ASID\u201d, una propuesta deportiva y solidaria que convoc\u00f3\u2026","rel":"","context":"En \u00abCHASCOM\u00daS\u00bb","block_context":{"text":"CHASCOM\u00daS","link":"https:\/\/larevistadigital.com.ar\/blog\/category\/chascomus\/"},"img":{"alt_text":"","src":"https:\/\/i0.wp.com\/larevistadigital.com.ar\/blog\/wp-content\/uploads\/69e66679c31e7.png?fit=668%2C445&ssl=1&resize=350%2C200","width":350,"height":200,"srcset":"https:\/\/i0.wp.com\/larevistadigital.com.ar\/blog\/wp-content\/uploads\/69e66679c31e7.png?fit=668%2C445&ssl=1&resize=350%2C200 1x, https:\/\/i0.wp.com\/larevistadigital.com.ar\/blog\/wp-content\/uploads\/69e66679c31e7.png?fit=668%2C445&ssl=1&resize=525%2C300 1.5x"},"classes":[]}],"_links":{"self":[{"href":"https:\/\/larevistadigital.com.ar\/blog\/wp-json\/wp\/v2\/posts\/35915","targetHints":{"allow":["GET"]}}],"collection":[{"href":"https:\/\/larevistadigital.com.ar\/blog\/wp-json\/wp\/v2\/posts"}],"about":[{"href":"https:\/\/larevistadigital.com.ar\/blog\/wp-json\/wp\/v2\/types\/post"}],"author":[{"embeddable":true,"href":"https:\/\/larevistadigital.com.ar\/blog\/wp-json\/wp\/v2\/users\/3"}],"replies":[{"embeddable":true,"href":"https:\/\/larevistadigital.com.ar\/blog\/wp-json\/wp\/v2\/comments?post=35915"}],"version-history":[{"count":1,"href":"https:\/\/larevistadigital.com.ar\/blog\/wp-json\/wp\/v2\/posts\/35915\/revisions"}],"predecessor-version":[{"id":35917,"href":"https:\/\/larevistadigital.com.ar\/blog\/wp-json\/wp\/v2\/posts\/35915\/revisions\/35917"}],"wp:featuredmedia":[{"embeddable":true,"href":"https:\/\/larevistadigital.com.ar\/blog\/wp-json\/wp\/v2\/media\/35916"}],"wp:attachment":[{"href":"https:\/\/larevistadigital.com.ar\/blog\/wp-json\/wp\/v2\/media?parent=35915"}],"wp:term":[{"taxonomy":"category","embeddable":true,"href":"https:\/\/larevistadigital.com.ar\/blog\/wp-json\/wp\/v2\/categories?post=35915"},{"taxonomy":"post_tag","embeddable":true,"href":"https:\/\/larevistadigital.com.ar\/blog\/wp-json\/wp\/v2\/tags?post=35915"}],"curies":[{"name":"wp","href":"https:\/\/api.w.org\/{rel}","templated":true}]}}