{"id":35919,"date":"2024-04-26T10:39:48","date_gmt":"2024-04-26T13:39:48","guid":{"rendered":"https:\/\/larevistadigital.com.ar\/blog\/?p=35919"},"modified":"2024-04-28T14:33:40","modified_gmt":"2024-04-28T17:33:40","slug":"35919-2","status":"publish","type":"post","link":"https:\/\/larevistadigital.com.ar\/blog\/35919-2\/","title":{"rendered":"CHASCOM\u00daS DETIENEN A UN INDIVIDUO QUE CON MANIOBRAS EN SU MOTO PON\u00cdA EN PELIGRO SU VIDA Y LA DE LOS VECINOS"},"content":{"rendered":"<p>26 de abril de 2024<\/p>\n<p><strong>CHASCOM\u00daS &#8211;<\/strong>\u00a0 Hace semanas, la Patrulla de Prevenci\u00f3n Municipal de Chascom\u00fas realiz\u00f3 una denuncia penal en la que se plasm\u00f3 la Prueba Ilegal de Velocidad a bordo de un veh\u00edculo auto motor penado en el art. 193 Bis del C\u00f3digo Penal Argentino.<\/p>\n<blockquote>\n<h3>Producto de la misma e iniciada la investigaci\u00f3n, se aportaron videos e imagenes del Centro de Monitoreo de Chascom\u00fas a la U.F.I.D. N\u00b0 10 a cargo del <strong>Dr. Jonathan Robert<\/strong> en las cuales se apreciaba la conducta del sujeto al momento de conducir poniendo riesgo su integridad fisca y la de terceros.<\/h3>\n<\/blockquote>\n<p>En la fecha y por requerimiento del ministerio p\u00fablico fiscal, el Juzgado de Garantias n 5 de Chascom\u00fas a cargo del <strong>Juez Christian Gasquet<\/strong> emiti\u00f3 orden de Allanamiento, registro y Secuestro para un domicilio de calle Las Flores del Barrio Gallo Blanco, el cual se efectivizo en la fecha con personal de E.P.C. Chascom\u00fas 1ra. y con colaboraci\u00f3n de la Patrulla de Prevenci\u00f3n Municipal de este medio.<\/p>\n<blockquote>\n<h3>En el lugar se procedi\u00f3 al secuestro de una motocicleta marca Honda 110 cc., la cual era la utilizada para realizar las maniobras ilegales de velocidad y la ropa utilizada por el imputado,\u00a0 como tambien se logro encontrar dentro de la vivienda una chapa patente de una motocicleta BAJAJ 400 C.C. con pedido de secuestro ACTIVO por el delito de Hurto en Junio de 2022 en Capital Federal.<\/h3>\n<\/blockquote>\n<div style=\"width: 478px;\" class=\"wp-video\"><!--[if lt IE 9]><script>document.createElement('video');<\/script><![endif]-->\n<video class=\"wp-video-shortcode\" id=\"video-35919-1\" width=\"478\" height=\"850\" preload=\"metadata\" controls=\"controls\"><source type=\"video\/mp4\" src=\"https:\/\/larevistadigital.com.ar\/blog\/wp-content\/uploads\/WhatsApp-Video-2024-04-25-at-20.25.54.mp4?_=1\" \/><a href=\"https:\/\/larevistadigital.com.ar\/blog\/wp-content\/uploads\/WhatsApp-Video-2024-04-25-at-20.25.54.mp4\">https:\/\/larevistadigital.com.ar\/blog\/wp-content\/uploads\/WhatsApp-Video-2024-04-25-at-20.25.54.mp4<\/a><\/video><\/div>\n<p>Durante la misma diligencia, se imput\u00f3 al sindicado por el delito de<strong><em> \u00abPRUEBA ILEGAL DE VELOCIDAD A BORDO DE UN VEH\u00cdCULO AUTOMOTOR (ART. 193 BIS) Y ENCUBRIMIENTO\u00bb<\/em><\/strong>. Es dable mencionar que muchas denuncias radicadas por la Patrulla de Prevenci\u00f3n Municipal de esta localidad por el mismo delito se encuentran aun en etapa de investigaci\u00f3n prontas a llegar a su finalizaci\u00f3n para proceder de igual manera a este caso.<\/p>\n","protected":false},"excerpt":{"rendered":"<div class=\"mh-excerpt\"><p>26 de abril de 2024 CHASCOM\u00daS &#8211;\u00a0 Hace semanas, la Patrulla de Prevenci\u00f3n Municipal de Chascom\u00fas realiz\u00f3 una denuncia penal en la que se plasm\u00f3 la Prueba Ilegal de Velocidad a bordo de un veh\u00edculo <a class=\"mh-excerpt-more\" href=\"https:\/\/larevistadigital.com.ar\/blog\/35919-2\/\" title=\"CHASCOM\u00daS DETIENEN A UN INDIVIDUO QUE CON MANIOBRAS EN SU MOTO PON\u00cdA EN PELIGRO SU VIDA Y LA DE LOS VECINOS\">[Leer M\u00e1s]<\/a><\/p>\n<\/div>","protected":false},"author":3,"featured_media":29411,"comment_status":"open","ping_status":"open","sticky":false,"template":"","format":"standard","meta":{"_jetpack_memberships_contains_paid_content":false,"footnotes":"","jetpack_publicize_message":"","jetpack_publicize_feature_enabled":true,"jetpack_social_post_already_shared":true,"jetpack_social_options":{"image_generator_settings":{"template":"highway","default_image_id":0,"font":"","enabled":false},"version":2}},"categories":[41,44],"tags":[],"class_list":{"0":"post-35919","1":"post","2":"type-post","3":"status-publish","4":"format-standard","5":"has-post-thumbnail","7":"category-destacadas","8":"category-policiales"},"jetpack_publicize_connections":[],"jetpack_featured_media_url":"https:\/\/i0.wp.com\/larevistadigital.com.ar\/blog\/wp-content\/uploads\/POLICIA-4.jpg?fit=880%2C512&ssl=1","jetpack_sharing_enabled":true,"jetpack_shortlink":"https:\/\/wp.me\/p8qtrQ-9ll","jetpack-related-posts":[{"id":32823,"url":"https:\/\/larevistadigital.com.ar\/blog\/chascomus-detienen-y-trasladan-a-un-sujeto-con-frondosos-antecedentes-cuando-intentaba-robar-un-auto\/","url_meta":{"origin":35919,"position":0},"title":"CHASCOM\u00daS: DETIENEN Y TRASLADAN A UN SUJETO CON FRONDOSOS ANTECEDENTES CUANDO INTENTABA ROBAR UN AUTO","author":"Alejandro Sosa Ruda","date":"10 agosto, 2023","format":false,"excerpt":"10 de agosto de 2023 CHASCOM\u00daS -\u00a0 Durante la madrugada de hoy, personal policial de la Estaci\u00f3n de Polic\u00eda Comunal Chascomus Primera aprehendi\u00f3 a una persona de sexo masculino, cuando se fugaba del lugar en donde hab\u00eda roto la cerradura de la puerta de un veh\u00edculo de calle Tandil para\u2026","rel":"","context":"En \u00abINTERES GENERAL\u00bb","block_context":{"text":"INTERES GENERAL","link":"https:\/\/larevistadigital.com.ar\/blog\/category\/interes-general\/"},"img":{"alt_text":"","src":"https:\/\/i0.wp.com\/larevistadigital.com.ar\/blog\/wp-content\/uploads\/WhatsApp-Image-2023-08-09-at-19.13.34.jpeg?fit=772%2C1200&ssl=1&resize=350%2C200","width":350,"height":200,"srcset":"https:\/\/i0.wp.com\/larevistadigital.com.ar\/blog\/wp-content\/uploads\/WhatsApp-Image-2023-08-09-at-19.13.34.jpeg?fit=772%2C1200&ssl=1&resize=350%2C200 1x, https:\/\/i0.wp.com\/larevistadigital.com.ar\/blog\/wp-content\/uploads\/WhatsApp-Image-2023-08-09-at-19.13.34.jpeg?fit=772%2C1200&ssl=1&resize=525%2C300 1.5x, https:\/\/i0.wp.com\/larevistadigital.com.ar\/blog\/wp-content\/uploads\/WhatsApp-Image-2023-08-09-at-19.13.34.jpeg?fit=772%2C1200&ssl=1&resize=700%2C400 2x"},"classes":[]},{"id":36335,"url":"https:\/\/larevistadigital.com.ar\/blog\/chascomus-aprehenden-a-menor-por-robo-en-barrio-parque\/","url_meta":{"origin":35919,"position":1},"title":"CHASCOM\u00daS: APREHENDEN A MENOR POR ROBO EN BARRIO PARQUE.","author":"Alejandro Sosa Ruda","date":"15 junio, 2024","format":false,"excerpt":"El muchacho se encuentra detenido en la comisar\u00eda primera, en espera de resoluci\u00f3n judicial. 15 de Junio de 2024 CHASCOM\u00daS -\u00a0 \u00a0Personal policial de E.P.C. Chascomus 1ra. tras la recepci\u00f3n de denuncia de un hecho de robo ocurrido en el Barrio Parque ocurrido en la madrugada del dia Lunes 10\u2026","rel":"","context":"En \u00abPOLICIALES\u00bb","block_context":{"text":"POLICIALES","link":"https:\/\/larevistadigital.com.ar\/blog\/category\/policiales\/"},"img":{"alt_text":"","src":"https:\/\/i0.wp.com\/larevistadigital.com.ar\/blog\/wp-content\/uploads\/POLICIA-2.jpg?fit=1002%2C671&ssl=1&resize=350%2C200","width":350,"height":200,"srcset":"https:\/\/i0.wp.com\/larevistadigital.com.ar\/blog\/wp-content\/uploads\/POLICIA-2.jpg?fit=1002%2C671&ssl=1&resize=350%2C200 1x, https:\/\/i0.wp.com\/larevistadigital.com.ar\/blog\/wp-content\/uploads\/POLICIA-2.jpg?fit=1002%2C671&ssl=1&resize=525%2C300 1.5x, https:\/\/i0.wp.com\/larevistadigital.com.ar\/blog\/wp-content\/uploads\/POLICIA-2.jpg?fit=1002%2C671&ssl=1&resize=700%2C400 2x"},"classes":[]},{"id":14749,"url":"https:\/\/larevistadigital.com.ar\/blog\/chascomus-allanamiento-secuestro-y-detencion-de-una-mujer\/","url_meta":{"origin":35919,"position":2},"title":"CHASCOM\u00daS: ALLANAMIENTO, SECUESTRO Y DETENCI\u00d3N DE UNA MUJER","author":"Alejandro Sosa Ruda","date":"12 febrero, 2020","format":false,"excerpt":"Desde el chat de prensa de la Jefatura Distrital, nos hacen llegar un informe que a continuaci\u00f3n reproducimos: Durante el d\u00eda de ayer,\u00a0 personal de la Comisaria de Chascom\u00fas dio cumplimiento a ORDEN DE ALLANAMIENTO Y SECUESTRO en el domicilio de calle Chubut N\u00ba 833 de Chascom\u00fas, donde procedieron al\u2026","rel":"","context":"En \u00abINTERES GENERAL\u00bb","block_context":{"text":"INTERES GENERAL","link":"https:\/\/larevistadigital.com.ar\/blog\/category\/interes-general\/"},"img":{"alt_text":"","src":"https:\/\/i0.wp.com\/larevistadigital.com.ar\/blog\/wp-content\/uploads\/2017\/08\/comisaria.jpg?fit=640%2C324&ssl=1&resize=350%2C200","width":350,"height":200,"srcset":"https:\/\/i0.wp.com\/larevistadigital.com.ar\/blog\/wp-content\/uploads\/2017\/08\/comisaria.jpg?fit=640%2C324&ssl=1&resize=350%2C200 1x, https:\/\/i0.wp.com\/larevistadigital.com.ar\/blog\/wp-content\/uploads\/2017\/08\/comisaria.jpg?fit=640%2C324&ssl=1&resize=525%2C300 1.5x"},"classes":[]},{"id":21411,"url":"https:\/\/larevistadigital.com.ar\/blog\/corrupcion-de-menores-y-grooming-en-chascomus-allanamientos-y-detenidos\/","url_meta":{"origin":35919,"position":3},"title":"CORRUPCI\u00d3N DE MENORES Y GROOMING EN CHASCOM\u00daS: ALLANAMIENTOS Y DETENIDOS","author":"Alejandro Sosa Ruda","date":"6 agosto, 2021","format":false,"excerpt":"CHASCOM\u00daS -\u00a0 Como corolario de una investigaci\u00f3n que llev\u00f3 a cabo la D.U.O.F. de Chascom\u00fas, pudo detenerse a un hombre e imputar a 3 j\u00f3venes mayores de edad por el delito de \u201cGrooming\u201d ya que habr\u00edan abusado y acosado a trav\u00e9s de las redes sociales, de una adolescente a fines\u2026","rel":"","context":"En \u00abDESTACADAS\u00bb","block_context":{"text":"DESTACADAS","link":"https:\/\/larevistadigital.com.ar\/blog\/category\/destacadas\/"},"img":{"alt_text":"","src":"https:\/\/i0.wp.com\/larevistadigital.com.ar\/blog\/wp-content\/uploads\/220862635_2889170651345470_3806523167714347298_n.jpg?fit=960%2C540&ssl=1&resize=350%2C200","width":350,"height":200,"srcset":"https:\/\/i0.wp.com\/larevistadigital.com.ar\/blog\/wp-content\/uploads\/220862635_2889170651345470_3806523167714347298_n.jpg?fit=960%2C540&ssl=1&resize=350%2C200 1x, https:\/\/i0.wp.com\/larevistadigital.com.ar\/blog\/wp-content\/uploads\/220862635_2889170651345470_3806523167714347298_n.jpg?fit=960%2C540&ssl=1&resize=525%2C300 1.5x, https:\/\/i0.wp.com\/larevistadigital.com.ar\/blog\/wp-content\/uploads\/220862635_2889170651345470_3806523167714347298_n.jpg?fit=960%2C540&ssl=1&resize=700%2C400 2x"},"classes":[]},{"id":36920,"url":"https:\/\/larevistadigital.com.ar\/blog\/chascomus-tras-un-allanamiento-positivo-detienen-a-un-menor-y-lo-trasladan-a-un-centro-de-contencion-en-dolores\/","url_meta":{"origin":35919,"position":4},"title":"CHASCOM\u00daS: TRAS UN ALLANAMIENTO POSITIVO, DETIENEN A UN MENOR Y LO TRASLADAN A UN CENTRO DE CONTENCI\u00d3N EN DOLORES","author":"Alejandro Sosa Ruda","date":"11 agosto, 2024","format":false,"excerpt":"Tambi\u00e9n aprehendieron a un mayor que intent\u00f3 defenderlo en el momento de la detenci\u00f3n, pero ya recuper\u00f3 la libertad. 11 de Agosto de 2024 CHASCOM\u00daS -\u00a0 Personal policial de E.P.C. Chascomus se aboc\u00f3 a recolectar elementos de prueba suficientes requeridos por el Fuero de Responsabilidad Penal Juvenil N\u00b0 1 de\u2026","rel":"","context":"En \u00abINTERES GENERAL\u00bb","block_context":{"text":"INTERES GENERAL","link":"https:\/\/larevistadigital.com.ar\/blog\/category\/interes-general\/"},"img":{"alt_text":"","src":"https:\/\/i0.wp.com\/larevistadigital.com.ar\/blog\/wp-content\/uploads\/1620734311775.jpg?fit=1200%2C777&ssl=1&resize=350%2C200","width":350,"height":200,"srcset":"https:\/\/i0.wp.com\/larevistadigital.com.ar\/blog\/wp-content\/uploads\/1620734311775.jpg?fit=1200%2C777&ssl=1&resize=350%2C200 1x, https:\/\/i0.wp.com\/larevistadigital.com.ar\/blog\/wp-content\/uploads\/1620734311775.jpg?fit=1200%2C777&ssl=1&resize=525%2C300 1.5x, https:\/\/i0.wp.com\/larevistadigital.com.ar\/blog\/wp-content\/uploads\/1620734311775.jpg?fit=1200%2C777&ssl=1&resize=700%2C400 2x, https:\/\/i0.wp.com\/larevistadigital.com.ar\/blog\/wp-content\/uploads\/1620734311775.jpg?fit=1200%2C777&ssl=1&resize=1050%2C600 3x"},"classes":[]},{"id":42433,"url":"https:\/\/larevistadigital.com.ar\/blog\/secuestran-dos-motos-por-realizar-maniobras-peligrosas-en-el-casco-urbano-de-chascomus\/","url_meta":{"origin":35919,"position":5},"title":"Secuestran dos motos por realizar maniobras peligrosas en el casco urbano de Chascom\u00fas","author":"Alejandro Sosa Ruda","date":"8 noviembre, 2025","format":false,"excerpt":"Se lleg\u00f3 por una denuncia del municipio y con el trabajo de las C\u00e1maras del Centro de Monitoreo. 08 de Noviembre de 2025 CHASCOM\u00daS\u00a0 -\u00a0 \u00a0La SubDDI Chascom\u00fas llev\u00f3 adelante un importante operativo que culmin\u00f3 con el secuestro de dos motocicletas tipo enduro o motocross, utilizadas por sus conductores para\u2026","rel":"","context":"En \u00abCHASCOM\u00daS\u00bb","block_context":{"text":"CHASCOM\u00daS","link":"https:\/\/larevistadigital.com.ar\/blog\/category\/chascomus\/"},"img":{"alt_text":"","src":"https:\/\/i0.wp.com\/larevistadigital.com.ar\/blog\/wp-content\/uploads\/Captura-de-pantalla-2025-11-08-161024.jpg?fit=407%2C256&ssl=1&resize=350%2C200","width":350,"height":200},"classes":[]}],"_links":{"self":[{"href":"https:\/\/larevistadigital.com.ar\/blog\/wp-json\/wp\/v2\/posts\/35919","targetHints":{"allow":["GET"]}}],"collection":[{"href":"https:\/\/larevistadigital.com.ar\/blog\/wp-json\/wp\/v2\/posts"}],"about":[{"href":"https:\/\/larevistadigital.com.ar\/blog\/wp-json\/wp\/v2\/types\/post"}],"author":[{"embeddable":true,"href":"https:\/\/larevistadigital.com.ar\/blog\/wp-json\/wp\/v2\/users\/3"}],"replies":[{"embeddable":true,"href":"https:\/\/larevistadigital.com.ar\/blog\/wp-json\/wp\/v2\/comments?post=35919"}],"version-history":[{"count":3,"href":"https:\/\/larevistadigital.com.ar\/blog\/wp-json\/wp\/v2\/posts\/35919\/revisions"}],"predecessor-version":[{"id":35966,"href":"https:\/\/larevistadigital.com.ar\/blog\/wp-json\/wp\/v2\/posts\/35919\/revisions\/35966"}],"wp:featuredmedia":[{"embeddable":true,"href":"https:\/\/larevistadigital.com.ar\/blog\/wp-json\/wp\/v2\/media\/29411"}],"wp:attachment":[{"href":"https:\/\/larevistadigital.com.ar\/blog\/wp-json\/wp\/v2\/media?parent=35919"}],"wp:term":[{"taxonomy":"category","embeddable":true,"href":"https:\/\/larevistadigital.com.ar\/blog\/wp-json\/wp\/v2\/categories?post=35919"},{"taxonomy":"post_tag","embeddable":true,"href":"https:\/\/larevistadigital.com.ar\/blog\/wp-json\/wp\/v2\/tags?post=35919"}],"curies":[{"name":"wp","href":"https:\/\/api.w.org\/{rel}","templated":true}]}}