{"id":35923,"date":"2024-04-26T19:07:01","date_gmt":"2024-04-26T22:07:01","guid":{"rendered":"https:\/\/larevistadigital.com.ar\/blog\/?p=35923"},"modified":"2024-04-26T19:07:01","modified_gmt":"2024-04-26T22:07:01","slug":"se-viene-el-spin-off-de-el-marginal-pero-ahora-en-la-carcel-de-mujeres","status":"publish","type":"post","link":"https:\/\/larevistadigital.com.ar\/blog\/se-viene-el-spin-off-de-el-marginal-pero-ahora-en-la-carcel-de-mujeres\/","title":{"rendered":"SE VIENE EL \u00abSPIN OFF\u00bb DE \u00abEL MARGINAL\u00bb PERO AHORA EN LA CARCEL DE MUJERES"},"content":{"rendered":"<h2>Ahora la nueva versi\u00f3n protagonizada por quien fuera \u00abla mujer de Mario Borges\u00bb en la carcel de mujeres. El m\u00edtico Ant\u00edn ser\u00e1 de la partida.<\/h2>\n<p>26 de abril de 2024<\/p>\n<p>El Marginal ha sido indudablemente una de las series m\u00e1s exitosas de Argentina en los \u00faltimos a\u00f1os. Comenz\u00f3 en la TV p\u00fablica, y m\u00e1s tarde,\u00a0 Netflix compr\u00f3 sus derechos. Ahora se viene su primer spin-off, el mismo se llamar\u00e1 \u00ab<strong>Barro\u00bb<\/strong> y se desarrollar\u00e1 en una c\u00e1rcel de mujeres.<br class=\"html-br\" \/><br class=\"html-br\" \/>La protagonista ser\u00e1 <strong>Gladys<\/strong>, mujer de <strong>Borges<\/strong>, interpretada por<strong> Ana Garibaldi<\/strong>. Adem\u00e1s, volver\u00e1 <strong>Gerardo Romano<\/strong> como <strong>Ant\u00edn<\/strong>. Se desconoce el resto del reparto, y la sinopsis de la serie.<\/p>\n","protected":false},"excerpt":{"rendered":"<div class=\"mh-excerpt\"><p>Ahora la nueva versi\u00f3n protagonizada por quien fuera \u00abla mujer de Mario Borges\u00bb en la carcel de mujeres. El m\u00edtico Ant\u00edn ser\u00e1 de la partida. 26 de abril de 2024 El Marginal ha sido indudablemente <a class=\"mh-excerpt-more\" href=\"https:\/\/larevistadigital.com.ar\/blog\/se-viene-el-spin-off-de-el-marginal-pero-ahora-en-la-carcel-de-mujeres\/\" title=\"SE VIENE EL \u00abSPIN OFF\u00bb DE \u00abEL MARGINAL\u00bb PERO AHORA EN LA CARCEL DE MUJERES\">[Leer M\u00e1s]<\/a><\/p>\n<\/div>","protected":false},"author":3,"featured_media":35924,"comment_status":"open","ping_status":"open","sticky":false,"template":"","format":"standard","meta":{"_jetpack_memberships_contains_paid_content":false,"footnotes":"","jetpack_publicize_message":"","jetpack_publicize_feature_enabled":true,"jetpack_social_post_already_shared":true,"jetpack_social_options":{"image_generator_settings":{"template":"highway","default_image_id":0,"font":"","enabled":false},"version":2}},"categories":[50],"tags":[],"class_list":{"0":"post-35923","1":"post","2":"type-post","3":"status-publish","4":"format-standard","5":"has-post-thumbnail","7":"category-interes-general"},"jetpack_publicize_connections":[],"jetpack_featured_media_url":"https:\/\/i0.wp.com\/larevistadigital.com.ar\/blog\/wp-content\/uploads\/439197071_983202157141007_6678397167974142434_n.jpg?fit=1023%2C1021&ssl=1","jetpack_sharing_enabled":true,"jetpack_shortlink":"https:\/\/wp.me\/p8qtrQ-9lp","jetpack-related-posts":[{"id":612,"url":"https:\/\/larevistadigital.com.ar\/blog\/la-multisectorial-mujeres-anuncio-actividades-miercoles-8-marzo\/","url_meta":{"origin":35923,"position":0},"title":"La Multisectorial de Mujeres anunci\u00f3 actividades para el mi\u00e9rcoles 8 de marzo","author":"editor","date":"6 marzo, 2017","format":false,"excerpt":"La mutisectorial de mujeres de Chascom\u00fas, ni una menos, emiti\u00f3 un comunicado de prensa, en el marco del pr\u00f3ximo d\u00eda internacional de la mujer. El texto completo de dicho documento, es el siguiente: El 8 de marzo conmemoramos el D\u00eda Internacional de la Mujer Trabajadora. El a\u00f1o 1910 se propone\u2026","rel":"","context":"En \u00abCHASCOM\u00daS\u00bb","block_context":{"text":"CHASCOM\u00daS","link":"https:\/\/larevistadigital.com.ar\/blog\/category\/chascomus\/"},"img":{"alt_text":"","src":"https:\/\/i0.wp.com\/larevistadigital.com.ar\/blog\/wp-content\/uploads\/2017\/03\/1476947836_262548_1476948391_album_normal.jpg?fit=980%2C653&ssl=1&resize=350%2C200","width":350,"height":200,"srcset":"https:\/\/i0.wp.com\/larevistadigital.com.ar\/blog\/wp-content\/uploads\/2017\/03\/1476947836_262548_1476948391_album_normal.jpg?fit=980%2C653&ssl=1&resize=350%2C200 1x, https:\/\/i0.wp.com\/larevistadigital.com.ar\/blog\/wp-content\/uploads\/2017\/03\/1476947836_262548_1476948391_album_normal.jpg?fit=980%2C653&ssl=1&resize=525%2C300 1.5x, https:\/\/i0.wp.com\/larevistadigital.com.ar\/blog\/wp-content\/uploads\/2017\/03\/1476947836_262548_1476948391_album_normal.jpg?fit=980%2C653&ssl=1&resize=700%2C400 2x"},"classes":[]},{"id":9052,"url":"https:\/\/larevistadigital.com.ar\/blog\/video-el-asesino-de-las-turistas-israelies-actua-como-un-gato-en-la-carcel-quieren-que-vaya-a-un-neuropsiquiatrico\/","url_meta":{"origin":35923,"position":1},"title":"(VIDEO) EL ASESINO DE LAS TURISTAS ISRAEL\u00cdES ACT\u00daA COMO UN GATO EN LA C\u00c1RCEL, QUIEREN QUE VAYA A UN NEUROPSIQUI\u00c1TRICO","author":"Alejandro Sosa Ruda","date":"13 marzo, 2019","format":false,"excerpt":"Los abogados del detenido afirmaron que pedir\u00e1n que su defendido sea trasladado a un centro m\u00e9dico para ayudarlo en su salud ps\u00edquica. El asesino de las turistas israel\u00edes,\u00a0Gilad Gil Pereg, est\u00e1 acusado de haber matado a su madre y a su t\u00eda despu\u00e9s de que ambas mujeres llegaran a Mendoza\u2026","rel":"","context":"En \u00abPOLICIALES\u00bb","block_context":{"text":"POLICIALES","link":"https:\/\/larevistadigital.com.ar\/blog\/category\/policiales\/"},"img":{"alt_text":"","src":"https:\/\/i0.wp.com\/larevistadigital.com.ar\/blog\/wp-content\/uploads\/2019\/03\/detenido.jpg_892523589.jpg?fit=1200%2C473&ssl=1&resize=350%2C200","width":350,"height":200,"srcset":"https:\/\/i0.wp.com\/larevistadigital.com.ar\/blog\/wp-content\/uploads\/2019\/03\/detenido.jpg_892523589.jpg?fit=1200%2C473&ssl=1&resize=350%2C200 1x, https:\/\/i0.wp.com\/larevistadigital.com.ar\/blog\/wp-content\/uploads\/2019\/03\/detenido.jpg_892523589.jpg?fit=1200%2C473&ssl=1&resize=525%2C300 1.5x, https:\/\/i0.wp.com\/larevistadigital.com.ar\/blog\/wp-content\/uploads\/2019\/03\/detenido.jpg_892523589.jpg?fit=1200%2C473&ssl=1&resize=700%2C400 2x, https:\/\/i0.wp.com\/larevistadigital.com.ar\/blog\/wp-content\/uploads\/2019\/03\/detenido.jpg_892523589.jpg?fit=1200%2C473&ssl=1&resize=1050%2C600 3x"},"classes":[]},{"id":24810,"url":"https:\/\/larevistadigital.com.ar\/blog\/insolita-estafa-cometida-por-un-preso-desde-la-carcel-de-olmos\/","url_meta":{"origin":35923,"position":2},"title":"INS\u00d3LITA ESTAFA, COMETIDA POR UN PRESO DESDE LA CARCEL DE OLMOS","author":"Alejandro Sosa Ruda","date":"26 marzo, 2022","format":false,"excerpt":"La estafa arrancaba con la oferta de pases sanitarios a trav\u00e9s de un mensaje de texto y terminaba con el pedido de dinero a allegados de los damnificados. LA PLATA -\u00a0 Un preso de la Unidad 1 de Olmos fue descubierto cometiendo estafas telef\u00f3nicas a trav\u00e9s de llamadas en las\u2026","rel":"","context":"En \u00abPOLICIALES\u00bb","block_context":{"text":"POLICIALES","link":"https:\/\/larevistadigital.com.ar\/blog\/category\/policiales\/"},"img":{"alt_text":"","src":"https:\/\/i0.wp.com\/larevistadigital.com.ar\/blog\/wp-content\/uploads\/1556042857393.jpg?fit=1200%2C594&ssl=1&resize=350%2C200","width":350,"height":200,"srcset":"https:\/\/i0.wp.com\/larevistadigital.com.ar\/blog\/wp-content\/uploads\/1556042857393.jpg?fit=1200%2C594&ssl=1&resize=350%2C200 1x, https:\/\/i0.wp.com\/larevistadigital.com.ar\/blog\/wp-content\/uploads\/1556042857393.jpg?fit=1200%2C594&ssl=1&resize=525%2C300 1.5x, https:\/\/i0.wp.com\/larevistadigital.com.ar\/blog\/wp-content\/uploads\/1556042857393.jpg?fit=1200%2C594&ssl=1&resize=700%2C400 2x, https:\/\/i0.wp.com\/larevistadigital.com.ar\/blog\/wp-content\/uploads\/1556042857393.jpg?fit=1200%2C594&ssl=1&resize=1050%2C600 3x"},"classes":[]},{"id":28684,"url":"https:\/\/larevistadigital.com.ar\/blog\/tigre-salio-de-la-carcel-hace-tres-meses\/","url_meta":{"origin":35923,"position":3},"title":"TIGRE: SALI\u00d3 DE LA CARCEL HACE TRES MESES Y APU\u00d1AL\u00d3 A SU PAREJA","author":"Alejandro Sosa Ruda","date":"31 octubre, 2022","format":false,"excerpt":"El jueves por la tarde, un hombre identificado como Emilio Juan Garc\u00eda (33) hiri\u00f3 con una cuchilla a su expareja de 31 a\u00f1os y la amenaz\u00f3 de muerte. Hab\u00eda salido de prisi\u00f3n hace 90 d\u00edas por una causa de violencia de g\u00e9nero. 30 de octubre de 2022 TIGRE -\u00a0\u00a0Efectivos del\u2026","rel":"","context":"En \u00abPOLICIALES\u00bb","block_context":{"text":"POLICIALES","link":"https:\/\/larevistadigital.com.ar\/blog\/category\/policiales\/"},"img":{"alt_text":"POLIC\u00cdA","src":"https:\/\/i0.wp.com\/larevistadigital.com.ar\/blog\/wp-content\/uploads\/POLICIA-3.jpg?fit=880%2C512&ssl=1&resize=350%2C200","width":350,"height":200,"srcset":"https:\/\/i0.wp.com\/larevistadigital.com.ar\/blog\/wp-content\/uploads\/POLICIA-3.jpg?fit=880%2C512&ssl=1&resize=350%2C200 1x, https:\/\/i0.wp.com\/larevistadigital.com.ar\/blog\/wp-content\/uploads\/POLICIA-3.jpg?fit=880%2C512&ssl=1&resize=525%2C300 1.5x, https:\/\/i0.wp.com\/larevistadigital.com.ar\/blog\/wp-content\/uploads\/POLICIA-3.jpg?fit=880%2C512&ssl=1&resize=700%2C400 2x"},"classes":[]},{"id":28239,"url":"https:\/\/larevistadigital.com.ar\/blog\/vergonzoso-e-indignante-de-femicida-a-tiktoker-en-la-carcel-de-batan\/","url_meta":{"origin":35923,"position":4},"title":"VERGONZOSO E INDIGNANTE: DE FEMICIDA A \u00abTIKTOKER\u00bb EN LA C\u00c1RCEL DE BAT\u00c1N","author":"Alejandro Sosa Ruda","date":"3 octubre, 2022","format":false,"excerpt":"Se trata de Juan Marquestau, quien mat\u00f3 a golpes Nicole Pe\u00f1a en General Piran, en 2021. El hombre est\u00e1 preso en la alcaid\u00eda, a la espera del juicio. En la mayor\u00eda de los videos, se lo ve vestido bailando, con una boina, y a veces hace participar a otros reclusos.\u2026","rel":"","context":"En \u00abINTERES GENERAL\u00bb","block_context":{"text":"INTERES GENERAL","link":"https:\/\/larevistadigital.com.ar\/blog\/category\/interes-general\/"},"img":{"alt_text":"","src":"https:\/\/i0.wp.com\/larevistadigital.com.ar\/blog\/wp-content\/uploads\/20221001152623_tik.jpg?fit=880%2C512&ssl=1&resize=350%2C200","width":350,"height":200,"srcset":"https:\/\/i0.wp.com\/larevistadigital.com.ar\/blog\/wp-content\/uploads\/20221001152623_tik.jpg?fit=880%2C512&ssl=1&resize=350%2C200 1x, https:\/\/i0.wp.com\/larevistadigital.com.ar\/blog\/wp-content\/uploads\/20221001152623_tik.jpg?fit=880%2C512&ssl=1&resize=525%2C300 1.5x, https:\/\/i0.wp.com\/larevistadigital.com.ar\/blog\/wp-content\/uploads\/20221001152623_tik.jpg?fit=880%2C512&ssl=1&resize=700%2C400 2x"},"classes":[]},{"id":805,"url":"https:\/\/larevistadigital.com.ar\/blog\/ahora-marchan-las-mujeres-paro-movilizacion-mega-acto-plaza-mayo\/","url_meta":{"origin":35923,"position":5},"title":"Ahora marchan las mujeres: paro y movilizaci\u00f3n con un mega acto en Plaza de Mayo","author":"editor","date":"8 marzo, 2017","format":false,"excerpt":"En el D\u00eda Internacional de la Mujer, habr\u00e1 un ruidazo y un movilizaci\u00f3n bajo la consigna \"No Estamos Todas\". Los ejes de la huelga. Las mujeres se movilizar\u00e1n durante el Paro Internacional de Mujeres (PIM) en todos los continentes del planeta para expresarse contra la violencia machista, las inequidades laborales\u2026","rel":"","context":"En \u00abDESTACADAS\u00bb","block_context":{"text":"DESTACADAS","link":"https:\/\/larevistadigital.com.ar\/blog\/category\/destacadas\/"},"img":{"alt_text":"","src":"https:\/\/i0.wp.com\/larevistadigital.com.ar\/blog\/wp-content\/uploads\/2017\/03\/1q1q1IMG_20170306_221050411.jpg?fit=1200%2C674&ssl=1&resize=350%2C200","width":350,"height":200,"srcset":"https:\/\/i0.wp.com\/larevistadigital.com.ar\/blog\/wp-content\/uploads\/2017\/03\/1q1q1IMG_20170306_221050411.jpg?fit=1200%2C674&ssl=1&resize=350%2C200 1x, https:\/\/i0.wp.com\/larevistadigital.com.ar\/blog\/wp-content\/uploads\/2017\/03\/1q1q1IMG_20170306_221050411.jpg?fit=1200%2C674&ssl=1&resize=525%2C300 1.5x, https:\/\/i0.wp.com\/larevistadigital.com.ar\/blog\/wp-content\/uploads\/2017\/03\/1q1q1IMG_20170306_221050411.jpg?fit=1200%2C674&ssl=1&resize=700%2C400 2x, https:\/\/i0.wp.com\/larevistadigital.com.ar\/blog\/wp-content\/uploads\/2017\/03\/1q1q1IMG_20170306_221050411.jpg?fit=1200%2C674&ssl=1&resize=1050%2C600 3x"},"classes":[]}],"_links":{"self":[{"href":"https:\/\/larevistadigital.com.ar\/blog\/wp-json\/wp\/v2\/posts\/35923","targetHints":{"allow":["GET"]}}],"collection":[{"href":"https:\/\/larevistadigital.com.ar\/blog\/wp-json\/wp\/v2\/posts"}],"about":[{"href":"https:\/\/larevistadigital.com.ar\/blog\/wp-json\/wp\/v2\/types\/post"}],"author":[{"embeddable":true,"href":"https:\/\/larevistadigital.com.ar\/blog\/wp-json\/wp\/v2\/users\/3"}],"replies":[{"embeddable":true,"href":"https:\/\/larevistadigital.com.ar\/blog\/wp-json\/wp\/v2\/comments?post=35923"}],"version-history":[{"count":1,"href":"https:\/\/larevistadigital.com.ar\/blog\/wp-json\/wp\/v2\/posts\/35923\/revisions"}],"predecessor-version":[{"id":35925,"href":"https:\/\/larevistadigital.com.ar\/blog\/wp-json\/wp\/v2\/posts\/35923\/revisions\/35925"}],"wp:featuredmedia":[{"embeddable":true,"href":"https:\/\/larevistadigital.com.ar\/blog\/wp-json\/wp\/v2\/media\/35924"}],"wp:attachment":[{"href":"https:\/\/larevistadigital.com.ar\/blog\/wp-json\/wp\/v2\/media?parent=35923"}],"wp:term":[{"taxonomy":"category","embeddable":true,"href":"https:\/\/larevistadigital.com.ar\/blog\/wp-json\/wp\/v2\/categories?post=35923"},{"taxonomy":"post_tag","embeddable":true,"href":"https:\/\/larevistadigital.com.ar\/blog\/wp-json\/wp\/v2\/tags?post=35923"}],"curies":[{"name":"wp","href":"https:\/\/api.w.org\/{rel}","templated":true}]}}