{"id":35926,"date":"2024-04-27T13:26:27","date_gmt":"2024-04-27T16:26:27","guid":{"rendered":"https:\/\/larevistadigital.com.ar\/blog\/?p=35926"},"modified":"2024-04-27T13:26:27","modified_gmt":"2024-04-27T16:26:27","slug":"se-inauguro-una-nueva-casa-de-la-provincia-en-pila-y-cuenta-con-oficina-del-ips","status":"publish","type":"post","link":"https:\/\/larevistadigital.com.ar\/blog\/se-inauguro-una-nueva-casa-de-la-provincia-en-pila-y-cuenta-con-oficina-del-ips\/","title":{"rendered":"SE INAUGUR\u00d3 UNA NUEVA CASA DE LA PROVINCIA EN PILA Y CUENTA CON OFICINA DEL IPS"},"content":{"rendered":"<h2 dir=\"ltr\"><em>El gobernador Axel Kicillof encabez\u00f3 este viernes el acto inaugural de la quinta Casa de la Provincia, esta vez en la localidad de Pila.\u00a0\u00a0<\/em><\/h2>\n<p>27 de anril de 1024<\/p>\n<p dir=\"ltr\"><strong>BUENOS AIRES &#8211;\u00a0<\/strong> El nuevo edificio, que cuenta con una oficina del IPS, est\u00e1 pensado para garantizar el acceso a los derechos a las y los vecinos del municipio y las localidades aleda\u00f1as.<\/p>\n<p dir=\"ltr\">\u00a0En ese marco, <strong>Kicillof<\/strong> destac\u00f3 que <em><strong>\u201ccon esta Casa de la Provincia vamos a mejorar las prestaciones del Estado en beneficio de todos los vecinos y vecinas de Pila, quienes podr\u00e1n acceder de manera m\u00e1s f\u00e1cil y obtener una respuesta m\u00e1s eficaz\u201d. \u201cSe trata de acercar el Gobierno a los y las bonaerenses, mejorando las condiciones de trabajo y, fundamentalmente, garantizando los derechos de todos y todas\u201d<\/strong><\/em>, a\u00f1adi\u00f3.<\/p>\n<blockquote>\n<h3 dir=\"ltr\">\u00a0La flamante Casa de la Provincia en Pila cuenta en su interior con una oficina del Instituto de Previsi\u00f3n Social (IPS). En la misma, las y los vecinos del partido y alrededores, pueden realizar todos los tr\u00e1mites del organismo,\u00a0en el marco de la pol\u00edtica de territorializaci\u00f3n que se viene gestando desde el 2022.<\/h3>\n<\/blockquote>\n<p dir=\"ltr\">\u00a0Esta quinta Casa de la Provincia fue puesta en funcionamiento a partir de una inversi\u00f3n de $406 millones y permitir\u00e1 brindar una atenci\u00f3n m\u00e1s eficiente al centralizar los tr\u00e1mites y prestaciones de ARBA, IOMA, el Registro Provincial de las Personas y el Instituto de Previsi\u00f3n Social (IPS). Adem\u00e1s, cuenta con delegaciones de los ministerios de Salud, Trabajo, Desarrollo Agrario, de las Mujeres y Diversidad, del Patronato de Liberados, y una sala para el Registro Civil y una ludoteca del Instituto Cultural.<\/p>\n<blockquote>\n<h3 dir=\"ltr\">\u00a0Cabe consignar que las otras Casas de la provincia inauguradas con anterioridad se encuentran emplazadas en los partidos de Baradero, Veinticinco de Mayo, General Belgrano y Villa Gesell, todas ellas con oficinas del IPS que garantizan el acceso a la seguridad social a las distintas comunidades.<\/h3>\n<\/blockquote>\n<p dir=\"ltr\"><strong>\u00a0Kicillof<\/strong> llev\u00f3 a cabo el acto junto a: la jefa de Asesores, <strong>Cristina \u00c1lvarez Rodr\u00edguez<\/strong>; el ministro de Infraestructura y Servicios P\u00fablicos,<strong> Gabriel Katopodis<\/strong>; el intendente local, <strong>Sebasti\u00e1n Walker<\/strong>; y el ministro de Desarrollo Agrario, <strong>Javier Rodr\u00edguez<\/strong>.<\/p>\n<p dir=\"ltr\">\u00a0La Casa de la Provincia en Pila, donde funciona el Centro de Atenci\u00f3n Previsional (CAP) del IPS, se encuentra ubicada en la calle\u00a04 esquina 5.\u00a0El mail de contacto es\u00a0<a href=\"mailto:cappila@ips.gba.gov.ar\" target=\"_blank\" rel=\"nofollow noopener noreferrer\">cappila@ips.gba.gov.ar<\/a>\u00a0 y su horario de atenci\u00f3n es de 8.30 a 13.30 hs. de lunes a viernes.<\/p>\n","protected":false},"excerpt":{"rendered":"<div class=\"mh-excerpt\"><p>El gobernador Axel Kicillof encabez\u00f3 este viernes el acto inaugural de la quinta Casa de la Provincia, esta vez en la localidad de Pila.\u00a0\u00a0 27 de anril de 1024 BUENOS AIRES &#8211;\u00a0 El nuevo edificio, <a class=\"mh-excerpt-more\" href=\"https:\/\/larevistadigital.com.ar\/blog\/se-inauguro-una-nueva-casa-de-la-provincia-en-pila-y-cuenta-con-oficina-del-ips\/\" title=\"SE INAUGUR\u00d3 UNA NUEVA CASA DE LA PROVINCIA EN PILA Y CUENTA CON OFICINA DEL IPS\">[Leer M\u00e1s]<\/a><\/p>\n<\/div>","protected":false},"author":3,"featured_media":35927,"comment_status":"open","ping_status":"open","sticky":false,"template":"","format":"standard","meta":{"_jetpack_memberships_contains_paid_content":false,"footnotes":"","jetpack_publicize_message":"","jetpack_publicize_feature_enabled":true,"jetpack_social_post_already_shared":true,"jetpack_social_options":{"image_generator_settings":{"template":"highway","default_image_id":0,"font":"","enabled":false},"version":2}},"categories":[24,51],"tags":[],"class_list":{"0":"post-35926","1":"post","2":"type-post","3":"status-publish","4":"format-standard","5":"has-post-thumbnail","7":"category-politica-provincial","8":"category-regionales"},"jetpack_publicize_connections":[],"jetpack_featured_media_url":"https:\/\/i0.wp.com\/larevistadigital.com.ar\/blog\/wp-content\/uploads\/casa-de-la-provincia-pilaaa-1000x600-1.jpg?fit=1000%2C600&ssl=1","jetpack_sharing_enabled":true,"jetpack_shortlink":"https:\/\/wp.me\/p8qtrQ-9ls","jetpack-related-posts":[{"id":36016,"url":"https:\/\/larevistadigital.com.ar\/blog\/los-toldos-kiciloff-encabezo-un-acto-por-el-natalicio-de-eva-peron-e-oinauguro-una-nueva-casa-de-la-provincia\/","url_meta":{"origin":35926,"position":0},"title":"LOS TOLDOS; KICILOFF ENCABEZ\u00d3 UN ACTO POR EL NATALICIO DE EVA PER\u00d3N, E OINAUGUR\u00d3 UNA NUEVA -CASA DE LA PROVINCIA-","author":"Alejandro Sosa Ruda","date":"8 mayo, 2024","format":false,"excerpt":"Se trata del s\u00e9ptimo edificio provincial inaugurado. Tambi\u00e9n se present\u00f3 el concurso literario \"20 a\u00f1os de Creaci\u00f3n del Museo Casa Evita\". Qui\u00e9nes pueden participar y cu\u00e1ndo pueden inscribirse. 8 de Mayo de El Gobernador recorri\u00f3 el municipio de General Viamonte\u00a0junto al intendente local,\u00a0Franco Flexas, la jefa de Asesores,\u00a0Cristina \u00c1lvarez Rodr\u00edguez\u00a0y\u2026","rel":"","context":"En \u00abPOLITICA\u00bb","block_context":{"text":"POLITICA","link":"https:\/\/larevistadigital.com.ar\/blog\/category\/politica\/"},"img":{"alt_text":"","src":"https:\/\/i0.wp.com\/larevistadigital.com.ar\/blog\/wp-content\/uploads\/casa_1.jpeg?fit=1130%2C751&ssl=1&resize=350%2C200","width":350,"height":200,"srcset":"https:\/\/i0.wp.com\/larevistadigital.com.ar\/blog\/wp-content\/uploads\/casa_1.jpeg?fit=1130%2C751&ssl=1&resize=350%2C200 1x, https:\/\/i0.wp.com\/larevistadigital.com.ar\/blog\/wp-content\/uploads\/casa_1.jpeg?fit=1130%2C751&ssl=1&resize=525%2C300 1.5x, https:\/\/i0.wp.com\/larevistadigital.com.ar\/blog\/wp-content\/uploads\/casa_1.jpeg?fit=1130%2C751&ssl=1&resize=700%2C400 2x, https:\/\/i0.wp.com\/larevistadigital.com.ar\/blog\/wp-content\/uploads\/casa_1.jpeg?fit=1130%2C751&ssl=1&resize=1050%2C600 3x"},"classes":[]},{"id":40804,"url":"https:\/\/larevistadigital.com.ar\/blog\/kicillof-en-zarate-estamos-fortaleciendo-la-presencia-del-estado-en-el-interior-bonaerense\/","url_meta":{"origin":35926,"position":1},"title":"Kicillof en Z\u00e1rate: \u201cEstamos fortaleciendo la presencia del Estado en el interior bonaerense\u201d","author":"Alejandro Sosa Ruda","date":"6 agosto, 2025","format":false,"excerpt":"El gobernador visit\u00f3 la Casa de la Provincia en Z\u00e1rate, una sede que centraliza servicios p\u00fablicos en un solo edificio. Tambi\u00e9n critic\u00f3 las pol\u00edticas del Gobierno nacional por sus efectos en el empleo y la paralizaci\u00f3n de obras. 06 de Agosro de 2025 BUENOS AIRES -\u00a0 \u00a0El gobernador de la\u2026","rel":"","context":"En \u00abPOLITICA PROVINCIAL\u00bb","block_context":{"text":"POLITICA PROVINCIAL","link":"https:\/\/larevistadigital.com.ar\/blog\/category\/politica\/politica-provincial\/"},"img":{"alt_text":"","src":"https:\/\/i0.wp.com\/larevistadigital.com.ar\/blog\/wp-content\/uploads\/20250806183946_kicillof-zarate.jpg?fit=880%2C512&ssl=1&resize=350%2C200","width":350,"height":200,"srcset":"https:\/\/i0.wp.com\/larevistadigital.com.ar\/blog\/wp-content\/uploads\/20250806183946_kicillof-zarate.jpg?fit=880%2C512&ssl=1&resize=350%2C200 1x, https:\/\/i0.wp.com\/larevistadigital.com.ar\/blog\/wp-content\/uploads\/20250806183946_kicillof-zarate.jpg?fit=880%2C512&ssl=1&resize=525%2C300 1.5x, https:\/\/i0.wp.com\/larevistadigital.com.ar\/blog\/wp-content\/uploads\/20250806183946_kicillof-zarate.jpg?fit=880%2C512&ssl=1&resize=700%2C400 2x"},"classes":[]},{"id":41853,"url":"https:\/\/larevistadigital.com.ar\/blog\/kicillof-recorrio-la-casa-de-la-provincia-en-saladillo\/","url_meta":{"origin":35926,"position":2},"title":"Kicillof recorri\u00f3 la Casa de la Provincia en Saladillo","author":"Alejandro Sosa Ruda","date":"9 octubre, 2025","format":false,"excerpt":"Adem\u00e1s, el Gobernador visit\u00f3 las instalaciones de las cooperativas Agr\u00edcola Ganadera y de Trabajo Molinera. 09 de Octubre de 2025 BUENOS AIRES -\u00a0 \u00a0El gobernador de la provincia de Buenos Aires, Axel Kicillof, recorri\u00f3 este mi\u00e9rcoles la Casa de la Provincia en el municipio de Saladillo, donde adem\u00e1s visit\u00f3 las\u2026","rel":"","context":"En \u00abPOLITICA PROVINCIAL\u00bb","block_context":{"text":"POLITICA PROVINCIAL","link":"https:\/\/larevistadigital.com.ar\/blog\/category\/politica\/politica-provincial\/"},"img":{"alt_text":"","src":"https:\/\/i0.wp.com\/larevistadigital.com.ar\/blog\/wp-content\/uploads\/AR10117-scaled.jpg?fit=1200%2C800&ssl=1&resize=350%2C200","width":350,"height":200,"srcset":"https:\/\/i0.wp.com\/larevistadigital.com.ar\/blog\/wp-content\/uploads\/AR10117-scaled.jpg?fit=1200%2C800&ssl=1&resize=350%2C200 1x, https:\/\/i0.wp.com\/larevistadigital.com.ar\/blog\/wp-content\/uploads\/AR10117-scaled.jpg?fit=1200%2C800&ssl=1&resize=525%2C300 1.5x, https:\/\/i0.wp.com\/larevistadigital.com.ar\/blog\/wp-content\/uploads\/AR10117-scaled.jpg?fit=1200%2C800&ssl=1&resize=700%2C400 2x, https:\/\/i0.wp.com\/larevistadigital.com.ar\/blog\/wp-content\/uploads\/AR10117-scaled.jpg?fit=1200%2C800&ssl=1&resize=1050%2C600 3x"},"classes":[]},{"id":38234,"url":"https:\/\/larevistadigital.com.ar\/blog\/el-gobernador-entrego-viviendas-e-inauguro-infraestructura-educativa-y-de-salud\/","url_meta":{"origin":35926,"position":3},"title":"El gobernador entreg\u00f3 viviendas e inaugur\u00f3 infraestructura educativa y de salud","author":"Alejandro Sosa Ruda","date":"11 diciembre, 2024","format":false,"excerpt":"Adem\u00e1s, Kicillof puso en funcionamiento la nueva Casa de la Provincia del distrito. 11 de diciembre de 2024 BUENOS AIRES -\u00a0 \u00a0El gobernador de la provincia de Buenos Aires, Axel Kicillof visit\u00f3 este mi\u00e9rcoles el municipio de Carlos Casares donde junto al intendente local, Daniel Stadnik, entreg\u00f3 36 viviendas para\u2026","rel":"","context":"En \u00abDESTACADAS\u00bb","block_context":{"text":"DESTACADAS","link":"https:\/\/larevistadigital.com.ar\/blog\/category\/destacadas\/"},"img":{"alt_text":"","src":"https:\/\/i0.wp.com\/larevistadigital.com.ar\/blog\/wp-content\/uploads\/77A67502ed.jpg?fit=743%2C530&ssl=1&resize=350%2C200","width":350,"height":200,"srcset":"https:\/\/i0.wp.com\/larevistadigital.com.ar\/blog\/wp-content\/uploads\/77A67502ed.jpg?fit=743%2C530&ssl=1&resize=350%2C200 1x, https:\/\/i0.wp.com\/larevistadigital.com.ar\/blog\/wp-content\/uploads\/77A67502ed.jpg?fit=743%2C530&ssl=1&resize=525%2C300 1.5x, https:\/\/i0.wp.com\/larevistadigital.com.ar\/blog\/wp-content\/uploads\/77A67502ed.jpg?fit=743%2C530&ssl=1&resize=700%2C400 2x"},"classes":[]},{"id":37281,"url":"https:\/\/larevistadigital.com.ar\/blog\/la-provincia-entrego-viviendas-a-familias-de-tres-lomas\/","url_meta":{"origin":35926,"position":4},"title":"La Provincia entreg\u00f3 viviendas a familias de Tres Lomas","author":"Alejandro Sosa Ruda","date":"20 septiembre, 2024","format":false,"excerpt":"Adem\u00e1s, el Gobernador distribuy\u00f3 netbooks en el marco del programa Conectar Igualdad Bonaerense y recorri\u00f3 la obra en ejecuci\u00f3n de la Casa de la Provincia. 20 de septiembre de 2024 \u00a0Tres Lomas. BUENOS AIRES -\u00a0 \u00a0El gobernador de la provincia de Buenos Aires, Axel Kicillof, encabez\u00f3 este jueves el acto\u2026","rel":"","context":"En \u00abPOLITICA PROVINCIAL\u00bb","block_context":{"text":"POLITICA PROVINCIAL","link":"https:\/\/larevistadigital.com.ar\/blog\/category\/politica\/politica-provincial\/"},"img":{"alt_text":"","src":"https:\/\/i0.wp.com\/larevistadigital.com.ar\/blog\/wp-content\/uploads\/DSC_1556.jpg?fit=743%2C530&ssl=1&resize=350%2C200","width":350,"height":200,"srcset":"https:\/\/i0.wp.com\/larevistadigital.com.ar\/blog\/wp-content\/uploads\/DSC_1556.jpg?fit=743%2C530&ssl=1&resize=350%2C200 1x, https:\/\/i0.wp.com\/larevistadigital.com.ar\/blog\/wp-content\/uploads\/DSC_1556.jpg?fit=743%2C530&ssl=1&resize=525%2C300 1.5x, https:\/\/i0.wp.com\/larevistadigital.com.ar\/blog\/wp-content\/uploads\/DSC_1556.jpg?fit=743%2C530&ssl=1&resize=700%2C400 2x"},"classes":[]},{"id":36917,"url":"https:\/\/larevistadigital.com.ar\/blog\/la-provincia-puso-en-funcionamiento-un-nuevo-centro-de-atencion-primaria-de-salud-en-lezama\/","url_meta":{"origin":35926,"position":5},"title":"LA PROVINCIA PUSO EN FUNCIONAMIENTO UN NUEVO CENTRO DE ATENCI\u00d3N PRIMARIA DE SALUD EN LEZAMA","author":"Alejandro Sosa Ruda","date":"7 agosto, 2024","format":false,"excerpt":"Fue en un acto encabezado por el gobernador Axel Kicillof; los ministros Nicol\u00e1s Kreplak y Gabriel Katopodis; y el intendente local, Arnaldo Harispe. 07 de Agosto de 2024 BUENOS AIRES -\u00a0 \u201cEstamos dando un paso m\u00e1s para garantizar el acceso a la salud en los barrios de la provincia: no\u2026","rel":"","context":"En \u00abDESTACADAS\u00bb","block_context":{"text":"DESTACADAS","link":"https:\/\/larevistadigital.com.ar\/blog\/category\/destacadas\/"},"img":{"alt_text":"","src":"https:\/\/i0.wp.com\/larevistadigital.com.ar\/blog\/wp-content\/uploads\/Axel-Kicillof_44.jpg?fit=743%2C530&ssl=1&resize=350%2C200","width":350,"height":200,"srcset":"https:\/\/i0.wp.com\/larevistadigital.com.ar\/blog\/wp-content\/uploads\/Axel-Kicillof_44.jpg?fit=743%2C530&ssl=1&resize=350%2C200 1x, https:\/\/i0.wp.com\/larevistadigital.com.ar\/blog\/wp-content\/uploads\/Axel-Kicillof_44.jpg?fit=743%2C530&ssl=1&resize=525%2C300 1.5x, https:\/\/i0.wp.com\/larevistadigital.com.ar\/blog\/wp-content\/uploads\/Axel-Kicillof_44.jpg?fit=743%2C530&ssl=1&resize=700%2C400 2x"},"classes":[]}],"_links":{"self":[{"href":"https:\/\/larevistadigital.com.ar\/blog\/wp-json\/wp\/v2\/posts\/35926","targetHints":{"allow":["GET"]}}],"collection":[{"href":"https:\/\/larevistadigital.com.ar\/blog\/wp-json\/wp\/v2\/posts"}],"about":[{"href":"https:\/\/larevistadigital.com.ar\/blog\/wp-json\/wp\/v2\/types\/post"}],"author":[{"embeddable":true,"href":"https:\/\/larevistadigital.com.ar\/blog\/wp-json\/wp\/v2\/users\/3"}],"replies":[{"embeddable":true,"href":"https:\/\/larevistadigital.com.ar\/blog\/wp-json\/wp\/v2\/comments?post=35926"}],"version-history":[{"count":1,"href":"https:\/\/larevistadigital.com.ar\/blog\/wp-json\/wp\/v2\/posts\/35926\/revisions"}],"predecessor-version":[{"id":35928,"href":"https:\/\/larevistadigital.com.ar\/blog\/wp-json\/wp\/v2\/posts\/35926\/revisions\/35928"}],"wp:featuredmedia":[{"embeddable":true,"href":"https:\/\/larevistadigital.com.ar\/blog\/wp-json\/wp\/v2\/media\/35927"}],"wp:attachment":[{"href":"https:\/\/larevistadigital.com.ar\/blog\/wp-json\/wp\/v2\/media?parent=35926"}],"wp:term":[{"taxonomy":"category","embeddable":true,"href":"https:\/\/larevistadigital.com.ar\/blog\/wp-json\/wp\/v2\/categories?post=35926"},{"taxonomy":"post_tag","embeddable":true,"href":"https:\/\/larevistadigital.com.ar\/blog\/wp-json\/wp\/v2\/tags?post=35926"}],"curies":[{"name":"wp","href":"https:\/\/api.w.org\/{rel}","templated":true}]}}