{"id":35929,"date":"2024-04-27T13:38:14","date_gmt":"2024-04-27T16:38:14","guid":{"rendered":"https:\/\/larevistadigital.com.ar\/blog\/?p=35929"},"modified":"2024-04-27T13:38:14","modified_gmt":"2024-04-27T16:38:14","slug":"kicillof-inauguro-la-ampliacion-de-la-escuela-primaria-n-12-de-mar-chiquita","status":"publish","type":"post","link":"https:\/\/larevistadigital.com.ar\/blog\/kicillof-inauguro-la-ampliacion-de-la-escuela-primaria-n-12-de-mar-chiquita\/","title":{"rendered":"KICILLOF INAUGUR\u00d3 LA AMPLIACI\u00d3N DE LA ESCUELA PRIMARIA N\u00b0 12 DE MAR CHIQUITA"},"content":{"rendered":"<h2>A partir de una inversi\u00f3n de $51 millones, se sumaron 340 metros cuadrados con salas de direcci\u00f3n y de maestros, cocina, biblioteca, aulas, sala de inform\u00e1tica y SUM.<\/h2>\n<p>27 de abril de 2024<\/p>\n<p><strong>MAR CHIQUITA &#8211; <\/strong>El gobernador de la provincia de Buenos Aires, <strong>Axel Kicillof<\/strong>, encabez\u00f3 este viernes la inauguraci\u00f3n de la obra de ampliaci\u00f3n de la Escuela Primaria N\u00b012 en el municipio de Mar Chiquita, junto al director general de Cultura y Educaci\u00f3n, <strong>Alberto Sileoni<\/strong>; el ministro de Infraestructura y Servicios P\u00fablicos, <strong>Gabriel Katopodis<\/strong>; la jefa de Asesores, <strong>Cristina \u00c1lvarez Rodr\u00edguez<\/strong>; y el intendente local, <strong>Walter Wischnivetzky<\/strong>.<\/p>\n<p>En ese marco, <strong>Kicillof<\/strong> destac\u00f3: <strong><em>\u201cA pesar de que algunos sectores discuten la presencia del Estado y si la educaci\u00f3n tiene que seguir siendo p\u00fablica, nosotros vamos a continuar trabajando para tener m\u00e1s y mejores escuelas para todos y todas las bonaerenses\u201d. \u201cAunque nos ataquen y el Gobierno nacional nos quite fondos de manera ilegal, en la provincia de Buenos Aires seguiremos haciendo las obras que garantizan los derechos\u201d<\/em><\/strong>, agreg\u00f3.<\/p>\n<blockquote>\n<h3>A partir de una inversi\u00f3n de $51 millones, se sumaron 340 metros cuadrados con salas de direcci\u00f3n y de maestros, cocina, biblioteca, aulas, sala de inform\u00e1tica y SUM. De esta forma, los 123 estudiantes de la primera instituci\u00f3n p\u00fablica sustentable del pa\u00eds, constru\u00edda con materiales reciclados y tradicionales, podr\u00e1n tener jornada extendida.<\/h3>\n<\/blockquote>\n<p><em><strong>\u201cLa ampliaci\u00f3n de esta escuela en un momento tan complicado nos demuestra que cuando hay vocaci\u00f3n, gesti\u00f3n y compromiso, los sue\u00f1os de la comunidad se hacen realidad\u201d<\/strong><\/em>, sostuvo el Gobernador y concluy\u00f3: <strong><em>\u201cSi alguien cree que puede paralizar al Estado y a la sociedad, aqu\u00ed le estamos diciendo que a la provincia de Buenos Aires no la para nadie\u201d.<\/em><\/strong><\/p>\n<h3><span style=\"color: #ff0000\"><strong>Homenaje a Juan de Jes\u00fas<\/strong><\/span><\/h3>\n<p>M\u00e1s tarde, el Gobernador particip\u00f3 de un homenaje al intendente del partido de La Costa, <strong>Juan de Jes\u00fas<\/strong>, en el marco de los <strong>\u201c40 A\u00f1os de Democracia\u201d<\/strong>. En el evento, llevado a cabo en el polideportivo municipal de Santa Clara del Mar, se proyect\u00f3 un documental que repasa hitos de su gesti\u00f3n desde 1983 hasta la fecha.<\/p>\n<p>Estuvieron presentes el director de Aguas Bonaerenses (ABSA), <strong>Jorge Paredi<\/strong>; la subsecretaria de Priorizaci\u00f3n y Seguimiento Econ\u00f3mico y Productivo, <strong>Ayel\u00e9n Borda<\/strong>; los diputados provinciales <strong>Juan Pablo de Jes\u00fas<\/strong> y <strong>Gustavo Pulti<\/strong>; los intendentes de General Guido, <strong>Carlos Rocha<\/strong>; y de Villa Gesell, <strong>Gustavo Barrera<\/strong>; el presidente del Concejo Deliberante, <strong>Carlos Minucci<\/strong>; el secretario de Cultura y Educaci\u00f3n local, <strong>Germ\u00e1n Montes<\/strong>; y la secretaria previsional de la EEP N\u00b012, <strong>Graciela Bustamante<\/strong>.<\/p>\n","protected":false},"excerpt":{"rendered":"<div class=\"mh-excerpt\"><p>A partir de una inversi\u00f3n de $51 millones, se sumaron 340 metros cuadrados con salas de direcci\u00f3n y de maestros, cocina, biblioteca, aulas, sala de inform\u00e1tica y SUM. 27 de abril de 2024 MAR CHIQUITA <a class=\"mh-excerpt-more\" href=\"https:\/\/larevistadigital.com.ar\/blog\/kicillof-inauguro-la-ampliacion-de-la-escuela-primaria-n-12-de-mar-chiquita\/\" title=\"KICILLOF INAUGUR\u00d3 LA AMPLIACI\u00d3N DE LA ESCUELA PRIMARIA N\u00b0 12 DE MAR CHIQUITA\">[Leer M\u00e1s]<\/a><\/p>\n<\/div>","protected":false},"author":3,"featured_media":35930,"comment_status":"open","ping_status":"open","sticky":false,"template":"","format":"standard","meta":{"_jetpack_memberships_contains_paid_content":false,"footnotes":"","jetpack_publicize_message":"","jetpack_publicize_feature_enabled":true,"jetpack_social_post_already_shared":true,"jetpack_social_options":{"image_generator_settings":{"template":"highway","default_image_id":0,"font":"","enabled":false},"version":2}},"categories":[50,24],"tags":[],"class_list":{"0":"post-35929","1":"post","2":"type-post","3":"status-publish","4":"format-standard","5":"has-post-thumbnail","7":"category-interes-general","8":"category-politica-provincial"},"jetpack_publicize_connections":[],"jetpack_featured_media_url":"https:\/\/i0.wp.com\/larevistadigital.com.ar\/blog\/wp-content\/uploads\/Axel-Kicillof_23.jpg?fit=743%2C530&ssl=1","jetpack_sharing_enabled":true,"jetpack_shortlink":"https:\/\/wp.me\/p8qtrQ-9lv","jetpack-related-posts":[{"id":33553,"url":"https:\/\/larevistadigital.com.ar\/blog\/el-gobernador-axel-kicillof-dio-luz-verde-para-el-comienzo-de-las-obras-de-la-doble-via-entre-villa-gesell-y-mar-chiquita\/","url_meta":{"origin":35929,"position":0},"title":"EL GOBERNADOR AXEL KICILLOF DI\u00d3 LUZ VERDE PARA EL COMIENZO DE LAS OBRAS  DE LA DOBLE V\u00cdA ENTRE VILLA GESELL Y MAR CHIQUITA","author":"Alejandro Sosa Ruda","date":"23 septiembre, 2023","format":false,"excerpt":"La inversi\u00f3n ser\u00e1 de U$S 130 millones. Esto implica un gran beneficio para la Costa Atl\u00e1ntica. 23 de Septiembre de 2023 El Gobernador de la Provincia de Buenos Aires, Axel Kicillof, firm\u00f3 la adjudicaci\u00f3n de la obra de pavimentaci\u00f3n de calzada que permitir\u00e1\u00a0transformar en autov\u00eda la ruta provincial N\u00b0 11,\u2026","rel":"","context":"En \u00abPOLITICA PROVINCIAL\u00bb","block_context":{"text":"POLITICA PROVINCIAL","link":"https:\/\/larevistadigital.com.ar\/blog\/category\/politica\/politica-provincial\/"},"img":{"alt_text":"","src":"https:\/\/i0.wp.com\/larevistadigital.com.ar\/blog\/wp-content\/uploads\/a50c58ea3c3609e49da0d7f34202dde81b39039f.jpg?fit=1140%2C760&ssl=1&resize=350%2C200","width":350,"height":200,"srcset":"https:\/\/i0.wp.com\/larevistadigital.com.ar\/blog\/wp-content\/uploads\/a50c58ea3c3609e49da0d7f34202dde81b39039f.jpg?fit=1140%2C760&ssl=1&resize=350%2C200 1x, https:\/\/i0.wp.com\/larevistadigital.com.ar\/blog\/wp-content\/uploads\/a50c58ea3c3609e49da0d7f34202dde81b39039f.jpg?fit=1140%2C760&ssl=1&resize=525%2C300 1.5x, https:\/\/i0.wp.com\/larevistadigital.com.ar\/blog\/wp-content\/uploads\/a50c58ea3c3609e49da0d7f34202dde81b39039f.jpg?fit=1140%2C760&ssl=1&resize=700%2C400 2x, https:\/\/i0.wp.com\/larevistadigital.com.ar\/blog\/wp-content\/uploads\/a50c58ea3c3609e49da0d7f34202dde81b39039f.jpg?fit=1140%2C760&ssl=1&resize=1050%2C600 3x"},"classes":[]},{"id":35891,"url":"https:\/\/larevistadigital.com.ar\/blog\/mar-chiquita-el-gobernador-kicillof-encabezara-un-homenaje-al-intendente-de-jesus\/","url_meta":{"origin":35929,"position":1},"title":"MAR CHIQUITA: EL GOBERNADOR KICILLOF ENCABEZAR\u00c1 UN HOMENAJE AL INTENDENTE DE JES\u00daS","author":"Alejandro Sosa Ruda","date":"23 abril, 2024","format":false,"excerpt":"El homenaje al jefe comunal costero en tributo a \u201cgran trayectoria e historia\u201d se realizar\u00e1 este viernes en Santa Clara del Mar. 23 de abril de 2024 BUENOS AIRES -\u00a0 Este viernes 26 de abril, en el Polideportivo de Santa Clara del Mar, en el partido de Mar Chiquita, el\u2026","rel":"","context":"En \u00abPOLITICA PROVINCIAL\u00bb","block_context":{"text":"POLITICA PROVINCIAL","link":"https:\/\/larevistadigital.com.ar\/blog\/category\/politica\/politica-provincial\/"},"img":{"alt_text":"","src":"https:\/\/i0.wp.com\/larevistadigital.com.ar\/blog\/wp-content\/uploads\/c09eba161dea879b091ac283ea7eb1f728f66301.jpg?fit=1140%2C714&ssl=1&resize=350%2C200","width":350,"height":200,"srcset":"https:\/\/i0.wp.com\/larevistadigital.com.ar\/blog\/wp-content\/uploads\/c09eba161dea879b091ac283ea7eb1f728f66301.jpg?fit=1140%2C714&ssl=1&resize=350%2C200 1x, https:\/\/i0.wp.com\/larevistadigital.com.ar\/blog\/wp-content\/uploads\/c09eba161dea879b091ac283ea7eb1f728f66301.jpg?fit=1140%2C714&ssl=1&resize=525%2C300 1.5x, https:\/\/i0.wp.com\/larevistadigital.com.ar\/blog\/wp-content\/uploads\/c09eba161dea879b091ac283ea7eb1f728f66301.jpg?fit=1140%2C714&ssl=1&resize=700%2C400 2x, https:\/\/i0.wp.com\/larevistadigital.com.ar\/blog\/wp-content\/uploads\/c09eba161dea879b091ac283ea7eb1f728f66301.jpg?fit=1140%2C714&ssl=1&resize=1050%2C600 3x"},"classes":[]},{"id":23137,"url":"https:\/\/larevistadigital.com.ar\/blog\/se-construira-la-doble-via-entre-gesell-y-mar-chiquita\/","url_meta":{"origin":35929,"position":2},"title":"SE CONSTRUIR\u00c1 LA DOBLE V\u00cdA ENTRE GESELL Y MAR CHIQUITA","author":"Alejandro Sosa Ruda","date":"1 enero, 2022","format":false,"excerpt":"Esta temporada de verano comenz\u00f3 con una gran noticia: la inauguraci\u00f3n de la\u00a0doble v\u00eda en m\u00e1s de 150 kil\u00f3metros en las rutas 11 y 56, conformando un\u00a0corredor vial r\u00e1pido y seguro\u00a0de acceso a la zona atl\u00e1ntica. Ahora se suma el anuncio de que la provincia de Buenos Aires retom\u00f3 el\u2026","rel":"","context":"En \u00abREGIONALES\u00bb","block_context":{"text":"REGIONALES","link":"https:\/\/larevistadigital.com.ar\/blog\/category\/regionales\/"},"img":{"alt_text":"","src":"https:\/\/i0.wp.com\/larevistadigital.com.ar\/blog\/wp-content\/uploads\/2da-calzada-ruta-11-gesell-dic-2021.jpg?fit=1140%2C760&ssl=1&resize=350%2C200","width":350,"height":200,"srcset":"https:\/\/i0.wp.com\/larevistadigital.com.ar\/blog\/wp-content\/uploads\/2da-calzada-ruta-11-gesell-dic-2021.jpg?fit=1140%2C760&ssl=1&resize=350%2C200 1x, https:\/\/i0.wp.com\/larevistadigital.com.ar\/blog\/wp-content\/uploads\/2da-calzada-ruta-11-gesell-dic-2021.jpg?fit=1140%2C760&ssl=1&resize=525%2C300 1.5x, https:\/\/i0.wp.com\/larevistadigital.com.ar\/blog\/wp-content\/uploads\/2da-calzada-ruta-11-gesell-dic-2021.jpg?fit=1140%2C760&ssl=1&resize=700%2C400 2x, https:\/\/i0.wp.com\/larevistadigital.com.ar\/blog\/wp-content\/uploads\/2da-calzada-ruta-11-gesell-dic-2021.jpg?fit=1140%2C760&ssl=1&resize=1050%2C600 3x"},"classes":[]},{"id":39989,"url":"https:\/\/larevistadigital.com.ar\/blog\/general-villegas-kicillof-inauguro-las-obras-de-ampliacion-de-la-escuela-primaria-n45\/","url_meta":{"origin":35929,"position":3},"title":"General Villegas: Kicillof inaugur\u00f3 las obras de ampliaci\u00f3n de la Escuela Primaria N\u00b045","author":"Alejandro Sosa Ruda","date":"6 junio, 2025","format":false,"excerpt":"Adem\u00e1s, el Gobernador puso en funcionamiento la nueva sede de la Polic\u00eda Rural y entreg\u00f3 patrulleros y maquinaria agr\u00edcola. 6 de Junio de 2025 CHASCOM\u00daS\u00a0 -\u00a0 \u00a0El gobernador de la provincia de Buenos Aires, Axel Kicillof, encabez\u00f3 este viernes la inauguraci\u00f3n de la obra de ampliaci\u00f3n de la Escuela Primaria\u2026","rel":"","context":"En \u00abINTERES GENERAL\u00bb","block_context":{"text":"INTERES GENERAL","link":"https:\/\/larevistadigital.com.ar\/blog\/category\/interes-general\/"},"img":{"alt_text":"","src":"https:\/\/i0.wp.com\/larevistadigital.com.ar\/blog\/wp-content\/uploads\/Axel-Kicillof_111.jpg?fit=743%2C530&ssl=1&resize=350%2C200","width":350,"height":200,"srcset":"https:\/\/i0.wp.com\/larevistadigital.com.ar\/blog\/wp-content\/uploads\/Axel-Kicillof_111.jpg?fit=743%2C530&ssl=1&resize=350%2C200 1x, https:\/\/i0.wp.com\/larevistadigital.com.ar\/blog\/wp-content\/uploads\/Axel-Kicillof_111.jpg?fit=743%2C530&ssl=1&resize=525%2C300 1.5x, https:\/\/i0.wp.com\/larevistadigital.com.ar\/blog\/wp-content\/uploads\/Axel-Kicillof_111.jpg?fit=743%2C530&ssl=1&resize=700%2C400 2x"},"classes":[]},{"id":40780,"url":"https:\/\/larevistadigital.com.ar\/blog\/merlo-kicillof-inauguro-las-obras-de-ampliacion-de-la-escuela-secundaria-n-50\/","url_meta":{"origin":35929,"position":4},"title":"Merlo: Kicillof inaugur\u00f3 las obras de ampliaci\u00f3n de la Escuela Secundaria N\u00b0 50","author":"Alejandro Sosa Ruda","date":"5 agosto, 2025","format":false,"excerpt":"Adem\u00e1s, junto al intendente Gustavo Men\u00e9ndez se realiz\u00f3 la entrega de patrulleros y motos para fortalecer la seguridad en el distrito. 05 de Agosto de 2025 Merlo.- BUENOS AIRES -\u00a0 \u00a0El gobernador de la provincia de Buenos Aires, Axel Kicillof, encabez\u00f3 este martes el acto de inauguraci\u00f3n de las obras\u2026","rel":"","context":"En \u00abPOLITICA PROVINCIAL\u00bb","block_context":{"text":"POLITICA PROVINCIAL","link":"https:\/\/larevistadigital.com.ar\/blog\/category\/politica\/politica-provincial\/"},"img":{"alt_text":"","src":"https:\/\/i0.wp.com\/larevistadigital.com.ar\/blog\/wp-content\/uploads\/DSC1388.jpg?fit=743%2C530&ssl=1&resize=350%2C200","width":350,"height":200,"srcset":"https:\/\/i0.wp.com\/larevistadigital.com.ar\/blog\/wp-content\/uploads\/DSC1388.jpg?fit=743%2C530&ssl=1&resize=350%2C200 1x, https:\/\/i0.wp.com\/larevistadigital.com.ar\/blog\/wp-content\/uploads\/DSC1388.jpg?fit=743%2C530&ssl=1&resize=525%2C300 1.5x, https:\/\/i0.wp.com\/larevistadigital.com.ar\/blog\/wp-content\/uploads\/DSC1388.jpg?fit=743%2C530&ssl=1&resize=700%2C400 2x"},"classes":[]},{"id":39164,"url":"https:\/\/larevistadigital.com.ar\/blog\/kicillof-inauguro-el-edificio-educativo-n-250-en-cinco-anos-de-gestion\/","url_meta":{"origin":35929,"position":5},"title":"Kicillof inaugur\u00f3 el edificio educativo N\u00b0 250 en cinco a\u00f1os de gesti\u00f3n","author":"Alejandro Sosa Ruda","date":"27 marzo, 2025","format":false,"excerpt":"El gobernador de la provincia de Buenos Aires, Axel Kicillof, encabez\u00f3 la inauguraci\u00f3n del edificio educativo N\u00b0 250 construido durante su gesti\u00f3n. La ceremonia se llev\u00f3 a cabo en las nuevas instalaciones de la Escuela Secundaria N\u00b0 9 de Ezeiza, junto al director general de Cultura y Educaci\u00f3n, Alberto Sileoni;\u2026","rel":"","context":"En \u00abINTERES GENERAL\u00bb","block_context":{"text":"INTERES GENERAL","link":"https:\/\/larevistadigital.com.ar\/blog\/category\/interes-general\/"},"img":{"alt_text":"","src":"https:\/\/i0.wp.com\/larevistadigital.com.ar\/blog\/wp-content\/uploads\/20250327195419_kicillof-inauguracion-escuela-ezeiza.jpg?fit=880%2C512&ssl=1&resize=350%2C200","width":350,"height":200,"srcset":"https:\/\/i0.wp.com\/larevistadigital.com.ar\/blog\/wp-content\/uploads\/20250327195419_kicillof-inauguracion-escuela-ezeiza.jpg?fit=880%2C512&ssl=1&resize=350%2C200 1x, https:\/\/i0.wp.com\/larevistadigital.com.ar\/blog\/wp-content\/uploads\/20250327195419_kicillof-inauguracion-escuela-ezeiza.jpg?fit=880%2C512&ssl=1&resize=525%2C300 1.5x, https:\/\/i0.wp.com\/larevistadigital.com.ar\/blog\/wp-content\/uploads\/20250327195419_kicillof-inauguracion-escuela-ezeiza.jpg?fit=880%2C512&ssl=1&resize=700%2C400 2x"},"classes":[]}],"_links":{"self":[{"href":"https:\/\/larevistadigital.com.ar\/blog\/wp-json\/wp\/v2\/posts\/35929","targetHints":{"allow":["GET"]}}],"collection":[{"href":"https:\/\/larevistadigital.com.ar\/blog\/wp-json\/wp\/v2\/posts"}],"about":[{"href":"https:\/\/larevistadigital.com.ar\/blog\/wp-json\/wp\/v2\/types\/post"}],"author":[{"embeddable":true,"href":"https:\/\/larevistadigital.com.ar\/blog\/wp-json\/wp\/v2\/users\/3"}],"replies":[{"embeddable":true,"href":"https:\/\/larevistadigital.com.ar\/blog\/wp-json\/wp\/v2\/comments?post=35929"}],"version-history":[{"count":1,"href":"https:\/\/larevistadigital.com.ar\/blog\/wp-json\/wp\/v2\/posts\/35929\/revisions"}],"predecessor-version":[{"id":35931,"href":"https:\/\/larevistadigital.com.ar\/blog\/wp-json\/wp\/v2\/posts\/35929\/revisions\/35931"}],"wp:featuredmedia":[{"embeddable":true,"href":"https:\/\/larevistadigital.com.ar\/blog\/wp-json\/wp\/v2\/media\/35930"}],"wp:attachment":[{"href":"https:\/\/larevistadigital.com.ar\/blog\/wp-json\/wp\/v2\/media?parent=35929"}],"wp:term":[{"taxonomy":"category","embeddable":true,"href":"https:\/\/larevistadigital.com.ar\/blog\/wp-json\/wp\/v2\/categories?post=35929"},{"taxonomy":"post_tag","embeddable":true,"href":"https:\/\/larevistadigital.com.ar\/blog\/wp-json\/wp\/v2\/tags?post=35929"}],"curies":[{"name":"wp","href":"https:\/\/api.w.org\/{rel}","templated":true}]}}