{"id":35932,"date":"2024-04-27T13:47:42","date_gmt":"2024-04-27T16:47:42","guid":{"rendered":"https:\/\/larevistadigital.com.ar\/blog\/?p=35932"},"modified":"2024-04-27T13:47:42","modified_gmt":"2024-04-27T16:47:42","slug":"mayo-llega-con-aumentos-de-luz-gas-combustibles-peajes-y-transportes","status":"publish","type":"post","link":"https:\/\/larevistadigital.com.ar\/blog\/mayo-llega-con-aumentos-de-luz-gas-combustibles-peajes-y-transportes\/","title":{"rendered":"MAYO LLEGA CON AUMENTOS DE LUZ, GAS, COMBUSTIBLES, PEAJES Y TRANSPORTES"},"content":{"rendered":"<h2 class=\"fparrafo ctext fz18 lh25\">A partir de mayo, los precios de la electricidad, el gas, los peajes y los combustibles experimenten aumentos, lo que tendr\u00e1 un impacto significativo en los gastos de los ciudadanos.<\/h2>\n<p>27 de abril de 2024<\/p>\n<p>En el caso de la luz y el gas, el gobierno planea implementar una nueva f\u00f3rmula de ajuste mensual que considera la variaci\u00f3n de los salarios y la inflaci\u00f3n para determinar los incrementos en las tarifas.<\/p>\n<p>Esto significa que los consumidores pueden anticipar aumentos peri\u00f3dicos en sus facturas de servicios p\u00fablicos, lo que podr\u00eda afectar a\u00fan m\u00e1s su capacidad para cubrir sus gastos b\u00e1sicos.<\/p>\n<blockquote>\n<h3>En cuanto al transporte p\u00fablico, se espera un aumento significativo en los pasajes de tren en el \u00c1rea Metropolitana de Buenos Aires, lo que afectar\u00e1 a miles de pasajeros que dependen de este medio de transporte para desplazarse.<\/h3>\n<\/blockquote>\n<p>Adem\u00e1s, los aumentos en los peajes de las rutas nacionales y los accesos a la Ciudad de Buenos Aires aumentar\u00e1n los costos para aquellos que utilizan veh\u00edculos privados, lo que podr\u00eda impactar en los precios de los productos y servicios debido a los mayores costos de transporte.<\/p>\n<blockquote>\n<h3>A partir de este viernes 26 de abril, los peajes en rutas nacionales y accesos a la Ciudad aumentar\u00e1n un 200 por ciento, con tarifas m\u00ednimas de 900 pesos en hora pico.<\/h3>\n<\/blockquote>\n<p>Por \u00faltimo, los precios de los combustibles tambi\u00e9n podr\u00edan subir debido al Impuesto a los Combustibles L\u00edquidos impulsado por el gobierno. Esto significa que los conductores pueden enfrentar aumentos en el costo de llenar sus tanques, lo que afectar\u00eda el presupuesto de transporte de las familias y podr\u00eda generar un aumento en los precios de otros bienes y servicios debido a los mayores costos de log\u00edstica y distribuci\u00f3n.<\/p>\n<p>Estos aumentos en los precios de los servicios b\u00e1sicos y el transporte que implementa el gobierno de Milei, sin duda representan una preocupaci\u00f3n para los ciudadanos argentinos, pero al no haber una oposici\u00f3n contundente por parte de la dirigencia pol\u00edtica y gremial, el plan motosierra y licuadora sigue adelante meti\u00e9ndole la mano en el bolsillo a los trabajadores y a los jubilados, afectando su calidad de vida.(<b>InfoGEI<\/b>)Ac<\/p>\n","protected":false},"excerpt":{"rendered":"<div class=\"mh-excerpt\"><p>A partir de mayo, los precios de la electricidad, el gas, los peajes y los combustibles experimenten aumentos, lo que tendr\u00e1 un impacto significativo en los gastos de los ciudadanos. 27 de abril de 2024 <a class=\"mh-excerpt-more\" href=\"https:\/\/larevistadigital.com.ar\/blog\/mayo-llega-con-aumentos-de-luz-gas-combustibles-peajes-y-transportes\/\" title=\"MAYO LLEGA CON AUMENTOS DE LUZ, GAS, COMBUSTIBLES, PEAJES Y TRANSPORTES\">[Leer M\u00e1s]<\/a><\/p>\n<\/div>","protected":false},"author":3,"featured_media":35933,"comment_status":"open","ping_status":"open","sticky":false,"template":"","format":"standard","meta":{"_jetpack_memberships_contains_paid_content":false,"footnotes":"","jetpack_publicize_message":"","jetpack_publicize_feature_enabled":true,"jetpack_social_post_already_shared":true,"jetpack_social_options":{"image_generator_settings":{"template":"highway","default_image_id":0,"font":"","enabled":false},"version":2}},"categories":[50],"tags":[],"class_list":{"0":"post-35932","1":"post","2":"type-post","3":"status-publish","4":"format-standard","5":"has-post-thumbnail","7":"category-interes-general"},"jetpack_publicize_connections":[],"jetpack_featured_media_url":"https:\/\/i0.wp.com\/larevistadigital.com.ar\/blog\/wp-content\/uploads\/20240426173108_motosierra-liguadora-milei.jpg?fit=880%2C512&ssl=1","jetpack_sharing_enabled":true,"jetpack_shortlink":"https:\/\/wp.me\/p8qtrQ-9ly","jetpack-related-posts":[{"id":42694,"url":"https:\/\/larevistadigital.com.ar\/blog\/los-nuevos-aumentos-de-diciembre-y-el-golpe-al-bolsillo\/","url_meta":{"origin":35932,"position":0},"title":"Los nuevos aumentos de diciembre y el golpe al bolsillo","author":"Alejandro Sosa Ruda","date":"1 diciembre, 2025","format":false,"excerpt":"Diciembre arranca picante: suben prepagas, transporte, tarifas y alquileres. Enterate cu\u00e1nto vas a pagar y c\u00f3mo pega en el bolsillo argentino. Diciembre suele ser un mes de mayor gasto por las fiestas y el cierre del a\u00f1o, pero esta vez viene cargado adem\u00e1s con una nueva tanda de aumentos en\u2026","rel":"","context":"En \u00abINTERES GENERAL\u00bb","block_context":{"text":"INTERES GENERAL","link":"https:\/\/larevistadigital.com.ar\/blog\/category\/interes-general\/"},"img":{"alt_text":"","src":"https:\/\/i0.wp.com\/larevistadigital.com.ar\/blog\/wp-content\/uploads\/Captura-de-pantalla-2025-12-01-233737.jpg?fit=804%2C451&ssl=1&resize=350%2C200","width":350,"height":200,"srcset":"https:\/\/i0.wp.com\/larevistadigital.com.ar\/blog\/wp-content\/uploads\/Captura-de-pantalla-2025-12-01-233737.jpg?fit=804%2C451&ssl=1&resize=350%2C200 1x, https:\/\/i0.wp.com\/larevistadigital.com.ar\/blog\/wp-content\/uploads\/Captura-de-pantalla-2025-12-01-233737.jpg?fit=804%2C451&ssl=1&resize=525%2C300 1.5x, https:\/\/i0.wp.com\/larevistadigital.com.ar\/blog\/wp-content\/uploads\/Captura-de-pantalla-2025-12-01-233737.jpg?fit=804%2C451&ssl=1&resize=700%2C400 2x"},"classes":[]},{"id":29129,"url":"https:\/\/larevistadigital.com.ar\/blog\/los-combustibles-se-sumaran-al-programa-de-precios-justos-y-habra-tope-para-los-aumentos\/","url_meta":{"origin":35932,"position":1},"title":"LOS COMBUSTIBLES SE SUMAR\u00c1N AL PROGRAMA DE \u00abPRECIOS JUSTOS\u00bb Y HABR\u00c1 TOPE PARA LOS AUMENTOS","author":"Alejandro Sosa Ruda","date":"28 noviembre, 2022","format":false,"excerpt":"Lo anunciar\u00e1 este lunes el ministro de Econom\u00eda, Sergio Massa. Durante cuatro meses el valor no podr\u00e1 incrementarse m\u00e1s del 4% para poder reducir la inflaci\u00f3n. 27 de noviembre de 2022 El ministro de Econom\u00eda, Sergio Massa, anunciar\u00e1\u00a0este lunes que\u00a0los combustibles integrar\u00e1n el programa de Precios Justos durante cuatro meses\u2026","rel":"","context":"En \u00abECONOMIA\u00bb","block_context":{"text":"ECONOMIA","link":"https:\/\/larevistadigital.com.ar\/blog\/category\/economia\/"},"img":{"alt_text":"","src":"https:\/\/i0.wp.com\/larevistadigital.com.ar\/blog\/wp-content\/uploads\/6002366297621.jpg?fit=1004%2C565&ssl=1&resize=350%2C200","width":350,"height":200,"srcset":"https:\/\/i0.wp.com\/larevistadigital.com.ar\/blog\/wp-content\/uploads\/6002366297621.jpg?fit=1004%2C565&ssl=1&resize=350%2C200 1x, https:\/\/i0.wp.com\/larevistadigital.com.ar\/blog\/wp-content\/uploads\/6002366297621.jpg?fit=1004%2C565&ssl=1&resize=525%2C300 1.5x, https:\/\/i0.wp.com\/larevistadigital.com.ar\/blog\/wp-content\/uploads\/6002366297621.jpg?fit=1004%2C565&ssl=1&resize=700%2C400 2x"},"classes":[]},{"id":5454,"url":"https:\/\/larevistadigital.com.ar\/blog\/ypf-aumento-las-naftas-un-3-en-todo-el-pais\/","url_meta":{"origin":35932,"position":2},"title":"YPF aument\u00f3 las naftas un 3% en todo el pa\u00eds","author":"admin","date":"11 abril, 2018","format":false,"excerpt":"La petrolera dio a conocer nuevos aumentos en nafta y di\u00e9sel Luego de los aumentos de la semana pasada en Axion y Shell, 4,5% para las naftas y de 6% para el di\u00e9sel, ahora\u00a0YPF, el jugador m\u00e1s grande del sector, aplic\u00f3 un 3% de incremento promedio en todo el pa\u00eds.\u2026","rel":"","context":"En \u00abDESTACADAS\u00bb","block_context":{"text":"DESTACADAS","link":"https:\/\/larevistadigital.com.ar\/blog\/category\/destacadas\/"},"img":{"alt_text":"","src":"https:\/\/i0.wp.com\/larevistadigital.com.ar\/blog\/wp-content\/uploads\/2018\/04\/ypf-660x330.jpg?fit=660%2C330&ssl=1&resize=350%2C200","width":350,"height":200,"srcset":"https:\/\/i0.wp.com\/larevistadigital.com.ar\/blog\/wp-content\/uploads\/2018\/04\/ypf-660x330.jpg?fit=660%2C330&ssl=1&resize=350%2C200 1x, https:\/\/i0.wp.com\/larevistadigital.com.ar\/blog\/wp-content\/uploads\/2018\/04\/ypf-660x330.jpg?fit=660%2C330&ssl=1&resize=525%2C300 1.5x"},"classes":[]},{"id":36244,"url":"https:\/\/larevistadigital.com.ar\/blog\/de-terror-con-la-quita-de-los-subsidios-la-luz-y-el-gas-aumentarian-mas-de-un-150\/","url_meta":{"origin":35932,"position":3},"title":"DE TERROR: CON LA QUITA DE LOS SUBSIDIOS LA LUZ Y EL GAS AUMENTAR\u00cdAN M\u00c1S DE UN 150%","author":"Alejandro Sosa Ruda","date":"5 junio, 2024","format":false,"excerpt":"El Gobierno de Javier Milei oficializ\u00f3 este mi\u00e9rcoles los detalles de la quita de subsidios a las tarifas de energ\u00eda que comenzar\u00e1 a regir en junio como parte de la transici\u00f3n hacia un nuevo esquema de asistencia. Todos los usuarios, pero sobre todo los residenciales de ingresos medios y bajos,\u2026","rel":"","context":"En \u00abINTERES GENERAL\u00bb","block_context":{"text":"INTERES GENERAL","link":"https:\/\/larevistadigital.com.ar\/blog\/category\/interes-general\/"},"img":{"alt_text":"","src":"https:\/\/i0.wp.com\/larevistadigital.com.ar\/blog\/wp-content\/uploads\/20240605175338_subsidios-tarifas-gas-luz.jpg?fit=880%2C512&ssl=1&resize=350%2C200","width":350,"height":200,"srcset":"https:\/\/i0.wp.com\/larevistadigital.com.ar\/blog\/wp-content\/uploads\/20240605175338_subsidios-tarifas-gas-luz.jpg?fit=880%2C512&ssl=1&resize=350%2C200 1x, https:\/\/i0.wp.com\/larevistadigital.com.ar\/blog\/wp-content\/uploads\/20240605175338_subsidios-tarifas-gas-luz.jpg?fit=880%2C512&ssl=1&resize=525%2C300 1.5x, https:\/\/i0.wp.com\/larevistadigital.com.ar\/blog\/wp-content\/uploads\/20240605175338_subsidios-tarifas-gas-luz.jpg?fit=880%2C512&ssl=1&resize=700%2C400 2x"},"classes":[]},{"id":40584,"url":"https:\/\/larevistadigital.com.ar\/blog\/vecinos-y-vecinas-enfrentan-boletas-impagables-de-luz-gas-y-telecomunicaciones\/","url_meta":{"origin":35932,"position":4},"title":"Vecinos y vecinas enfrentan boletas impagables de luz, gas y telecomunicaciones","author":"Alejandro Sosa Ruda","date":"21 julio, 2025","format":false,"excerpt":"La Municipalidad brinda acompa\u00f1amiento y asesoramiento a trav\u00e9s de la OMIC para quienes se ven afectados por los aumentos desmedidos. 21 de Julio de 2025 CHASCOM\u00daS\u00a0 -\u00a0 \u00a0Desde principios de a\u00f1o, los incrementos en las tarifas de los servicios p\u00fablicos vienen golpeando con fuerza el bolsillo de los chascomunenses. A\u2026","rel":"","context":"En \u00abDESTACADAS\u00bb","block_context":{"text":"DESTACADAS","link":"https:\/\/larevistadigital.com.ar\/blog\/category\/destacadas\/"},"img":{"alt_text":"","src":"https:\/\/i0.wp.com\/larevistadigital.com.ar\/blog\/wp-content\/uploads\/687e7958ae4d4.png?fit=668%2C445&ssl=1&resize=350%2C200","width":350,"height":200,"srcset":"https:\/\/i0.wp.com\/larevistadigital.com.ar\/blog\/wp-content\/uploads\/687e7958ae4d4.png?fit=668%2C445&ssl=1&resize=350%2C200 1x, https:\/\/i0.wp.com\/larevistadigital.com.ar\/blog\/wp-content\/uploads\/687e7958ae4d4.png?fit=668%2C445&ssl=1&resize=525%2C300 1.5x"},"classes":[]},{"id":139,"url":"https:\/\/larevistadigital.com.ar\/blog\/poder-ejecutivo-ya-alista-los-subsidios-aliviar-las-tarifas-las-pymes\/","url_meta":{"origin":35932,"position":5},"title":"El Poder Ejecutivo ya alista los subsidios para aliviar las tarifas de las pymes","author":"editor","date":"12 febrero, 2017","format":false,"excerpt":"Lo adelant\u00f3 el ministro del Interior, Rogelio Frigerio. Confirm\u00f3 que analizan \"distintas variantes\" para que las subas del gas y la luz no tengan un fuerte impacto, y tambi\u00e9n para resguardar los puestos laborales. Lo discutir\u00e1n con los gobernadores El Gobierno analiza \"distintas variantes\" para aliviar el peso de los\u2026","rel":"","context":"En \u00abECONOMIA\u00bb","block_context":{"text":"ECONOMIA","link":"https:\/\/larevistadigital.com.ar\/blog\/category\/economia\/"},"img":{"alt_text":"","src":"https:\/\/i0.wp.com\/larevistadigital.com.ar\/blog\/wp-content\/uploads\/2017\/02\/0013982654.jpg?fit=770%2C433&ssl=1&resize=350%2C200","width":350,"height":200,"srcset":"https:\/\/i0.wp.com\/larevistadigital.com.ar\/blog\/wp-content\/uploads\/2017\/02\/0013982654.jpg?fit=770%2C433&ssl=1&resize=350%2C200 1x, https:\/\/i0.wp.com\/larevistadigital.com.ar\/blog\/wp-content\/uploads\/2017\/02\/0013982654.jpg?fit=770%2C433&ssl=1&resize=525%2C300 1.5x, https:\/\/i0.wp.com\/larevistadigital.com.ar\/blog\/wp-content\/uploads\/2017\/02\/0013982654.jpg?fit=770%2C433&ssl=1&resize=700%2C400 2x"},"classes":[]}],"_links":{"self":[{"href":"https:\/\/larevistadigital.com.ar\/blog\/wp-json\/wp\/v2\/posts\/35932","targetHints":{"allow":["GET"]}}],"collection":[{"href":"https:\/\/larevistadigital.com.ar\/blog\/wp-json\/wp\/v2\/posts"}],"about":[{"href":"https:\/\/larevistadigital.com.ar\/blog\/wp-json\/wp\/v2\/types\/post"}],"author":[{"embeddable":true,"href":"https:\/\/larevistadigital.com.ar\/blog\/wp-json\/wp\/v2\/users\/3"}],"replies":[{"embeddable":true,"href":"https:\/\/larevistadigital.com.ar\/blog\/wp-json\/wp\/v2\/comments?post=35932"}],"version-history":[{"count":1,"href":"https:\/\/larevistadigital.com.ar\/blog\/wp-json\/wp\/v2\/posts\/35932\/revisions"}],"predecessor-version":[{"id":35934,"href":"https:\/\/larevistadigital.com.ar\/blog\/wp-json\/wp\/v2\/posts\/35932\/revisions\/35934"}],"wp:featuredmedia":[{"embeddable":true,"href":"https:\/\/larevistadigital.com.ar\/blog\/wp-json\/wp\/v2\/media\/35933"}],"wp:attachment":[{"href":"https:\/\/larevistadigital.com.ar\/blog\/wp-json\/wp\/v2\/media?parent=35932"}],"wp:term":[{"taxonomy":"category","embeddable":true,"href":"https:\/\/larevistadigital.com.ar\/blog\/wp-json\/wp\/v2\/categories?post=35932"},{"taxonomy":"post_tag","embeddable":true,"href":"https:\/\/larevistadigital.com.ar\/blog\/wp-json\/wp\/v2\/tags?post=35932"}],"curies":[{"name":"wp","href":"https:\/\/api.w.org\/{rel}","templated":true}]}}