{"id":35935,"date":"2024-04-27T13:52:33","date_gmt":"2024-04-27T16:52:33","guid":{"rendered":"https:\/\/larevistadigital.com.ar\/blog\/?p=35935"},"modified":"2024-04-27T13:52:33","modified_gmt":"2024-04-27T16:52:33","slug":"un-municipio-bonaerense-presentara-un-amparo-por-los-aumentos-de-la-luz","status":"publish","type":"post","link":"https:\/\/larevistadigital.com.ar\/blog\/un-municipio-bonaerense-presentara-un-amparo-por-los-aumentos-de-la-luz\/","title":{"rendered":"UN MUNICIPIO BONAERENSE PRESENTAR\u00c1 UN AMPARO POR LOS AUMENTOS DE LA LUZ"},"content":{"rendered":"<h2 class=\"fparrafo ctext fz18 lh25\"><em>El Municipio de Ituzaing\u00f3 presentar\u00e1 un amparo judicial para anular el aumento de la energ\u00eda el\u00e9ctrica. \u00abNos cobran como si fu\u00e9ramos usuarios residenciales y somos usuarios mayoristas\u201d, expres\u00f3 el intendente local, Pablo Descalzo.<\/em><\/h2>\n<p>27 de abril de 2024<\/p>\n<p><strong>BUENOS AIRES &#8211;<\/strong>\u00a0 As\u00ed lo inform\u00f3 el intendente, <strong>Pablo Descalzo<\/strong>. <strong><em>\u201cNos cobran como si fu\u00e9ramos usuarios residenciales y los municipios somos usuarios mayoristas\u201d<\/em><\/strong>, indic\u00f3.<\/p>\n<blockquote>\n<h3>El jefe comunal anunci\u00f3, en declaraciones a Radio Kamikaze, que la Federaci\u00f3n Argentina de Municipios est\u00e1 trabajando con su grupo de abogados para presentarse en la Justicia.<\/h3>\n<\/blockquote>\n<p><strong><em>\u00abEl Municipio va a pagar de luz 1200 o 1300 millones de pesos por a\u00f1o de m\u00e1s en energ\u00eda el\u00e9ctrica, nosotros y todos los Municipios del Pa\u00eds\u00bb<\/em><\/strong>, indic\u00f3.<\/p>\n<blockquote>\n<h3>En ese sentido, Descalzo adelant\u00f3: <strong><em>\u201cVamos a ir a la justicia para que Edenor rectifique la tarifa que le cobra a la Comuna\u00bb.<\/em><\/strong><\/h3>\n<\/blockquote>\n<p>Seg\u00fan detall\u00f3, durante los \u00faltimos a\u00f1os, la Comuna compensaba con Edenor el valor del canon por la utilizaci\u00f3n del espacio p\u00fablico- que paga la empresa- con el consumo de energ\u00eda.<\/p>\n<p>Hasta el momento, los n\u00fameros resultaban favorables a la Comuna por unos 20 millones de pesos. Sin embargo, la cuenta ahora se invirti\u00f3. \u00abEs una brutal transferencia a favor de la empresa que no tiene justificaci\u00f3n alguna\u00bb, afirm\u00f3 Descalzo. (<b>InfoGEI<\/b>)Ac<\/p>\n","protected":false},"excerpt":{"rendered":"<div class=\"mh-excerpt\"><p>El Municipio de Ituzaing\u00f3 presentar\u00e1 un amparo judicial para anular el aumento de la energ\u00eda el\u00e9ctrica. \u00abNos cobran como si fu\u00e9ramos usuarios residenciales y somos usuarios mayoristas\u201d, expres\u00f3 el intendente local, Pablo Descalzo. 27 de <a class=\"mh-excerpt-more\" href=\"https:\/\/larevistadigital.com.ar\/blog\/un-municipio-bonaerense-presentara-un-amparo-por-los-aumentos-de-la-luz\/\" title=\"UN MUNICIPIO BONAERENSE PRESENTAR\u00c1 UN AMPARO POR LOS AUMENTOS DE LA LUZ\">[Leer M\u00e1s]<\/a><\/p>\n<\/div>","protected":false},"author":3,"featured_media":35936,"comment_status":"open","ping_status":"open","sticky":false,"template":"","format":"standard","meta":{"_jetpack_memberships_contains_paid_content":false,"footnotes":"","jetpack_publicize_message":"","jetpack_publicize_feature_enabled":true,"jetpack_social_post_already_shared":true,"jetpack_social_options":{"image_generator_settings":{"template":"highway","default_image_id":0,"font":"","enabled":false},"version":2}},"categories":[24,51],"tags":[],"class_list":{"0":"post-35935","1":"post","2":"type-post","3":"status-publish","4":"format-standard","5":"has-post-thumbnail","7":"category-politica-provincial","8":"category-regionales"},"jetpack_publicize_connections":[],"jetpack_featured_media_url":"https:\/\/i0.wp.com\/larevistadigital.com.ar\/blog\/wp-content\/uploads\/20240426165915_pablo-descalzo-ituzaingo-amparo-energia.jpg?fit=880%2C512&ssl=1","jetpack_sharing_enabled":true,"jetpack_shortlink":"https:\/\/wp.me\/p8qtrQ-9lB","jetpack-related-posts":[{"id":29311,"url":"https:\/\/larevistadigital.com.ar\/blog\/por-el-alto-consumo-en-verano-se-instalaran-generadores-de-energia-en-14-municipios-bonaerenses\/","url_meta":{"origin":35935,"position":0},"title":"POR EL ALTO CONSUMO EN VERANO, SE INSTALARAN GENERADORES DE ENERG\u00cdA EN 14 MUNICIPIOS BONAERENSES","author":"Alejandro Sosa Ruda","date":"8 diciembre, 2022","format":false,"excerpt":"La Subsecretar\u00eda de Energ\u00eda los colocar\u00e1 en puntos cr\u00edticos del territorio bonaerense y el beneficio tambi\u00e9n alcanza a usuarios de cooperativas. 8 de diciembre de 2022 La Subsecretar\u00eda de Energ\u00eda de la Provincia de Buenos Aires comenzar\u00e1 a implementar el \u201cPrograma de Generaci\u00f3n El\u00e9ctrica Distribuida Temporal\u201d o \u201cPlan Verano\u201d, para\u2026","rel":"","context":"En \u00abPOLITICA PROVINCIAL\u00bb","block_context":{"text":"POLITICA PROVINCIAL","link":"https:\/\/larevistadigital.com.ar\/blog\/category\/politica\/politica-provincial\/"},"img":{"alt_text":"","src":"https:\/\/i0.wp.com\/larevistadigital.com.ar\/blog\/wp-content\/uploads\/20221206183207_tension-electrica-apertura.jpg?fit=880%2C512&ssl=1&resize=350%2C200","width":350,"height":200,"srcset":"https:\/\/i0.wp.com\/larevistadigital.com.ar\/blog\/wp-content\/uploads\/20221206183207_tension-electrica-apertura.jpg?fit=880%2C512&ssl=1&resize=350%2C200 1x, https:\/\/i0.wp.com\/larevistadigital.com.ar\/blog\/wp-content\/uploads\/20221206183207_tension-electrica-apertura.jpg?fit=880%2C512&ssl=1&resize=525%2C300 1.5x, https:\/\/i0.wp.com\/larevistadigital.com.ar\/blog\/wp-content\/uploads\/20221206183207_tension-electrica-apertura.jpg?fit=880%2C512&ssl=1&resize=700%2C400 2x"},"classes":[]},{"id":40886,"url":"https:\/\/larevistadigital.com.ar\/blog\/kicillof-entrego-patrulleros-y-equipamiento-en-ituzaingo-y-habilito-nuevas-obras-escolares\/","url_meta":{"origin":35935,"position":1},"title":"Kicillof entreg\u00f3 patrulleros y equipamiento en Ituzaing\u00f3 y habilit\u00f3 nuevas obras escolares","author":"Alejandro Sosa Ruda","date":"13 agosto, 2025","format":false,"excerpt":"El gobernador bonaerense, Axel Kicillof, encabez\u00f3 este martes en Ituzaing\u00f3 la entrega de patrulleros y equipamiento destinado a reforzar la seguridad del distrito. Lo acompa\u00f1aron el ministro de Seguridad, Javier Alonso; el titular de Infraestructura y Servicios P\u00fablicos, Gabriel Katopodis; y el intendente Pablo Descalzo. Adem\u00e1s, inaugur\u00f3 ampliaciones en la\u2026","rel":"","context":"En \u00abPOLITICA PROVINCIAL\u00bb","block_context":{"text":"POLITICA PROVINCIAL","link":"https:\/\/larevistadigital.com.ar\/blog\/category\/politica\/politica-provincial\/"},"img":{"alt_text":"","src":"https:\/\/i0.wp.com\/larevistadigital.com.ar\/blog\/wp-content\/uploads\/20250812185959_kicillof-alonso-katopodis-descalzo-ituzaingo.jpg?fit=880%2C512&ssl=1&resize=350%2C200","width":350,"height":200,"srcset":"https:\/\/i0.wp.com\/larevistadigital.com.ar\/blog\/wp-content\/uploads\/20250812185959_kicillof-alonso-katopodis-descalzo-ituzaingo.jpg?fit=880%2C512&ssl=1&resize=350%2C200 1x, https:\/\/i0.wp.com\/larevistadigital.com.ar\/blog\/wp-content\/uploads\/20250812185959_kicillof-alonso-katopodis-descalzo-ituzaingo.jpg?fit=880%2C512&ssl=1&resize=525%2C300 1.5x, https:\/\/i0.wp.com\/larevistadigital.com.ar\/blog\/wp-content\/uploads\/20250812185959_kicillof-alonso-katopodis-descalzo-ituzaingo.jpg?fit=880%2C512&ssl=1&resize=700%2C400 2x"},"classes":[]},{"id":13716,"url":"https:\/\/larevistadigital.com.ar\/blog\/san-vicente-el-municipio-intimo-a-edesur-a-acortar-los-plazos-de-la-obra-de-la-subestacion-electrica\/","url_meta":{"origin":35935,"position":2},"title":"SAN VICENTE: EL MUNICIPIO INTIM\u00d3 A EDESUR A ACORTAR LOS PLAZOS DE LA OBRA DE LA SUBESTACI\u00d3N EL\u00c9CTRICA","author":"Alejandro Sosa Ruda","date":"19 diciembre, 2019","format":false,"excerpt":"El Intendente Municipal, Nicol\u00e1s Mantegazza, recibi\u00f3 en su despacho a los representantes de la empresa distribuidora de energ\u00eda el\u00e9ctrica, EDESUR, para tratar diversos temas de inter\u00e9s para el distrito, como los son la Subestaci\u00f3n El\u00e9ctrica y los cortes reiterados en el suministro que sufren todos los vecinos. En este contexto\u2026","rel":"","context":"En \u00abREGIONALES\u00bb","block_context":{"text":"REGIONALES","link":"https:\/\/larevistadigital.com.ar\/blog\/category\/regionales\/"},"img":{"alt_text":"","src":"https:\/\/i0.wp.com\/larevistadigital.com.ar\/blog\/wp-content\/uploads\/FB_IMG_1576772064636.jpg?fit=1080%2C835&ssl=1&resize=350%2C200","width":350,"height":200,"srcset":"https:\/\/i0.wp.com\/larevistadigital.com.ar\/blog\/wp-content\/uploads\/FB_IMG_1576772064636.jpg?fit=1080%2C835&ssl=1&resize=350%2C200 1x, https:\/\/i0.wp.com\/larevistadigital.com.ar\/blog\/wp-content\/uploads\/FB_IMG_1576772064636.jpg?fit=1080%2C835&ssl=1&resize=525%2C300 1.5x, https:\/\/i0.wp.com\/larevistadigital.com.ar\/blog\/wp-content\/uploads\/FB_IMG_1576772064636.jpg?fit=1080%2C835&ssl=1&resize=700%2C400 2x, https:\/\/i0.wp.com\/larevistadigital.com.ar\/blog\/wp-content\/uploads\/FB_IMG_1576772064636.jpg?fit=1080%2C835&ssl=1&resize=1050%2C600 3x"},"classes":[]},{"id":36244,"url":"https:\/\/larevistadigital.com.ar\/blog\/de-terror-con-la-quita-de-los-subsidios-la-luz-y-el-gas-aumentarian-mas-de-un-150\/","url_meta":{"origin":35935,"position":3},"title":"DE TERROR: CON LA QUITA DE LOS SUBSIDIOS LA LUZ Y EL GAS AUMENTAR\u00cdAN M\u00c1S DE UN 150%","author":"Alejandro Sosa Ruda","date":"5 junio, 2024","format":false,"excerpt":"El Gobierno de Javier Milei oficializ\u00f3 este mi\u00e9rcoles los detalles de la quita de subsidios a las tarifas de energ\u00eda que comenzar\u00e1 a regir en junio como parte de la transici\u00f3n hacia un nuevo esquema de asistencia. Todos los usuarios, pero sobre todo los residenciales de ingresos medios y bajos,\u2026","rel":"","context":"En \u00abINTERES GENERAL\u00bb","block_context":{"text":"INTERES GENERAL","link":"https:\/\/larevistadigital.com.ar\/blog\/category\/interes-general\/"},"img":{"alt_text":"","src":"https:\/\/i0.wp.com\/larevistadigital.com.ar\/blog\/wp-content\/uploads\/20240605175338_subsidios-tarifas-gas-luz.jpg?fit=880%2C512&ssl=1&resize=350%2C200","width":350,"height":200,"srcset":"https:\/\/i0.wp.com\/larevistadigital.com.ar\/blog\/wp-content\/uploads\/20240605175338_subsidios-tarifas-gas-luz.jpg?fit=880%2C512&ssl=1&resize=350%2C200 1x, https:\/\/i0.wp.com\/larevistadigital.com.ar\/blog\/wp-content\/uploads\/20240605175338_subsidios-tarifas-gas-luz.jpg?fit=880%2C512&ssl=1&resize=525%2C300 1.5x, https:\/\/i0.wp.com\/larevistadigital.com.ar\/blog\/wp-content\/uploads\/20240605175338_subsidios-tarifas-gas-luz.jpg?fit=880%2C512&ssl=1&resize=700%2C400 2x"},"classes":[]},{"id":38793,"url":"https:\/\/larevistadigital.com.ar\/blog\/reves-judicial-para-julio-zamora-la-justicia-avalo-la-prohibicion-de-tasas-municipales-en-facturas-de-luz-y-gas\/","url_meta":{"origin":35935,"position":4},"title":"Rev\u00e9s judicial para Julio Zamora: la Justicia aval\u00f3 la prohibici\u00f3n de tasas municipales en facturas de luz y gas","author":"Alejandro Sosa Ruda","date":"23 febrero, 2025","format":false,"excerpt":"23 de Febrero de 2025 BUENOS AIRES -\u00a0 Un juez federal rechaz\u00f3 el recurso presentado por el intendente de Tigre, Julio Zamora, contra la resoluci\u00f3n del Ministerio de Econom\u00eda que impide incluir tasas municipales en las facturas de servicios p\u00fablicos. La decisi\u00f3n judicial representa un triunfo para el ministro Luis\u2026","rel":"","context":"En \u00abPOLITICA PROVINCIAL\u00bb","block_context":{"text":"POLITICA PROVINCIAL","link":"https:\/\/larevistadigital.com.ar\/blog\/category\/politica\/politica-provincial\/"},"img":{"alt_text":"","src":"https:\/\/i0.wp.com\/larevistadigital.com.ar\/blog\/wp-content\/uploads\/20250222182116_intendente-de-tigre-julio-zamora.jpg?fit=880%2C512&ssl=1&resize=350%2C200","width":350,"height":200,"srcset":"https:\/\/i0.wp.com\/larevistadigital.com.ar\/blog\/wp-content\/uploads\/20250222182116_intendente-de-tigre-julio-zamora.jpg?fit=880%2C512&ssl=1&resize=350%2C200 1x, https:\/\/i0.wp.com\/larevistadigital.com.ar\/blog\/wp-content\/uploads\/20250222182116_intendente-de-tigre-julio-zamora.jpg?fit=880%2C512&ssl=1&resize=525%2C300 1.5x, https:\/\/i0.wp.com\/larevistadigital.com.ar\/blog\/wp-content\/uploads\/20250222182116_intendente-de-tigre-julio-zamora.jpg?fit=880%2C512&ssl=1&resize=700%2C400 2x"},"classes":[]},{"id":12774,"url":"https:\/\/larevistadigital.com.ar\/blog\/edea-aviso-de-corte-de-luz-programado-2\/","url_meta":{"origin":35935,"position":5},"title":"EDEA: AVISO DE CORTE DE LUZ PROGRAMADO","author":"Alejandro Sosa Ruda","date":"22 octubre, 2019","format":false,"excerpt":"EDEA inform\u00f3 a sus usuarios que para la realizaci\u00f3n de trabajos de mejoras en su red el\u00e9ctrica, proceder\u00e1 a suspender el suministro de energ\u00eda en las siguientes zonas, d\u00edas y horarios: D\u00edas: Mi\u00e9rcoles 23, Jueves 24 y Viernes 25 de octubre. \uf0d8 Ruta 2 desde el km. 130 hasta el\u2026","rel":"","context":"En \u00abCHASCOM\u00daS\u00bb","block_context":{"text":"CHASCOM\u00daS","link":"https:\/\/larevistadigital.com.ar\/blog\/category\/chascomus\/"},"img":{"alt_text":"","src":"https:\/\/i0.wp.com\/larevistadigital.com.ar\/blog\/wp-content\/uploads\/2019\/03\/810410405c904feca65209eb66a49a3f.jpg?fit=1058%2C791&ssl=1&resize=350%2C200","width":350,"height":200,"srcset":"https:\/\/i0.wp.com\/larevistadigital.com.ar\/blog\/wp-content\/uploads\/2019\/03\/810410405c904feca65209eb66a49a3f.jpg?fit=1058%2C791&ssl=1&resize=350%2C200 1x, https:\/\/i0.wp.com\/larevistadigital.com.ar\/blog\/wp-content\/uploads\/2019\/03\/810410405c904feca65209eb66a49a3f.jpg?fit=1058%2C791&ssl=1&resize=525%2C300 1.5x, https:\/\/i0.wp.com\/larevistadigital.com.ar\/blog\/wp-content\/uploads\/2019\/03\/810410405c904feca65209eb66a49a3f.jpg?fit=1058%2C791&ssl=1&resize=700%2C400 2x, https:\/\/i0.wp.com\/larevistadigital.com.ar\/blog\/wp-content\/uploads\/2019\/03\/810410405c904feca65209eb66a49a3f.jpg?fit=1058%2C791&ssl=1&resize=1050%2C600 3x"},"classes":[]}],"_links":{"self":[{"href":"https:\/\/larevistadigital.com.ar\/blog\/wp-json\/wp\/v2\/posts\/35935","targetHints":{"allow":["GET"]}}],"collection":[{"href":"https:\/\/larevistadigital.com.ar\/blog\/wp-json\/wp\/v2\/posts"}],"about":[{"href":"https:\/\/larevistadigital.com.ar\/blog\/wp-json\/wp\/v2\/types\/post"}],"author":[{"embeddable":true,"href":"https:\/\/larevistadigital.com.ar\/blog\/wp-json\/wp\/v2\/users\/3"}],"replies":[{"embeddable":true,"href":"https:\/\/larevistadigital.com.ar\/blog\/wp-json\/wp\/v2\/comments?post=35935"}],"version-history":[{"count":1,"href":"https:\/\/larevistadigital.com.ar\/blog\/wp-json\/wp\/v2\/posts\/35935\/revisions"}],"predecessor-version":[{"id":35937,"href":"https:\/\/larevistadigital.com.ar\/blog\/wp-json\/wp\/v2\/posts\/35935\/revisions\/35937"}],"wp:featuredmedia":[{"embeddable":true,"href":"https:\/\/larevistadigital.com.ar\/blog\/wp-json\/wp\/v2\/media\/35936"}],"wp:attachment":[{"href":"https:\/\/larevistadigital.com.ar\/blog\/wp-json\/wp\/v2\/media?parent=35935"}],"wp:term":[{"taxonomy":"category","embeddable":true,"href":"https:\/\/larevistadigital.com.ar\/blog\/wp-json\/wp\/v2\/categories?post=35935"},{"taxonomy":"post_tag","embeddable":true,"href":"https:\/\/larevistadigital.com.ar\/blog\/wp-json\/wp\/v2\/tags?post=35935"}],"curies":[{"name":"wp","href":"https:\/\/api.w.org\/{rel}","templated":true}]}}