{"id":35938,"date":"2024-04-27T13:56:52","date_gmt":"2024-04-27T16:56:52","guid":{"rendered":"https:\/\/larevistadigital.com.ar\/blog\/?p=35938"},"modified":"2024-04-27T13:56:52","modified_gmt":"2024-04-27T16:56:52","slug":"desbaratan-banda-que-vendia-drogas-once-allanamientos-y-ocho-detenidos","status":"publish","type":"post","link":"https:\/\/larevistadigital.com.ar\/blog\/desbaratan-banda-que-vendia-drogas-once-allanamientos-y-ocho-detenidos\/","title":{"rendered":"DESBARATAN BANDA QUE VEND\u00cdA DROGAS: ONCE ALLANAMIENTOS Y OCHO DETENIDOS"},"content":{"rendered":"<h2 class=\"fparrafo ctext fz18 lh25\">Una banda acusada de comercializar drogas fue desbaratada en las \u00faltimas horas luego de m\u00faltiples allanamientos en Mar del Plata y Miramar: ocho personas fueron detenidas, quienes quedaron a disposici\u00f3n de la Justicia Federal. Durante los operativos, se secuestraron drogas, armas y cuatro veh\u00edculos.<\/h2>\n<p>27 de abril de 2024<\/p>\n<p><strong>MAR DEL PLATA &#8211;\u00a0<\/strong> Todo comenz\u00f3 con una denuncia fue realizada de manera an\u00f3nima el 28 de diciembre de 2022 ante la Divisi\u00f3n Antidrogas de la Polic\u00eda Federal. Desde entonces, comenzaron investigaciones de campo y escuchas telef\u00f3nicas para trazar una hip\u00f3tesis vinculada a la venta de drogas.<\/p>\n<blockquote>\n<h3>Seg\u00fan da cuenta el portal marplatense, Qu\u00e9 Digital, la investigaci\u00f3n iniciada hace un a\u00f1o y cuatro meses, determin\u00f3 que las personas detenidas -que compart\u00edan grupos familiares- formar\u00edan parte de una banda dedicada tanto al abastecimiento como al almacenamiento y comercio de los estupefacientes.<\/h3>\n<\/blockquote>\n<p>En primer lugar, la investigaci\u00f3n se direccionaba sobre un principal imputado, pero con el avance de la instrucci\u00f3n dieron con el resto de la banda involucrada. Incluso, en la investigaci\u00f3n dieron con que tambi\u00e9n la banda planificada otros hechos delictivos en las zonas en las que operaban.<\/p>\n<blockquote>\n<h3>As\u00ed, seg\u00fan inform\u00f3 el Ministerio P\u00fablico Fiscal, este jueves se concretaron\u00a0once allanamientos en barrios como Parque Palermo y Parque Hermoso, pero tambi\u00e9n en la ciudad de Miramar, en el marco de una investigaci\u00f3n impulsada por la Fiscal\u00eda Federal N\u00b02 a cargo de Santiago Eyhearbide.<\/h3>\n<\/blockquote>\n<p>Como resultado de los operativos realizados por la Delegaci\u00f3n Mar del Plata de la Divisi\u00f3n Antidrogas de la Polic\u00eda Federal, secuestraron dosis de marihuana, coca\u00edna, balanzas de precisi\u00f3n, dinero, decenas de tel\u00e9fonos, armas de guerra y municiones. Tambi\u00e9n, incautaron dos autos y dos motos de alta cilindrada. .(<b>InfoGEI<\/b>)Ac<\/p>\n","protected":false},"excerpt":{"rendered":"<div class=\"mh-excerpt\"><p>Una banda acusada de comercializar drogas fue desbaratada en las \u00faltimas horas luego de m\u00faltiples allanamientos en Mar del Plata y Miramar: ocho personas fueron detenidas, quienes quedaron a disposici\u00f3n de la Justicia Federal. Durante <a class=\"mh-excerpt-more\" href=\"https:\/\/larevistadigital.com.ar\/blog\/desbaratan-banda-que-vendia-drogas-once-allanamientos-y-ocho-detenidos\/\" title=\"DESBARATAN BANDA QUE VEND\u00cdA DROGAS: ONCE ALLANAMIENTOS Y OCHO DETENIDOS\">[Leer M\u00e1s]<\/a><\/p>\n<\/div>","protected":false},"author":3,"featured_media":35939,"comment_status":"open","ping_status":"open","sticky":false,"template":"","format":"standard","meta":{"_jetpack_memberships_contains_paid_content":false,"footnotes":"","jetpack_publicize_message":"","jetpack_publicize_feature_enabled":true,"jetpack_social_post_already_shared":true,"jetpack_social_options":{"image_generator_settings":{"template":"highway","default_image_id":0,"font":"","enabled":false},"version":2}},"categories":[44,51],"tags":[],"class_list":{"0":"post-35938","1":"post","2":"type-post","3":"status-publish","4":"format-standard","5":"has-post-thumbnail","7":"category-policiales","8":"category-regionales"},"jetpack_publicize_connections":[],"jetpack_featured_media_url":"https:\/\/i0.wp.com\/larevistadigital.com.ar\/blog\/wp-content\/uploads\/20240426162930_megaoperativo-mdp.jpg?fit=880%2C512&ssl=1","jetpack_sharing_enabled":true,"jetpack_shortlink":"https:\/\/wp.me\/p8qtrQ-9lE","jetpack-related-posts":[{"id":44812,"url":"https:\/\/larevistadigital.com.ar\/blog\/allanamientos-por-venta-de-estupefacientes-en-chascomus-cinco-personas-detenidas-en-operativos-simultaneos\/","url_meta":{"origin":35938,"position":0},"title":"Allanamientos por venta de estupefacientes en Chascom\u00fas: cinco personas detenidas en operativos simult\u00e1neos","author":"Alejandro Sosa Ruda","date":"30 marzo, 2026","format":false,"excerpt":"Los procedimientos se realizaron en dos domicilios y permitieron secuestrar marihuana, coca\u00edna y una moto con pedido de captura. 30 de marzo de 2026 CHASCOM\u00daS -\u00a0 \u00a0La pasada semana se llevaron a cabo dos allanamientos en el marco de una causa por venta de estupefacientes impulsada por la Secretar\u00eda de\u2026","rel":"","context":"En \u00abINTERES GENERAL\u00bb","block_context":{"text":"INTERES GENERAL","link":"https:\/\/larevistadigital.com.ar\/blog\/category\/interes-general\/"},"img":{"alt_text":"","src":"https:\/\/i0.wp.com\/larevistadigital.com.ar\/blog\/wp-content\/uploads\/69cab7115be6f.png?fit=668%2C445&ssl=1&resize=350%2C200","width":350,"height":200,"srcset":"https:\/\/i0.wp.com\/larevistadigital.com.ar\/blog\/wp-content\/uploads\/69cab7115be6f.png?fit=668%2C445&ssl=1&resize=350%2C200 1x, https:\/\/i0.wp.com\/larevistadigital.com.ar\/blog\/wp-content\/uploads\/69cab7115be6f.png?fit=668%2C445&ssl=1&resize=525%2C300 1.5x"},"classes":[]},{"id":42635,"url":"https:\/\/larevistadigital.com.ar\/blog\/cuatro-jovenes-de-mar-del-plata-detenidos-con-mas-de-60-dosis-de-drogas-sinteticas-en-un-control-en-puente-saavedra\/","url_meta":{"origin":35938,"position":1},"title":"Cuatro j\u00f3venes de Mar del Plata, detenidos con m\u00e1s de 60 dosis de drogas sint\u00e9ticas en un control en Puente Saavedra","author":"Alejandro Sosa Ruda","date":"25 noviembre, 2025","format":false,"excerpt":"Cuatro j\u00f3venes oriundos de Mar del Plata fueron detenidos este lunes en un control vehicular en Puente Saavedra, en N\u00fa\u00f1ez, donde la Polic\u00eda de la Ciudad encontr\u00f3 m\u00e1s de 60 dosis de drogas sint\u00e9ticas dentro del auto en el que viajaban. Adem\u00e1s, se secuestr\u00f3 dinero, tel\u00e9fonos celulares y el veh\u00edculo.\u2026","rel":"","context":"En \u00abINTERES GENERAL\u00bb","block_context":{"text":"INTERES GENERAL","link":"https:\/\/larevistadigital.com.ar\/blog\/category\/interes-general\/"},"img":{"alt_text":"","src":"https:\/\/i0.wp.com\/larevistadigital.com.ar\/blog\/wp-content\/uploads\/droga-secuestrada.jpg?fit=922%2C515&ssl=1&resize=350%2C200","width":350,"height":200,"srcset":"https:\/\/i0.wp.com\/larevistadigital.com.ar\/blog\/wp-content\/uploads\/droga-secuestrada.jpg?fit=922%2C515&ssl=1&resize=350%2C200 1x, https:\/\/i0.wp.com\/larevistadigital.com.ar\/blog\/wp-content\/uploads\/droga-secuestrada.jpg?fit=922%2C515&ssl=1&resize=525%2C300 1.5x, https:\/\/i0.wp.com\/larevistadigital.com.ar\/blog\/wp-content\/uploads\/droga-secuestrada.jpg?fit=922%2C515&ssl=1&resize=700%2C400 2x"},"classes":[]},{"id":44345,"url":"https:\/\/larevistadigital.com.ar\/blog\/desarticulan-banda-narco-en-santa-clara-del-mar-siete-allanamientos-y-tres-hermanos-detenidos\/","url_meta":{"origin":35938,"position":2},"title":"Desarticulan banda narco en Santa Clara del Mar: siete allanamientos y tres hermanos detenidos","author":"Alejandro Sosa Ruda","date":"5 marzo, 2026","format":false,"excerpt":"Un amplio operativo policial permiti\u00f3 desbaratar una organizaci\u00f3n dedicada a la venta de droga que operaba en un complejo habitacional. Secuestraron estupefacientes, balanzas, celulares y veh\u00edculos usados para la distribuci\u00f3n. 05 de marzo de 2026 MAR CHIQUITA -\u00a0 \u00a0Un importante operativo policial permiti\u00f3 desarticular una organizaci\u00f3n dedicada a la comercializaci\u00f3n\u2026","rel":"","context":"En \u00abPOLICIALES\u00bb","block_context":{"text":"POLICIALES","link":"https:\/\/larevistadigital.com.ar\/blog\/category\/policiales\/"},"img":{"alt_text":"","src":"https:\/\/i0.wp.com\/larevistadigital.com.ar\/blog\/wp-content\/uploads\/Captura-de-pantalla-2026-03-05-203107.jpg?fit=812%2C418&ssl=1&resize=350%2C200","width":350,"height":200,"srcset":"https:\/\/i0.wp.com\/larevistadigital.com.ar\/blog\/wp-content\/uploads\/Captura-de-pantalla-2026-03-05-203107.jpg?fit=812%2C418&ssl=1&resize=350%2C200 1x, https:\/\/i0.wp.com\/larevistadigital.com.ar\/blog\/wp-content\/uploads\/Captura-de-pantalla-2026-03-05-203107.jpg?fit=812%2C418&ssl=1&resize=525%2C300 1.5x, https:\/\/i0.wp.com\/larevistadigital.com.ar\/blog\/wp-content\/uploads\/Captura-de-pantalla-2026-03-05-203107.jpg?fit=812%2C418&ssl=1&resize=700%2C400 2x"},"classes":[]},{"id":43200,"url":"https:\/\/larevistadigital.com.ar\/blog\/golpe-al-narcotrafico-en-plena-temporada-secuestraron-drogas-por-mas-de-230-millones-destinadas-a-la-costa-atlantica\/","url_meta":{"origin":35938,"position":3},"title":"Golpe al narcotr\u00e1fico en plena temporada: secuestraron drogas por m\u00e1s de $230 millones destinadas a la Costa Atl\u00e1ntica","author":"Alejandro Sosa Ruda","date":"6 enero, 2026","format":false,"excerpt":"Tras m\u00e1s de seis meses de investigaci\u00f3n, nueve allanamientos simult\u00e1neos en Mar del Plata, Villa Gesell y la Ciudad de Buenos Aires permitieron desarticular una organizaci\u00f3n que abastec\u00eda de estupefacientes a destinos tur\u00edsticos durante el verano. Hay ocho detenidos. 06 de enero de 2026 BUENOS AIRES -\u00a0 \u00a0Un importante operativo\u2026","rel":"","context":"En \u00abPOLICIALES\u00bb","block_context":{"text":"POLICIALES","link":"https:\/\/larevistadigital.com.ar\/blog\/category\/policiales\/"},"img":{"alt_text":"","src":"https:\/\/i0.wp.com\/larevistadigital.com.ar\/blog\/wp-content\/uploads\/Captura-de-pantalla-2026-01-06-200131.jpg?fit=730%2C436&ssl=1&resize=350%2C200","width":350,"height":200,"srcset":"https:\/\/i0.wp.com\/larevistadigital.com.ar\/blog\/wp-content\/uploads\/Captura-de-pantalla-2026-01-06-200131.jpg?fit=730%2C436&ssl=1&resize=350%2C200 1x, https:\/\/i0.wp.com\/larevistadigital.com.ar\/blog\/wp-content\/uploads\/Captura-de-pantalla-2026-01-06-200131.jpg?fit=730%2C436&ssl=1&resize=525%2C300 1.5x, https:\/\/i0.wp.com\/larevistadigital.com.ar\/blog\/wp-content\/uploads\/Captura-de-pantalla-2026-01-06-200131.jpg?fit=730%2C436&ssl=1&resize=700%2C400 2x"},"classes":[]},{"id":43843,"url":"https:\/\/larevistadigital.com.ar\/blog\/operativo-antidrogas-en-la-costa-seis-allanamientos-drogas-secuestradas-y-un-detenido\/","url_meta":{"origin":35938,"position":4},"title":"Operativo antidrogas en La Costa: seis allanamientos, drogas secuestradas y un detenido","author":"Alejandro Sosa Ruda","date":"6 febrero, 2026","format":false,"excerpt":"La investigaci\u00f3n \u201cMandale Fruta\u201d desarticul\u00f3 una red que usaba una verduler\u00eda como pantalla para la venta de estupefacientes. 06 de febrero de 2026 LA COSTA\u00a0 -\u00a0 \u00a0 Un importante operativo antidrogas se realiz\u00f3 el jueves por la ma\u00f1ana en el Partido de La Costa, con seis allanamientos simult\u00e1neos en Mar\u2026","rel":"","context":"En \u00abPOLICIALES\u00bb","block_context":{"text":"POLICIALES","link":"https:\/\/larevistadigital.com.ar\/blog\/category\/policiales\/"},"img":{"alt_text":"","src":"https:\/\/i0.wp.com\/larevistadigital.com.ar\/blog\/wp-content\/uploads\/c052fc11c5da6f6f3376db40e1e7abcbd1094711.jpg?fit=1140%2C723&ssl=1&resize=350%2C200","width":350,"height":200,"srcset":"https:\/\/i0.wp.com\/larevistadigital.com.ar\/blog\/wp-content\/uploads\/c052fc11c5da6f6f3376db40e1e7abcbd1094711.jpg?fit=1140%2C723&ssl=1&resize=350%2C200 1x, https:\/\/i0.wp.com\/larevistadigital.com.ar\/blog\/wp-content\/uploads\/c052fc11c5da6f6f3376db40e1e7abcbd1094711.jpg?fit=1140%2C723&ssl=1&resize=525%2C300 1.5x, https:\/\/i0.wp.com\/larevistadigital.com.ar\/blog\/wp-content\/uploads\/c052fc11c5da6f6f3376db40e1e7abcbd1094711.jpg?fit=1140%2C723&ssl=1&resize=700%2C400 2x, https:\/\/i0.wp.com\/larevistadigital.com.ar\/blog\/wp-content\/uploads\/c052fc11c5da6f6f3376db40e1e7abcbd1094711.jpg?fit=1140%2C723&ssl=1&resize=1050%2C600 3x"},"classes":[]},{"id":32037,"url":"https:\/\/larevistadigital.com.ar\/blog\/32037-2\/","url_meta":{"origin":35938,"position":5},"title":"TEN\u00cdA ARRESTO DOMICILIARIO PERO MANEJABA UNA RED DE VENTA DE DROGAS","author":"Alejandro Sosa Ruda","date":"16 junio, 2023","format":false,"excerpt":"Detenida l\u00edder de banda de drogas en el barrio Libertad. 16 de junio de 2023 MAR DEL PLATA -\u00a0 \u00a0Una mujer de 35 a\u00f1os, acusada de ser la l\u00edder de una banda con seis puntos de venta de droga en el barrio Libertad, fue arrestada tras una serie de allanamientos\u2026","rel":"","context":"En \u00abPOLICIALES\u00bb","block_context":{"text":"POLICIALES","link":"https:\/\/larevistadigital.com.ar\/blog\/category\/policiales\/"},"img":{"alt_text":"","src":"https:\/\/i0.wp.com\/larevistadigital.com.ar\/blog\/wp-content\/uploads\/drogas.jpg?fit=807%2C527&ssl=1&resize=350%2C200","width":350,"height":200,"srcset":"https:\/\/i0.wp.com\/larevistadigital.com.ar\/blog\/wp-content\/uploads\/drogas.jpg?fit=807%2C527&ssl=1&resize=350%2C200 1x, https:\/\/i0.wp.com\/larevistadigital.com.ar\/blog\/wp-content\/uploads\/drogas.jpg?fit=807%2C527&ssl=1&resize=525%2C300 1.5x, https:\/\/i0.wp.com\/larevistadigital.com.ar\/blog\/wp-content\/uploads\/drogas.jpg?fit=807%2C527&ssl=1&resize=700%2C400 2x"},"classes":[]}],"_links":{"self":[{"href":"https:\/\/larevistadigital.com.ar\/blog\/wp-json\/wp\/v2\/posts\/35938","targetHints":{"allow":["GET"]}}],"collection":[{"href":"https:\/\/larevistadigital.com.ar\/blog\/wp-json\/wp\/v2\/posts"}],"about":[{"href":"https:\/\/larevistadigital.com.ar\/blog\/wp-json\/wp\/v2\/types\/post"}],"author":[{"embeddable":true,"href":"https:\/\/larevistadigital.com.ar\/blog\/wp-json\/wp\/v2\/users\/3"}],"replies":[{"embeddable":true,"href":"https:\/\/larevistadigital.com.ar\/blog\/wp-json\/wp\/v2\/comments?post=35938"}],"version-history":[{"count":1,"href":"https:\/\/larevistadigital.com.ar\/blog\/wp-json\/wp\/v2\/posts\/35938\/revisions"}],"predecessor-version":[{"id":35940,"href":"https:\/\/larevistadigital.com.ar\/blog\/wp-json\/wp\/v2\/posts\/35938\/revisions\/35940"}],"wp:featuredmedia":[{"embeddable":true,"href":"https:\/\/larevistadigital.com.ar\/blog\/wp-json\/wp\/v2\/media\/35939"}],"wp:attachment":[{"href":"https:\/\/larevistadigital.com.ar\/blog\/wp-json\/wp\/v2\/media?parent=35938"}],"wp:term":[{"taxonomy":"category","embeddable":true,"href":"https:\/\/larevistadigital.com.ar\/blog\/wp-json\/wp\/v2\/categories?post=35938"},{"taxonomy":"post_tag","embeddable":true,"href":"https:\/\/larevistadigital.com.ar\/blog\/wp-json\/wp\/v2\/tags?post=35938"}],"curies":[{"name":"wp","href":"https:\/\/api.w.org\/{rel}","templated":true}]}}