{"id":35941,"date":"2024-04-27T15:30:34","date_gmt":"2024-04-27T18:30:34","guid":{"rendered":"https:\/\/larevistadigital.com.ar\/blog\/?p=35941"},"modified":"2024-04-27T15:33:35","modified_gmt":"2024-04-27T18:33:35","slug":"maipu-una-pelicula-comunitaria-filmada-en-pandemia-fue-premiada-en-un-festival-internacional-de-cine","status":"publish","type":"post","link":"https:\/\/larevistadigital.com.ar\/blog\/maipu-una-pelicula-comunitaria-filmada-en-pandemia-fue-premiada-en-un-festival-internacional-de-cine\/","title":{"rendered":"MAIP\u00da: UNA PEL\u00cdCULA COMUNITARIA FILMADA EN PANDEMIA FUE PREMIADA EN UN FESTIVAL INTERNACIONAL DE CINE"},"content":{"rendered":"<h2 class=\"fparrafo ctext fz18 lh25\">\u201cRetrato de un amanecer\u201d, el largometraje independiente que produjo la asociaci\u00f3n Maip\u00fa Cine junto con el grupo de cineastas del conurbano bonaerenses Pitucos Cine, gan\u00f3 el Premio IILA del reconocido Festival de Cine Espa\u00f1ol y Latinoamericano de Roma.<\/h2>\n<p>27 de abril de 2024<\/p>\n<p><strong>MAIPU &#8211;<\/strong>\u00a0 Esta pel\u00edcula colectiva se film\u00f3 en plena pandemia y pr\u00e1cticamente sin presupuesto, pero con el impulso de una comunidad apasionada por el cine que convirti\u00f3 su ciudad en un set de rodaje, seg\u00fan inform\u00f3 Buenos Aires\/12. Se estren\u00f3 en 2023, primero en la Sociedad Italiana de Maip\u00fa y despu\u00e9s en el Cine Gaumont, siempre a sala llena.<\/p>\n<p>Seg\u00fan consigna Opini\u00f3n, sus directores del film, Pablo Girola, Alejandra Gargiulo y Agust\u00edn Kazah, viajar\u00e1n a Italia, donde el pr\u00f3ximo 16 de mayo \u201cRetrato de un amanecer\u201d se proyectar\u00e1 en el hist\u00f3rico Cinema Barberini de Roma. All\u00ed recibir\u00e1n el \u201cPremio IILA\u201d de la Organizaci\u00f3n internacional \u00cdtalo-latinoamericana que, adem\u00e1s de reconocer su obra, les permitir\u00e1 mostrarla en cines de toda Italia.<\/p>\n<blockquote>\n<h3>\u201cTambi\u00e9n, vamos a contar c\u00f3mo se hizo la pel\u00edcula y c\u00f3mo es Maip\u00fa. Es la primera pel\u00edcula que gana este premio que se produjo en este formato comunitario. As\u00ed que seguro ser\u00e1 una propuesta muy extra\u00f1a\u201d, adelant\u00f3 Kazah.<\/h3>\n<\/blockquote>\n<h3><span style=\"color: #ff0000\"><b>Premio en un contexto triste<\/b><\/span><\/h3>\n<blockquote><p><em><strong>\u201cEn este contexto tan triste y desalentador para el cine argentino, este premio es un impulso para nosotros, un recordatorio de lo importante que es luchar por esto, para que se siga haciendo\u201d<\/strong><\/em>, a\u00f1adi\u00f3.<\/p><\/blockquote>\n<p><strong><em>\u201cEl proyecto naci\u00f3 de un cortometraje que nosotros hab\u00edamos filmado en Benav\u00eddez y que nos pareci\u00f3 que se pod\u00eda transformar en una pel\u00edcula\u201d<\/em><\/strong>, cuenta el director <strong>Kazah<\/strong> que, al igual que todos los miembros de Pitucos Cine, ya conoc\u00eda Maip\u00fa por el Festival de Cine de Humor que se celebr\u00f3 en la ciudad hasta 2017.<\/p>\n<p><em><strong>\u201cCuando comenzamos a pensar c\u00f3mo hacerla, apareci\u00f3 la asociaci\u00f3n Maip\u00fa Cine. Les propusimos el proyecto en plena pandemia y nos dijeron que era una locura, pero que lo \u00edbamos a hacer. Y as\u00ed fue. Filmamos en quince d\u00edas sin nada de presupuesto, pero con el apoyo de todos los vecinos\u201d<\/strong><\/em>, agrega.<\/p>\n<p><span style=\"color: #ff0000\"><b>Escenario natural<\/b><\/span><\/p>\n<p>Las im\u00e1genes de los campos de Maip\u00fa son lo primero que sorprende a los espectadores de \u201cRetrato de un amanecer\u201d. Inmensos y llenos de colores, estos campos reciben a Sol y Lucas, una pareja interpretada por Florencia Seggiaro y \u201cNacho\u201d Albani que abandona el norte del conurbano bonaerense con el deseo de formar una familia en el interior de la provincia.<\/p>\n<blockquote>\n<h3>Es en este escenario donde la pel\u00edcula despliega su historia dram\u00e1tica escrita por Pitucos Cine, pero pensada y realizada horizontalmente junto con los vecinos de Maip\u00fa.<\/h3>\n<\/blockquote>\n<p><span style=\"color: #ff0000\"><b>Opera prima<\/b><\/span><\/p>\n<p>Si bien la asociaci\u00f3n Maip\u00fa Cine nunca hab\u00eda realizado un largometraje, no le faltaba experiencia para emprender un proyecto de esta magnitud. Hace a\u00f1os que este colectivo de vecinos maipuenses hab\u00eda descubierto en la realizaci\u00f3n de cortometrajes y en la programaci\u00f3n de festivales un espacio de expresi\u00f3n y disfrute.<\/p>\n<p><strong><em>\u201cPara nosotros es un orgullo que un pueblo de 12.000 habitantes tenga el cine all\u00e1 arriba\u201d<\/em><\/strong>, cont\u00f3 en Buenos Aires\/12 H\u00e9ctor \u201cOpi\u201d Ort, que es el sepulturero de Maip\u00fa, que actu\u00f3 en m\u00e1s de 100 cortometrajes y forma parte de Maip\u00fa Cine. (<b>InfoGEI<\/b>)Ac<\/p>\n","protected":false},"excerpt":{"rendered":"<div class=\"mh-excerpt\"><p>\u201cRetrato de un amanecer\u201d, el largometraje independiente que produjo la asociaci\u00f3n Maip\u00fa Cine junto con el grupo de cineastas del conurbano bonaerenses Pitucos Cine, gan\u00f3 el Premio IILA del reconocido Festival de Cine Espa\u00f1ol y <a class=\"mh-excerpt-more\" href=\"https:\/\/larevistadigital.com.ar\/blog\/maipu-una-pelicula-comunitaria-filmada-en-pandemia-fue-premiada-en-un-festival-internacional-de-cine\/\" title=\"MAIP\u00da: UNA PEL\u00cdCULA COMUNITARIA FILMADA EN PANDEMIA FUE PREMIADA EN UN FESTIVAL INTERNACIONAL DE CINE\">[Leer M\u00e1s]<\/a><\/p>\n<\/div>","protected":false},"author":3,"featured_media":35942,"comment_status":"open","ping_status":"open","sticky":false,"template":"","format":"standard","meta":{"_jetpack_memberships_contains_paid_content":false,"footnotes":"","jetpack_publicize_message":"","jetpack_publicize_feature_enabled":true,"jetpack_social_post_already_shared":true,"jetpack_social_options":{"image_generator_settings":{"template":"highway","default_image_id":0,"font":"","enabled":false},"version":2}},"categories":[50],"tags":[],"class_list":{"0":"post-35941","1":"post","2":"type-post","3":"status-publish","4":"format-standard","5":"has-post-thumbnail","7":"category-interes-general"},"jetpack_publicize_connections":[],"jetpack_featured_media_url":"https:\/\/i0.wp.com\/larevistadigital.com.ar\/blog\/wp-content\/uploads\/20240426164803_maipu-pelicula-comunitaria.jpg?fit=880%2C512&ssl=1","jetpack_sharing_enabled":true,"jetpack_shortlink":"https:\/\/wp.me\/p8qtrQ-9lH","jetpack-related-posts":[{"id":27553,"url":"https:\/\/larevistadigital.com.ar\/blog\/ruta-2-mueren-tres-jovenes-en-accidente-a-la-altura-de-maipu\/","url_meta":{"origin":35941,"position":0},"title":"RUTA 2: MUEREN TRES JOVENES EN ACCIDENTE A LA ALTURA DE MAIP\u00da","author":"Alejandro Sosa Ruda","date":"4 septiembre, 2022","format":false,"excerpt":"Las v\u00edctimas fatales se dirig\u00edan desde Vidal a Maip\u00fa. Ten\u00edan 38, 22 y 18 a\u00f1os 04 de septiembre de 2022 Seg\u00fan publica el portal entrel\u00edneas.info, el hecho sucedi\u00f3 esta madrugada\u00a0 a la altura del kil\u00f3metro 333 de la ruta 2. En el veh\u00edculo Fiat 1 viajaban cinco mujeres, desde Coronel\u2026","rel":"","context":"En \u00abINTERES GENERAL\u00bb","block_context":{"text":"INTERES GENERAL","link":"https:\/\/larevistadigital.com.ar\/blog\/category\/interes-general\/"},"img":{"alt_text":"","src":"https:\/\/i0.wp.com\/larevistadigital.com.ar\/blog\/wp-content\/uploads\/14722206a0b5b5ef9c3ba36047586b3e00e07642.jpg?fit=928%2C900&ssl=1&resize=350%2C200","width":350,"height":200,"srcset":"https:\/\/i0.wp.com\/larevistadigital.com.ar\/blog\/wp-content\/uploads\/14722206a0b5b5ef9c3ba36047586b3e00e07642.jpg?fit=928%2C900&ssl=1&resize=350%2C200 1x, https:\/\/i0.wp.com\/larevistadigital.com.ar\/blog\/wp-content\/uploads\/14722206a0b5b5ef9c3ba36047586b3e00e07642.jpg?fit=928%2C900&ssl=1&resize=525%2C300 1.5x, https:\/\/i0.wp.com\/larevistadigital.com.ar\/blog\/wp-content\/uploads\/14722206a0b5b5ef9c3ba36047586b3e00e07642.jpg?fit=928%2C900&ssl=1&resize=700%2C400 2x"},"classes":[]},{"id":7088,"url":"https:\/\/larevistadigital.com.ar\/blog\/maipu-hospitalizaron-una-persona-tras-choque-en-la-autovia-2\/","url_meta":{"origin":35941,"position":1},"title":"MAIPU: HOSPITALIZARON UNA PERSONA TRAS CHOQUE EN LA AUTOV\u00cdA 2","author":"Alejandro Sosa Ruda","date":"5 diciembre, 2018","format":false,"excerpt":"Pasadas las 13.30 horas se produjo un accidente de tr\u00e1nsito en el Km. 278 de la Autov\u00eda 2, partido de Maip\u00fa, mano a Capital Federal. Por cuestiones que se tratan de establecer, chocaron un cami\u00f3n y una camioneta que llevaba de tiro una casilla cargada de materiales rurales, inform\u00f3 Semana\u2026","rel":"","context":"En \u00abPOLICIALES\u00bb","block_context":{"text":"POLICIALES","link":"https:\/\/larevistadigital.com.ar\/blog\/category\/policiales\/"},"img":{"alt_text":"","src":"https:\/\/i0.wp.com\/larevistadigital.com.ar\/blog\/wp-content\/uploads\/2018\/12\/PORTADA-CHOQUE-MAIPU.jpg?fit=900%2C403&ssl=1&resize=350%2C200","width":350,"height":200,"srcset":"https:\/\/i0.wp.com\/larevistadigital.com.ar\/blog\/wp-content\/uploads\/2018\/12\/PORTADA-CHOQUE-MAIPU.jpg?fit=900%2C403&ssl=1&resize=350%2C200 1x, https:\/\/i0.wp.com\/larevistadigital.com.ar\/blog\/wp-content\/uploads\/2018\/12\/PORTADA-CHOQUE-MAIPU.jpg?fit=900%2C403&ssl=1&resize=525%2C300 1.5x, https:\/\/i0.wp.com\/larevistadigital.com.ar\/blog\/wp-content\/uploads\/2018\/12\/PORTADA-CHOQUE-MAIPU.jpg?fit=900%2C403&ssl=1&resize=700%2C400 2x"},"classes":[]},{"id":28383,"url":"https:\/\/larevistadigital.com.ar\/blog\/maipu-murio-un-joven-en-un-accidente-de-motos\/","url_meta":{"origin":35941,"position":2},"title":"MAIP\u00da: MURI\u00d3 UN JOVEN EN UN ACCIDENTE DE MOTOS","author":"Alejandro Sosa Ruda","date":"12 octubre, 2022","format":false,"excerpt":"El joven de ten\u00eda 25 a\u00f1os y sufri\u00f3 un accidente en moto. 12 de octubre de 2022 MAIP\u00da -\u00a0 Un joven de 25 a\u00f1os falleci\u00f3 tras protagonizar un fatal accidente de tr\u00e1nsito en la localidad de Maip\u00fa. Seg\u00fan fuentes policiales,\u00a0 dos personas circulaban a bordo de una Gilera Smash 110,\u2026","rel":"","context":"En \u00abPOLICIALES\u00bb","block_context":{"text":"POLICIALES","link":"https:\/\/larevistadigital.com.ar\/blog\/category\/policiales\/"},"img":{"alt_text":"","src":"https:\/\/i0.wp.com\/larevistadigital.com.ar\/blog\/wp-content\/uploads\/88381adc587fa8a1e6a1dc82a6ca4e1b93ba1bbe-1.jpg?fit=1140%2C757&ssl=1&resize=350%2C200","width":350,"height":200,"srcset":"https:\/\/i0.wp.com\/larevistadigital.com.ar\/blog\/wp-content\/uploads\/88381adc587fa8a1e6a1dc82a6ca4e1b93ba1bbe-1.jpg?fit=1140%2C757&ssl=1&resize=350%2C200 1x, https:\/\/i0.wp.com\/larevistadigital.com.ar\/blog\/wp-content\/uploads\/88381adc587fa8a1e6a1dc82a6ca4e1b93ba1bbe-1.jpg?fit=1140%2C757&ssl=1&resize=525%2C300 1.5x, https:\/\/i0.wp.com\/larevistadigital.com.ar\/blog\/wp-content\/uploads\/88381adc587fa8a1e6a1dc82a6ca4e1b93ba1bbe-1.jpg?fit=1140%2C757&ssl=1&resize=700%2C400 2x, https:\/\/i0.wp.com\/larevistadigital.com.ar\/blog\/wp-content\/uploads\/88381adc587fa8a1e6a1dc82a6ca4e1b93ba1bbe-1.jpg?fit=1140%2C757&ssl=1&resize=1050%2C600 3x"},"classes":[]},{"id":21853,"url":"https:\/\/larevistadigital.com.ar\/blog\/6ta-edicion-del-festival-de-cine-chascomus\/","url_meta":{"origin":35941,"position":3},"title":"6TA EDICI\u00d3N DEL FESTIVAL DE CINE CHASCOM\u00daS","author":"Alejandro Sosa Ruda","date":"4 septiembre, 2021","format":false,"excerpt":"CHASCOM\u00daS - La ciudad de Chascom\u00fas se prepara para la 6ta edici\u00f3n del Festival de Cine de Chascom\u00fas que tendr\u00e1 fecha el 18 y 19 de Septiembre de 2021, luego de casi dos a\u00f1os de que terminara la 5ta edici\u00f3n en mayo de 2019, y suspendida la edici\u00f3n del 2020\u2026","rel":"","context":"En \u00abCHASCOM\u00daS\u00bb","block_context":{"text":"CHASCOM\u00daS","link":"https:\/\/larevistadigital.com.ar\/blog\/category\/chascomus\/"},"img":{"alt_text":"","src":"https:\/\/i0.wp.com\/larevistadigital.com.ar\/blog\/wp-content\/uploads\/6FCCh-scaled.jpg?fit=1200%2C573&ssl=1&resize=350%2C200","width":350,"height":200,"srcset":"https:\/\/i0.wp.com\/larevistadigital.com.ar\/blog\/wp-content\/uploads\/6FCCh-scaled.jpg?fit=1200%2C573&ssl=1&resize=350%2C200 1x, https:\/\/i0.wp.com\/larevistadigital.com.ar\/blog\/wp-content\/uploads\/6FCCh-scaled.jpg?fit=1200%2C573&ssl=1&resize=525%2C300 1.5x, https:\/\/i0.wp.com\/larevistadigital.com.ar\/blog\/wp-content\/uploads\/6FCCh-scaled.jpg?fit=1200%2C573&ssl=1&resize=700%2C400 2x, https:\/\/i0.wp.com\/larevistadigital.com.ar\/blog\/wp-content\/uploads\/6FCCh-scaled.jpg?fit=1200%2C573&ssl=1&resize=1050%2C600 3x"},"classes":[]},{"id":22833,"url":"https:\/\/larevistadigital.com.ar\/blog\/maipu-el-intendente-anuncio-un-bono-de-14-000-para-los-municipales\/","url_meta":{"origin":35941,"position":4},"title":"MAIP\u00da: EL INTENDENTE ANUNCI\u00d3 UN BONO DE $14.000.- PARA LOS MUNICIPALES","author":"Alejandro Sosa Ruda","date":"5 diciembre, 2021","format":false,"excerpt":"MAIP\u00da -\u00a0 Durante la fiesta del empleado municipal que se llevo a cabo en el Club Independiente, el Intendente Municipal de Maip\u00fa, Mat\u00edas Rappallini, anunci\u00f3 un bono de fin de a\u00f1o de 14.000 pesos adem\u00e1s que particip\u00f3 del brindis con los empleados y agradeci\u00f3 por su labor diaria. fuente: ayacucho\u2026","rel":"","context":"En \u00abREGIONALES\u00bb","block_context":{"text":"REGIONALES","link":"https:\/\/larevistadigital.com.ar\/blog\/category\/regionales\/"},"img":{"alt_text":"","src":"https:\/\/i0.wp.com\/larevistadigital.com.ar\/blog\/wp-content\/uploads\/93097E8E-FEFF-41BA-8D66-620AD637FB1F.jpeg?fit=1200%2C900&ssl=1&resize=350%2C200","width":350,"height":200,"srcset":"https:\/\/i0.wp.com\/larevistadigital.com.ar\/blog\/wp-content\/uploads\/93097E8E-FEFF-41BA-8D66-620AD637FB1F.jpeg?fit=1200%2C900&ssl=1&resize=350%2C200 1x, https:\/\/i0.wp.com\/larevistadigital.com.ar\/blog\/wp-content\/uploads\/93097E8E-FEFF-41BA-8D66-620AD637FB1F.jpeg?fit=1200%2C900&ssl=1&resize=525%2C300 1.5x, https:\/\/i0.wp.com\/larevistadigital.com.ar\/blog\/wp-content\/uploads\/93097E8E-FEFF-41BA-8D66-620AD637FB1F.jpeg?fit=1200%2C900&ssl=1&resize=700%2C400 2x, https:\/\/i0.wp.com\/larevistadigital.com.ar\/blog\/wp-content\/uploads\/93097E8E-FEFF-41BA-8D66-620AD637FB1F.jpeg?fit=1200%2C900&ssl=1&resize=1050%2C600 3x"},"classes":[]},{"id":9122,"url":"https:\/\/larevistadigital.com.ar\/blog\/maipu-el-intendente-rapallini-sufrio-un-accidente-en-la-ruta-2\/","url_meta":{"origin":35941,"position":5},"title":"MAIP\u00da: EL INTENDENTE RAPALLINI SUFRI\u00d3 UN ACCIDENTE EN LA RUTA 2","author":"Alejandro Sosa Ruda","date":"15 marzo, 2019","format":false,"excerpt":"El Intendente de la ciudad de Maip\u00fa,\u00a0 Mat\u00edas Rappallini sufri\u00f3 un accidente automovil\u00edstico en la autov\u00eda 2 en la noche de la v\u00edspera, en momentos que viajaba hacia la Ciudad Aut\u00f3noma de Buenos Aires. Seg\u00fan declar\u00f3 el propio jefe comunal maipuense, como consecuencia de la gran cantidad de agua que\u2026","rel":"","context":"En \u00abPOLITICA\u00bb","block_context":{"text":"POLITICA","link":"https:\/\/larevistadigital.com.ar\/blog\/category\/politica\/"},"img":{"alt_text":"","src":"https:\/\/i0.wp.com\/larevistadigital.com.ar\/blog\/wp-content\/uploads\/2019\/03\/Rappallini-Matias1.jpg?fit=900%2C624&ssl=1&resize=350%2C200","width":350,"height":200,"srcset":"https:\/\/i0.wp.com\/larevistadigital.com.ar\/blog\/wp-content\/uploads\/2019\/03\/Rappallini-Matias1.jpg?fit=900%2C624&ssl=1&resize=350%2C200 1x, https:\/\/i0.wp.com\/larevistadigital.com.ar\/blog\/wp-content\/uploads\/2019\/03\/Rappallini-Matias1.jpg?fit=900%2C624&ssl=1&resize=525%2C300 1.5x, https:\/\/i0.wp.com\/larevistadigital.com.ar\/blog\/wp-content\/uploads\/2019\/03\/Rappallini-Matias1.jpg?fit=900%2C624&ssl=1&resize=700%2C400 2x"},"classes":[]}],"_links":{"self":[{"href":"https:\/\/larevistadigital.com.ar\/blog\/wp-json\/wp\/v2\/posts\/35941","targetHints":{"allow":["GET"]}}],"collection":[{"href":"https:\/\/larevistadigital.com.ar\/blog\/wp-json\/wp\/v2\/posts"}],"about":[{"href":"https:\/\/larevistadigital.com.ar\/blog\/wp-json\/wp\/v2\/types\/post"}],"author":[{"embeddable":true,"href":"https:\/\/larevistadigital.com.ar\/blog\/wp-json\/wp\/v2\/users\/3"}],"replies":[{"embeddable":true,"href":"https:\/\/larevistadigital.com.ar\/blog\/wp-json\/wp\/v2\/comments?post=35941"}],"version-history":[{"count":1,"href":"https:\/\/larevistadigital.com.ar\/blog\/wp-json\/wp\/v2\/posts\/35941\/revisions"}],"predecessor-version":[{"id":35943,"href":"https:\/\/larevistadigital.com.ar\/blog\/wp-json\/wp\/v2\/posts\/35941\/revisions\/35943"}],"wp:featuredmedia":[{"embeddable":true,"href":"https:\/\/larevistadigital.com.ar\/blog\/wp-json\/wp\/v2\/media\/35942"}],"wp:attachment":[{"href":"https:\/\/larevistadigital.com.ar\/blog\/wp-json\/wp\/v2\/media?parent=35941"}],"wp:term":[{"taxonomy":"category","embeddable":true,"href":"https:\/\/larevistadigital.com.ar\/blog\/wp-json\/wp\/v2\/categories?post=35941"},{"taxonomy":"post_tag","embeddable":true,"href":"https:\/\/larevistadigital.com.ar\/blog\/wp-json\/wp\/v2\/tags?post=35941"}],"curies":[{"name":"wp","href":"https:\/\/api.w.org\/{rel}","templated":true}]}}