{"id":35944,"date":"2024-04-27T15:45:49","date_gmt":"2024-04-27T18:45:49","guid":{"rendered":"https:\/\/larevistadigital.com.ar\/blog\/?p=35944"},"modified":"2024-04-27T15:45:49","modified_gmt":"2024-04-27T18:45:49","slug":"chascomus-apertura-del-registro-de-inscripcion-de-pediatras-para-guardias","status":"publish","type":"post","link":"https:\/\/larevistadigital.com.ar\/blog\/chascomus-apertura-del-registro-de-inscripcion-de-pediatras-para-guardias\/","title":{"rendered":"CHASCOM\u00daS: APERTURA DEL REGISTRO DE INSCRIPCI\u00d3N DE PEDIATRAS PARA GUARDIAS"},"content":{"rendered":"<h2 class=\"notaIntro\">La Municipalidad a trav\u00e9s de la Secretar\u00eda de Salud P\u00fablica, anunci\u00f3 la apertura del registro de inscripci\u00f3n para la contrataci\u00f3n de m\u00e9dicos pediatras para cubrir guardias durante los fines de semana.<\/h2>\n<p>27 de abril de 2024<\/p>\n<p class=\"notaTexto\"><strong>CHASCOM\u00daS\u00a0 &#8211;\u00a0<\/strong> La realidad de la salud p\u00fablica a nivel provincial y nacional, alertada por distintos organismos de salud en diferentes municipios, indica que hay pocos m\u00e9dicos para cubrir guardias sobre algunas especialidades, entre ellas pediatr\u00eda, particularmente los fines de semana. Por lo que, adem\u00e1s de las sucesivas b\u00fasquedas por medio del Ministerio de Salud de la provincia de Buenos Aires, la Secretar\u00eda abri\u00f3 un registro de inscripci\u00f3n de m\u00e9dicos pediatras.<\/p>\n<p class=\"notaTexto\"><strong><em> \u201cLa contrataci\u00f3n se realizar\u00e1 de forma inmediata\u201d<\/em><\/strong>, se\u00f1alaron desde la dependencia y recordaron que como requisitos esenciales se encuentra el t\u00edtulo habilitante, DNI y no haber sido exonerado ni cesanteado de la administraci\u00f3n p\u00fablica nacional, provincial ni municipal. Los profesionales interesados deben enviar sus antecedentes a dir.medica@chascomus.gob.ar o al tel\u00e9fono 2241-509985.<\/p>\n<p class=\"notaTexto\">La secretaria de Salud P\u00fablica, <strong>Marcela Arias<\/strong>, comunic\u00f3: <em><strong>\u201cdesde el municipio ya hemos planteado que los recursos econ\u00f3micos est\u00e1n a disposici\u00f3n\u201d<\/strong> <\/em>y afirm\u00f3: <strong><em>\u201choy lo que nos estar\u00eda faltando, en primera instancia como fundamental, es el recurso humano que est\u00e9 dispuesto a realizar el trabajo que se necesita en pediatr\u00eda\u201d<\/em><\/strong>. Dicho registro fue informado a las autoridades provinciales, a la referente de residencias de la provincia de Buenos Aires y dem\u00e1s espacios de interacci\u00f3n de profesionales m\u00e9dicos.<\/p>\n<p class=\"notaTexto\">De esta manera, se solicita la colaboraci\u00f3n de la poblaci\u00f3n en general para no concurrir a la guardia m\u00e9dica del Hospital Municipal los fines de semana, a excepci\u00f3n de casos de urgencia, mientras se contin\u00faan haciendo todos los esfuerzos para conseguir el recurso humano necesario, con b\u00fasquedas laborales en todo el pa\u00eds, en medio de una situaci\u00f3n cr\u00edtica en toda la regi\u00f3n.<\/p>\n","protected":false},"excerpt":{"rendered":"<div class=\"mh-excerpt\"><p>La Municipalidad a trav\u00e9s de la Secretar\u00eda de Salud P\u00fablica, anunci\u00f3 la apertura del registro de inscripci\u00f3n para la contrataci\u00f3n de m\u00e9dicos pediatras para cubrir guardias durante los fines de semana. 27 de abril de <a class=\"mh-excerpt-more\" href=\"https:\/\/larevistadigital.com.ar\/blog\/chascomus-apertura-del-registro-de-inscripcion-de-pediatras-para-guardias\/\" title=\"CHASCOM\u00daS: APERTURA DEL REGISTRO DE INSCRIPCI\u00d3N DE PEDIATRAS PARA GUARDIAS\">[Leer M\u00e1s]<\/a><\/p>\n<\/div>","protected":false},"author":3,"featured_media":35945,"comment_status":"open","ping_status":"open","sticky":false,"template":"","format":"standard","meta":{"_jetpack_memberships_contains_paid_content":false,"footnotes":"","jetpack_publicize_message":"","jetpack_publicize_feature_enabled":true,"jetpack_social_post_already_shared":true,"jetpack_social_options":{"image_generator_settings":{"template":"highway","default_image_id":0,"font":"","enabled":false},"version":2}},"categories":[6],"tags":[],"class_list":{"0":"post-35944","1":"post","2":"type-post","3":"status-publish","4":"format-standard","5":"has-post-thumbnail","7":"category-chascomus"},"jetpack_publicize_connections":[],"jetpack_featured_media_url":"https:\/\/i0.wp.com\/larevistadigital.com.ar\/blog\/wp-content\/uploads\/2024_04_28_00_21_50_5036825.jpg?fit=600%2C401&ssl=1","jetpack_sharing_enabled":true,"jetpack_shortlink":"https:\/\/wp.me\/p8qtrQ-9lK","jetpack-related-posts":[{"id":36394,"url":"https:\/\/larevistadigital.com.ar\/blog\/informo-la-municipalidad-de-chascomus-que-el-sabado-22-y-domingo-23-de-junio-habra-guardia-pediatrica-pasiva-y-activa\/","url_meta":{"origin":35944,"position":0},"title":"INFORM\u00d3 LA MUNICIPALIDAD DE CHASCOM\u00daS QUE EL S\u00c1BADO 22 Y DOMINGO 23 DE JUNIO: HABR\u00c1 GUARDIA PEDI\u00c1TRICA PASIVA Y ACTIVA","author":"Alejandro Sosa Ruda","date":"21 junio, 2024","format":false,"excerpt":"Desde la Municipalidad se comunica que el d\u00eda de ma\u00f1ana y el domingo, en el Hospital San Vicente de Paul, habr\u00e1 guardia pedi\u00e1trica pasiva y activa en todas las franjas horarias. 21 de Junio de 2024 CHASCOM\u00daS -\u00a0 Como vienen alertando desde la Sociedad Argentina de Pediatr\u00eda, los m\u00e9dicos j\u00f3venes\u2026","rel":"","context":"En \u00abINTERES GENERAL\u00bb","block_context":{"text":"INTERES GENERAL","link":"https:\/\/larevistadigital.com.ar\/blog\/category\/interes-general\/"},"img":{"alt_text":"","src":"https:\/\/i0.wp.com\/larevistadigital.com.ar\/blog\/wp-content\/uploads\/hospital22.jpg?fit=1024%2C768&ssl=1&resize=350%2C200","width":350,"height":200,"srcset":"https:\/\/i0.wp.com\/larevistadigital.com.ar\/blog\/wp-content\/uploads\/hospital22.jpg?fit=1024%2C768&ssl=1&resize=350%2C200 1x, https:\/\/i0.wp.com\/larevistadigital.com.ar\/blog\/wp-content\/uploads\/hospital22.jpg?fit=1024%2C768&ssl=1&resize=525%2C300 1.5x, https:\/\/i0.wp.com\/larevistadigital.com.ar\/blog\/wp-content\/uploads\/hospital22.jpg?fit=1024%2C768&ssl=1&resize=700%2C400 2x"},"classes":[]},{"id":36021,"url":"https:\/\/larevistadigital.com.ar\/blog\/el-servicio-de-guardia-de-chascomus-incluido-el-de-pediatria-esta-garantizado\/","url_meta":{"origin":35944,"position":1},"title":"EL SERVICIO DE GUARDIA DE CHASCOM\u00daS, INCLUIDO EL DE PEDIATR\u00cdA, EST\u00c1 GARANTIZADO","author":"Alejandro Sosa Ruda","date":"8 mayo, 2024","format":false,"excerpt":"Los casos de urgencia son atendidos y se contin\u00faa trabajando para asegurar la cobertura. 8 de Mayo de 2024 CHASCOM\u00daS -\u00a0 El secretario de Gobierno, Cipriano P\u00e9rez del Cerro, inform\u00f3 que el servicio de pediatr\u00eda, como el del resto de las especialidades, en el Hospital Municipal \u201cSan Vicente de Paul\u201d\u2026","rel":"","context":"En \u00abCHASCOM\u00daS\u00bb","block_context":{"text":"CHASCOM\u00daS","link":"https:\/\/larevistadigital.com.ar\/blog\/category\/chascomus\/"},"img":{"alt_text":"","src":"https:\/\/i0.wp.com\/larevistadigital.com.ar\/blog\/wp-content\/uploads\/2024_05_09_02_56_01_4421882.jpg?fit=600%2C401&ssl=1&resize=350%2C200","width":350,"height":200,"srcset":"https:\/\/i0.wp.com\/larevistadigital.com.ar\/blog\/wp-content\/uploads\/2024_05_09_02_56_01_4421882.jpg?fit=600%2C401&ssl=1&resize=350%2C200 1x, https:\/\/i0.wp.com\/larevistadigital.com.ar\/blog\/wp-content\/uploads\/2024_05_09_02_56_01_4421882.jpg?fit=600%2C401&ssl=1&resize=525%2C300 1.5x"},"classes":[]},{"id":36303,"url":"https:\/\/larevistadigital.com.ar\/blog\/afortunadamente-informo-el-municipio-que-el-ultimo-domingo-hubo-guardia-pediatrica-pasiva-y-activa-en-el-hospital\/","url_meta":{"origin":35944,"position":2},"title":"AFORTUNADAMENTE&#8230; INFORM\u00d3 EL MUNICIPIO QUE EL \u00daLTIMO DOMINGO HUBO GUARDIA PEDI\u00c1TRICA PASIVA Y ACTIVA EN EL HOSPITAL","author":"Alejandro Sosa Ruda","date":"13 junio, 2024","format":false,"excerpt":"\"Desde la Municipalidad de Chascom\u00fas queremos hacer saber que gracias a la buena voluntad de los actores involucrados y del invaluable compromiso con la comunidad del equipo de pediatr\u00eda se brind\u00f3 atenci\u00f3n durante todo el d\u00eda.\" CHASCOM\u00daS -\u00a0 Luego de la informaci\u00f3n que el municipio dio a conocer el \u00faltimo\u2026","rel":"","context":"En \u00abCHASCOM\u00daS\u00bb","block_context":{"text":"CHASCOM\u00daS","link":"https:\/\/larevistadigital.com.ar\/blog\/category\/chascomus\/"},"img":{"alt_text":"","src":"https:\/\/i0.wp.com\/larevistadigital.com.ar\/blog\/wp-content\/uploads\/2024_06_12_02_41_53_5171131.jpeg?fit=600%2C401&ssl=1&resize=350%2C200","width":350,"height":200,"srcset":"https:\/\/i0.wp.com\/larevistadigital.com.ar\/blog\/wp-content\/uploads\/2024_06_12_02_41_53_5171131.jpeg?fit=600%2C401&ssl=1&resize=350%2C200 1x, https:\/\/i0.wp.com\/larevistadigital.com.ar\/blog\/wp-content\/uploads\/2024_06_12_02_41_53_5171131.jpeg?fit=600%2C401&ssl=1&resize=525%2C300 1.5x"},"classes":[]},{"id":11710,"url":"https:\/\/larevistadigital.com.ar\/blog\/brandsen-convoca-a-pediatras\/","url_meta":{"origin":35944,"position":3},"title":"BRANDSEN CONVOCA A PEDIATRAS","author":"Alejandro Sosa Ruda","date":"2 agosto, 2019","format":false,"excerpt":"La Municipalidad de Brandsen,\u00a0 a trav\u00e9s de la Secretaria de Salud convoca a M\u00e9dico\/a Pediatra para formar parte de la Atenci\u00f3n Primaria de la Salud. Las personas interesadas pueden comunicarse v\u00eda mail: salud@brandsen.gob.ar A los tel\u00e9fonos: 2223. 44.3193 o 44.2774, o bien dirigirse a la Oficina de Salud que se\u2026","rel":"","context":"En \u00abREGIONALES\u00bb","block_context":{"text":"REGIONALES","link":"https:\/\/larevistadigital.com.ar\/blog\/category\/regionales\/"},"img":{"alt_text":"","src":"https:\/\/i0.wp.com\/larevistadigital.com.ar\/blog\/wp-content\/uploads\/20190802_115538.jpg?fit=1080%2C703&ssl=1&resize=350%2C200","width":350,"height":200,"srcset":"https:\/\/i0.wp.com\/larevistadigital.com.ar\/blog\/wp-content\/uploads\/20190802_115538.jpg?fit=1080%2C703&ssl=1&resize=350%2C200 1x, https:\/\/i0.wp.com\/larevistadigital.com.ar\/blog\/wp-content\/uploads\/20190802_115538.jpg?fit=1080%2C703&ssl=1&resize=525%2C300 1.5x, https:\/\/i0.wp.com\/larevistadigital.com.ar\/blog\/wp-content\/uploads\/20190802_115538.jpg?fit=1080%2C703&ssl=1&resize=700%2C400 2x, https:\/\/i0.wp.com\/larevistadigital.com.ar\/blog\/wp-content\/uploads\/20190802_115538.jpg?fit=1080%2C703&ssl=1&resize=1050%2C600 3x"},"classes":[]},{"id":6374,"url":"https:\/\/larevistadigital.com.ar\/blog\/chascomus-aseguran-que-el-medico-que-reemplazo-a-dos-santos-era-el-recaudador-de-los-medicos-truchos-en-canuelas\/","url_meta":{"origin":35944,"position":4},"title":"CHASCOM\u00daS: ASEGURAN QUE EL M\u00c9DICO QUE REEMPLAZ\u00d3 A DOS SANTOS ERA EL RECAUDADOR DE LOS M\u00c9DICOS TRUCHOS EN CA\u00d1UELAS","author":"Alejandro Sosa Ruda","date":"23 agosto, 2018","format":false,"excerpt":"Una nueva complicaci\u00f3n le surgi\u00f3 en las \u00faltimas horas al Intendente de Chascom\u00fas, Javier Gast\u00f3n y est\u00e1 relacionada al m\u00e9dico cirujano que designaron en reemplazo del Dr. Santiago Dos Santos, el cu\u00e1l renunci\u00f3 denunciando una persecuci\u00f3n ideol\u00f3gica por parte de la Secretaria de Salud, Dra. Arias, que recientemente fuera sancionada\u2026","rel":"","context":"En \u00abDESTACADAS\u00bb","block_context":{"text":"DESTACADAS","link":"https:\/\/larevistadigital.com.ar\/blog\/category\/destacadas\/"},"img":{"alt_text":"","src":"https:\/\/i0.wp.com\/larevistadigital.com.ar\/blog\/wp-content\/uploads\/2018\/08\/jefe-de-emergencias-canuelas.jpg?fit=793%2C439&ssl=1&resize=350%2C200","width":350,"height":200,"srcset":"https:\/\/i0.wp.com\/larevistadigital.com.ar\/blog\/wp-content\/uploads\/2018\/08\/jefe-de-emergencias-canuelas.jpg?fit=793%2C439&ssl=1&resize=350%2C200 1x, https:\/\/i0.wp.com\/larevistadigital.com.ar\/blog\/wp-content\/uploads\/2018\/08\/jefe-de-emergencias-canuelas.jpg?fit=793%2C439&ssl=1&resize=525%2C300 1.5x, https:\/\/i0.wp.com\/larevistadigital.com.ar\/blog\/wp-content\/uploads\/2018\/08\/jefe-de-emergencias-canuelas.jpg?fit=793%2C439&ssl=1&resize=700%2C400 2x"},"classes":[]},{"id":36507,"url":"https:\/\/larevistadigital.com.ar\/blog\/la-plata-medicos-bonaerenses-aseguran-que-peligran-las-guardias-por-la-restitucion-de-ganancias\/","url_meta":{"origin":35944,"position":5},"title":"LA PLATA: M\u00c9DICOS BONAERENSES ASEGURAN QUE PELIGRAN LAS GUARDIAS POR LA RESTITUCI\u00d3N DE GANANCIAS.","author":"Alejandro Sosa Ruda","date":"1 julio, 2024","format":false,"excerpt":"El gremio CICOP remarc\u00f3 que los trabajadores est\u00e1n \"ante un enorme retroceso que expone al sistema de Salud a una situaci\u00f3n de mayor vulnerabilidad\". 01 de Julio de 2024 BUENOS AIRES -\u00a0 Luego de la aprobaci\u00f3n de la Ley Bases y el denominado paquete fiscal que restituye la cuarta categor\u00eda\u2026","rel":"","context":"En \u00abREGIONALES\u00bb","block_context":{"text":"REGIONALES","link":"https:\/\/larevistadigital.com.ar\/blog\/category\/regionales\/"},"img":{"alt_text":"","src":"https:\/\/i0.wp.com\/larevistadigital.com.ar\/blog\/wp-content\/uploads\/2018\/06\/cicop_01deseptiembrede2017_elfuerte.jpg?fit=737%2C348&ssl=1&resize=350%2C200","width":350,"height":200,"srcset":"https:\/\/i0.wp.com\/larevistadigital.com.ar\/blog\/wp-content\/uploads\/2018\/06\/cicop_01deseptiembrede2017_elfuerte.jpg?fit=737%2C348&ssl=1&resize=350%2C200 1x, https:\/\/i0.wp.com\/larevistadigital.com.ar\/blog\/wp-content\/uploads\/2018\/06\/cicop_01deseptiembrede2017_elfuerte.jpg?fit=737%2C348&ssl=1&resize=525%2C300 1.5x, https:\/\/i0.wp.com\/larevistadigital.com.ar\/blog\/wp-content\/uploads\/2018\/06\/cicop_01deseptiembrede2017_elfuerte.jpg?fit=737%2C348&ssl=1&resize=700%2C400 2x"},"classes":[]}],"_links":{"self":[{"href":"https:\/\/larevistadigital.com.ar\/blog\/wp-json\/wp\/v2\/posts\/35944","targetHints":{"allow":["GET"]}}],"collection":[{"href":"https:\/\/larevistadigital.com.ar\/blog\/wp-json\/wp\/v2\/posts"}],"about":[{"href":"https:\/\/larevistadigital.com.ar\/blog\/wp-json\/wp\/v2\/types\/post"}],"author":[{"embeddable":true,"href":"https:\/\/larevistadigital.com.ar\/blog\/wp-json\/wp\/v2\/users\/3"}],"replies":[{"embeddable":true,"href":"https:\/\/larevistadigital.com.ar\/blog\/wp-json\/wp\/v2\/comments?post=35944"}],"version-history":[{"count":1,"href":"https:\/\/larevistadigital.com.ar\/blog\/wp-json\/wp\/v2\/posts\/35944\/revisions"}],"predecessor-version":[{"id":35946,"href":"https:\/\/larevistadigital.com.ar\/blog\/wp-json\/wp\/v2\/posts\/35944\/revisions\/35946"}],"wp:featuredmedia":[{"embeddable":true,"href":"https:\/\/larevistadigital.com.ar\/blog\/wp-json\/wp\/v2\/media\/35945"}],"wp:attachment":[{"href":"https:\/\/larevistadigital.com.ar\/blog\/wp-json\/wp\/v2\/media?parent=35944"}],"wp:term":[{"taxonomy":"category","embeddable":true,"href":"https:\/\/larevistadigital.com.ar\/blog\/wp-json\/wp\/v2\/categories?post=35944"},{"taxonomy":"post_tag","embeddable":true,"href":"https:\/\/larevistadigital.com.ar\/blog\/wp-json\/wp\/v2\/tags?post=35944"}],"curies":[{"name":"wp","href":"https:\/\/api.w.org\/{rel}","templated":true}]}}