{"id":35948,"date":"2024-04-28T11:34:49","date_gmt":"2024-04-28T14:34:49","guid":{"rendered":"https:\/\/larevistadigital.com.ar\/blog\/?p=35948"},"modified":"2024-04-28T11:34:49","modified_gmt":"2024-04-28T14:34:49","slug":"reaparecio-cristina-si-hubieramos-adoctrinado-este-hombre-no-seria-presidente","status":"publish","type":"post","link":"https:\/\/larevistadigital.com.ar\/blog\/reaparecio-cristina-si-hubieramos-adoctrinado-este-hombre-no-seria-presidente\/","title":{"rendered":"REAPARECI\u00d3 CRISTINA: \u00abSI HUBIERAMOS ADOCTRINADO, ESTE HOMBRE NO SER\u00cdA PRESIDENTE\u00bb"},"content":{"rendered":"<h2 class=\"fparrafo ctext fz18 lh25\">Cristina Fern\u00e1ndez de Kirchner hizo su primera aparici\u00f3n p\u00fablica desde la asunci\u00f3n de Javier Milei, este s\u00e1bado en Quilmes Oeste durante la inauguraci\u00f3n del microestadio \u00abpresidente N\u00e9stor Kirchner\u00bb, junto a la Intendenta local, Mayra Mendoza. Critic\u00f3 duramente el plan econ\u00f3mico de Javier Milei y emiti\u00f3 un mensaje contundente sobre la situaci\u00f3n interna del PJ.<\/h2>\n<p>28 de abril de 2024<\/p>\n<p><strong>BUENOS AIRES &#8211;\u00a0 <em>\u00abEs dif\u00edcil para m\u00ed venir y recordarlo, pero escuch\u00e9 al Presidente (Milei) en una cadena nacional y consider\u00e9 venir a esta inauguraci\u00f3n\u00bb<\/em><\/strong>, comenz\u00f3 <strong>Cristina<\/strong> el acto en Quilmes, acompa\u00f1ada por la intendenta local, <strong>Mayra Mendoza<\/strong>, marcando su primer discurso p\u00fablico desde la asunci\u00f3n de <strong>Milei<\/strong>.<\/p>\n<blockquote>\n<h3>Con un discurso de fuerte contenido pol\u00edtico, la expresidenta remarc\u00f3 que el superavit del que habla <strong>Milei<\/strong> <em><strong>\u00abno es cierto\u00bb<\/strong><\/em>; y dispar\u00f3: <em><strong>\u00abes como ustedes en su casa si no pagan la luz, el gas, el agua, la ni\u00f1era, la escuela, digan &#8216;tengo super\u00e1vit&#8217;, no, no tiene super\u00e1vit, no tiene sustento. Creer que el problema es el d\u00e9ficit es no entender la econom\u00eda ni el mundo\u00bb.<\/strong><\/em><\/h3>\n<\/blockquote>\n<p>Al respecto mencion\u00f3 que solo tres pa\u00edses en el mundo tienen super\u00e1vit fiscal,<span lang=\"ES-AR\">\u00a0<em><strong>\u201cDinamarca, Noruega y Australia\u201d<\/strong><\/em>, para luego interpelar al los asistentes cuales el pa\u00eds con mayor d\u00e9ficit fiscal en el mundo:<em><strong> \u201cEEUU\u201d<\/strong><\/em>, y aclar\u00f3, <strong><em>\u201cellos tienen la maquinita y los portaviones\u201d,\u00a0<\/em><\/strong><\/span><strong><em>\u00a0<\/em><\/strong><\/p>\n<blockquote>\n<h3>Luego de destacar la movilizaci\u00f3n de los estudiantes del pasado martes por el presupuesto universitario, en referencia al plan econ\u00f3mico de Milei, Cristina Kirchner coment\u00f3: <em>\u00abCon lo que Mercado Libre recibe, podr\u00edamos financiar todas las universidades y hospitales\u00bb<\/em>.<\/h3>\n<\/blockquote>\n<p>Cristina tambi\u00e9n se refiri\u00f3 a la interna del PJ, expres\u00f3: <em><strong>\u00abDeber\u00edan discutir temas que realmente importan a la gente y no trivialidades\u00bb<\/strong><\/em>, y agreg\u00f3, <strong><em>\u00abEl pueblo est\u00e1 siendo sometido a un in\u00fatil sacrificio\u00bb.<\/em><\/strong><\/p>\n<blockquote>\n<h3>La exmandataria cuestiono las pol\u00edticas del gobierno de Javier Milei y apunt\u00f3 particularmente por el fin de la obra p\u00fablica.<strong><em> \u00abEl pueblo est\u00e1 siendo sometido a un in\u00fatil sacrificio\u00bb<\/em><\/strong>, consider\u00f3, al decir que siente que <strong><em>\u00abestamos en el juego de la oca y volvemos al punto de partida\u00bb.<\/em><\/strong><\/h3>\n<\/blockquote>\n<p><strong>Cristina<\/strong> evalu\u00f3 que el gobierno de <strong>Milei<\/strong> surgi\u00f3 por un<em><strong> \u00abvoto popular inapelable\u00bb<\/strong><\/em>, pero remarc\u00f3 que <strong><em>\u00abte puede haber votado el 60% pero si despu\u00e9s la gente se caga de hambre, aumenta la desocupaci\u00f3n, \u00bfde qu\u00e9 sirve?\u00bb<\/em><\/strong>, se pregunt\u00f3.<\/p>\n<blockquote>\n<h3>Calific\u00f3 adem\u00e1s al programa econ\u00f3mico de ajuste como inviable. <strong><em>\u00abFalta, por m\u00e1s de que haga burlitas, un plan de estabilizaci\u00f3n\u00bb<\/em><\/strong>, sentenci\u00f3 al compararlo inclusive con la pol\u00edtica menemista.<\/h3>\n<\/blockquote>\n<p>La ex vicepresidenta no hab\u00eda hablado en p\u00fablico desde que Milei asumi\u00f3 el cargo presidencial. Su \u00faltima aparici\u00f3n en un acto fue precisamente en la ceremonia de asunci\u00f3n del actual mandatario.<\/p>\n<blockquote>\n<h3>El 14 de febrero ofreci\u00f3 un primer an\u00e1lisis de la situaci\u00f3n actual de Argentina a trav\u00e9s de un extenso documento titulado <strong><em>\u00abArgentina en su tercera crisis de deuda\u00bb<\/em><\/strong>, publicado en redes sociales. En esa ocasi\u00f3n, tambi\u00e9n opt\u00f3 por expresarse sobre eventos puntuales o responder a afirmaciones del presidente y su ministro de Econom\u00eda, <strong>Luis Caputo<\/strong>.<\/h3>\n<\/blockquote>\n<p>Para encontrar una situaci\u00f3n similar a la de hoy, hay que retroceder hasta septiembre del a\u00f1o pasado. En esa ocasi\u00f3n, hizo una larga intervenci\u00f3n p\u00fablica en la presentaci\u00f3n de la reedici\u00f3n de <strong><em>\u00abDespu\u00e9s del derrumbe. Conversaciones de Torcuato Di Tella y N\u00e9stor Kirchner\u00bb<\/em><\/strong>.(<b>InfoGEI<\/b>)Ac<\/p>\n","protected":false},"excerpt":{"rendered":"<div class=\"mh-excerpt\"><p>Cristina Fern\u00e1ndez de Kirchner hizo su primera aparici\u00f3n p\u00fablica desde la asunci\u00f3n de Javier Milei, este s\u00e1bado en Quilmes Oeste durante la inauguraci\u00f3n del microestadio \u00abpresidente N\u00e9stor Kirchner\u00bb, junto a la Intendenta local, Mayra Mendoza. <a class=\"mh-excerpt-more\" href=\"https:\/\/larevistadigital.com.ar\/blog\/reaparecio-cristina-si-hubieramos-adoctrinado-este-hombre-no-seria-presidente\/\" title=\"REAPARECI\u00d3 CRISTINA: \u00abSI HUBIERAMOS ADOCTRINADO, ESTE HOMBRE NO SER\u00cdA PRESIDENTE\u00bb\">[Leer M\u00e1s]<\/a><\/p>\n<\/div>","protected":false},"author":3,"featured_media":35949,"comment_status":"open","ping_status":"open","sticky":false,"template":"","format":"standard","meta":{"_jetpack_memberships_contains_paid_content":false,"footnotes":"","jetpack_publicize_message":"","jetpack_publicize_feature_enabled":true,"jetpack_social_post_already_shared":true,"jetpack_social_options":{"image_generator_settings":{"template":"highway","default_image_id":0,"font":"","enabled":false},"version":2}},"categories":[41],"tags":[],"class_list":{"0":"post-35948","1":"post","2":"type-post","3":"status-publish","4":"format-standard","5":"has-post-thumbnail","7":"category-destacadas"},"jetpack_publicize_connections":[],"jetpack_featured_media_url":"https:\/\/i0.wp.com\/larevistadigital.com.ar\/blog\/wp-content\/uploads\/20240427191612_cristina-kirchner-mayra-mendoza-quilmes.jpg?fit=880%2C512&ssl=1","jetpack_sharing_enabled":true,"jetpack_shortlink":"https:\/\/wp.me\/p8qtrQ-9lO","jetpack-related-posts":[{"id":35912,"url":"https:\/\/larevistadigital.com.ar\/blog\/cristina-anuncio-que-dara-una-charla-para-analizar-el-anarco-capitalismo\/","url_meta":{"origin":35948,"position":0},"title":"CRISTINA ANUNCI\u00d3 QUE DAR\u00c1 UNA CHARLA PARA ANALIZAR EL \u00abANARCO CAPITALISMO\u00bb","author":"Alejandro Sosa Ruda","date":"25 abril, 2024","format":false,"excerpt":"La ex vicepresidenta, se har\u00e1 presente en la inauguraci\u00f3n del microestadio N\u00e9stor Kirchner en Quilmes. 25 de abril de 2024 BUENOS AIRES -\u00a0 Cristina Fern\u00e1ndez de Kirchner acapar\u00f3 la atenci\u00f3n durante toda la jornada de manifestaci\u00f3n en repudio al desfinanciamiento del gobierno de Javier Milei hacia las universidades p\u00fablicas. Su\u2026","rel":"","context":"En \u00abDESTACADAS\u00bb","block_context":{"text":"DESTACADAS","link":"https:\/\/larevistadigital.com.ar\/blog\/category\/destacadas\/"},"img":{"alt_text":"","src":"https:\/\/i0.wp.com\/larevistadigital.com.ar\/blog\/wp-content\/uploads\/Captura-de-pantalla-2024-04-25-084816.png?fit=909%2C491&ssl=1&resize=350%2C200","width":350,"height":200,"srcset":"https:\/\/i0.wp.com\/larevistadigital.com.ar\/blog\/wp-content\/uploads\/Captura-de-pantalla-2024-04-25-084816.png?fit=909%2C491&ssl=1&resize=350%2C200 1x, https:\/\/i0.wp.com\/larevistadigital.com.ar\/blog\/wp-content\/uploads\/Captura-de-pantalla-2024-04-25-084816.png?fit=909%2C491&ssl=1&resize=525%2C300 1.5x, https:\/\/i0.wp.com\/larevistadigital.com.ar\/blog\/wp-content\/uploads\/Captura-de-pantalla-2024-04-25-084816.png?fit=909%2C491&ssl=1&resize=700%2C400 2x"},"classes":[]},{"id":37998,"url":"https:\/\/larevistadigital.com.ar\/blog\/si-sos-tan-guapo-el-desafio-de-cristina-kirchner-a-javier-milei-por-los-medicamentos\/","url_meta":{"origin":35948,"position":1},"title":"\u00abSi sos tan guapo&#8230;\u00bb: el desaf\u00edo de Cristina Kirchner a Javier Milei por los medicamentos","author":"Alejandro Sosa Ruda","date":"24 noviembre, 2024","format":false,"excerpt":"Como flamante titular del PJ, Cristina Kirchner encabez\u00f3 el cierre del Encuentro Nacional de Salud en Rosario, junto al ministro bonaerense Nicol\u00e1s Kreplak. 24 de Noviembre de 2024 La expresidenta Cristina Fern\u00e1ndez de Kirchner encabez\u00f3 esta s\u00e1bado en la ciudad de Rosario, un acto en el que apunt\u00f3 duro contra\u2026","rel":"","context":"En \u00abINTERES GENERAL\u00bb","block_context":{"text":"INTERES GENERAL","link":"https:\/\/larevistadigital.com.ar\/blog\/category\/interes-general\/"},"img":{"alt_text":"","src":"https:\/\/i0.wp.com\/larevistadigital.com.ar\/blog\/wp-content\/uploads\/Captura-de-pantalla-2024-11-24-134414.png?fit=888%2C467&ssl=1&resize=350%2C200","width":350,"height":200,"srcset":"https:\/\/i0.wp.com\/larevistadigital.com.ar\/blog\/wp-content\/uploads\/Captura-de-pantalla-2024-11-24-134414.png?fit=888%2C467&ssl=1&resize=350%2C200 1x, https:\/\/i0.wp.com\/larevistadigital.com.ar\/blog\/wp-content\/uploads\/Captura-de-pantalla-2024-11-24-134414.png?fit=888%2C467&ssl=1&resize=525%2C300 1.5x, https:\/\/i0.wp.com\/larevistadigital.com.ar\/blog\/wp-content\/uploads\/Captura-de-pantalla-2024-11-24-134414.png?fit=888%2C467&ssl=1&resize=700%2C400 2x"},"classes":[]},{"id":41037,"url":"https:\/\/larevistadigital.com.ar\/blog\/kicillof-inauguro-una-alcaidia-departamental-en-quilmes\/","url_meta":{"origin":35948,"position":2},"title":"Kicillof inaugur\u00f3 una Alcaid\u00eda Departamental en Quilmes","author":"Alejandro Sosa Ruda","date":"22 agosto, 2025","format":false,"excerpt":"Fue\u00a0junto a los ministros de Seguridad, Javier Alonso; de Justicia y Derechos Humanos, Mart\u00edn Mena; la intendenta local, Mayra Mendoza; y la secretaria de Desarrollo Urbano y Obra P\u00fablica local, Cecilia Soler. 22 de agosto de 2025 El gobernador de la provincia de Buenos Aires, Axel Kicillof, encabez\u00f3 este jueves\u2026","rel":"","context":"En \u00abPOLITICA PROVINCIAL\u00bb","block_context":{"text":"POLITICA PROVINCIAL","link":"https:\/\/larevistadigital.com.ar\/blog\/category\/politica\/politica-provincial\/"},"img":{"alt_text":"","src":"https:\/\/i0.wp.com\/larevistadigital.com.ar\/blog\/wp-content\/uploads\/77A8417.jpg?fit=743%2C530&ssl=1&resize=350%2C200","width":350,"height":200,"srcset":"https:\/\/i0.wp.com\/larevistadigital.com.ar\/blog\/wp-content\/uploads\/77A8417.jpg?fit=743%2C530&ssl=1&resize=350%2C200 1x, https:\/\/i0.wp.com\/larevistadigital.com.ar\/blog\/wp-content\/uploads\/77A8417.jpg?fit=743%2C530&ssl=1&resize=525%2C300 1.5x, https:\/\/i0.wp.com\/larevistadigital.com.ar\/blog\/wp-content\/uploads\/77A8417.jpg?fit=743%2C530&ssl=1&resize=700%2C400 2x"},"classes":[]},{"id":34632,"url":"https:\/\/larevistadigital.com.ar\/blog\/que-presidentes-estaran-en-la-asuncion-de-javier-milei\/","url_meta":{"origin":35948,"position":3},"title":"\u00bfQU\u00c9 PRESIDENTES ESTAR\u00c1N EN LA ASUNCI\u00d3N DE JAVIER MILEI?","author":"Alejandro Sosa Ruda","date":"26 noviembre, 2023","format":false,"excerpt":"Esta semana siguieron los encuentros del equipo entrante con los ministros que se van. Que confirmar d\u00f3nde serpa la entrega del mando. 26 de Noviembre de 2023 A 15 d\u00edas de la asunci\u00f3n de Javier Milei como presidente, el gobierno saliente de Alberto Fern\u00e1ndez\u00a0y el entrante mantuvieron esta semana distintas\u2026","rel":"","context":"En \u00abINTERES GENERAL\u00bb","block_context":{"text":"INTERES GENERAL","link":"https:\/\/larevistadigital.com.ar\/blog\/category\/interes-general\/"},"img":{"alt_text":"","src":"https:\/\/i0.wp.com\/larevistadigital.com.ar\/blog\/wp-content\/uploads\/Captura-de-pantalla-2023-11-26-133234.png?fit=834%2C509&ssl=1&resize=350%2C200","width":350,"height":200,"srcset":"https:\/\/i0.wp.com\/larevistadigital.com.ar\/blog\/wp-content\/uploads\/Captura-de-pantalla-2023-11-26-133234.png?fit=834%2C509&ssl=1&resize=350%2C200 1x, https:\/\/i0.wp.com\/larevistadigital.com.ar\/blog\/wp-content\/uploads\/Captura-de-pantalla-2023-11-26-133234.png?fit=834%2C509&ssl=1&resize=525%2C300 1.5x, https:\/\/i0.wp.com\/larevistadigital.com.ar\/blog\/wp-content\/uploads\/Captura-de-pantalla-2023-11-26-133234.png?fit=834%2C509&ssl=1&resize=700%2C400 2x"},"classes":[]},{"id":37619,"url":"https:\/\/larevistadigital.com.ar\/blog\/elisa-carrio-milei-juega-con-fuego-si-cristina-le-gana-la-provincia-cae-el-gobierno\/","url_meta":{"origin":35948,"position":4},"title":"Elisa Carri\u00f3: \u201cMilei juega con fuego; si Cristina le gana la provincia, cae el Gobierno\u201d","author":"Alejandro Sosa Ruda","date":"27 octubre, 2024","format":false,"excerpt":"La referente de la Coalici\u00f3n C\u00edvica, Elisa Carri\u00f3 afirm\u00f3 que Javier Milei \"est\u00e1 jugando con fuego\" y advirti\u00f3 que, si Cristina Fern\u00e1ndez de Kirchner gana en la provincia de Buenos Aires, el gobierno de Milei podr\u00eda verse afectado. 27 de Octubre de 2024 BUENOS AIRES -\u00a0 Carri\u00f3 expres\u00f3 su preocupaci\u00f3n\u2026","rel":"","context":"En \u00abINTERES GENERAL\u00bb","block_context":{"text":"INTERES GENERAL","link":"https:\/\/larevistadigital.com.ar\/blog\/category\/interes-general\/"},"img":{"alt_text":"","src":"https:\/\/i0.wp.com\/larevistadigital.com.ar\/blog\/wp-content\/uploads\/20241026163808_elisa-carrio-milei-cristina.jpg?fit=880%2C512&ssl=1&resize=350%2C200","width":350,"height":200,"srcset":"https:\/\/i0.wp.com\/larevistadigital.com.ar\/blog\/wp-content\/uploads\/20241026163808_elisa-carrio-milei-cristina.jpg?fit=880%2C512&ssl=1&resize=350%2C200 1x, https:\/\/i0.wp.com\/larevistadigital.com.ar\/blog\/wp-content\/uploads\/20241026163808_elisa-carrio-milei-cristina.jpg?fit=880%2C512&ssl=1&resize=525%2C300 1.5x, https:\/\/i0.wp.com\/larevistadigital.com.ar\/blog\/wp-content\/uploads\/20241026163808_elisa-carrio-milei-cristina.jpg?fit=880%2C512&ssl=1&resize=700%2C400 2x"},"classes":[]},{"id":44594,"url":"https:\/\/larevistadigital.com.ar\/blog\/kicillof-lanzo-su-usina-de-ideas-y-puso-otra-piedra-a-su-proyecto-presidencial\/","url_meta":{"origin":35948,"position":5},"title":"Kicillof lanz\u00f3 su usina de ideas y puso otra piedra a su proyecto presidencial","author":"Alejandro Sosa Ruda","date":"17 marzo, 2026","format":false,"excerpt":"El gobernador apunt\u00f3 contra el presidente por las nuevas pruebas incriminatorias del caso Libra y dijo que la \u201cpersecuci\u00f3n\u201d judicial a Cristina Kirchner \u201ces un show para distraer\u201d. 17 de marzo de 2026 Con filosas cr\u00edticas al presidente\u00a0Javier Milei\u00a0y un gesto de solidaridad hacia\u00a0Cristina Kirchner, el gobernador bonaerense,\u00a0Axel Kicillof, lanz\u00f3\u2026","rel":"","context":"En \u00abINTERES GENERAL\u00bb","block_context":{"text":"INTERES GENERAL","link":"https:\/\/larevistadigital.com.ar\/blog\/category\/interes-general\/"},"img":{"alt_text":"","src":"https:\/\/i0.wp.com\/larevistadigital.com.ar\/blog\/wp-content\/uploads\/Captura-de-pantalla-2026-03-17-233938.jpg?fit=650%2C495&ssl=1&resize=350%2C200","width":350,"height":200,"srcset":"https:\/\/i0.wp.com\/larevistadigital.com.ar\/blog\/wp-content\/uploads\/Captura-de-pantalla-2026-03-17-233938.jpg?fit=650%2C495&ssl=1&resize=350%2C200 1x, https:\/\/i0.wp.com\/larevistadigital.com.ar\/blog\/wp-content\/uploads\/Captura-de-pantalla-2026-03-17-233938.jpg?fit=650%2C495&ssl=1&resize=525%2C300 1.5x"},"classes":[]}],"_links":{"self":[{"href":"https:\/\/larevistadigital.com.ar\/blog\/wp-json\/wp\/v2\/posts\/35948","targetHints":{"allow":["GET"]}}],"collection":[{"href":"https:\/\/larevistadigital.com.ar\/blog\/wp-json\/wp\/v2\/posts"}],"about":[{"href":"https:\/\/larevistadigital.com.ar\/blog\/wp-json\/wp\/v2\/types\/post"}],"author":[{"embeddable":true,"href":"https:\/\/larevistadigital.com.ar\/blog\/wp-json\/wp\/v2\/users\/3"}],"replies":[{"embeddable":true,"href":"https:\/\/larevistadigital.com.ar\/blog\/wp-json\/wp\/v2\/comments?post=35948"}],"version-history":[{"count":1,"href":"https:\/\/larevistadigital.com.ar\/blog\/wp-json\/wp\/v2\/posts\/35948\/revisions"}],"predecessor-version":[{"id":35950,"href":"https:\/\/larevistadigital.com.ar\/blog\/wp-json\/wp\/v2\/posts\/35948\/revisions\/35950"}],"wp:featuredmedia":[{"embeddable":true,"href":"https:\/\/larevistadigital.com.ar\/blog\/wp-json\/wp\/v2\/media\/35949"}],"wp:attachment":[{"href":"https:\/\/larevistadigital.com.ar\/blog\/wp-json\/wp\/v2\/media?parent=35948"}],"wp:term":[{"taxonomy":"category","embeddable":true,"href":"https:\/\/larevistadigital.com.ar\/blog\/wp-json\/wp\/v2\/categories?post=35948"},{"taxonomy":"post_tag","embeddable":true,"href":"https:\/\/larevistadigital.com.ar\/blog\/wp-json\/wp\/v2\/tags?post=35948"}],"curies":[{"name":"wp","href":"https:\/\/api.w.org\/{rel}","templated":true}]}}