{"id":35951,"date":"2024-04-28T12:28:48","date_gmt":"2024-04-28T15:28:48","guid":{"rendered":"https:\/\/larevistadigital.com.ar\/blog\/?p=35951"},"modified":"2024-04-28T12:28:48","modified_gmt":"2024-04-28T15:28:48","slug":"no-mas-remolques-las-aseguradoras-ya-no-brindaran-un-servicio-clave-pese-al-aumento-de-los-precios","status":"publish","type":"post","link":"https:\/\/larevistadigital.com.ar\/blog\/no-mas-remolques-las-aseguradoras-ya-no-brindaran-un-servicio-clave-pese-al-aumento-de-los-precios\/","title":{"rendered":"NO M\u00c1S REMOLQUES: LAS ASEGURADORAS YA NO BRINDAR\u00c1N UN SERVICIO CLAVE, PESE AL AUMENTO DE LOS PRECIOS"},"content":{"rendered":"<h2 class=\"sufix-ficha\">La ins\u00f3lita justificaci\u00f3n de los empresarios y el \u00fanico caso en el que deber\u00e1n hacerse cargo por ley.<\/h2>\n<p>28 de abril de 2024<\/p>\n<p><em><strong>\u00abLa liberaci\u00f3n de precios va a permitir mejorar los servicios que brindan las empresas\u00bb<\/strong><\/em>, reitera una y otra vez <strong>Javier Milei<\/strong>, desde el d\u00eda en que autoriz\u00f3, mediante su DNU, la completa desregulaci\u00f3n de todos los servicios. Sin embargo, <strong>la realidad demuestra lo contrario<\/strong>, y ahora las aseguradoras est\u00e1n en el punto de mira.<\/p>\n<blockquote>\n<h3>La Superintendencia de Seguros de la Naci\u00f3n anunci\u00f3 cambios en el servicio de remolque ofrecido por las compa\u00f1\u00edas aseguradoras en toda la Rep\u00fablica Argentina. A partir de ahora, los seguros ya no incluir\u00e1n en sus p\u00f3lizas el servicio de remolque y auxilio mec\u00e1nico para los usuarios.<\/h3>\n<\/blockquote>\n<p><span style=\"color: #ff0000\"><strong>Solo en caso de siniestro por da\u00f1o, incendio, robo o hurto, los gastos de traslado y estad\u00eda ser\u00e1n cubiertos por el asegurador.<\/strong><\/span><\/p>\n<p>Por otro lado, la cobertura anterior que inclu\u00eda <em><strong>\u00abtraslado, remolque, asistencia y\/o estad\u00eda del veh\u00edculo asegurado, generados por desperfectos o problemas mec\u00e1nicos, de bater\u00eda, de arranque, el\u00e9ctricos, pinchaduras, cortaduras y\/o reventones de las c\u00e1maras o cubiertas, falta de combustible y\/o cualquier otro que no tenga vinculaci\u00f3n con un accidente, incendio, robo y\/o hurto\u00bb<\/strong><\/em>, ya no estar\u00e1 vigente, seg\u00fan lo indicado en el texto oficial.<\/p>\n<blockquote>\n<h3>La Resoluci\u00f3n SSN 217.2024, que modifica el Reglamento de la Actividad Aseguradora, establece un plazo de hasta 90 d\u00edas para implementar este cambio. Adem\u00e1s, una vez transcurridos los 90 d\u00edas, el cambio se aplicar\u00e1 a cada usuario al momento de renovar las p\u00f3lizas de seguro.<\/h3>\n<\/blockquote>\n<p>Seg\u00fan los expertos, esta es una decisi\u00f3n que deber\u00eda haberse tomado hace tiempo, ya que los servicios de auxilio mec\u00e1nico y remolque no forman parte del objeto de seguro y afectan el principio b\u00e1sico de que las primas deben destinarse al cumplimiento suficiente de las obligaciones del asegurador y a mantener su capacidad econ\u00f3mica y financiera.<\/p>\n<p>Durante muchos a\u00f1os, las compa\u00f1\u00edas se han visto obligadas a destinar una parte sustancial de las primas a brindar un servicio costoso y tercerizado, lo que genera problemas adicionales y distrae recursos y tiempo que podr\u00edan utilizarse para atender asuntos propios de la aseguradora, adem\u00e1s de exponerlas a un desgaste de imagen con sus clientes.<\/p>\n","protected":false},"excerpt":{"rendered":"<div class=\"mh-excerpt\"><p>La ins\u00f3lita justificaci\u00f3n de los empresarios y el \u00fanico caso en el que deber\u00e1n hacerse cargo por ley. 28 de abril de 2024 \u00abLa liberaci\u00f3n de precios va a permitir mejorar los servicios que brindan <a class=\"mh-excerpt-more\" href=\"https:\/\/larevistadigital.com.ar\/blog\/no-mas-remolques-las-aseguradoras-ya-no-brindaran-un-servicio-clave-pese-al-aumento-de-los-precios\/\" title=\"NO M\u00c1S REMOLQUES: LAS ASEGURADORAS YA NO BRINDAR\u00c1N UN SERVICIO CLAVE, PESE AL AUMENTO DE LOS PRECIOS\">[Leer M\u00e1s]<\/a><\/p>\n<\/div>","protected":false},"author":3,"featured_media":35952,"comment_status":"open","ping_status":"open","sticky":false,"template":"","format":"standard","meta":{"_jetpack_memberships_contains_paid_content":false,"footnotes":"","jetpack_publicize_message":"","jetpack_publicize_feature_enabled":true,"jetpack_social_post_already_shared":true,"jetpack_social_options":{"image_generator_settings":{"template":"highway","default_image_id":0,"font":"","enabled":false},"version":2}},"categories":[50],"tags":[],"class_list":{"0":"post-35951","1":"post","2":"type-post","3":"status-publish","4":"format-standard","5":"has-post-thumbnail","7":"category-interes-general"},"jetpack_publicize_connections":[],"jetpack_featured_media_url":"https:\/\/i0.wp.com\/larevistadigital.com.ar\/blog\/wp-content\/uploads\/Captura-de-pantalla-2024-04-28-121527.png?fit=946%2C511&ssl=1","jetpack_sharing_enabled":true,"jetpack_shortlink":"https:\/\/wp.me\/p8qtrQ-9lR","jetpack-related-posts":[{"id":44468,"url":"https:\/\/larevistadigital.com.ar\/blog\/condenan-a-sindicato-y-profesor-a-pagar-mas-de-13-millones-por-la-fractura-de-una-nena-en-una-colonia\/","url_meta":{"origin":35951,"position":0},"title":"Condenan a sindicato y profesor a pagar m\u00e1s de $13 millones por la fractura de una nena en una colonia","author":"Alejandro Sosa Ruda","date":"12 marzo, 2026","format":false,"excerpt":"La Justicia consider\u00f3 que hubo responsabilidad en la atenci\u00f3n brindada tras el accidente ocurrido en 2018. Tambi\u00e9n fueron alcanzadas las compa\u00f1\u00edas de seguros. 12 de marzo de 2026 MAR DEL PLATA -\u00a0 \u00a0Ocho a\u00f1os despu\u00e9s del hecho, la Justicia conden\u00f3 al Sindicato Mar\u00edtimo de Pescadores, al profesor responsable de una\u2026","rel":"","context":"En \u00abINTERES GENERAL\u00bb","block_context":{"text":"INTERES GENERAL","link":"https:\/\/larevistadigital.com.ar\/blog\/category\/interes-general\/"},"img":{"alt_text":"","src":"https:\/\/i0.wp.com\/larevistadigital.com.ar\/blog\/wp-content\/uploads\/Captura-de-pantalla-2026-03-12-114743.jpg?fit=765%2C410&ssl=1&resize=350%2C200","width":350,"height":200,"srcset":"https:\/\/i0.wp.com\/larevistadigital.com.ar\/blog\/wp-content\/uploads\/Captura-de-pantalla-2026-03-12-114743.jpg?fit=765%2C410&ssl=1&resize=350%2C200 1x, https:\/\/i0.wp.com\/larevistadigital.com.ar\/blog\/wp-content\/uploads\/Captura-de-pantalla-2026-03-12-114743.jpg?fit=765%2C410&ssl=1&resize=525%2C300 1.5x, https:\/\/i0.wp.com\/larevistadigital.com.ar\/blog\/wp-content\/uploads\/Captura-de-pantalla-2026-03-12-114743.jpg?fit=765%2C410&ssl=1&resize=700%2C400 2x"},"classes":[]},{"id":25281,"url":"https:\/\/larevistadigital.com.ar\/blog\/el-enacom-autorizo-aumentos-de-hasta-el-95-en-los-servicios-de-telefonia-internet-y-tv\/","url_meta":{"origin":35951,"position":1},"title":"EL ENACOM AUTORIZ\u00d3 AUMENTOS DE HASTA EL 9,5% EN LOS SERVICIOS DE TELEFON\u00cdA, INTERNET Y TV","author":"Alejandro Sosa Ruda","date":"26 abril, 2022","format":false,"excerpt":"Mediante la resoluci\u00f3n 725\/2022 publicada este lunes en el Bolet\u00edn Oficial, el Enacom estableci\u00f3 que las licenciatarias podr\u00e1n aplicar a partir del 1 de mayo un incremento en el valor de los precios minoristas de cualquiera de sus planes en las modalidades pospagas y mixtas de hasta 9,5%, y una\u2026","rel":"","context":"En \u00abINTERES GENERAL\u00bb","block_context":{"text":"INTERES GENERAL","link":"https:\/\/larevistadigital.com.ar\/blog\/category\/interes-general\/"},"img":{"alt_text":"","src":"https:\/\/i0.wp.com\/larevistadigital.com.ar\/blog\/wp-content\/uploads\/20220425154526_telee.jpg?fit=880%2C512&ssl=1&resize=350%2C200","width":350,"height":200,"srcset":"https:\/\/i0.wp.com\/larevistadigital.com.ar\/blog\/wp-content\/uploads\/20220425154526_telee.jpg?fit=880%2C512&ssl=1&resize=350%2C200 1x, https:\/\/i0.wp.com\/larevistadigital.com.ar\/blog\/wp-content\/uploads\/20220425154526_telee.jpg?fit=880%2C512&ssl=1&resize=525%2C300 1.5x, https:\/\/i0.wp.com\/larevistadigital.com.ar\/blog\/wp-content\/uploads\/20220425154526_telee.jpg?fit=880%2C512&ssl=1&resize=700%2C400 2x"},"classes":[]},{"id":36031,"url":"https:\/\/larevistadigital.com.ar\/blog\/el-servicio-147-recibe-reclamos-y-consultas-sobre-obras-y-servicios-publicos\/","url_meta":{"origin":35951,"position":2},"title":"EL SERVICIO 147 RECIBE RECLAMOS Y CONSULTAS SOBRE OBRAS Y SERVICIOS P\u00daBLICOS","author":"Alejandro Sosa Ruda","date":"13 mayo, 2024","format":false,"excerpt":"La l\u00ednea telef\u00f3nica gratuita centraliza la atenci\u00f3n al vecino sobre servicios municipales. 13 de mayo de 2024 CHASCOM\u00daS -\u00a0 Para cualquier inquietud relacionada con obras p\u00fablicas, servicios municipales o reclamos sobre infraestructura, la Municipalidad de Chascom\u00fas pone a disposici\u00f3n de los vecinos y las vecinas el sistema de atenci\u00f3n centralizado\u2026","rel":"","context":"En \u00abCHASCOM\u00daS\u00bb","block_context":{"text":"CHASCOM\u00daS","link":"https:\/\/larevistadigital.com.ar\/blog\/category\/chascomus\/"},"img":{"alt_text":"","src":"https:\/\/i0.wp.com\/larevistadigital.com.ar\/blog\/wp-content\/uploads\/2024_05_14_02_14_58_6372383.jpg?fit=600%2C337&ssl=1&resize=350%2C200","width":350,"height":200,"srcset":"https:\/\/i0.wp.com\/larevistadigital.com.ar\/blog\/wp-content\/uploads\/2024_05_14_02_14_58_6372383.jpg?fit=600%2C337&ssl=1&resize=350%2C200 1x, https:\/\/i0.wp.com\/larevistadigital.com.ar\/blog\/wp-content\/uploads\/2024_05_14_02_14_58_6372383.jpg?fit=600%2C337&ssl=1&resize=525%2C300 1.5x"},"classes":[]},{"id":42290,"url":"https:\/\/larevistadigital.com.ar\/blog\/un-ramallense-en-grave-estado-en-punta-cana-denuncian-falta-de-cobertura-medica\/","url_meta":{"origin":35951,"position":3},"title":"Un ramallense en grave estado en Punta Cana: denuncian falta de cobertura m\u00e9dica","author":"Alejandro Sosa Ruda","date":"30 octubre, 2025","format":false,"excerpt":"Ricardo Emir Gorostiza, exdiputado provincial, oriundo de Ramallo, en el norte bonaerense, permanece internado en estado cr\u00edtico en el hospital IMG de Punta Cana, donde fue ingresado a comienzos de octubre tras sufrir una grave descompensaci\u00f3n mientras se encontraba de vacaciones. A sus 73 a\u00f1os, Gorostiza enfrenta un cuadro que\u2026","rel":"","context":"En \u00abINTERES GENERAL\u00bb","block_context":{"text":"INTERES GENERAL","link":"https:\/\/larevistadigital.com.ar\/blog\/category\/interes-general\/"},"img":{"alt_text":"","src":"https:\/\/i0.wp.com\/larevistadigital.com.ar\/blog\/wp-content\/uploads\/20251030120931_gorostiza-internado-punta-cana.jpg?fit=880%2C512&ssl=1&resize=350%2C200","width":350,"height":200,"srcset":"https:\/\/i0.wp.com\/larevistadigital.com.ar\/blog\/wp-content\/uploads\/20251030120931_gorostiza-internado-punta-cana.jpg?fit=880%2C512&ssl=1&resize=350%2C200 1x, https:\/\/i0.wp.com\/larevistadigital.com.ar\/blog\/wp-content\/uploads\/20251030120931_gorostiza-internado-punta-cana.jpg?fit=880%2C512&ssl=1&resize=525%2C300 1.5x, https:\/\/i0.wp.com\/larevistadigital.com.ar\/blog\/wp-content\/uploads\/20251030120931_gorostiza-internado-punta-cana.jpg?fit=880%2C512&ssl=1&resize=700%2C400 2x"},"classes":[]},{"id":32192,"url":"https:\/\/larevistadigital.com.ar\/blog\/prorrogan-el-plan-ahora-12-hasta-el-31-1-2024-para-empresas-suscriptas-a-precios-justos\/","url_meta":{"origin":35951,"position":4},"title":"PRORROGAN EL PLAN AHORA 12 HASTA EL 31-1-2024 PARA EMPRESAS SUSCRIPTAS A \u00abPRECIOS JUSTOS\u00bb","author":"Alejandro Sosa Ruda","date":"30 junio, 2023","format":false,"excerpt":"Se abarcan 35 categor\u00edas de productos, entre los que se destacan los de l\u00ednea blanca, indumentaria, calzado y marroquiner\u00eda; materiales y herramientas para la construcci\u00f3n, muebles, bicicletas y motos cuyo precio final no supere los $ 730.000. 30 de junio de 2023 La Secretar\u00eda de Comercio prorrog\u00f3 la vigencia del\u2026","rel":"","context":"En \u00abINTERES GENERAL\u00bb","block_context":{"text":"INTERES GENERAL","link":"https:\/\/larevistadigital.com.ar\/blog\/category\/interes-general\/"},"img":{"alt_text":"","src":"https:\/\/i0.wp.com\/larevistadigital.com.ar\/blog\/wp-content\/uploads\/20230630164339_ahora12.jpg?fit=880%2C512&ssl=1&resize=350%2C200","width":350,"height":200,"srcset":"https:\/\/i0.wp.com\/larevistadigital.com.ar\/blog\/wp-content\/uploads\/20230630164339_ahora12.jpg?fit=880%2C512&ssl=1&resize=350%2C200 1x, https:\/\/i0.wp.com\/larevistadigital.com.ar\/blog\/wp-content\/uploads\/20230630164339_ahora12.jpg?fit=880%2C512&ssl=1&resize=525%2C300 1.5x, https:\/\/i0.wp.com\/larevistadigital.com.ar\/blog\/wp-content\/uploads\/20230630164339_ahora12.jpg?fit=880%2C512&ssl=1&resize=700%2C400 2x"},"classes":[]},{"id":26218,"url":"https:\/\/larevistadigital.com.ar\/blog\/cecha-le-respondio-a-moyano-nosotros-no-nos-encanutamos-el-gasoil\/","url_meta":{"origin":35951,"position":5},"title":"CECHA LE RESPONDI\u00d3 A MOYANO: \u00abNOSOTROS NO NOS ENCANUTAMOS EL GASOIL\u00bb","author":"Alejandro Sosa Ruda","date":"30 junio, 2022","format":false,"excerpt":"La Confederaci\u00f3n de Entidades de Hidrocarburos y Afines de la Rep\u00fablica Argentina (CECHA), sali\u00f3 a repudiar las declaraciones realizadas por el l\u00edder del sindicato de Camioneros, Pablo Moyano, quien acus\u00f3 a las estaciones de servicio de \u201cencanutarse el gasoil\u201d. \u201cNo nos parecen para nada justas estas declaraciones: fuimos uno de\u2026","rel":"","context":"En \u00abINTERES GENERAL\u00bb","block_context":{"text":"INTERES GENERAL","link":"https:\/\/larevistadigital.com.ar\/blog\/category\/interes-general\/"},"img":{"alt_text":"","src":"https:\/\/i0.wp.com\/larevistadigital.com.ar\/blog\/wp-content\/uploads\/20220630150152_moyano-bornoroni-confederacion-entidades-hidrocarburos-cecha.jpg?fit=880%2C512&ssl=1&resize=350%2C200","width":350,"height":200,"srcset":"https:\/\/i0.wp.com\/larevistadigital.com.ar\/blog\/wp-content\/uploads\/20220630150152_moyano-bornoroni-confederacion-entidades-hidrocarburos-cecha.jpg?fit=880%2C512&ssl=1&resize=350%2C200 1x, https:\/\/i0.wp.com\/larevistadigital.com.ar\/blog\/wp-content\/uploads\/20220630150152_moyano-bornoroni-confederacion-entidades-hidrocarburos-cecha.jpg?fit=880%2C512&ssl=1&resize=525%2C300 1.5x, https:\/\/i0.wp.com\/larevistadigital.com.ar\/blog\/wp-content\/uploads\/20220630150152_moyano-bornoroni-confederacion-entidades-hidrocarburos-cecha.jpg?fit=880%2C512&ssl=1&resize=700%2C400 2x"},"classes":[]}],"_links":{"self":[{"href":"https:\/\/larevistadigital.com.ar\/blog\/wp-json\/wp\/v2\/posts\/35951","targetHints":{"allow":["GET"]}}],"collection":[{"href":"https:\/\/larevistadigital.com.ar\/blog\/wp-json\/wp\/v2\/posts"}],"about":[{"href":"https:\/\/larevistadigital.com.ar\/blog\/wp-json\/wp\/v2\/types\/post"}],"author":[{"embeddable":true,"href":"https:\/\/larevistadigital.com.ar\/blog\/wp-json\/wp\/v2\/users\/3"}],"replies":[{"embeddable":true,"href":"https:\/\/larevistadigital.com.ar\/blog\/wp-json\/wp\/v2\/comments?post=35951"}],"version-history":[{"count":1,"href":"https:\/\/larevistadigital.com.ar\/blog\/wp-json\/wp\/v2\/posts\/35951\/revisions"}],"predecessor-version":[{"id":35953,"href":"https:\/\/larevistadigital.com.ar\/blog\/wp-json\/wp\/v2\/posts\/35951\/revisions\/35953"}],"wp:featuredmedia":[{"embeddable":true,"href":"https:\/\/larevistadigital.com.ar\/blog\/wp-json\/wp\/v2\/media\/35952"}],"wp:attachment":[{"href":"https:\/\/larevistadigital.com.ar\/blog\/wp-json\/wp\/v2\/media?parent=35951"}],"wp:term":[{"taxonomy":"category","embeddable":true,"href":"https:\/\/larevistadigital.com.ar\/blog\/wp-json\/wp\/v2\/categories?post=35951"},{"taxonomy":"post_tag","embeddable":true,"href":"https:\/\/larevistadigital.com.ar\/blog\/wp-json\/wp\/v2\/tags?post=35951"}],"curies":[{"name":"wp","href":"https:\/\/api.w.org\/{rel}","templated":true}]}}