{"id":35954,"date":"2024-04-28T12:38:46","date_gmt":"2024-04-28T15:38:46","guid":{"rendered":"https:\/\/larevistadigital.com.ar\/blog\/?p=35954"},"modified":"2024-04-28T12:38:46","modified_gmt":"2024-04-28T15:38:46","slug":"se-firmo-el-contrato-con-la-empresa-adjudicataria-del-parador-lamadrid","status":"publish","type":"post","link":"https:\/\/larevistadigital.com.ar\/blog\/se-firmo-el-contrato-con-la-empresa-adjudicataria-del-parador-lamadrid\/","title":{"rendered":"SE FIRM\u00d3 EL CONTRATO CON LA EMPRESA ADJUDICATARIA DEL PARADOR LAMADRID"},"content":{"rendered":"<h2 class=\"notaIntro\"><em>Se ofrecer\u00e1, en el predio municipal de Presidente Per\u00f3n y avenida Costanera Espa\u00f1a, un espacio tur\u00edstico accesible y sustentable, vinculado a la gastronom\u00eda, que incluir\u00e1 usos recreativos, deportivos y culturales.<\/em><\/h2>\n<p>28 de abril de 2024<\/p>\n<p class=\"notaTexto\"><strong>CHASCOM\u00daS &#8211;<\/strong>\u00a0 El intendente J<strong>avier Gast\u00f3n<\/strong>, acompa\u00f1ado por el secretario de Desarrollo Tur\u00edstico, Productivo y Cultural, <strong>Pablo N\u00e1poli<\/strong>, mantuvieron una reuni\u00f3n con los titulares de la empresa BHB Producciones S.A., adjudicataria del Parador Lamadrid.<\/p>\n<p class=\"notaTexto\">Motiv\u00f3 el encuentro <strong><em>\u201cconcluir los pasos administrativos, con la firma del contrato para la entrega del parador Lamadrid, para su explotaci\u00f3n\u201d<\/em><\/strong>, explic\u00f3 el secretario municipal, que, como ya se ha informado, BHB Producciones S.A. fue la \u00fanica participante en la Licitaci\u00f3n P\u00fablica N\u00b0 14\/2023, en la que ofreci\u00f3 un canon de 3.600 m\u00f3dulos anuales, similar al propuesto en el pliego de condiciones. Esta licitaci\u00f3n, al haber tenido una \u00fanica oferta, fue aprobada por el Concejo Deliberante.<\/p>\n<blockquote>\n<h3 class=\"notaTexto\">La empresa es la propietaria del Hotel Laurel, construido en la antigua vivienda familiar del expresidente Ra\u00fal Alfons\u00edn, y de otros exitosos emprendimientos comerciales de la ciudad.<\/h3>\n<\/blockquote>\n<p class=\"notaTexto\">Esta iniciativa sumar\u00e1 un interesante atractivo en un punto estrat\u00e9gico de la costanera de la laguna en el que se encuentran el Paseo de Artesanos y Emprendedores, la Oficina Municipal de Informes Tur\u00edsticos y la Capilla de los Negros.<\/p>\n<p class=\"notaTexto\">El secretario <strong>Pablo N\u00e1poli<\/strong>, al concluir la reuni\u00f3n, anticip\u00f3 que <strong><em>\u201ctiene planificado abrir sus puertas para la primavera, ya se encuentran en la b\u00fasqueda de personal y, en los pr\u00f3ximos d\u00edas, comienzan con las obras de refacci\u00f3n de las instalaciones\u201d.<\/em><\/strong><\/p>\n","protected":false},"excerpt":{"rendered":"<div class=\"mh-excerpt\"><p>Se ofrecer\u00e1, en el predio municipal de Presidente Per\u00f3n y avenida Costanera Espa\u00f1a, un espacio tur\u00edstico accesible y sustentable, vinculado a la gastronom\u00eda, que incluir\u00e1 usos recreativos, deportivos y culturales. 28 de abril de 2024 <a class=\"mh-excerpt-more\" href=\"https:\/\/larevistadigital.com.ar\/blog\/se-firmo-el-contrato-con-la-empresa-adjudicataria-del-parador-lamadrid\/\" title=\"SE FIRM\u00d3 EL CONTRATO CON LA EMPRESA ADJUDICATARIA DEL PARADOR LAMADRID\">[Leer M\u00e1s]<\/a><\/p>\n<\/div>","protected":false},"author":3,"featured_media":35955,"comment_status":"open","ping_status":"open","sticky":false,"template":"","format":"standard","meta":{"_jetpack_memberships_contains_paid_content":false,"footnotes":"","jetpack_publicize_message":"","jetpack_publicize_feature_enabled":true,"jetpack_social_post_already_shared":true,"jetpack_social_options":{"image_generator_settings":{"template":"highway","default_image_id":0,"font":"","enabled":false},"version":2}},"categories":[6],"tags":[],"class_list":{"0":"post-35954","1":"post","2":"type-post","3":"status-publish","4":"format-standard","5":"has-post-thumbnail","7":"category-chascomus"},"jetpack_publicize_connections":[],"jetpack_featured_media_url":"https:\/\/i0.wp.com\/larevistadigital.com.ar\/blog\/wp-content\/uploads\/2024_04_27_01_56_42_6845345.jpg?fit=600%2C401&ssl=1","jetpack_sharing_enabled":true,"jetpack_shortlink":"https:\/\/wp.me\/p8qtrQ-9lU","jetpack-related-posts":[{"id":37869,"url":"https:\/\/larevistadigital.com.ar\/blog\/chascomus-el-intendente-gaston-recorrio-la-obra-del-parador-lamadrid\/","url_meta":{"origin":35954,"position":0},"title":"Chascom\u00fas: El intendente Gast\u00f3n recorri\u00f3 la obra del Parador Lamadrid","author":"Alejandro Sosa Ruda","date":"13 noviembre, 2024","format":false,"excerpt":"Javier Gast\u00f3n visit\u00f3 la obra de puesta en valor que se encuentra en su etapa final. 13 de Noviembre de 2024 CHASCOM\u00daS -\u00a0 Las obras de recuperaci\u00f3n y puesta en valor del edificio ubicado en Av. Costanera Espa\u00f1a y Av. Tte. Gral. Juan Domingo Per\u00f3n, se encuentran pr\u00f3ximas a finalizar,\u2026","rel":"","context":"En \u00abCHASCOM\u00daS\u00bb","block_context":{"text":"CHASCOM\u00daS","link":"https:\/\/larevistadigital.com.ar\/blog\/category\/chascomus\/"},"img":{"alt_text":"","src":"https:\/\/i0.wp.com\/larevistadigital.com.ar\/blog\/wp-content\/uploads\/6734ec3219551.png?fit=668%2C445&ssl=1&resize=350%2C200","width":350,"height":200,"srcset":"https:\/\/i0.wp.com\/larevistadigital.com.ar\/blog\/wp-content\/uploads\/6734ec3219551.png?fit=668%2C445&ssl=1&resize=350%2C200 1x, https:\/\/i0.wp.com\/larevistadigital.com.ar\/blog\/wp-content\/uploads\/6734ec3219551.png?fit=668%2C445&ssl=1&resize=525%2C300 1.5x"},"classes":[]},{"id":34255,"url":"https:\/\/larevistadigital.com.ar\/blog\/sale-a-licitacion-publica-la-explotacion-en-concesion-del-ex-ablneario-lamadrid\/","url_meta":{"origin":35954,"position":1},"title":"SALE A LICITACI\u00d3N P\u00daBLICA LA EXPLOTACI\u00d3N EN CONCESI\u00d3N DEL EX ABLNEARIO LAMADRID","author":"Alejandro Sosa Ruda","date":"31 octubre, 2023","format":false,"excerpt":"La Municipalidad de Chascom\u00fas abre la convocatoria para otorgar la explotaci\u00f3n del espacio sito en Av. Costanera Espa\u00f1a e intersecci\u00f3n bulevar Presidente Per\u00f3n. CHASCOM\u00daS -\u00a0 Se trata del Parador Tur\u00edstico Accesible y Sustentable, destinada a la explotaci\u00f3n de servicios relacionados a la gastronom\u00eda, incluyendo usos recreativos, deportivos y culturales. La\u2026","rel":"","context":"En \u00abCHASCOM\u00daS\u00bb","block_context":{"text":"CHASCOM\u00daS","link":"https:\/\/larevistadigital.com.ar\/blog\/category\/chascomus\/"},"img":{"alt_text":"","src":"https:\/\/i0.wp.com\/larevistadigital.com.ar\/blog\/wp-content\/uploads\/2023_10_31_01_29_06_5419164.jpeg?fit=600%2C400&ssl=1&resize=350%2C200","width":350,"height":200,"srcset":"https:\/\/i0.wp.com\/larevistadigital.com.ar\/blog\/wp-content\/uploads\/2023_10_31_01_29_06_5419164.jpeg?fit=600%2C400&ssl=1&resize=350%2C200 1x, https:\/\/i0.wp.com\/larevistadigital.com.ar\/blog\/wp-content\/uploads\/2023_10_31_01_29_06_5419164.jpeg?fit=600%2C400&ssl=1&resize=525%2C300 1.5x"},"classes":[]},{"id":38358,"url":"https:\/\/larevistadigital.com.ar\/blog\/inauguracion-del-parador-punta-norte-en-chascomus\/","url_meta":{"origin":35954,"position":2},"title":"Inauguraci\u00f3n del Parador Punta Norte en Chascom\u00fas","author":"Alejandro Sosa Ruda","date":"21 diciembre, 2024","format":false,"excerpt":"El pasado jueves se llev\u00f3 a cabo la inauguraci\u00f3n del parador Punta Norte, un proyecto que busca ampliar la oferta de servicios y propuestas tur\u00edsticas en la zona de la laguna de Chascom\u00fas. 21 de Diciembre de 2024 CHASCOM\u00daS -\u00a0 El evento cont\u00f3 con la presencia del intendente interino Leandro\u2026","rel":"","context":"En \u00abCHASCOM\u00daS\u00bb","block_context":{"text":"CHASCOM\u00daS","link":"https:\/\/larevistadigital.com.ar\/blog\/category\/chascomus\/"},"img":{"alt_text":"","src":"https:\/\/i0.wp.com\/larevistadigital.com.ar\/blog\/wp-content\/uploads\/6765b1db4287d.png?fit=668%2C445&ssl=1&resize=350%2C200","width":350,"height":200,"srcset":"https:\/\/i0.wp.com\/larevistadigital.com.ar\/blog\/wp-content\/uploads\/6765b1db4287d.png?fit=668%2C445&ssl=1&resize=350%2C200 1x, https:\/\/i0.wp.com\/larevistadigital.com.ar\/blog\/wp-content\/uploads\/6765b1db4287d.png?fit=668%2C445&ssl=1&resize=525%2C300 1.5x"},"classes":[]},{"id":38120,"url":"https:\/\/larevistadigital.com.ar\/blog\/se-firmo-el-contrato-de-concesion-para-el-parador-punta-norte\/","url_meta":{"origin":35954,"position":3},"title":"Se firm\u00f3 el contrato de concesi\u00f3n para el parador Punta Norte","author":"Alejandro Sosa Ruda","date":"5 diciembre, 2024","format":false,"excerpt":"Un grupo de inversores locales asumir\u00e1 la gesti\u00f3n del espacio. 05 De Diciembre de 2024 CHASCOM\u00daS -\u00a0 En el despacho comunal, el intendente Javier Gast\u00f3n, se formaliz\u00f3 la concesi\u00f3n del parador Punta Norte mediante la firma de un contrato con la sociedad an\u00f3nima en formaci\u00f3n \u201cPunta Norte S.A.\u201d. La concesi\u00f3n\u2026","rel":"","context":"En \u00abINTERES GENERAL\u00bb","block_context":{"text":"INTERES GENERAL","link":"https:\/\/larevistadigital.com.ar\/blog\/category\/interes-general\/"},"img":{"alt_text":"","src":"https:\/\/i0.wp.com\/larevistadigital.com.ar\/blog\/wp-content\/uploads\/6751e51408ea8.png?fit=668%2C445&ssl=1&resize=350%2C200","width":350,"height":200,"srcset":"https:\/\/i0.wp.com\/larevistadigital.com.ar\/blog\/wp-content\/uploads\/6751e51408ea8.png?fit=668%2C445&ssl=1&resize=350%2C200 1x, https:\/\/i0.wp.com\/larevistadigital.com.ar\/blog\/wp-content\/uploads\/6751e51408ea8.png?fit=668%2C445&ssl=1&resize=525%2C300 1.5x"},"classes":[]},{"id":40871,"url":"https:\/\/larevistadigital.com.ar\/blog\/se-concreto-la-concesion-del-edificio-del-turista\/","url_meta":{"origin":35954,"position":4},"title":"Se concret\u00f3 la concesi\u00f3n del Edificio del Turista","author":"Alejandro Sosa Ruda","date":"13 agosto, 2025","format":false,"excerpt":"El lugar se llamar\u00e1 ahora \u201cCentro Cultural y Comercial Malvinas Argentinas\u201d. 13 de Agosto de 2025 CHASCOM\u00daS -\u00a0 \u00a0El intendente Javier Gast\u00f3n formaliz\u00f3 la concesi\u00f3n del Edificio del Turista, que a partir de ahora llevar\u00e1 el nombre de \u201cCentro Cultural y Comercial Malvinas Argentinas\u201d. La adjudicaci\u00f3n, que tendr\u00e1 una extensi\u00f3n\u2026","rel":"","context":"En \u00abINTERES GENERAL\u00bb","block_context":{"text":"INTERES GENERAL","link":"https:\/\/larevistadigital.com.ar\/blog\/category\/interes-general\/"},"img":{"alt_text":"","src":"https:\/\/i0.wp.com\/larevistadigital.com.ar\/blog\/wp-content\/uploads\/689b82beaafc4.png?fit=668%2C445&ssl=1&resize=350%2C200","width":350,"height":200,"srcset":"https:\/\/i0.wp.com\/larevistadigital.com.ar\/blog\/wp-content\/uploads\/689b82beaafc4.png?fit=668%2C445&ssl=1&resize=350%2C200 1x, https:\/\/i0.wp.com\/larevistadigital.com.ar\/blog\/wp-content\/uploads\/689b82beaafc4.png?fit=668%2C445&ssl=1&resize=525%2C300 1.5x"},"classes":[]},{"id":10298,"url":"https:\/\/larevistadigital.com.ar\/blog\/chascomus-el-comite-de-la-ucr-critico-en-una-nota-la-vision-del-gobierno-local-en-el-area-de-turismo\/","url_meta":{"origin":35954,"position":5},"title":"CHASCOM\u00daS: EL COMIT\u00c9 DE LA UCR CRITIC\u00d3 EN UNA NOTA LA VISI\u00d3N DEL GOBIERNO LOCAL EN EL \u00c1REA DE TURISMO","author":"Alejandro Sosa Ruda","date":"23 mayo, 2019","format":false,"excerpt":"Comit\u00e9 de la UCR Una visi\u00f3n equivocada de lo que deber\u00eda ofrecerse al turismo \u201cHace alg\u00fan tiempo pudimos ver en medios de prensa for\u00e1neos c\u00f3mo se expresaban algunas personas que hab\u00edan visitado nuestra ciudad respecto del mal estado de las murallas de la costanera. Creemos que para muchos de nosotros\u2026","rel":"","context":"En \u00abPOLITICA\u00bb","block_context":{"text":"POLITICA","link":"https:\/\/larevistadigital.com.ar\/blog\/category\/politica\/"},"img":{"alt_text":"","src":"https:\/\/i0.wp.com\/larevistadigital.com.ar\/blog\/wp-content\/uploads\/2019\/05\/muralla_23demayode2019_elfuerte.jpg?fit=737%2C415&ssl=1&resize=350%2C200","width":350,"height":200,"srcset":"https:\/\/i0.wp.com\/larevistadigital.com.ar\/blog\/wp-content\/uploads\/2019\/05\/muralla_23demayode2019_elfuerte.jpg?fit=737%2C415&ssl=1&resize=350%2C200 1x, https:\/\/i0.wp.com\/larevistadigital.com.ar\/blog\/wp-content\/uploads\/2019\/05\/muralla_23demayode2019_elfuerte.jpg?fit=737%2C415&ssl=1&resize=525%2C300 1.5x, https:\/\/i0.wp.com\/larevistadigital.com.ar\/blog\/wp-content\/uploads\/2019\/05\/muralla_23demayode2019_elfuerte.jpg?fit=737%2C415&ssl=1&resize=700%2C400 2x"},"classes":[]}],"_links":{"self":[{"href":"https:\/\/larevistadigital.com.ar\/blog\/wp-json\/wp\/v2\/posts\/35954","targetHints":{"allow":["GET"]}}],"collection":[{"href":"https:\/\/larevistadigital.com.ar\/blog\/wp-json\/wp\/v2\/posts"}],"about":[{"href":"https:\/\/larevistadigital.com.ar\/blog\/wp-json\/wp\/v2\/types\/post"}],"author":[{"embeddable":true,"href":"https:\/\/larevistadigital.com.ar\/blog\/wp-json\/wp\/v2\/users\/3"}],"replies":[{"embeddable":true,"href":"https:\/\/larevistadigital.com.ar\/blog\/wp-json\/wp\/v2\/comments?post=35954"}],"version-history":[{"count":1,"href":"https:\/\/larevistadigital.com.ar\/blog\/wp-json\/wp\/v2\/posts\/35954\/revisions"}],"predecessor-version":[{"id":35956,"href":"https:\/\/larevistadigital.com.ar\/blog\/wp-json\/wp\/v2\/posts\/35954\/revisions\/35956"}],"wp:featuredmedia":[{"embeddable":true,"href":"https:\/\/larevistadigital.com.ar\/blog\/wp-json\/wp\/v2\/media\/35955"}],"wp:attachment":[{"href":"https:\/\/larevistadigital.com.ar\/blog\/wp-json\/wp\/v2\/media?parent=35954"}],"wp:term":[{"taxonomy":"category","embeddable":true,"href":"https:\/\/larevistadigital.com.ar\/blog\/wp-json\/wp\/v2\/categories?post=35954"},{"taxonomy":"post_tag","embeddable":true,"href":"https:\/\/larevistadigital.com.ar\/blog\/wp-json\/wp\/v2\/tags?post=35954"}],"curies":[{"name":"wp","href":"https:\/\/api.w.org\/{rel}","templated":true}]}}