{"id":35957,"date":"2024-04-28T12:46:57","date_gmt":"2024-04-28T15:46:57","guid":{"rendered":"https:\/\/larevistadigital.com.ar\/blog\/?p=35957"},"modified":"2024-04-28T12:46:57","modified_gmt":"2024-04-28T15:46:57","slug":"reunion-del-ejecutivo-con-vecinos-del-barrio-escribano-sobre-la-situacion-de-obra","status":"publish","type":"post","link":"https:\/\/larevistadigital.com.ar\/blog\/reunion-del-ejecutivo-con-vecinos-del-barrio-escribano-sobre-la-situacion-de-obra\/","title":{"rendered":"REUNI\u00d3N DEL EJECUTIVO CON VECINOS DEL BARRIO ESCRIBANO SOBRE LA SITUACI\u00d3N DE OBRA"},"content":{"rendered":"<h2 class=\"notaIntro\"><em>En el marco del proyecto integral de mejoras en el barrio Escribano, por pedido de los vecinos a trav\u00e9s de la Sociedad de Fomento, se realiz\u00f3 una reuni\u00f3n para responder a sus inquietudes y comentarles sobre su ejecuci\u00f3n.<\/em><\/h2>\n<p>28 de abril de 2024<\/p>\n<p class=\"notaTexto\"><strong>CHASCOM\u00daS &#8211;<\/strong>\u00a0 El pasado viernes, en el hall del Palacio Municipal, se realiz\u00f3 un encuentro encabezado por el intendente<strong> Javier Gast\u00f3n<\/strong>, con vecinos y vecinas del barrio Escribano, con quienes se habl\u00f3 sobre el estado de situaci\u00f3n de la obra que comprende al barrio, adem\u00e1s de escuchar sus inquietudes y aportes, y despejar sus dudas.<\/p>\n<blockquote>\n<h3 class=\"notaTexto\">Se encontraban presentes, adem\u00e1s de representantes de la empresa GyC S.A., los secretarios de Gobierno, <strong>Cipriano P\u00e9rez del Cerro<\/strong>; de Obras y Servicios, <strong>Jorge Marino<\/strong>; de Hacienda, <strong>Juan Facundo Alfons\u00edn<\/strong>, y el secretario privado del intendente, <strong>Lucas Funes<\/strong>.<\/h3>\n<\/blockquote>\n<p class=\"notaTexto\">La obra, a cargo de la empresa local GyC S.A, consta de distintas etapas de ejecuci\u00f3n. Actualmente, se encuentra en el tramo final de la primera etapa, con un avance del 95%. El 5% restante se completar\u00e1 una vez realizadas las gestiones correspondientes con la empresa Camuzzi.<\/p>\n<blockquote>\n<h3 class=\"notaTexto\">El proyecto integral incluye asfaltado, la instalaci\u00f3n de 6.700 metros lineales de cord\u00f3n cuneta y 22 sumideros. El financiamiento corresponde en un 65% al gobierno provincial, a trav\u00e9s del Fondo de Infraestructura Municipal y, el restante, lo aporta la Municipalidad.<\/h3>\n<\/blockquote>\n<p class=\"notaTexto\">En cuanto a la segunda etapa, de la que se habl\u00f3 puntualmente, que corresponde al asfalto para el barrio Escribano, tiene un presupuesto de 250 millones de pesos, correspondientes al programa provincial Municipios a la Obra.<\/p>\n<p class=\"notaTexto\">Para dicha etapa, tambi\u00e9n adjudicada a la firma GyC S.A, ya se realiz\u00f3 el pago del anticipo financiero. Los representantes de la empresa informaron a los vecinos que iniciar\u00e1n con trabajos durante esta semana, siempre y cuando las condiciones clim\u00e1ticas lo permitan, y son quienes deben encargarse del mantenimiento de las calles que comprenden la obra hasta que la misma finalice.<\/p>\n<blockquote>\n<h3 class=\"notaTexto\">Por otro lado, se comunic\u00f3 a los vecinos que esta segunda etapa continuar\u00e1 con el asfalto de las calles: 11 de Septiembre, entre Ju\u00e1rez y Orzali, y Bartolom\u00e9 Correa, entre Ju\u00e1rez y Tierra del Fuego, ya que son estrat\u00e9gicas para la circulaci\u00f3n y el acceso al barrio.<\/h3>\n<\/blockquote>\n<p class=\"notaTexto\">Se explic\u00f3 que el contexto actual del pa\u00eds y la situaci\u00f3n inflacionaria, requieren una reestructuraci\u00f3n del plan de obras y sus etapas, pero hay una decisi\u00f3n desde la Municipalidad y la empresa, de optimizar el dinero previsto para la obra, para mejorar las condiciones de acceso del mismo.<\/p>\n","protected":false},"excerpt":{"rendered":"<div class=\"mh-excerpt\"><p>En el marco del proyecto integral de mejoras en el barrio Escribano, por pedido de los vecinos a trav\u00e9s de la Sociedad de Fomento, se realiz\u00f3 una reuni\u00f3n para responder a sus inquietudes y comentarles <a class=\"mh-excerpt-more\" href=\"https:\/\/larevistadigital.com.ar\/blog\/reunion-del-ejecutivo-con-vecinos-del-barrio-escribano-sobre-la-situacion-de-obra\/\" title=\"REUNI\u00d3N DEL EJECUTIVO CON VECINOS DEL BARRIO ESCRIBANO SOBRE LA SITUACI\u00d3N DE OBRA\">[Leer M\u00e1s]<\/a><\/p>\n<\/div>","protected":false},"author":3,"featured_media":35958,"comment_status":"open","ping_status":"open","sticky":false,"template":"","format":"standard","meta":{"_jetpack_memberships_contains_paid_content":false,"footnotes":"","jetpack_publicize_message":"","jetpack_publicize_feature_enabled":true,"jetpack_social_post_already_shared":true,"jetpack_social_options":{"image_generator_settings":{"template":"highway","default_image_id":0,"font":"","enabled":false},"version":2}},"categories":[23,51],"tags":[],"class_list":{"0":"post-35957","1":"post","2":"type-post","3":"status-publish","4":"format-standard","5":"has-post-thumbnail","7":"category-politica-local","8":"category-regionales"},"jetpack_publicize_connections":[],"jetpack_featured_media_url":"https:\/\/i0.wp.com\/larevistadigital.com.ar\/blog\/wp-content\/uploads\/2024_04_26_01_56_37_7781708.jpg?fit=600%2C401&ssl=1","jetpack_sharing_enabled":true,"jetpack_shortlink":"https:\/\/wp.me\/p8qtrQ-9lX","jetpack-related-posts":[{"id":14735,"url":"https:\/\/larevistadigital.com.ar\/blog\/barrio-escribano-en-alerta-por-motochorros-y-hechos-delictivos\/","url_meta":{"origin":35957,"position":0},"title":"BARRIO ESCRIBANO EN ALERTA POR MOTOCHORROS Y HECHOS DELICTIVOS","author":"Alejandro Sosa Ruda","date":"12 febrero, 2020","format":false,"excerpt":"La vecina Estefan\u00eda \u00c1lvarez relat\u00f3 en la FM Por Siempre (97.3 mhtz), relat\u00f3 un lamentable hecho del que fuera v\u00edctima d\u00edas atr\u00e1s. Para ser m\u00e1s exactos, la situaci\u00f3n que le toc\u00f3 enfrentar, ocurri\u00f3 el d\u00eda martes, aproximadamente a las 21 hs. mientras iba a realizar mandados junto a su hijo\u2026","rel":"","context":"En \u00abDESTACADAS\u00bb","block_context":{"text":"DESTACADAS","link":"https:\/\/larevistadigital.com.ar\/blog\/category\/destacadas\/"},"img":{"alt_text":"","src":"https:\/\/i0.wp.com\/larevistadigital.com.ar\/blog\/wp-content\/uploads\/10448599_1492926374289912_1475671907545869869_o.jpg?fit=960%2C720&ssl=1&resize=350%2C200","width":350,"height":200,"srcset":"https:\/\/i0.wp.com\/larevistadigital.com.ar\/blog\/wp-content\/uploads\/10448599_1492926374289912_1475671907545869869_o.jpg?fit=960%2C720&ssl=1&resize=350%2C200 1x, https:\/\/i0.wp.com\/larevistadigital.com.ar\/blog\/wp-content\/uploads\/10448599_1492926374289912_1475671907545869869_o.jpg?fit=960%2C720&ssl=1&resize=525%2C300 1.5x, https:\/\/i0.wp.com\/larevistadigital.com.ar\/blog\/wp-content\/uploads\/10448599_1492926374289912_1475671907545869869_o.jpg?fit=960%2C720&ssl=1&resize=700%2C400 2x"},"classes":[]},{"id":37224,"url":"https:\/\/larevistadigital.com.ar\/blog\/finalizo-el-asfaltado-de-la-calle-11-de-septiembre-en-el-barrio-escribano\/","url_meta":{"origin":35957,"position":1},"title":"Finaliz\u00f3 el asfaltado de la calle 11 de Septiembre en el barrio Escribano","author":"Alejandro Sosa Ruda","date":"13 septiembre, 2024","format":false,"excerpt":"Con esta obra, se mejora la circulaci\u00f3n y la seguridad en la zona. 13 de Septiembre de 2024 CHASCOM\u00daS -\u00a0 Este jueves se complet\u00f3 el asfaltado de la calle 11 de Septiembre en el barrio Escribano, en el tramo comprendido entre las calles Chubut y Ju\u00e1rez, cerrando as\u00ed el circuito\u2026","rel":"","context":"En \u00abCHASCOM\u00daS\u00bb","block_context":{"text":"CHASCOM\u00daS","link":"https:\/\/larevistadigital.com.ar\/blog\/category\/chascomus\/"},"img":{"alt_text":"","src":"https:\/\/i0.wp.com\/larevistadigital.com.ar\/blog\/wp-content\/uploads\/66e478faaedc8.png?fit=668%2C445&ssl=1&resize=350%2C200","width":350,"height":200,"srcset":"https:\/\/i0.wp.com\/larevistadigital.com.ar\/blog\/wp-content\/uploads\/66e478faaedc8.png?fit=668%2C445&ssl=1&resize=350%2C200 1x, https:\/\/i0.wp.com\/larevistadigital.com.ar\/blog\/wp-content\/uploads\/66e478faaedc8.png?fit=668%2C445&ssl=1&resize=525%2C300 1.5x"},"classes":[]},{"id":39684,"url":"https:\/\/larevistadigital.com.ar\/blog\/se-licitara-la-pavimentacion-de-28-cuadras-en-el-barrio-escribano\/","url_meta":{"origin":35957,"position":2},"title":"Se licitar\u00e1 la pavimentaci\u00f3n de 28 cuadras en el barrio Escribano","author":"Alejandro Sosa Ruda","date":"6 mayo, 2025","format":false,"excerpt":"La Municipalidad anunci\u00f3 el inicio del proceso licitatorio y, previamente, financiar\u00e1 una obra pluvial necesaria para dar continuidad al proyecto. 06 de Mayo de 2025 CHASCOM\u00daS -\u00a0 El intendente Javier Gast\u00f3n encabez\u00f3 una reuni\u00f3n con vecinos y vecinas del barrio Escribano, a quienes anunci\u00f3 el pr\u00f3ximo llamado a licitaci\u00f3n para\u2026","rel":"","context":"En \u00abCHASCOM\u00daS\u00bb","block_context":{"text":"CHASCOM\u00daS","link":"https:\/\/larevistadigital.com.ar\/blog\/category\/chascomus\/"},"img":{"alt_text":"","src":"https:\/\/i0.wp.com\/larevistadigital.com.ar\/blog\/wp-content\/uploads\/681a450c79f64.png?fit=668%2C445&ssl=1&resize=350%2C200","width":350,"height":200,"srcset":"https:\/\/i0.wp.com\/larevistadigital.com.ar\/blog\/wp-content\/uploads\/681a450c79f64.png?fit=668%2C445&ssl=1&resize=350%2C200 1x, https:\/\/i0.wp.com\/larevistadigital.com.ar\/blog\/wp-content\/uploads\/681a450c79f64.png?fit=668%2C445&ssl=1&resize=525%2C300 1.5x"},"classes":[]},{"id":13898,"url":"https:\/\/larevistadigital.com.ar\/blog\/alguien-podria-avisar-a-las-autoridades-que-existe-un-barrio-que-se-llama-escribano-en-donde-viven-vecinos\/","url_meta":{"origin":35957,"position":3},"title":"\u00bfALGUIEN PODR\u00cdA AVISAR A LAS AUTORIDADES QUE EXISTE UN BARRIO QUE SE LLAMA ESCRIBANO EN DONDE VIVEN VECINOS?","author":"Alejandro Sosa Ruda","date":"29 diciembre, 2019","format":false,"excerpt":"El Diario El Fuerte, public\u00f3 una nota muy corta, acompa\u00f1ada de la foto que nosotros tambi\u00e9n ponemos como encabezamiento de esta nota, que a continuaci\u00f3n reproducimos: \"Una lamentable situaci\u00f3n padecen los vecinos del barrio Escribano, cada vez que llueve.\u2008La calle Chubut se vuelve intransitable, por el anegamiento generalizado. El epicentro\u2026","rel":"","context":"En \u00abCHASCOM\u00daS\u00bb","block_context":{"text":"CHASCOM\u00daS","link":"https:\/\/larevistadigital.com.ar\/blog\/category\/chascomus\/"},"img":{"alt_text":"","src":"https:\/\/i0.wp.com\/larevistadigital.com.ar\/blog\/wp-content\/uploads\/conarco_29dediciembrede2019_elfuerte.jpg?fit=737%2C415&ssl=1&resize=350%2C200","width":350,"height":200,"srcset":"https:\/\/i0.wp.com\/larevistadigital.com.ar\/blog\/wp-content\/uploads\/conarco_29dediciembrede2019_elfuerte.jpg?fit=737%2C415&ssl=1&resize=350%2C200 1x, https:\/\/i0.wp.com\/larevistadigital.com.ar\/blog\/wp-content\/uploads\/conarco_29dediciembrede2019_elfuerte.jpg?fit=737%2C415&ssl=1&resize=525%2C300 1.5x, https:\/\/i0.wp.com\/larevistadigital.com.ar\/blog\/wp-content\/uploads\/conarco_29dediciembrede2019_elfuerte.jpg?fit=737%2C415&ssl=1&resize=700%2C400 2x"},"classes":[]},{"id":14273,"url":"https:\/\/larevistadigital.com.ar\/blog\/vecino-viene-reclamando-por-su-barrio-desde-2012-y-hoy-sigue-sin-obtener-respuestas\/","url_meta":{"origin":35957,"position":4},"title":"VECINO VIENE RECLAMANDO POR SU BARRIO DESDE 2012, Y HOY, SIGUE SIN OBTENER RESPUESTAS","author":"Alejandro Sosa Ruda","date":"22 enero, 2020","format":false,"excerpt":"Se trata del se\u00f1or Mario Sabatella, quien a modo de comentario, en la nota que publicamos d\u00edas atr\u00e1s donde una vecina del Barrio Aliba planteaba su cansancio ante la inacci\u00f3n de las autoridades luego de los innumerables reclamos que hizo por todos los medios posibles, publicando\u00a0un \"poema\" de su autor\u00eda,\u2026","rel":"","context":"En \u00abDESTACADAS\u00bb","block_context":{"text":"DESTACADAS","link":"https:\/\/larevistadigital.com.ar\/blog\/category\/destacadas\/"},"img":{"alt_text":"","src":"https:\/\/i0.wp.com\/larevistadigital.com.ar\/blog\/wp-content\/uploads\/Screenshot_1-86.jpg?fit=855%2C564&ssl=1&resize=350%2C200","width":350,"height":200,"srcset":"https:\/\/i0.wp.com\/larevistadigital.com.ar\/blog\/wp-content\/uploads\/Screenshot_1-86.jpg?fit=855%2C564&ssl=1&resize=350%2C200 1x, https:\/\/i0.wp.com\/larevistadigital.com.ar\/blog\/wp-content\/uploads\/Screenshot_1-86.jpg?fit=855%2C564&ssl=1&resize=525%2C300 1.5x, https:\/\/i0.wp.com\/larevistadigital.com.ar\/blog\/wp-content\/uploads\/Screenshot_1-86.jpg?fit=855%2C564&ssl=1&resize=700%2C400 2x"},"classes":[]},{"id":36465,"url":"https:\/\/larevistadigital.com.ar\/blog\/chascomus-la-secretaria-de-seguridad-ciudadana-se-reunio-con-vecinos-de-la-liberata\/","url_meta":{"origin":35957,"position":5},"title":"CHASCOM\u00daS: LA SECRETARIA DE SEGURIDAD CIUDADANA SE REUNI\u00d3 CON VECINOS DE LA LIBERATA","author":"Alejandro Sosa Ruda","date":"28 junio, 2024","format":false,"excerpt":"En el encuentro, al que sumaron autoridades policiales, acordaron fortalecer la cooperaci\u00f3n y el trabajo en red. 28 de Junio de 2024 CHASCOM\u00daS -\u00a0 La secretaria de Seguridad Ciudadana, Mariela Moscarella, encabez\u00f3 un encuentro con residentes de La Liberata, en el que dialogaron sobre la actual situaci\u00f3n del barrio, en\u2026","rel":"","context":"En \u00abINTERES GENERAL\u00bb","block_context":{"text":"INTERES GENERAL","link":"https:\/\/larevistadigital.com.ar\/blog\/category\/interes-general\/"},"img":{"alt_text":"","src":"https:\/\/i0.wp.com\/larevistadigital.com.ar\/blog\/wp-content\/uploads\/2024_06_28_01_42_22_806064.jpeg?fit=600%2C398&ssl=1&resize=350%2C200","width":350,"height":200,"srcset":"https:\/\/i0.wp.com\/larevistadigital.com.ar\/blog\/wp-content\/uploads\/2024_06_28_01_42_22_806064.jpeg?fit=600%2C398&ssl=1&resize=350%2C200 1x, https:\/\/i0.wp.com\/larevistadigital.com.ar\/blog\/wp-content\/uploads\/2024_06_28_01_42_22_806064.jpeg?fit=600%2C398&ssl=1&resize=525%2C300 1.5x"},"classes":[]}],"_links":{"self":[{"href":"https:\/\/larevistadigital.com.ar\/blog\/wp-json\/wp\/v2\/posts\/35957","targetHints":{"allow":["GET"]}}],"collection":[{"href":"https:\/\/larevistadigital.com.ar\/blog\/wp-json\/wp\/v2\/posts"}],"about":[{"href":"https:\/\/larevistadigital.com.ar\/blog\/wp-json\/wp\/v2\/types\/post"}],"author":[{"embeddable":true,"href":"https:\/\/larevistadigital.com.ar\/blog\/wp-json\/wp\/v2\/users\/3"}],"replies":[{"embeddable":true,"href":"https:\/\/larevistadigital.com.ar\/blog\/wp-json\/wp\/v2\/comments?post=35957"}],"version-history":[{"count":1,"href":"https:\/\/larevistadigital.com.ar\/blog\/wp-json\/wp\/v2\/posts\/35957\/revisions"}],"predecessor-version":[{"id":35959,"href":"https:\/\/larevistadigital.com.ar\/blog\/wp-json\/wp\/v2\/posts\/35957\/revisions\/35959"}],"wp:featuredmedia":[{"embeddable":true,"href":"https:\/\/larevistadigital.com.ar\/blog\/wp-json\/wp\/v2\/media\/35958"}],"wp:attachment":[{"href":"https:\/\/larevistadigital.com.ar\/blog\/wp-json\/wp\/v2\/media?parent=35957"}],"wp:term":[{"taxonomy":"category","embeddable":true,"href":"https:\/\/larevistadigital.com.ar\/blog\/wp-json\/wp\/v2\/categories?post=35957"},{"taxonomy":"post_tag","embeddable":true,"href":"https:\/\/larevistadigital.com.ar\/blog\/wp-json\/wp\/v2\/tags?post=35957"}],"curies":[{"name":"wp","href":"https:\/\/api.w.org\/{rel}","templated":true}]}}