{"id":35960,"date":"2024-04-28T13:00:46","date_gmt":"2024-04-28T16:00:46","guid":{"rendered":"https:\/\/larevistadigital.com.ar\/blog\/?p=35960"},"modified":"2024-04-28T13:02:37","modified_gmt":"2024-04-28T16:02:37","slug":"mar-del-plata-se-prohiben-por-ordenanza-las-motos-ruidosas","status":"publish","type":"post","link":"https:\/\/larevistadigital.com.ar\/blog\/mar-del-plata-se-prohiben-por-ordenanza-las-motos-ruidosas\/","title":{"rendered":"MAR DEL PLATA: SE PROHIBEN POR ORDENANZA LAS MOTOS RUIDOSAS"},"content":{"rendered":"<h2 class=\"nota__hero__summary\"><em>La ciudad de Mar del Plata prohibi\u00f3 las motos ruidosas. Habr\u00e1 sanciones, multas y secuestros para quienes no cumplan con la normativa.<\/em><\/h2>\n<p>28 de abril de 2024<\/p>\n<p><strong>MAR DEL PLATA &#8211;\u00a0 <\/strong>El Concejo Deliberante de Mar del Plata ha dado un paso significativo en la promoci\u00f3n de un ambiente m\u00e1s apacible y respetuoso en la costa con una decisi\u00f3n un\u00e1nime.<\/p>\n<blockquote>\n<h3>A trav\u00e9s de una ordenanza aprobada por unanimidad, se ha establecido la prohibici\u00f3n del uso de ca\u00f1os de escape ruidosos en motocicletas, una medida con un enfoque especial en la protecci\u00f3n de personas con trastornos del espectro autista.<\/h3>\n<\/blockquote>\n<p>Esta medida no se limita \u00fanicamente a los ca\u00f1os de escape estridentes, sino que abarca tambi\u00e9n aquellas motocicletas cuyos ruidos sean molestos debido a problemas de aceleraci\u00f3n, desgaste o la falta de un silenciador adecuado. La supervisi\u00f3n del cumplimiento de esta ordenanza estar\u00e1 a cargo de la Subsecretar\u00eda de Inspecci\u00f3n General, en colaboraci\u00f3n con las autoridades de Transporte y Tr\u00e1nsito.<\/p>\n<p>En cuanto a las sanciones, aquellos que infrinjan esta disposici\u00f3n enfrentar\u00e1n la retenci\u00f3n de su veh\u00edculo por parte del personal municipal, siendo requisito indispensable presentar la documentaci\u00f3n correspondiente para su liberaci\u00f3n. Adem\u00e1s, se impondr\u00e1n multas que var\u00edan entre uno y diez salarios m\u00ednimos del personal municipal, con un m\u00e1ximo de $3.570.186, establecido en marzo. En caso de reincidencia en el mismo delito dentro de un a\u00f1o, la multa se duplicar\u00e1.<\/p>\n<blockquote>\n<h3>Como parte de la aplicaci\u00f3n de esta normativa, se contempla el decomiso de los elementos que contribuyan al ruido excesivo de las motocicletas.<\/h3>\n<\/blockquote>\n<p>Los controles ser\u00e1n estrictos, pudiendo utilizar fotograf\u00edas o videos como evidencia para emitir el acta contravencional. No obstante, se establecen excepciones para veh\u00edculos que cuenten con el permiso correspondiente para participar en actividades temporales.<\/p>\n<p>Esta iniciativa, propuesta por el concejal <strong>Miguel Guglielmotti<\/strong> de Uni\u00f3n por la Patria, ha recibido el respaldo un\u00e1nime de todos los bloques pol\u00edticos presentes en el Concejo Deliberante. Con esta medida, Mar del Plata se suma a otras ciudades en la b\u00fasqueda de asegurar un entorno m\u00e1s armonioso y amigable para todos sus habitantes.<\/p>\n","protected":false},"excerpt":{"rendered":"<div class=\"mh-excerpt\"><p>La ciudad de Mar del Plata prohibi\u00f3 las motos ruidosas. Habr\u00e1 sanciones, multas y secuestros para quienes no cumplan con la normativa. 28 de abril de 2024 MAR DEL PLATA &#8211;\u00a0 El Concejo Deliberante de <a class=\"mh-excerpt-more\" href=\"https:\/\/larevistadigital.com.ar\/blog\/mar-del-plata-se-prohiben-por-ordenanza-las-motos-ruidosas\/\" title=\"MAR DEL PLATA: SE PROHIBEN POR ORDENANZA LAS MOTOS RUIDOSAS\">[Leer M\u00e1s]<\/a><\/p>\n<\/div>","protected":false},"author":3,"featured_media":35961,"comment_status":"open","ping_status":"open","sticky":false,"template":"","format":"standard","meta":{"_jetpack_memberships_contains_paid_content":false,"footnotes":"","jetpack_publicize_message":"","jetpack_publicize_feature_enabled":true,"jetpack_social_post_already_shared":true,"jetpack_social_options":{"image_generator_settings":{"template":"highway","default_image_id":0,"font":"","enabled":false},"version":2}},"categories":[51,29],"tags":[],"class_list":{"0":"post-35960","1":"post","2":"type-post","3":"status-publish","4":"format-standard","5":"has-post-thumbnail","7":"category-regionales","8":"category-sociedad"},"jetpack_publicize_connections":[],"jetpack_featured_media_url":"https:\/\/i0.wp.com\/larevistadigital.com.ar\/blog\/wp-content\/uploads\/7127c19829819f55617214fe47258ea33a6fb581.jpg?fit=1140%2C642&ssl=1","jetpack_sharing_enabled":true,"jetpack_shortlink":"https:\/\/wp.me\/p8qtrQ-9m0","jetpack-related-posts":[{"id":30107,"url":"https:\/\/larevistadigital.com.ar\/blog\/mar-del-plata-accidente-fatal-muere-un-hombre-en-choque-de-dos-motos\/","url_meta":{"origin":35960,"position":0},"title":"MAR DEL PLATA: ACCIDENTE FATAL. MUERE UN HOMBRE EN CHOQUE DE DOS MOTOS.","author":"Alejandro Sosa Ruda","date":"10 febrero, 2023","format":false,"excerpt":"Todo sucedi\u00f3 cuando los dos motocicletas colisionaron a alta velocidad. La v\u00edctima fatal ten\u00eda 53 a\u00f1os, mientras que el otro conductor, que debi\u00f3 ser hospitalizado, tiene 38. 10 de febrero de 2023 MAR DEL PLATA -\u00a0 Un tr\u00e1gico accidente vial se registr\u00f3 en la avenida Fortunato de la Plaza cuando\u2026","rel":"","context":"En \u00abPOLICIALES\u00bb","block_context":{"text":"POLICIALES","link":"https:\/\/larevistadigital.com.ar\/blog\/category\/policiales\/"},"img":{"alt_text":"","src":"https:\/\/i0.wp.com\/larevistadigital.com.ar\/blog\/wp-content\/uploads\/choque-motos.jpg?fit=799%2C534&ssl=1&resize=350%2C200","width":350,"height":200,"srcset":"https:\/\/i0.wp.com\/larevistadigital.com.ar\/blog\/wp-content\/uploads\/choque-motos.jpg?fit=799%2C534&ssl=1&resize=350%2C200 1x, https:\/\/i0.wp.com\/larevistadigital.com.ar\/blog\/wp-content\/uploads\/choque-motos.jpg?fit=799%2C534&ssl=1&resize=525%2C300 1.5x, https:\/\/i0.wp.com\/larevistadigital.com.ar\/blog\/wp-content\/uploads\/choque-motos.jpg?fit=799%2C534&ssl=1&resize=700%2C400 2x"},"classes":[]},{"id":27684,"url":"https:\/\/larevistadigital.com.ar\/blog\/la-plata-mas-de-treinta-vehiculos-secuestrados-en-operativos-el-fin-de-semana\/","url_meta":{"origin":35960,"position":1},"title":"LA PLATA: M\u00c1S DE TREINTA VEH\u00cdCULOS SECUESTRADOS EN OPERATIVOS EL FIN DE SEMANA","author":"Alejandro Sosa Ruda","date":"12 septiembre, 2022","format":false,"excerpt":"Las tareas se llevaron a cabo en Plaza Moreno, diagonal 74 y esquina 10, el Paseo del Bosque y otros puntos neur\u00e1lgicos de la ciudad. 12 de septiembre de 2022 LA PLATA -\u00a0 La Municipalidad realiz\u00f3 durante este fin de semana controles viales en distintos puntos neur\u00e1lgicos de la ciudad\u2026","rel":"","context":"En \u00abPOLICIALES\u00bb","block_context":{"text":"POLICIALES","link":"https:\/\/larevistadigital.com.ar\/blog\/category\/policiales\/"},"img":{"alt_text":"","src":"https:\/\/i0.wp.com\/larevistadigital.com.ar\/blog\/wp-content\/uploads\/1649611007838.jpeg?fit=1200%2C594&ssl=1&resize=350%2C200","width":350,"height":200,"srcset":"https:\/\/i0.wp.com\/larevistadigital.com.ar\/blog\/wp-content\/uploads\/1649611007838.jpeg?fit=1200%2C594&ssl=1&resize=350%2C200 1x, https:\/\/i0.wp.com\/larevistadigital.com.ar\/blog\/wp-content\/uploads\/1649611007838.jpeg?fit=1200%2C594&ssl=1&resize=525%2C300 1.5x, https:\/\/i0.wp.com\/larevistadigital.com.ar\/blog\/wp-content\/uploads\/1649611007838.jpeg?fit=1200%2C594&ssl=1&resize=700%2C400 2x, https:\/\/i0.wp.com\/larevistadigital.com.ar\/blog\/wp-content\/uploads\/1649611007838.jpeg?fit=1200%2C594&ssl=1&resize=1050%2C600 3x"},"classes":[]},{"id":35168,"url":"https:\/\/larevistadigital.com.ar\/blog\/mar-del-plata-matan-a-un-hombre-de-un-disparo-en-pleno-centro-cuando-regresaba-de-bailar-con-amigos\/","url_meta":{"origin":35960,"position":2},"title":"MAR DEL PLATA: MATAN A UN HOMBRE DE UN DISPARO EN PLENO CENTRO, CUANDO REGRESABA DE BAILAR CON AMIGOS","author":"Alejandro Sosa Ruda","date":"5 febrero, 2024","format":false,"excerpt":"La v\u00edctima es oriunda de Moreno. Iban a bordo de una camioneta cuando los atacaron desde dos motocicletas. \"Est\u00e1 descartado que se haya tratado de un hecho de inseguridad. Por ahora esto es un misterio\", asegur\u00f3 uno de los investigadores. Los detalles del hecho. 5 de febrero de 2023 MAR\u2026","rel":"","context":"En \u00abPOLICIALES\u00bb","block_context":{"text":"POLICIALES","link":"https:\/\/larevistadigital.com.ar\/blog\/category\/policiales\/"},"img":{"alt_text":"","src":"https:\/\/i0.wp.com\/larevistadigital.com.ar\/blog\/wp-content\/uploads\/Captura-de-pantalla-2024-02-05-211335.png?fit=1094%2C523&ssl=1&resize=350%2C200","width":350,"height":200,"srcset":"https:\/\/i0.wp.com\/larevistadigital.com.ar\/blog\/wp-content\/uploads\/Captura-de-pantalla-2024-02-05-211335.png?fit=1094%2C523&ssl=1&resize=350%2C200 1x, https:\/\/i0.wp.com\/larevistadigital.com.ar\/blog\/wp-content\/uploads\/Captura-de-pantalla-2024-02-05-211335.png?fit=1094%2C523&ssl=1&resize=525%2C300 1.5x, https:\/\/i0.wp.com\/larevistadigital.com.ar\/blog\/wp-content\/uploads\/Captura-de-pantalla-2024-02-05-211335.png?fit=1094%2C523&ssl=1&resize=700%2C400 2x, https:\/\/i0.wp.com\/larevistadigital.com.ar\/blog\/wp-content\/uploads\/Captura-de-pantalla-2024-02-05-211335.png?fit=1094%2C523&ssl=1&resize=1050%2C600 3x"},"classes":[]},{"id":31719,"url":"https:\/\/larevistadigital.com.ar\/blog\/mar-del-plata-abren-una-investigacion-porque-11-personas-retiraron-vehiculos-secuestrados-con-documentacion-falsa\/","url_meta":{"origin":35960,"position":3},"title":"MAR DEL PLATA: ABREN UNA INVESTIGACI\u00d3N PORQUE 11 PERSONAS RETIRARON VEH\u00cdCULOS SECUESTRADOS CON DOCUMENTACI\u00d3N FALSA.","author":"Alejandro Sosa Ruda","date":"23 mayo, 2023","format":false,"excerpt":"El fiscal imput\u00f3 a las once personas por el delito de uso de documento p\u00fablico falso y los convoc\u00f3 para que presten declaraci\u00f3n en unas audiencias que se realizar\u00e1n en agosto en la Fiscal\u00eda de Delitos Econ\u00f3micos. 23 de mayo de 2023 MAR DEL PLATA -\u00a0 Once personas fueron imputadas\u2026","rel":"","context":"En \u00abPOLICIALES\u00bb","block_context":{"text":"POLICIALES","link":"https:\/\/larevistadigital.com.ar\/blog\/category\/policiales\/"},"img":{"alt_text":"","src":"https:\/\/i0.wp.com\/larevistadigital.com.ar\/blog\/wp-content\/uploads\/20230522165955_motos.jpg?fit=880%2C512&ssl=1&resize=350%2C200","width":350,"height":200,"srcset":"https:\/\/i0.wp.com\/larevistadigital.com.ar\/blog\/wp-content\/uploads\/20230522165955_motos.jpg?fit=880%2C512&ssl=1&resize=350%2C200 1x, https:\/\/i0.wp.com\/larevistadigital.com.ar\/blog\/wp-content\/uploads\/20230522165955_motos.jpg?fit=880%2C512&ssl=1&resize=525%2C300 1.5x, https:\/\/i0.wp.com\/larevistadigital.com.ar\/blog\/wp-content\/uploads\/20230522165955_motos.jpg?fit=880%2C512&ssl=1&resize=700%2C400 2x"},"classes":[]},{"id":34261,"url":"https:\/\/larevistadigital.com.ar\/blog\/mar-del-plata-vence-al-plazo-y-la-mayoria-de-los-decks-siguen-sin-adecuarse-a-la-ordenanza-que-los-regula\/","url_meta":{"origin":35960,"position":4},"title":"MAR DEL PLATA: VENCE AL PLAZO Y LA MAYOR\u00cdA DE LOS \u00abDECKS\u00bb SIGUEN SIN ADECUARSE A LA ORDENANZA QUE LOS REGULA","author":"Alejandro Sosa Ruda","date":"31 octubre, 2023","format":false,"excerpt":"Los titulares de los comercios gastron\u00f3micos contaban hasta octubre para adaptar las estructuras a lo normado por el Concejo Deliberante. 31 de Octubre de 2023 MAR DEL PLATA -\u00a0 La habilitaci\u00f3n de los decks en la v\u00eda p\u00fablica surgi\u00f3 como una alternativa para reactivar el sector gastron\u00f3mico durante la primera\u2026","rel":"","context":"En \u00abREGIONALES\u00bb","block_context":{"text":"REGIONALES","link":"https:\/\/larevistadigital.com.ar\/blog\/category\/regionales\/"},"img":{"alt_text":"","src":"https:\/\/i0.wp.com\/larevistadigital.com.ar\/blog\/wp-content\/uploads\/Captura-de-pantalla-2023-10-31-120244.png?fit=819%2C458&ssl=1&resize=350%2C200","width":350,"height":200,"srcset":"https:\/\/i0.wp.com\/larevistadigital.com.ar\/blog\/wp-content\/uploads\/Captura-de-pantalla-2023-10-31-120244.png?fit=819%2C458&ssl=1&resize=350%2C200 1x, https:\/\/i0.wp.com\/larevistadigital.com.ar\/blog\/wp-content\/uploads\/Captura-de-pantalla-2023-10-31-120244.png?fit=819%2C458&ssl=1&resize=525%2C300 1.5x, https:\/\/i0.wp.com\/larevistadigital.com.ar\/blog\/wp-content\/uploads\/Captura-de-pantalla-2023-10-31-120244.png?fit=819%2C458&ssl=1&resize=700%2C400 2x"},"classes":[]},{"id":30864,"url":"https:\/\/larevistadigital.com.ar\/blog\/mar-del-plata-regularan-el-uso-de-los-monopatines-electricos\/","url_meta":{"origin":35960,"position":5},"title":"MAR DEL PLATA: REGULAR\u00c1N EL USO DE LOS MONOPATINES EL\u00c9CTRICOS","author":"Alejandro Sosa Ruda","date":"3 abril, 2023","format":false,"excerpt":"Los conductores tendr\u00e1n que contratar un seguro de responsabilidad civil frente a terceros y estar inscriptos en un registro. Deber\u00e1n tener m\u00e1s de 16 a\u00f1os y usar casco. Podr\u00e1n ser multados por cometer infracciones. 3 de abril de 2023 MAR DEL PLATA -\u00a0 En muchos lugares del mundo, los monopatines\u2026","rel":"","context":"En \u00abREGIONALES\u00bb","block_context":{"text":"REGIONALES","link":"https:\/\/larevistadigital.com.ar\/blog\/category\/regionales\/"},"img":{"alt_text":"","src":"https:\/\/i0.wp.com\/larevistadigital.com.ar\/blog\/wp-content\/uploads\/monopatines.png?fit=791%2C457&ssl=1&resize=350%2C200","width":350,"height":200,"srcset":"https:\/\/i0.wp.com\/larevistadigital.com.ar\/blog\/wp-content\/uploads\/monopatines.png?fit=791%2C457&ssl=1&resize=350%2C200 1x, https:\/\/i0.wp.com\/larevistadigital.com.ar\/blog\/wp-content\/uploads\/monopatines.png?fit=791%2C457&ssl=1&resize=525%2C300 1.5x, https:\/\/i0.wp.com\/larevistadigital.com.ar\/blog\/wp-content\/uploads\/monopatines.png?fit=791%2C457&ssl=1&resize=700%2C400 2x"},"classes":[]}],"_links":{"self":[{"href":"https:\/\/larevistadigital.com.ar\/blog\/wp-json\/wp\/v2\/posts\/35960","targetHints":{"allow":["GET"]}}],"collection":[{"href":"https:\/\/larevistadigital.com.ar\/blog\/wp-json\/wp\/v2\/posts"}],"about":[{"href":"https:\/\/larevistadigital.com.ar\/blog\/wp-json\/wp\/v2\/types\/post"}],"author":[{"embeddable":true,"href":"https:\/\/larevistadigital.com.ar\/blog\/wp-json\/wp\/v2\/users\/3"}],"replies":[{"embeddable":true,"href":"https:\/\/larevistadigital.com.ar\/blog\/wp-json\/wp\/v2\/comments?post=35960"}],"version-history":[{"count":1,"href":"https:\/\/larevistadigital.com.ar\/blog\/wp-json\/wp\/v2\/posts\/35960\/revisions"}],"predecessor-version":[{"id":35962,"href":"https:\/\/larevistadigital.com.ar\/blog\/wp-json\/wp\/v2\/posts\/35960\/revisions\/35962"}],"wp:featuredmedia":[{"embeddable":true,"href":"https:\/\/larevistadigital.com.ar\/blog\/wp-json\/wp\/v2\/media\/35961"}],"wp:attachment":[{"href":"https:\/\/larevistadigital.com.ar\/blog\/wp-json\/wp\/v2\/media?parent=35960"}],"wp:term":[{"taxonomy":"category","embeddable":true,"href":"https:\/\/larevistadigital.com.ar\/blog\/wp-json\/wp\/v2\/categories?post=35960"},{"taxonomy":"post_tag","embeddable":true,"href":"https:\/\/larevistadigital.com.ar\/blog\/wp-json\/wp\/v2\/tags?post=35960"}],"curies":[{"name":"wp","href":"https:\/\/api.w.org\/{rel}","templated":true}]}}