{"id":35967,"date":"2024-04-29T00:19:18","date_gmt":"2024-04-29T03:19:18","guid":{"rendered":"https:\/\/larevistadigital.com.ar\/blog\/?p=35967"},"modified":"2024-04-29T00:19:18","modified_gmt":"2024-04-29T03:19:18","slug":"chascomus-la-policia-recupero-un-automovil-denunciado-como-robado","status":"publish","type":"post","link":"https:\/\/larevistadigital.com.ar\/blog\/chascomus-la-policia-recupero-un-automovil-denunciado-como-robado\/","title":{"rendered":"CHASCOM\u00daS: LA POLIC\u00cdA RECUPER\u00d3 UN AUTOM\u00d3VIL DENUNCIADO COMO ROBADO"},"content":{"rendered":"<h2>La denuncia se radic\u00f3 en Ranchos, y se logr\u00f3 recuperar por personal policial de Chascom\u00fas.<\/h2>\n<p>28 de abril de 2024<\/p>\n<p><strong>CHASCOM\u00daS &#8211;\u00a0 <\/strong>La polic\u00eda de Chascom\u00fas logr\u00f3 recuperar e incautar a un veh\u00edculo Renault Clio que hab\u00eda sido hurtado d\u00edas atr\u00e1s en la vecina localidad de Ranchos.<\/p>\n<p>Todo comenz\u00f3 con el llamado de alerta por el hurto del veh\u00edculo mencionado, lo que origin\u00f3 una b\u00fasqueda que di\u00f3 resultado positivo, en el kil\u00f3metro 83 de la ruta 20, de la localidad de Chascom\u00fas, aproximadamente a la altura del barrio denominado San Cayetano.<\/p>\n<blockquote>\n<h3>El veh\u00edculo se encontraba detenido y sin ocupantes, por lo que se di\u00f3 conocimiento a las autoridades de la comisar\u00eda de Ranchos.<\/h3>\n<\/blockquote>\n<p>Seg\u00fan pudimos confirmar por fuentes inobjetables, se trat\u00f3 de una disputa de pareja, donde luego de pelear, el masculino que acompa\u00f1aba su pareja que conduc\u00eda, le quit\u00f3 las llaves y la oblig\u00f3 a bajarse del auto, para tomar el volante y retirarse del lugar.<\/p>\n<p>Posteriormente, se mantuvo una comunicaci\u00f3n con la UFID N\u00b010 de Chascomus a cargo del <strong>Dr. Jonathan Robert<\/strong> el cual ordena se labren actuaciones car\u00e1tulas prima facie <strong>HALLAZGO AUTOMOTOR<\/strong>, peritajes, acta de procedimiento con incautaci\u00f3n del rodado, copia de denuncia, informe de visu del dominio y testimoniales del personal actuante.<\/p>\n<p>&nbsp;<\/p>\n","protected":false},"excerpt":{"rendered":"<div class=\"mh-excerpt\"><p>La denuncia se radic\u00f3 en Ranchos, y se logr\u00f3 recuperar por personal policial de Chascom\u00fas. 28 de abril de 2024 CHASCOM\u00daS &#8211;\u00a0 La polic\u00eda de Chascom\u00fas logr\u00f3 recuperar e incautar a un veh\u00edculo Renault Clio <a class=\"mh-excerpt-more\" href=\"https:\/\/larevistadigital.com.ar\/blog\/chascomus-la-policia-recupero-un-automovil-denunciado-como-robado\/\" title=\"CHASCOM\u00daS: LA POLIC\u00cdA RECUPER\u00d3 UN AUTOM\u00d3VIL DENUNCIADO COMO ROBADO\">[Leer M\u00e1s]<\/a><\/p>\n<\/div>","protected":false},"author":3,"featured_media":21648,"comment_status":"open","ping_status":"open","sticky":false,"template":"","format":"standard","meta":{"_jetpack_memberships_contains_paid_content":false,"footnotes":"","jetpack_publicize_message":"","jetpack_publicize_feature_enabled":true,"jetpack_social_post_already_shared":true,"jetpack_social_options":{"image_generator_settings":{"template":"highway","default_image_id":0,"font":"","enabled":false},"version":2}},"categories":[50,44],"tags":[],"class_list":{"0":"post-35967","1":"post","2":"type-post","3":"status-publish","4":"format-standard","5":"has-post-thumbnail","7":"category-interes-general","8":"category-policiales"},"jetpack_publicize_connections":[],"jetpack_featured_media_url":"https:\/\/i0.wp.com\/larevistadigital.com.ar\/blog\/wp-content\/uploads\/POLICIA.png?fit=1002%2C658&ssl=1","jetpack_sharing_enabled":true,"jetpack_shortlink":"https:\/\/wp.me\/p8qtrQ-9m7","jetpack-related-posts":[{"id":33365,"url":"https:\/\/larevistadigital.com.ar\/blog\/chascomus-la-policia-logro-recuperar-un-automovil-robado-en-la-plata-el-pasado-mes-de-agosto\/","url_meta":{"origin":35967,"position":0},"title":"CHASCOM\u00daS: LA POLIC\u00cdA LOGR\u00d3 RECUPERAR UN AUTOM\u00d3VIL ROBADO EN LA PLATA EL PASADO M\u00c9S DE AGOSTO.","author":"Alejandro Sosa Ruda","date":"10 septiembre, 2023","format":false,"excerpt":"Lo recuperaron luego de investigaci\u00f3nes del GTO local. 10 de Septiembre de 2023 CHASCOM\u00daS -\u00a0 Luego de una investigaci\u00f3n realizada por personal del Gabinete T\u00e9cnico Operativo, se procedi\u00f3 a secuestrar en la calle Salta, un veh\u00edculo marca VW modelo Voyage. El autom\u00f3vil, estaba denunciado como sustra\u00eddo el d\u00eda 18 de\u2026","rel":"","context":"En \u00abINTERES GENERAL\u00bb","block_context":{"text":"INTERES GENERAL","link":"https:\/\/larevistadigital.com.ar\/blog\/category\/interes-general\/"},"img":{"alt_text":"","src":"https:\/\/i0.wp.com\/larevistadigital.com.ar\/blog\/wp-content\/uploads\/WhatsApp-Image-2023-09-09-at-20.13.44-e1694358883994.jpeg?fit=720%2C1113&ssl=1&resize=350%2C200","width":350,"height":200,"srcset":"https:\/\/i0.wp.com\/larevistadigital.com.ar\/blog\/wp-content\/uploads\/WhatsApp-Image-2023-09-09-at-20.13.44-e1694358883994.jpeg?fit=720%2C1113&ssl=1&resize=350%2C200 1x, https:\/\/i0.wp.com\/larevistadigital.com.ar\/blog\/wp-content\/uploads\/WhatsApp-Image-2023-09-09-at-20.13.44-e1694358883994.jpeg?fit=720%2C1113&ssl=1&resize=525%2C300 1.5x, https:\/\/i0.wp.com\/larevistadigital.com.ar\/blog\/wp-content\/uploads\/WhatsApp-Image-2023-09-09-at-20.13.44-e1694358883994.jpeg?fit=720%2C1113&ssl=1&resize=700%2C400 2x"},"classes":[]},{"id":31672,"url":"https:\/\/larevistadigital.com.ar\/blog\/chascomus-la-policia-recupero-un-automovil-denunciado-como-robado-el-dia-de-ayer\/","url_meta":{"origin":35967,"position":1},"title":"CHASCOM\u00daS: LA POLIC\u00cdA RECUPER\u00d3 UN AUTOM\u00d3VIL DENUNCIADO COMO ROBADO EL D\u00cdA DE AYER","author":"Alejandro Sosa Ruda","date":"21 mayo, 2023","format":false,"excerpt":"Volvemos a hacer hincapi\u00e9 en la importancia de denunciar los il\u00edcitos. La denyuncia se hizo ayer y en un d\u00eda de trabajo se logr\u00f3 recuperar el veh\u00edculo robado. 21 de mayo de 20232 CHASCOM\u00daS\u00a0 -\u00a0 En las \u00faltimas horas del d\u00eda de ayer y primeras horas de la madrugada de\u2026","rel":"","context":"En \u00abDESTACADAS\u00bb","block_context":{"text":"DESTACADAS","link":"https:\/\/larevistadigital.com.ar\/blog\/category\/destacadas\/"},"img":{"alt_text":"","src":"https:\/\/i0.wp.com\/larevistadigital.com.ar\/blog\/wp-content\/uploads\/WhatsApp-Image-2023-05-21-at-09.29.49.jpeg?fit=900%2C1200&ssl=1&resize=350%2C200","width":350,"height":200,"srcset":"https:\/\/i0.wp.com\/larevistadigital.com.ar\/blog\/wp-content\/uploads\/WhatsApp-Image-2023-05-21-at-09.29.49.jpeg?fit=900%2C1200&ssl=1&resize=350%2C200 1x, https:\/\/i0.wp.com\/larevistadigital.com.ar\/blog\/wp-content\/uploads\/WhatsApp-Image-2023-05-21-at-09.29.49.jpeg?fit=900%2C1200&ssl=1&resize=525%2C300 1.5x, https:\/\/i0.wp.com\/larevistadigital.com.ar\/blog\/wp-content\/uploads\/WhatsApp-Image-2023-05-21-at-09.29.49.jpeg?fit=900%2C1200&ssl=1&resize=700%2C400 2x"},"classes":[]},{"id":34677,"url":"https:\/\/larevistadigital.com.ar\/blog\/chascomus-roban-garrafas-de-una-planta-de-gas-y-la-policia-logro-descubrir-al-autor-y-recuperar-lo-robado\/","url_meta":{"origin":35967,"position":2},"title":"CHASCOM\u00daS: ROBAN GARRAFAS DE UNA PLANTA DE GAS Y LA POLIC\u00cdA LOGR\u00d3 DESCUBRIR AL AUTOR Y RECUPERAR LO ROBADO","author":"Alejandro Sosa Ruda","date":"28 noviembre, 2023","format":false,"excerpt":"Luego de una r\u00e1pida investigaci\u00f3n se consigui\u00f3 el resultado buscado. 28 de Noviembre de 2023 CHASCOM\u00daS -\u00a0 El d\u00eda 23 de Noviembre pasado, se recibi\u00f3 en la Estaci\u00f3n de Polic\u00eda Comunal Chascom\u00fas 1era., la denuncia de un robo ocurrido en la planta de gas ubicada en calle Soldado Carrasco y\u2026","rel":"","context":"En \u00abCHASCOM\u00daS\u00bb","block_context":{"text":"CHASCOM\u00daS","link":"https:\/\/larevistadigital.com.ar\/blog\/category\/chascomus\/"},"img":{"alt_text":"","src":"https:\/\/i0.wp.com\/larevistadigital.com.ar\/blog\/wp-content\/uploads\/WhatsApp-Image-2023-11-28-at-19.05.57-e1701212416510.jpeg?fit=792%2C876&ssl=1&resize=350%2C200","width":350,"height":200,"srcset":"https:\/\/i0.wp.com\/larevistadigital.com.ar\/blog\/wp-content\/uploads\/WhatsApp-Image-2023-11-28-at-19.05.57-e1701212416510.jpeg?fit=792%2C876&ssl=1&resize=350%2C200 1x, https:\/\/i0.wp.com\/larevistadigital.com.ar\/blog\/wp-content\/uploads\/WhatsApp-Image-2023-11-28-at-19.05.57-e1701212416510.jpeg?fit=792%2C876&ssl=1&resize=525%2C300 1.5x, https:\/\/i0.wp.com\/larevistadigital.com.ar\/blog\/wp-content\/uploads\/WhatsApp-Image-2023-11-28-at-19.05.57-e1701212416510.jpeg?fit=792%2C876&ssl=1&resize=700%2C400 2x"},"classes":[]},{"id":34211,"url":"https:\/\/larevistadigital.com.ar\/blog\/chascomus-roban-un-vehiculo-a-mano-armada-y-la-policia-comunal-con-ayuda-de-monitoreo-logro-detener-a-uno-de-los-responsables-buscan-a-otros-dos-todos-con-frondoso-prontuario\/","url_meta":{"origin":35967,"position":3},"title":"CHASCOM\u00daS: ROBAN UN VEH\u00cdCULO A MANO ARMADA Y LA POLICIA COMUNAL CON AYUDA DE MONITOREO LOGR\u00d3 DETENER A UNO DE LOS RESPONSABLES. BUSCAN A OTROS DOS, TODOS CON FRONDOSO PRONTUARIO.","author":"Alejandro Sosa Ruda","date":"26 octubre, 2023","format":false,"excerpt":"Los delincuentes tienen un frondoso prontuario que incluye \"homicidio en ocasi\u00f3n de robo\". La polic\u00eda tuvo un r\u00e1pido accionar que se sum\u00f3 al importante trabajo de Monitoreo. 25 de Octubre de 2023 CHASCOM\u00daS -\u00a0 El d\u00eda l\u00fanes pasado, se produjo un hecho en horas de la tarde donde 3 sujetos\u2026","rel":"","context":"En \u00abDESTACADAS\u00bb","block_context":{"text":"DESTACADAS","link":"https:\/\/larevistadigital.com.ar\/blog\/category\/destacadas\/"},"img":{"alt_text":"","src":"https:\/\/i0.wp.com\/larevistadigital.com.ar\/blog\/wp-content\/uploads\/WhatsApp-Image-2023-10-25-at-20.05.00.jpeg?fit=1200%2C675&ssl=1&resize=350%2C200","width":350,"height":200,"srcset":"https:\/\/i0.wp.com\/larevistadigital.com.ar\/blog\/wp-content\/uploads\/WhatsApp-Image-2023-10-25-at-20.05.00.jpeg?fit=1200%2C675&ssl=1&resize=350%2C200 1x, https:\/\/i0.wp.com\/larevistadigital.com.ar\/blog\/wp-content\/uploads\/WhatsApp-Image-2023-10-25-at-20.05.00.jpeg?fit=1200%2C675&ssl=1&resize=525%2C300 1.5x, https:\/\/i0.wp.com\/larevistadigital.com.ar\/blog\/wp-content\/uploads\/WhatsApp-Image-2023-10-25-at-20.05.00.jpeg?fit=1200%2C675&ssl=1&resize=700%2C400 2x, https:\/\/i0.wp.com\/larevistadigital.com.ar\/blog\/wp-content\/uploads\/WhatsApp-Image-2023-10-25-at-20.05.00.jpeg?fit=1200%2C675&ssl=1&resize=1050%2C600 3x"},"classes":[]},{"id":9657,"url":"https:\/\/larevistadigital.com.ar\/blog\/ranchos-policia-comunal-esclarece-el-robo-a-un-vecino\/","url_meta":{"origin":35967,"position":4},"title":"RANCHOS: POLIC\u00cdA COMUNAL ESCLARECE EL ROBO A UN VECINO","author":"Alejandro Sosa Ruda","date":"11 abril, 2019","format":false,"excerpt":"La polic\u00eda Comunal de General Paz di\u00f3 a conocer un parte en el que comenta las circunstancias en que se esclareci\u00f3 el robo a un vecino de Ranchos. Aqu\u00ed el parte policial: LLevo a conocimiento de la poblaci\u00f3n, que en el mes de enero del cte. a\u00f1o, se recepcion\u00f3 denuncia\u2026","rel":"","context":"En \u00abPOLITICA\u00bb","block_context":{"text":"POLITICA","link":"https:\/\/larevistadigital.com.ar\/blog\/category\/politica\/"},"img":{"alt_text":"","src":"https:\/\/i0.wp.com\/larevistadigital.com.ar\/blog\/wp-content\/uploads\/2019\/04\/WhatsApp-Image-2019-04-10-at-12.47.05-PM.jpeg?fit=1040%2C585&ssl=1&resize=350%2C200","width":350,"height":200,"srcset":"https:\/\/i0.wp.com\/larevistadigital.com.ar\/blog\/wp-content\/uploads\/2019\/04\/WhatsApp-Image-2019-04-10-at-12.47.05-PM.jpeg?fit=1040%2C585&ssl=1&resize=350%2C200 1x, https:\/\/i0.wp.com\/larevistadigital.com.ar\/blog\/wp-content\/uploads\/2019\/04\/WhatsApp-Image-2019-04-10-at-12.47.05-PM.jpeg?fit=1040%2C585&ssl=1&resize=525%2C300 1.5x, https:\/\/i0.wp.com\/larevistadigital.com.ar\/blog\/wp-content\/uploads\/2019\/04\/WhatsApp-Image-2019-04-10-at-12.47.05-PM.jpeg?fit=1040%2C585&ssl=1&resize=700%2C400 2x"},"classes":[]},{"id":37790,"url":"https:\/\/larevistadigital.com.ar\/blog\/chascomus-tras-un-violento-asalto-a-una-pareja-la-policia-comunal-logro-aprehender\/","url_meta":{"origin":35967,"position":5},"title":"Chascom\u00fas: Tras un violento asalto a una pareja la Polic\u00eda Comunal logr\u00f3 aprehender","author":"Alejandro Sosa Ruda","date":"8 noviembre, 2024","format":false,"excerpt":"Delincuentes provenientes de Claypole atacaron salvajemente a una pareja, le sustrajeron dinero y huyeron. La polic\u00eda logr\u00f3 aprehender a uno de ellos. 8 de Noviembre de 2024 CHASCOM\u00daS -\u00a0 Anoche, aproximadamente las 22:00 hs., personal policial de E.P.C. Chascomus se traslado hasta un domicilio de calle Marquez, ya que mediante\u2026","rel":"","context":"En \u00abDESTACADAS\u00bb","block_context":{"text":"DESTACADAS","link":"https:\/\/larevistadigital.com.ar\/blog\/category\/destacadas\/"},"img":{"alt_text":"","src":"https:\/\/i0.wp.com\/larevistadigital.com.ar\/blog\/wp-content\/uploads\/Screenshot_1-121.jpg?fit=1007%2C565&ssl=1&resize=350%2C200","width":350,"height":200,"srcset":"https:\/\/i0.wp.com\/larevistadigital.com.ar\/blog\/wp-content\/uploads\/Screenshot_1-121.jpg?fit=1007%2C565&ssl=1&resize=350%2C200 1x, https:\/\/i0.wp.com\/larevistadigital.com.ar\/blog\/wp-content\/uploads\/Screenshot_1-121.jpg?fit=1007%2C565&ssl=1&resize=525%2C300 1.5x, https:\/\/i0.wp.com\/larevistadigital.com.ar\/blog\/wp-content\/uploads\/Screenshot_1-121.jpg?fit=1007%2C565&ssl=1&resize=700%2C400 2x"},"classes":[]}],"_links":{"self":[{"href":"https:\/\/larevistadigital.com.ar\/blog\/wp-json\/wp\/v2\/posts\/35967","targetHints":{"allow":["GET"]}}],"collection":[{"href":"https:\/\/larevistadigital.com.ar\/blog\/wp-json\/wp\/v2\/posts"}],"about":[{"href":"https:\/\/larevistadigital.com.ar\/blog\/wp-json\/wp\/v2\/types\/post"}],"author":[{"embeddable":true,"href":"https:\/\/larevistadigital.com.ar\/blog\/wp-json\/wp\/v2\/users\/3"}],"replies":[{"embeddable":true,"href":"https:\/\/larevistadigital.com.ar\/blog\/wp-json\/wp\/v2\/comments?post=35967"}],"version-history":[{"count":1,"href":"https:\/\/larevistadigital.com.ar\/blog\/wp-json\/wp\/v2\/posts\/35967\/revisions"}],"predecessor-version":[{"id":35968,"href":"https:\/\/larevistadigital.com.ar\/blog\/wp-json\/wp\/v2\/posts\/35967\/revisions\/35968"}],"wp:featuredmedia":[{"embeddable":true,"href":"https:\/\/larevistadigital.com.ar\/blog\/wp-json\/wp\/v2\/media\/21648"}],"wp:attachment":[{"href":"https:\/\/larevistadigital.com.ar\/blog\/wp-json\/wp\/v2\/media?parent=35967"}],"wp:term":[{"taxonomy":"category","embeddable":true,"href":"https:\/\/larevistadigital.com.ar\/blog\/wp-json\/wp\/v2\/categories?post=35967"},{"taxonomy":"post_tag","embeddable":true,"href":"https:\/\/larevistadigital.com.ar\/blog\/wp-json\/wp\/v2\/tags?post=35967"}],"curies":[{"name":"wp","href":"https:\/\/api.w.org\/{rel}","templated":true}]}}