{"id":35970,"date":"2024-05-01T12:55:55","date_gmt":"2024-05-01T15:55:55","guid":{"rendered":"https:\/\/larevistadigital.com.ar\/blog\/?p=35970"},"modified":"2024-05-01T12:55:55","modified_gmt":"2024-05-01T15:55:55","slug":"en-el-dia-del-trabajador-once-despidos-en-unitec-blue","status":"publish","type":"post","link":"https:\/\/larevistadigital.com.ar\/blog\/en-el-dia-del-trabajador-once-despidos-en-unitec-blue\/","title":{"rendered":"EN EL D\u00cdA DEL TRABAJADOR: ONCE DESPIDOS EN \u00abUNITEC BLUE\u00bb"},"content":{"rendered":"<h2><em>Como una broma de mal gusto, pero lamentablemente cierto. En el d\u00eda del trabajo se conoci\u00f3 la noticia que fueron despedidos once trabajadores en la f\u00e1brica de Chips.<\/em><\/h2>\n<p>01 de mayo de 2024<\/p>\n<p><strong>CHASCOM\u00daS &#8211;\u00a0\u00a0<\/strong>Hoy, lejos de ser un d\u00eda de festejo para once familias ser\u00e1 un d\u00eda de sufrimiento y desasosiego. La \u00fanica f\u00e1brica de Nanotecnolog\u00eda \u00abUnitec Blue\u00bb ha tomado la triste decisi\u00f3n de despedir a once trabajadores de su n\u00f3mina con todo lo que ello implica.<\/p>\n<p>El implacable motivo por el que se tom\u00f3 esta dr\u00e1stica decisi\u00f3n, radica en la notable baja en la producci\u00f3n que se viene acumulando, principalmente desde que comenz\u00f3 el a\u00f1o en curso. Se vieron afectados once trabajadores de los cuales cuatro son mujeres. Esta situaci\u00f3n que se ven\u00eda produciendo ahora se cobra once v\u00edctimas m\u00e1s.<\/p>\n<blockquote>\n<h3>Cabe se\u00f1alar, que los afectados deber\u00e1n ser indemnizados, ya que no eran \u00abcontratados\u00bb, sino planta permanente de la firma.<\/h3>\n<\/blockquote>\n<p>La patronal, a trav\u00e9s de la UOM, inform\u00f3 que la medida no se debe a razones peresonales, sino que el motivo radica en la suspensi\u00f3n de contratos y la ca\u00edda de otros tantos.<\/p>\n<p>Tambi\u00e9n la empresa asegur\u00f3 que por al menos un par de meses no habr\u00e1 nuevas desvinculaciones sino que va a seguir con una cantidad m\u00ednima de personal.<\/p>\n<p><strong>Fuente: Sergio \u00abTony\u00bb Peralta<\/strong><\/p>\n<p>&nbsp;<\/p>\n","protected":false},"excerpt":{"rendered":"<div class=\"mh-excerpt\"><p>Como una broma de mal gusto, pero lamentablemente cierto. En el d\u00eda del trabajo se conoci\u00f3 la noticia que fueron despedidos once trabajadores en la f\u00e1brica de Chips. 01 de mayo de 2024 CHASCOM\u00daS &#8211;\u00a0\u00a0Hoy, <a class=\"mh-excerpt-more\" href=\"https:\/\/larevistadigital.com.ar\/blog\/en-el-dia-del-trabajador-once-despidos-en-unitec-blue\/\" title=\"EN EL D\u00cdA DEL TRABAJADOR: ONCE DESPIDOS EN \u00abUNITEC BLUE\u00bb\">[Leer M\u00e1s]<\/a><\/p>\n<\/div>","protected":false},"author":3,"featured_media":2761,"comment_status":"open","ping_status":"open","sticky":false,"template":"","format":"standard","meta":{"_jetpack_memberships_contains_paid_content":false,"footnotes":"","jetpack_publicize_message":"","jetpack_publicize_feature_enabled":true,"jetpack_social_post_already_shared":true,"jetpack_social_options":{"image_generator_settings":{"template":"highway","default_image_id":0,"font":"","enabled":false},"version":2}},"categories":[41],"tags":[],"class_list":{"0":"post-35970","1":"post","2":"type-post","3":"status-publish","4":"format-standard","5":"has-post-thumbnail","7":"category-destacadas"},"jetpack_publicize_connections":[],"jetpack_featured_media_url":"https:\/\/i0.wp.com\/larevistadigital.com.ar\/blog\/wp-content\/uploads\/2017\/07\/unitec_blue.jpg?fit=600%2C397&ssl=1","jetpack_sharing_enabled":true,"jetpack_shortlink":"https:\/\/wp.me\/p8qtrQ-9ma","jetpack-related-posts":[{"id":6800,"url":"https:\/\/larevistadigital.com.ar\/blog\/chascomus-lamentable-unitec-blue-suspendio-a-todo-su-personal\/","url_meta":{"origin":35970,"position":0},"title":"CHASCOM\u00daS: LAMENTABLE&#8230; UNITEC BLUE SUSPENDI\u00d3 A TODO SU PERSONAL","author":"Alejandro Sosa Ruda","date":"11 octubre, 2018","format":false,"excerpt":"La f\u00e1brica Unitec Blue, ubicada en la ruta 2, decidi\u00f3 suspender a la totalidad de su personal, a partir del d\u00eda de ayer, y los trabajadores cobraran un porcentual de su sueldo. La decisi\u00f3n llega en un momento m\u00e1s que dif\u00edcil, tanto para quienes viven en Chascom\u00fas, como en el\u2026","rel":"","context":"En \u00abCHASCOM\u00daS\u00bb","block_context":{"text":"CHASCOM\u00daS","link":"https:\/\/larevistadigital.com.ar\/blog\/category\/chascomus\/"},"img":{"alt_text":"","src":"https:\/\/i0.wp.com\/larevistadigital.com.ar\/blog\/wp-content\/uploads\/2018\/10\/slider4.jpeg?fit=1200%2C563&ssl=1&resize=350%2C200","width":350,"height":200,"srcset":"https:\/\/i0.wp.com\/larevistadigital.com.ar\/blog\/wp-content\/uploads\/2018\/10\/slider4.jpeg?fit=1200%2C563&ssl=1&resize=350%2C200 1x, https:\/\/i0.wp.com\/larevistadigital.com.ar\/blog\/wp-content\/uploads\/2018\/10\/slider4.jpeg?fit=1200%2C563&ssl=1&resize=525%2C300 1.5x, https:\/\/i0.wp.com\/larevistadigital.com.ar\/blog\/wp-content\/uploads\/2018\/10\/slider4.jpeg?fit=1200%2C563&ssl=1&resize=700%2C400 2x, https:\/\/i0.wp.com\/larevistadigital.com.ar\/blog\/wp-content\/uploads\/2018\/10\/slider4.jpeg?fit=1200%2C563&ssl=1&resize=1050%2C600 3x"},"classes":[]},{"id":11514,"url":"https:\/\/larevistadigital.com.ar\/blog\/chascomus-confirmaron-despido-de-trabajadores-de-unitec-blue\/","url_meta":{"origin":35970,"position":1},"title":"CHASCOM\u00daS: CONFIRMARON DESPIDO DE TRABAJADORES DE UNITEC BLUE","author":"Alejandro Sosa Ruda","date":"25 julio, 2019","format":false,"excerpt":"Este jueves se confirm\u00f3 el despido de los 23 trabajadores que a\u00fan permanec\u00edan en la empresa nanotecnol\u00f3gica Unitec Blue de la ciudad de Chascom\u00fas. Desde la empresa no han emitido informaci\u00f3n alguna pero los referentes sindicales hab\u00edan se\u00f1alado d\u00edas pasados que la paralizaci\u00f3n en la producci\u00f3n hab\u00eda obligado a la\u2026","rel":"","context":"En \u00abCHASCOM\u00daS\u00bb","block_context":{"text":"CHASCOM\u00daS","link":"https:\/\/larevistadigital.com.ar\/blog\/category\/chascomus\/"},"img":{"alt_text":"","src":"https:\/\/i0.wp.com\/larevistadigital.com.ar\/blog\/wp-content\/uploads\/2017\/07\/unitec_blue.jpg?fit=600%2C397&ssl=1&resize=350%2C200","width":350,"height":200,"srcset":"https:\/\/i0.wp.com\/larevistadigital.com.ar\/blog\/wp-content\/uploads\/2017\/07\/unitec_blue.jpg?fit=600%2C397&ssl=1&resize=350%2C200 1x, https:\/\/i0.wp.com\/larevistadigital.com.ar\/blog\/wp-content\/uploads\/2017\/07\/unitec_blue.jpg?fit=600%2C397&ssl=1&resize=525%2C300 1.5x"},"classes":[]},{"id":3829,"url":"https:\/\/larevistadigital.com.ar\/blog\/se-postergo-manana-la-reunion-la-uom-unitec-blue-evitar-despidos\/","url_meta":{"origin":35970,"position":2},"title":"SE POSTERG\u00d3 PARA MA\u00d1ANA LA REUNI\u00d3N ENTRE LA UOM Y UNITEC BLUE PARA EVITAR DESPIDOS","author":"Alejandro Sosa Ruda","date":"14 noviembre, 2017","format":false,"excerpt":"El secretario general de la U.O.M. de Chascom\u00fas, Mario Batista se refiri\u00f3 a la dif\u00edcil negociaci\u00f3n para evitar despidos masivos en Unitec Blue. Esto sucedi\u00f3 en el marco de un reportaje radial llevado a cabo durante el programa AM Show que se emite por la FM 101.5 de Chascom\u00fas. Dijo\u2026","rel":"","context":"En \u00abGREMIALES\u00bb","block_context":{"text":"GREMIALES","link":"https:\/\/larevistadigital.com.ar\/blog\/category\/gremiales\/"},"img":{"alt_text":"","src":"https:\/\/i0.wp.com\/larevistadigital.com.ar\/blog\/wp-content\/uploads\/2017\/11\/slider4.jpeg?fit=1200%2C563&ssl=1&resize=350%2C200","width":350,"height":200,"srcset":"https:\/\/i0.wp.com\/larevistadigital.com.ar\/blog\/wp-content\/uploads\/2017\/11\/slider4.jpeg?fit=1200%2C563&ssl=1&resize=350%2C200 1x, https:\/\/i0.wp.com\/larevistadigital.com.ar\/blog\/wp-content\/uploads\/2017\/11\/slider4.jpeg?fit=1200%2C563&ssl=1&resize=525%2C300 1.5x, https:\/\/i0.wp.com\/larevistadigital.com.ar\/blog\/wp-content\/uploads\/2017\/11\/slider4.jpeg?fit=1200%2C563&ssl=1&resize=700%2C400 2x, https:\/\/i0.wp.com\/larevistadigital.com.ar\/blog\/wp-content\/uploads\/2017\/11\/slider4.jpeg?fit=1200%2C563&ssl=1&resize=1050%2C600 3x"},"classes":[]},{"id":6228,"url":"https:\/\/larevistadigital.com.ar\/blog\/unitec-blue-no-se-presento-a-la-audiencia-de-conciliacion-con-la-uom\/","url_meta":{"origin":35970,"position":3},"title":"UNITEC BLUE NO SE PRESENT\u00d3 A LA AUDIENCIA DE CONCILIACI\u00d3N CON LA UOM","author":"Alejandro Sosa Ruda","date":"16 agosto, 2018","format":false,"excerpt":"Como se recordar\u00e1, tras conocerse el posible cierre de la planta Unitec Blue, propiedad del empresario Eduardo Eurnekian que funciona en el km 119,200 de la Autov\u00eda 2, el gremio pidi\u00f3 la intervenci\u00f3n de la Secretar\u00eda de Trabajo, lo que desemboc\u00f3 en una primera audiencia de conciliaci\u00f3n realizada a fines\u2026","rel":"","context":"En \u00abDESTACADAS\u00bb","block_context":{"text":"DESTACADAS","link":"https:\/\/larevistadigital.com.ar\/blog\/category\/destacadas\/"},"img":{"alt_text":"","src":"https:\/\/i0.wp.com\/larevistadigital.com.ar\/blog\/wp-content\/uploads\/2018\/08\/descarga.jpg?fit=650%2C305&ssl=1&resize=350%2C200","width":350,"height":200,"srcset":"https:\/\/i0.wp.com\/larevistadigital.com.ar\/blog\/wp-content\/uploads\/2018\/08\/descarga.jpg?fit=650%2C305&ssl=1&resize=350%2C200 1x, https:\/\/i0.wp.com\/larevistadigital.com.ar\/blog\/wp-content\/uploads\/2018\/08\/descarga.jpg?fit=650%2C305&ssl=1&resize=525%2C300 1.5x"},"classes":[]},{"id":3851,"url":"https:\/\/larevistadigital.com.ar\/blog\/chascomus-se-decidio-continuar-fin-mes-los-retiros-voluntarios-unitec-blue\/","url_meta":{"origin":35970,"position":4},"title":"CHASCOM\u00daS: SE DECIDI\u00d3 CONTINUAR HASTA FIN DE MES CON LOS RETIROS VOLUNTARIOS EN UNITEC BLUE","author":"Alejandro Sosa Ruda","date":"15 noviembre, 2017","format":false,"excerpt":"Entrevistado por el periodista Alfredo Perona, en el programa \u201cTardes El Tr\u00e9bol\u201d que se emite por la FM 101.5, el dirigente metal\u00fargico Mario Batista habl\u00f3 de c\u00f3mo est\u00e1 la dif\u00edcil situaci\u00f3n en Unitec Blue, que podr\u00eda derivar en despidos masivos de personal. Mencion\u00f3 que la reuni\u00f3n con el Directorio de\u2026","rel":"","context":"En \u00abGREMIALES\u00bb","block_context":{"text":"GREMIALES","link":"https:\/\/larevistadigital.com.ar\/blog\/category\/gremiales\/"},"img":{"alt_text":"","src":"https:\/\/i0.wp.com\/larevistadigital.com.ar\/blog\/wp-content\/uploads\/2017\/11\/AAEAAQAAAAAAAAqRAAAAJDZjNWVjZjc1LWNlYTgtNDIwZS1iZDdkLTcyODVkNTkyNzk5YQ.png?fit=646%2C223&ssl=1&resize=350%2C200","width":350,"height":200,"srcset":"https:\/\/i0.wp.com\/larevistadigital.com.ar\/blog\/wp-content\/uploads\/2017\/11\/AAEAAQAAAAAAAAqRAAAAJDZjNWVjZjc1LWNlYTgtNDIwZS1iZDdkLTcyODVkNTkyNzk5YQ.png?fit=646%2C223&ssl=1&resize=350%2C200 1x, https:\/\/i0.wp.com\/larevistadigital.com.ar\/blog\/wp-content\/uploads\/2017\/11\/AAEAAQAAAAAAAAqRAAAAJDZjNWVjZjc1LWNlYTgtNDIwZS1iZDdkLTcyODVkNTkyNzk5YQ.png?fit=646%2C223&ssl=1&resize=525%2C300 1.5x"},"classes":[]},{"id":6809,"url":"https:\/\/larevistadigital.com.ar\/blog\/crisis-en-unitec-blue-el-dirigente-gremial-mario-batista-dijo-que-hasta-fin-de-mes-no-habra-precisiones\/","url_meta":{"origin":35970,"position":5},"title":"CRISIS EN UNITEC BLUE&#8230; EL DIRIGENTE GREMIAL MARIO BATISTA DIJO QUE HASTA FIN DE MES NO HABR\u00c1 PRECISIONES","author":"Alejandro Sosa Ruda","date":"13 octubre, 2018","format":false,"excerpt":"El dirigente gremial chascomunense de la UOM, Mario Batista fue entrevistado por el periodista Alfredo Perona durante su programa en FM 102,1 Radio UNO. La nota fue en relaci\u00f3n a la dram\u00e1tica situaci\u00f3n que viven los empleados de la firma Unitec Blue, los que como lo informamos con anterioridad han\u2026","rel":"","context":"En \u00abDESTACADAS\u00bb","block_context":{"text":"DESTACADAS","link":"https:\/\/larevistadigital.com.ar\/blog\/category\/destacadas\/"},"img":{"alt_text":"","src":"https:\/\/i0.wp.com\/larevistadigital.com.ar\/blog\/wp-content\/uploads\/2018\/10\/947204_114728018732819_1440956946_n.jpg?fit=720%2C960&ssl=1&resize=350%2C200","width":350,"height":200,"srcset":"https:\/\/i0.wp.com\/larevistadigital.com.ar\/blog\/wp-content\/uploads\/2018\/10\/947204_114728018732819_1440956946_n.jpg?fit=720%2C960&ssl=1&resize=350%2C200 1x, https:\/\/i0.wp.com\/larevistadigital.com.ar\/blog\/wp-content\/uploads\/2018\/10\/947204_114728018732819_1440956946_n.jpg?fit=720%2C960&ssl=1&resize=525%2C300 1.5x, https:\/\/i0.wp.com\/larevistadigital.com.ar\/blog\/wp-content\/uploads\/2018\/10\/947204_114728018732819_1440956946_n.jpg?fit=720%2C960&ssl=1&resize=700%2C400 2x"},"classes":[]}],"_links":{"self":[{"href":"https:\/\/larevistadigital.com.ar\/blog\/wp-json\/wp\/v2\/posts\/35970","targetHints":{"allow":["GET"]}}],"collection":[{"href":"https:\/\/larevistadigital.com.ar\/blog\/wp-json\/wp\/v2\/posts"}],"about":[{"href":"https:\/\/larevistadigital.com.ar\/blog\/wp-json\/wp\/v2\/types\/post"}],"author":[{"embeddable":true,"href":"https:\/\/larevistadigital.com.ar\/blog\/wp-json\/wp\/v2\/users\/3"}],"replies":[{"embeddable":true,"href":"https:\/\/larevistadigital.com.ar\/blog\/wp-json\/wp\/v2\/comments?post=35970"}],"version-history":[{"count":1,"href":"https:\/\/larevistadigital.com.ar\/blog\/wp-json\/wp\/v2\/posts\/35970\/revisions"}],"predecessor-version":[{"id":35971,"href":"https:\/\/larevistadigital.com.ar\/blog\/wp-json\/wp\/v2\/posts\/35970\/revisions\/35971"}],"wp:featuredmedia":[{"embeddable":true,"href":"https:\/\/larevistadigital.com.ar\/blog\/wp-json\/wp\/v2\/media\/2761"}],"wp:attachment":[{"href":"https:\/\/larevistadigital.com.ar\/blog\/wp-json\/wp\/v2\/media?parent=35970"}],"wp:term":[{"taxonomy":"category","embeddable":true,"href":"https:\/\/larevistadigital.com.ar\/blog\/wp-json\/wp\/v2\/categories?post=35970"},{"taxonomy":"post_tag","embeddable":true,"href":"https:\/\/larevistadigital.com.ar\/blog\/wp-json\/wp\/v2\/tags?post=35970"}],"curies":[{"name":"wp","href":"https:\/\/api.w.org\/{rel}","templated":true}]}}