{"id":36147,"date":"2024-05-27T18:22:54","date_gmt":"2024-05-27T21:22:54","guid":{"rendered":"https:\/\/larevistadigital.com.ar\/blog\/?p=36147"},"modified":"2024-05-27T18:23:13","modified_gmt":"2024-05-27T21:23:13","slug":"bianco-solo-la-crueldad-explica-alguna-de-las-acciones-del-gobierno-nacional","status":"publish","type":"post","link":"https:\/\/larevistadigital.com.ar\/blog\/bianco-solo-la-crueldad-explica-alguna-de-las-acciones-del-gobierno-nacional\/","title":{"rendered":"BIANCO: \u00abSOLO LA CRUELDAD EXPLICA ALGUNA DE LAS ACCIONES DEL GOBIERNO NACIONAL\u00bb"},"content":{"rendered":"<h2><em>Lo asegur\u00f3 el Ministro de Gobierno en la conferencia de prensa de este lunes junto al ministro de Producci\u00f3n, Ciencia e Innovaci\u00f3n Tecnol\u00f3gica, Augusto Costa, y el presidente del Banco Provincia, Juan Cuattromo.<\/em><\/h2>\n<p>27 de Mayo de 2024<\/p>\n<p><strong>BUENOS AIRES\u00a0 &#8211;\u00a0<\/strong> \u00a0<strong><em>\u201cLa Provincia viene haciendo un esfuerzo muy grande frente al ajuste que est\u00e1 llevando adelante el Gobierno nacional\u201d<\/em><\/strong>, sostuvo Bianco al encabezar este lunes la conferencia de prensa semanal del Gobierno de la Provincia de Buenos Aires junto al ministro de Producci\u00f3n, Ciencia e Innovaci\u00f3n Tecnol\u00f3gica, Augusto Costa, y el presidente del Banco Provincia, <strong>Juan Cuattromo<\/strong>.<\/p>\n<blockquote>\n<h3>En el marco del encuentro, el Ministro de Gobierno anunci\u00f3 la publicaci\u00f3n en el Bolet\u00edn Oficial del Decreto de creaci\u00f3n del Consorcio de Gesti\u00f3n y Desarrollo de la Autopista Presidente Per\u00f3n.<\/h3>\n<\/blockquote>\n<p>En este sentido, <strong>Bianco<\/strong> explic\u00f3:<strong><em> \u201cActualmente, la autopista se encuentra en una situaci\u00f3n de total abandono por parte del Gobierno nacional, que no ha avanzado en la terminaci\u00f3n de los seis kil\u00f3metros entre el Camino del Buen Ayre y Merlo ni en los veinticinco kil\u00f3metros desde la Ruta 210 en Guernica hasta la Ruta 2\u201d.<\/em><\/strong><\/p>\n<p><strong><em>\u201cPor esta raz\u00f3n, vamos a solicitar al Gobierno nacional que traspase al Gobierno de la Provincia la operaci\u00f3n, mantenimiento y finalizaci\u00f3n de las obras. Esta es una preocupaci\u00f3n no solo del gobernador Axel Kicillof, sino de los intendentes de cada uno de los distritos bonaerenses, especialmente en materia de seguridad. La falta de iluminaci\u00f3n, el abandono de la traza y la ausencia de fuerzas federales han llevado a que la autopista se est\u00e9 transformando en un corredor vinculado al narcotr\u00e1fico y al narcomenudeo\u201d<\/em><\/strong>, comunic\u00f3 el ministro.<\/p>\n<blockquote>\n<h3>El Consorcio estar\u00e1 integrado por el Gobierno de la Provincia y los municipios de Berazategui, Ezeiza, Florencio Varela, Ituzaing\u00f3, La Matanza, Merlo, Presidente Per\u00f3n y San Vicente, los cuales participar\u00e1n en los pr\u00f3ximos d\u00edas de la firma del convenio para su creaci\u00f3n.<\/h3>\n<\/blockquote>\n<p>Adem\u00e1s, <strong>Bianco<\/strong> realiz\u00f3 un breve repaso de la agenda desarrollada la semana pasada por el gobernador <strong>Axel Kicillof<\/strong> y se refiri\u00f3 a las actividades que el mandatario llevar\u00e1 adelante durante esta semana.<\/p>\n<h3><span style=\"color: #ff0000\"><strong>Planta de GNL en Bah\u00eda Blanca<\/strong><\/span><\/h3>\n<p>A su turno, el ministro<strong> Costa<\/strong> se refiri\u00f3 al decreto emitido el pasado viernes por el que se declar\u00f3 de inter\u00e9s provincial la instalaci\u00f3n de una planta de licuefacci\u00f3n de gas natural en el Puerto de Bah\u00eda Blanca.<\/p>\n<p><strong><em>\u201cTrabajamos para dar continuidad a proyectos de inversi\u00f3n muy importantes, que es necesario que sigan su curso. Uno es el proyecto de la planta de licuefacci\u00f3n de gas en el puerto de Bah\u00eda Blanca, que tiene que ver con la recuperaci\u00f3n de YPF y el desarrollo de Vaca Muerta, para tener una generaci\u00f3n de GNL en nuestra provincia. Dada su importancia, el Gobernador lo declar\u00f3 proyecto de inter\u00e9s provincial\u201d<\/em><\/strong>, declar\u00f3 el ministro.<\/p>\n<blockquote>\n<h3>Asimismo, Costa explic\u00f3: <em>\u201cA trav\u00e9s de esta inversi\u00f3n se llegar\u00e1 a producir entre 25 y 30 millones de toneladas por a\u00f1o. Es un proyecto estrat\u00e9gico y clave, ya que implica un impulso para el desarrollo productivo con agregado de valor, fuerte aumento de las exportaciones, incentivo a la operatoria portuaria bonaerense y un gran generador de empleo\u201d<\/em>.<\/h3>\n<\/blockquote>\n<p><em><strong>\u201cEn el marco de un contexto dif\u00edcil, queremos ratificar la voluntad del Gobierno bonaerense de trabajar codo a codo con YPF, Petronas y el puerto de Bah\u00eda Blanca. Este proyecto le va a cambiar las perspectivas a la provincia y al pa\u00eds. No vemos motivos para que sea puesto en cuesti\u00f3n\u201d<\/strong><\/em>, afirm\u00f3 el funcionario.<\/p>\n<h3><span style=\"color: #ff0000\"><strong>Anuncios del Banco Provincia<\/strong><\/span><\/h3>\n<p>Finalmente, <strong>Juan Cuattromo<\/strong> comunic\u00f3 nuevas medidas impulsadas por el Banco Provincia y destac\u00f3: <em><strong>\u201cVemos que nuestras herramientas financieras no est\u00e1n perdiendo competitivamente mercado, sino todo lo contrario. Mientras que el Banco Provincia ocupa un lugar importante a partir de sus beneficios y promociones, el consumo, ajustado por inflaci\u00f3n, cay\u00f3 un 35% interanual en abril. La mayor ca\u00edda se dio en la regi\u00f3n metropolitana de Buenos Aires, con cifras del orden de 38% interanual\u201d<\/strong><\/em>. Y agreg\u00f3: <strong><em>\u00abEn ese contexto el gobernador Axel Kicillof nos pidi\u00f3 que impulsemos medidas contrac\u00edclicas para atenuar el impacto del brutal ajuste que est\u00e1 llevando adelante el Gobierno nacional\u201d<\/em><\/strong>.<\/p>\n<p>El presidente de la banca p\u00fablica bonaerense anunci\u00f3 una serie de incentivos a la producci\u00f3n y al consumo que incluyen el aumento de los l\u00edmites de tarjetas de cr\u00e9dito, beneficios a trav\u00e9s de la aplicaci\u00f3n Cuenta DNI, cuotas sin inter\u00e9s y reintegros por compras realizadas con tarjetas de cr\u00e9dito para el D\u00eda del Padre, entre otras medidas.<\/p>\n<p><span style=\"color: #ff0000\"><strong>ANEXO<\/strong><\/span><\/p>\n<p><span style=\"color: #ff0000\"><strong>El detalle de los anuncios del Banco Provincia<\/strong><\/span><\/p>\n<p>A continuaci\u00f3n, se detallan los anuncios realizados por el presidente del Banco Provincia, Juan Cuattromo.<\/p>\n<p><span style=\"color: #ff0000\"><strong>Incentivos al consumo<\/strong><\/span><\/p>\n<ul>\n<li><span style=\"color: #ff0000\"><strong><em>Nuevos beneficios en Cuenta DNI.<\/em><\/strong><\/span>\u00a0A las habituales promos de la billetera digital se agregan tres novedades: un aumento en el tope de reintegro semanal en carnicer\u00edas, granjas y pescader\u00edas, que pasa a $ 5.500; un nuevo descuento de 40% para la compra de garrafas, con tope $ 3.600 por mes, por persona; y el aumento del tope de reintegro semanal en ferias, mercados y entidades educativas (universidades), que pasa de $ 3.000 a $ 4.000.<\/li>\n<li><span style=\"color: #ff0000\"><strong><em>Aumento autom\u00e1tico de los l\u00edmites en las tarjetas de cr\u00e9dito.<\/em><\/strong><\/span>\u00a0Se incrementan de forma centralizada los l\u00edmites de las tarjetas Visa y Master de 550 mil clientes, lo que involucra a casi 800 mil cuentas. El aumento alcanza a todos los tipos de tarjeta (Visa Classic, Gold, Platinum y Signature, Master Regional, Internacional, Gold, Platinum y Black). En total extiende 377 mil millones de pesos en financiamiento.<\/li>\n<li><span style=\"color: #ff0000\"><strong><em>Beneficios con la tarjeta de cr\u00e9dito.<\/em><\/strong><\/span>\u00a0Para el D\u00eda del Padre se realizar\u00e1 un 30% de reintegro ($15.000 por transacci\u00f3n) o 12 cuotas sin inter\u00e9s. Adem\u00e1s, de julio a diciembre se mantendr\u00e1n beneficios diarios de cuotas sin inter\u00e9s en todos los rubros.<\/li>\n<li><span style=\"color: #ff0000\"><strong><em>Provincia Compras.<\/em><\/strong><\/span>\u00a0Jornadas especiales de cuotas sin inter\u00e9s en distintas fechas del mes: D\u00eda del Padre, D\u00eda del Medio Ambiente y Especial Copa Am\u00e9rica.<\/li>\n<\/ul>\n<h3><span style=\"color: #ff0000\"><strong>Incentivos a la producci\u00f3n<\/strong><\/span><\/h3>\n<ul>\n<li><span style=\"color: #ff0000\"><strong><em>Provincia Aguinaldo.<\/em><\/strong><\/span>\u00a0Cr\u00e9ditos para financiar gastos estacionales relacionadas con el pago de sueldos, vacaciones, bonos extraordinarios, compensaciones remunerativas y aguinaldos. Tiene un plazo de hasta seis meses y una tasa desde el 24% NAV.<\/li>\n<li><span style=\"color: #ff0000\"><em><strong>Impulso al Comercio Bonaerense (segunda etapa).<\/strong><\/em>\u00a0<\/span>Cr\u00e9ditos para comercios destinados a la adquisici\u00f3n de productos finales de fabricaci\u00f3n nacional. La l\u00ednea cuenta con un plazo de 12 meses, con tres de gracia. La tasa es de 13,05% para comercios liderados por mujeres y\/o personas de identidad no binaria y de 14,50% para el resto de los comercios.<\/li>\n<li><span style=\"color: #ff0000\"><strong><em>Impulso a los microcr\u00e9ditos.<\/em><\/strong><\/span>\u00a0Cr\u00e9ditos para microemprendedores\/as destinado a capital de trabajo o inversi\u00f3n. El plazo puede ser de 36 o 60 meses, con subsidio de tasa del Ministerio de Producci\u00f3n bonaerense que va de 20 a 30 puntos, en este \u00faltimo caso si son emprendimientos liderados por mujeres y\/o diversidades.<\/li>\n<li><span style=\"color: #ff0000\"><em><strong>Grupos asociativos Provincia Microcr\u00e9ditos.<\/strong><\/em><\/span>\u00a0Financiamiento destinado a capital de trabajo o inversi\u00f3n para grupos asociativos no vinculados a Banco Provincia. El monto m\u00e1ximo es el equivalente en pesos a 50 SMVM (Salario M\u00ednimo Vital y M\u00f3vil). Plazos de hasta 36 y 60 meses, con tasa fija desde 45% NAV.<\/li>\n<li><span style=\"color: #ff0000\"><em><strong>Aumento de las garant\u00edas de FOGABA<\/strong><\/em><\/span><\/li>\n<\/ul>\n<ol>\n<li>Para pymes: autom\u00e1tica, hasta $26.250.000; semiautom\u00e1tica, hasta $35.000.000; tradicional, $ 750.000.000.<\/li>\n<li>Para microemprendedores\/as: hasta el equivalente de 37,5 SMVM<\/li>\n<\/ol>\n","protected":false},"excerpt":{"rendered":"<div class=\"mh-excerpt\"><p>Lo asegur\u00f3 el Ministro de Gobierno en la conferencia de prensa de este lunes junto al ministro de Producci\u00f3n, Ciencia e Innovaci\u00f3n Tecnol\u00f3gica, Augusto Costa, y el presidente del Banco Provincia, Juan Cuattromo. 27 de <a class=\"mh-excerpt-more\" href=\"https:\/\/larevistadigital.com.ar\/blog\/bianco-solo-la-crueldad-explica-alguna-de-las-acciones-del-gobierno-nacional\/\" title=\"BIANCO: \u00abSOLO LA CRUELDAD EXPLICA ALGUNA DE LAS ACCIONES DEL GOBIERNO NACIONAL\u00bb\">[Leer M\u00e1s]<\/a><\/p>\n<\/div>","protected":false},"author":3,"featured_media":36148,"comment_status":"open","ping_status":"open","sticky":false,"template":"","format":"standard","meta":{"_jetpack_memberships_contains_paid_content":false,"footnotes":"","jetpack_publicize_message":"","jetpack_publicize_feature_enabled":true,"jetpack_social_post_already_shared":true,"jetpack_social_options":{"image_generator_settings":{"template":"highway","default_image_id":0,"font":"","enabled":false},"version":2}},"categories":[41,24],"tags":[],"class_list":{"0":"post-36147","1":"post","2":"type-post","3":"status-publish","4":"format-standard","5":"has-post-thumbnail","7":"category-destacadas","8":"category-politica-provincial"},"jetpack_publicize_connections":[],"jetpack_featured_media_url":"https:\/\/i0.wp.com\/larevistadigital.com.ar\/blog\/wp-content\/uploads\/Segunda-conferencia-Bianco.jpeg?fit=743%2C530&ssl=1","jetpack_sharing_enabled":true,"jetpack_shortlink":"https:\/\/wp.me\/p8qtrQ-9p1","jetpack-related-posts":[{"id":42413,"url":"https:\/\/larevistadigital.com.ar\/blog\/banco-provincia-lanza-beneficios-y-financiamiento-para-respaldar-la-temporada-bonaerense\/","url_meta":{"origin":36147,"position":0},"title":"Banco Provincia lanza beneficios y financiamiento para respaldar la temporada bonaerense","author":"Alejandro Sosa Ruda","date":"5 noviembre, 2025","format":false,"excerpt":"La banca p\u00fablica lanz\u00f3 una l\u00ednea de cr\u00e9ditos y diversas promociones destinadas a fortalecer el consumo y la actividad tur\u00edstica en la Costa Atl\u00e1ntica de cara a la pr\u00f3xima temporada. 05 de Noviembre de 2025 BUENOS AIRES -\u00a0 \u00a0Banco Provincia\u00a0lanz\u00f3 una l\u00ednea de cr\u00e9ditos y diversas promociones para fortalecer el\u2026","rel":"","context":"En \u00abREGIONALES\u00bb","block_context":{"text":"REGIONALES","link":"https:\/\/larevistadigital.com.ar\/blog\/category\/regionales\/"},"img":{"alt_text":"","src":"https:\/\/i0.wp.com\/larevistadigital.com.ar\/blog\/wp-content\/uploads\/Captura-de-pantalla-2025-11-05-232730.jpg?fit=794%2C459&ssl=1&resize=350%2C200","width":350,"height":200,"srcset":"https:\/\/i0.wp.com\/larevistadigital.com.ar\/blog\/wp-content\/uploads\/Captura-de-pantalla-2025-11-05-232730.jpg?fit=794%2C459&ssl=1&resize=350%2C200 1x, https:\/\/i0.wp.com\/larevistadigital.com.ar\/blog\/wp-content\/uploads\/Captura-de-pantalla-2025-11-05-232730.jpg?fit=794%2C459&ssl=1&resize=525%2C300 1.5x, https:\/\/i0.wp.com\/larevistadigital.com.ar\/blog\/wp-content\/uploads\/Captura-de-pantalla-2025-11-05-232730.jpg?fit=794%2C459&ssl=1&resize=700%2C400 2x"},"classes":[]},{"id":39657,"url":"https:\/\/larevistadigital.com.ar\/blog\/bianco-detallo-los-preparativos-para-las-elecciones-legislativas-provinciales\/","url_meta":{"origin":36147,"position":1},"title":"Bianco detall\u00f3 los preparativos para las elecciones legislativas provinciales","author":"Alejandro Sosa Ruda","date":"5 mayo, 2025","format":false,"excerpt":"El Ministro de Gobierno bonaerense brind\u00f3 una rueda de prensa junto a su par de Infraestructura y Servicios P\u00fablicos, Gabriel Katopodis, y el presidente del Banco Provincia, Juan Cuattromo. 05 de Mayo de 2025 BUENOS AIRES -\u00a0 \u00a0\u201cUnos 22 mil efectivos de la Polic\u00eda bonaerense estar\u00e1n a disposici\u00f3n del Comando\u2026","rel":"","context":"En \u00abDESTACADAS\u00bb","block_context":{"text":"DESTACADAS","link":"https:\/\/larevistadigital.com.ar\/blog\/category\/destacadas\/"},"img":{"alt_text":"","src":"https:\/\/i0.wp.com\/larevistadigital.com.ar\/blog\/wp-content\/uploads\/foto_19.jpeg?fit=743%2C530&ssl=1&resize=350%2C200","width":350,"height":200,"srcset":"https:\/\/i0.wp.com\/larevistadigital.com.ar\/blog\/wp-content\/uploads\/foto_19.jpeg?fit=743%2C530&ssl=1&resize=350%2C200 1x, https:\/\/i0.wp.com\/larevistadigital.com.ar\/blog\/wp-content\/uploads\/foto_19.jpeg?fit=743%2C530&ssl=1&resize=525%2C300 1.5x, https:\/\/i0.wp.com\/larevistadigital.com.ar\/blog\/wp-content\/uploads\/foto_19.jpeg?fit=743%2C530&ssl=1&resize=700%2C400 2x"},"classes":[]},{"id":42498,"url":"https:\/\/larevistadigital.com.ar\/blog\/bianco-el-gobierno-nacional-le-debe-129-billones-a-la-provincia\/","url_meta":{"origin":36147,"position":2},"title":"Bianco: \u201cEl Gobierno nacional le debe $12,9 billones a la Provincia\u201d","author":"Alejandro Sosa Ruda","date":"17 noviembre, 2025","format":false,"excerpt":"El ministro de Gobierno, Carlos Bianco, llev\u00f3 a cabo una nueva conferencia de prensa junto al ministro de Infraestructura y Servicios P\u00fablicos, Gabriel Katopodis, y al presidente de AUBASA, Jos\u00e9 Arteaga. El ministro de Gobierno de la Provincia de Buenos Aires, Carlos Bianco, brind\u00f3 hoy la habitual conferencia de prensa\u2026","rel":"","context":"En \u00abDESTACADAS\u00bb","block_context":{"text":"DESTACADAS","link":"https:\/\/larevistadigital.com.ar\/blog\/category\/destacadas\/"},"img":{"alt_text":"","src":"https:\/\/i0.wp.com\/larevistadigital.com.ar\/blog\/wp-content\/uploads\/Screenshot_20251117_134850_Drive.jpg?fit=743%2C530&ssl=1&resize=350%2C200","width":350,"height":200,"srcset":"https:\/\/i0.wp.com\/larevistadigital.com.ar\/blog\/wp-content\/uploads\/Screenshot_20251117_134850_Drive.jpg?fit=743%2C530&ssl=1&resize=350%2C200 1x, https:\/\/i0.wp.com\/larevistadigital.com.ar\/blog\/wp-content\/uploads\/Screenshot_20251117_134850_Drive.jpg?fit=743%2C530&ssl=1&resize=525%2C300 1.5x, https:\/\/i0.wp.com\/larevistadigital.com.ar\/blog\/wp-content\/uploads\/Screenshot_20251117_134850_Drive.jpg?fit=743%2C530&ssl=1&resize=700%2C400 2x"},"classes":[]},{"id":44445,"url":"https:\/\/larevistadigital.com.ar\/blog\/kicillof-participo-de-la-cena-de-expoagro-2026\/","url_meta":{"origin":36147,"position":3},"title":"Kicillof particip\u00f3 de la cena de Expoagro 2026","author":"Alejandro Sosa Ruda","date":"10 marzo, 2026","format":false,"excerpt":"El gobernador de la provincia de Buenos Aires, Axel Kicillof, particip\u00f3 este lunes en San Nicol\u00e1s de la cena de inauguraci\u00f3n de la 20\u00b0 edici\u00f3n de Expoagro, la mayor muestra agroindustrial a cielo abierto de la regi\u00f3n. Fue en el Hotel Colonial, junto a los ministros de Gobierno, Carlos Bianco;\u2026","rel":"","context":"En \u00abPOLITICA PROVINCIAL\u00bb","block_context":{"text":"POLITICA PROVINCIAL","link":"https:\/\/larevistadigital.com.ar\/blog\/category\/politica\/politica-provincial\/"},"img":{"alt_text":"","src":"https:\/\/i0.wp.com\/larevistadigital.com.ar\/blog\/wp-content\/uploads\/DON_2243-scaled.jpg?fit=1200%2C800&ssl=1&resize=350%2C200","width":350,"height":200,"srcset":"https:\/\/i0.wp.com\/larevistadigital.com.ar\/blog\/wp-content\/uploads\/DON_2243-scaled.jpg?fit=1200%2C800&ssl=1&resize=350%2C200 1x, https:\/\/i0.wp.com\/larevistadigital.com.ar\/blog\/wp-content\/uploads\/DON_2243-scaled.jpg?fit=1200%2C800&ssl=1&resize=525%2C300 1.5x, https:\/\/i0.wp.com\/larevistadigital.com.ar\/blog\/wp-content\/uploads\/DON_2243-scaled.jpg?fit=1200%2C800&ssl=1&resize=700%2C400 2x, https:\/\/i0.wp.com\/larevistadigital.com.ar\/blog\/wp-content\/uploads\/DON_2243-scaled.jpg?fit=1200%2C800&ssl=1&resize=1050%2C600 3x"},"classes":[]},{"id":41034,"url":"https:\/\/larevistadigital.com.ar\/blog\/kicillof-y-magario-recorrieron-las-obras-de-ampliacion-del-polo-tecnologico-de-innovacion-en-ciudad-evita\/","url_meta":{"origin":36147,"position":4},"title":"Kicillof y Magario recorrieron las obras de ampliaci\u00f3n del Polo Tecnol\u00f3gico de Innovaci\u00f3n en Ciudad Evita","author":"Alejandro Sosa Ruda","date":"22 agosto, 2025","format":false,"excerpt":"Adem\u00e1s, el Gobernador, junto al intendente Espinoza, inaugur\u00f3 el Jard\u00edn de Infantes N\u00b01025 en la localidad. 22 de agosto de 2025 El gobernador de la provincia de Buenos Aires, Axel Kicillof, recorri\u00f3 este jueves junto a la vicegobernadora Ver\u00f3nica Magario y el intendente de La Matanza, Fernando Espinoza, los avances\u2026","rel":"","context":"En \u00abPOLITICA PROVINCIAL\u00bb","block_context":{"text":"POLITICA PROVINCIAL","link":"https:\/\/larevistadigital.com.ar\/blog\/category\/politica\/politica-provincial\/"},"img":{"alt_text":"","src":"https:\/\/i0.wp.com\/larevistadigital.com.ar\/blog\/wp-content\/uploads\/77A9208.jpg?fit=743%2C530&ssl=1&resize=350%2C200","width":350,"height":200,"srcset":"https:\/\/i0.wp.com\/larevistadigital.com.ar\/blog\/wp-content\/uploads\/77A9208.jpg?fit=743%2C530&ssl=1&resize=350%2C200 1x, https:\/\/i0.wp.com\/larevistadigital.com.ar\/blog\/wp-content\/uploads\/77A9208.jpg?fit=743%2C530&ssl=1&resize=525%2C300 1.5x, https:\/\/i0.wp.com\/larevistadigital.com.ar\/blog\/wp-content\/uploads\/77A9208.jpg?fit=743%2C530&ssl=1&resize=700%2C400 2x"},"classes":[]},{"id":14709,"url":"https:\/\/larevistadigital.com.ar\/blog\/castelli-presente-en-el-encuentro-de-produccion-ciencia-e-innovacion-tecnologica\/","url_meta":{"origin":36147,"position":5},"title":"CASTELLI: PRESENTE EN EL ENCUENTRO DE PRODUCCI\u00d3N CIENCIA E INNOVACI\u00d3N TECNOL\u00d3GICA","author":"Alejandro Sosa Ruda","date":"11 febrero, 2020","format":false,"excerpt":"El Director de Producci\u00f3n y Medio Ambiente, Luis Brunno, se hizo presente en la Universidad Nacional de San Mart\u00edn en el Primer Encuentro de Producci\u00f3n, Ciencia\u00a0e Innovaci\u00f3n Tecnol\u00f3gica de la Provincia de Buenos Aires. El encuentro fue encabezado por el ministro de Producci\u00f3n, Ciencia y Tecnolog\u00eda bonaerense, Augusto Costa, y\u2026","rel":"","context":"En \u00abCASTELLI\u00bb","block_context":{"text":"CASTELLI","link":"https:\/\/larevistadigital.com.ar\/blog\/category\/castelli\/"},"img":{"alt_text":"","src":"https:\/\/i0.wp.com\/larevistadigital.com.ar\/blog\/wp-content\/uploads\/84760144_1914594208684615_1393917870546616320_o.jpg?fit=1040%2C584&ssl=1&resize=350%2C200","width":350,"height":200,"srcset":"https:\/\/i0.wp.com\/larevistadigital.com.ar\/blog\/wp-content\/uploads\/84760144_1914594208684615_1393917870546616320_o.jpg?fit=1040%2C584&ssl=1&resize=350%2C200 1x, https:\/\/i0.wp.com\/larevistadigital.com.ar\/blog\/wp-content\/uploads\/84760144_1914594208684615_1393917870546616320_o.jpg?fit=1040%2C584&ssl=1&resize=525%2C300 1.5x, https:\/\/i0.wp.com\/larevistadigital.com.ar\/blog\/wp-content\/uploads\/84760144_1914594208684615_1393917870546616320_o.jpg?fit=1040%2C584&ssl=1&resize=700%2C400 2x"},"classes":[]}],"_links":{"self":[{"href":"https:\/\/larevistadigital.com.ar\/blog\/wp-json\/wp\/v2\/posts\/36147","targetHints":{"allow":["GET"]}}],"collection":[{"href":"https:\/\/larevistadigital.com.ar\/blog\/wp-json\/wp\/v2\/posts"}],"about":[{"href":"https:\/\/larevistadigital.com.ar\/blog\/wp-json\/wp\/v2\/types\/post"}],"author":[{"embeddable":true,"href":"https:\/\/larevistadigital.com.ar\/blog\/wp-json\/wp\/v2\/users\/3"}],"replies":[{"embeddable":true,"href":"https:\/\/larevistadigital.com.ar\/blog\/wp-json\/wp\/v2\/comments?post=36147"}],"version-history":[{"count":1,"href":"https:\/\/larevistadigital.com.ar\/blog\/wp-json\/wp\/v2\/posts\/36147\/revisions"}],"predecessor-version":[{"id":36149,"href":"https:\/\/larevistadigital.com.ar\/blog\/wp-json\/wp\/v2\/posts\/36147\/revisions\/36149"}],"wp:featuredmedia":[{"embeddable":true,"href":"https:\/\/larevistadigital.com.ar\/blog\/wp-json\/wp\/v2\/media\/36148"}],"wp:attachment":[{"href":"https:\/\/larevistadigital.com.ar\/blog\/wp-json\/wp\/v2\/media?parent=36147"}],"wp:term":[{"taxonomy":"category","embeddable":true,"href":"https:\/\/larevistadigital.com.ar\/blog\/wp-json\/wp\/v2\/categories?post=36147"},{"taxonomy":"post_tag","embeddable":true,"href":"https:\/\/larevistadigital.com.ar\/blog\/wp-json\/wp\/v2\/tags?post=36147"}],"curies":[{"name":"wp","href":"https:\/\/api.w.org\/{rel}","templated":true}]}}