{"id":36150,"date":"2024-05-27T18:38:34","date_gmt":"2024-05-27T21:38:34","guid":{"rendered":"https:\/\/larevistadigital.com.ar\/blog\/?p=36150"},"modified":"2024-05-27T18:38:34","modified_gmt":"2024-05-27T21:38:34","slug":"cnel-pringles-kicillof-entrego-viviendas-e-inauguro-un-centro-de-estudios-superiores","status":"publish","type":"post","link":"https:\/\/larevistadigital.com.ar\/blog\/cnel-pringles-kicillof-entrego-viviendas-e-inauguro-un-centro-de-estudios-superiores\/","title":{"rendered":"CNEL. PR\u00cdNGLES: KICILLOF ENTREG\u00d3 VIVIENDAS, E INAUGUR\u00d3 UN CENTRO DE ESTUDIOS SUPERIORES"},"content":{"rendered":"<h2><em>Se entregaron 20 viviendas en el barrio Colectividades II, el proyecto cont\u00f3\u00a0con una inversi\u00f3n de $252 millones.<\/em><\/h2>\n<p>27 de Mayo de 2024<\/p>\n<p><strong>CORONEL PR\u00cdNGLES &#8211;\u00a0 <\/strong>El gobernador de la provincia de Buenos Aires, <strong>Axel Kicillof,<\/strong> visit\u00f3 este viernes el municipio de Coronel Pringles, donde encabez\u00f3 la entrega de viviendas e inaugur\u00f3 el Centro de Estudios Universitarios N\u00b02, en el marco del programa Puentes. Fue junto a la ministra de H\u00e1bitat y Desarrollo Urbano, <strong>Silvina Batakis<\/strong>; el ministro de Gobierno, <strong>Carlos Bianco<\/strong>; y el intendente local, <strong>Lisandro Matzkin<\/strong>.<\/p>\n<p><em><strong>\u201cA pesar de la situaci\u00f3n tan dif\u00edcil que debemos atravesar por las decisiones de un Gobierno nacional que paraliz\u00f3 todas las obras y busca asfixiar a las provincias, estamos en Coronel Pringles para dar una muestra de federalismo: aqu\u00ed los recursos de la Provincia se destinan a mejorar la calidad de vida de las y los bonaerenses en los 135 municipios\u201d<\/strong><\/em>, explic\u00f3 <strong>Kicillof.<\/strong><\/p>\n<blockquote>\n<h3>A partir de una inversi\u00f3n de $252 millones, se entregaron 20 viviendas en el barrio Colectividades II, ubicado junto a otro complejo habitacional de 40 unidades inauguradas en los \u00faltimos a\u00f1os. En el distrito hay otras 76 viviendas en construcci\u00f3n, con financiamiento del programa Bonaerense II &#8211; Solidaridad con los Municipios.<\/h3>\n<\/blockquote>\n<p>En ese sentido, el Gobernador afirm\u00f3 que <strong><em>\u201caqu\u00ed toda la comunidad acompa\u00f1a a las familias que acceden a sus viviendas: formamos parte de una provincia que comprende que solo nos podemos realizar si trabajamos de forma colectiva\u201d. \u201cLa inauguraci\u00f3n del centro universitario tiene el mismo objetivo: no solo beneficiar\u00e1 a quienes puedan cursar nuevas carreras, sino a toda la comunidad y a la provincia en su conjunto\u201d<\/em><\/strong>, indic\u00f3.<\/p>\n<p>Por su parte, <strong>Batakis<\/strong> se\u00f1al\u00f3: <strong><em>\u201cEn momentos donde pareciera que lo \u00fanico que prospera es la pelea, nosotros apostamos al di\u00e1logo y al trabajo junto con los municipios para lograr resultados\u201d. \u201cCreemos en un Estado presente, eficiente y honesto, y en un proyecto de desarrollo que incluya a todos los y las bonaerenses\u201d<\/em><\/strong>, indic\u00f3.<\/p>\n<blockquote>\n<h3>El Centro de Estudios Universitarios N\u00b02 posee 142 metros cuadrados en los que se distribuyen dos aulas, espacios de recepci\u00f3n, administraci\u00f3n y sanitarios. La obra consisti\u00f3 en la construcci\u00f3n de un nuevo edificio en el mismo predio donde funciona la Escuela Municipal de M\u00fasica.<\/h3>\n<\/blockquote>\n<p><strong><em>\u201cCon el programa Puentes apuntamos a seguir ampliando la oferta acad\u00e9mica en cada uno de los distritos: mientras el Gobierno nacional asfixia a la educaci\u00f3n p\u00fablica, nosotros invertimos para que todos los bonaerenses puedan estudiar y cada territorio genere sus capacidades y desarrollos\u201d,<\/em><\/strong> expres\u00f3 <strong>Bianco<\/strong>.<\/p>\n<blockquote>\n<h3>Por su parte, el intendente<strong> Matzkin<\/strong> manifest\u00f3: <em>\u201cDesde el municipio no podr\u00edamos haber hecho estas obras por nuestra cuenta: para poder concretarlas necesit\u00e1bamos trabajar en equipo con la provincia y hoy los resultados est\u00e1n a la vista\u201d.<\/em><\/h3>\n<\/blockquote>\n<p>Por \u00faltimo, <strong>Kicillof<\/strong> subray\u00f3 que <em><strong>\u201clos resultados positivos de la articulaci\u00f3n con los 135 municipios nos deben servir para reflexionar acerca de la posici\u00f3n de un Gobierno nacional que desert\u00f3 de sus responsabilidades constitucionales\u201d. \u201cPuede estar generando problemas diplom\u00e1ticos por el mundo u organizando conciertos, pero no est\u00e1 nunca donde y cuando lo necesitamos\u201d<\/strong><\/em>, concluy\u00f3.<\/p>\n<p>Estuvieron presentes durante las actividades la jefa de Asesores del Gobernador, Cristina \u00c1lvarez Rodr\u00edguez; el director general de Cultura y Educaci\u00f3n, Alberto Sileoni; el presidente del Banco Provincia, Juan Cuattromo; el director provincial de Vinculaci\u00f3n con el Sistema Universitario y Cient\u00edfico, Juan Brardinelli; la senadora provincial Ayel\u00e9n Dur\u00e1n; el intendente de Laprida, Alfredo Fisher; la rectora de la Universidad Provincial del Sudoeste (UPSO), Andrea Savoretti; las concejalas Ana S\u00e1nchez y Carolina Chaluf; el concejal Julio de Aduriz y el dirigente Jos\u00e9 Esteves.<\/p>\n","protected":false},"excerpt":{"rendered":"<div class=\"mh-excerpt\"><p>Se entregaron 20 viviendas en el barrio Colectividades II, el proyecto cont\u00f3\u00a0con una inversi\u00f3n de $252 millones. 27 de Mayo de 2024 CORONEL PR\u00cdNGLES &#8211;\u00a0 El gobernador de la provincia de Buenos Aires, Axel Kicillof, <a class=\"mh-excerpt-more\" href=\"https:\/\/larevistadigital.com.ar\/blog\/cnel-pringles-kicillof-entrego-viviendas-e-inauguro-un-centro-de-estudios-superiores\/\" title=\"CNEL. PR\u00cdNGLES: KICILLOF ENTREG\u00d3 VIVIENDAS, E INAUGUR\u00d3 UN CENTRO DE ESTUDIOS SUPERIORES\">[Leer M\u00e1s]<\/a><\/p>\n<\/div>","protected":false},"author":3,"featured_media":36151,"comment_status":"open","ping_status":"open","sticky":false,"template":"","format":"standard","meta":{"_jetpack_memberships_contains_paid_content":false,"footnotes":"","jetpack_publicize_message":"","jetpack_publicize_feature_enabled":true,"jetpack_social_post_already_shared":true,"jetpack_social_options":{"image_generator_settings":{"template":"highway","default_image_id":0,"font":"","enabled":false},"version":2}},"categories":[24,51],"tags":[],"class_list":{"0":"post-36150","1":"post","2":"type-post","3":"status-publish","4":"format-standard","5":"has-post-thumbnail","7":"category-politica-provincial","8":"category-regionales"},"jetpack_publicize_connections":[],"jetpack_featured_media_url":"https:\/\/i0.wp.com\/larevistadigital.com.ar\/blog\/wp-content\/uploads\/GBA0181.jpg?fit=743%2C530&ssl=1","jetpack_sharing_enabled":true,"jetpack_shortlink":"https:\/\/wp.me\/p8qtrQ-9p4","jetpack-related-posts":[{"id":36099,"url":"https:\/\/larevistadigital.com.ar\/blog\/axel-kicillof-avanza-con-la-formalizacion-del-pago-del-fonde-de-fortalecimiento-fiscal-municipal\/","url_meta":{"origin":36150,"position":0},"title":"AXEL KICILLOF AVANZA CON LA FORMALIZACI\u00d3N DEL PAGO DEL FONDE DE FORTALECIMIENTO FISCAL MUNICIPAL","author":"Alejandro Sosa Ruda","date":"21 mayo, 2024","format":false,"excerpt":"Empez\u00f3 con los municipios de Coronel Pringles, San Isidro y Capit\u00e1n Sarmiento. 21 de Mayo de 2024 El gobernador de la provincia de Buenos Aires, Axel Kicillof, y el ministro de Econom\u00eda, Pablo L\u00f3pez, encabezaron este lunes las firmas de convenio con los intendentes de Coronel Pringles, Lizandro Matzkin y\u2026","rel":"","context":"En \u00abDESTACADAS\u00bb","block_context":{"text":"DESTACADAS","link":"https:\/\/larevistadigital.com.ar\/blog\/category\/destacadas\/"},"img":{"alt_text":"","src":"https:\/\/i0.wp.com\/larevistadigital.com.ar\/blog\/wp-content\/uploads\/WhatsApp-Image-2024-05-21-at-10.49.04.jpeg?fit=700%2C466&ssl=1&resize=350%2C200","width":350,"height":200,"srcset":"https:\/\/i0.wp.com\/larevistadigital.com.ar\/blog\/wp-content\/uploads\/WhatsApp-Image-2024-05-21-at-10.49.04.jpeg?fit=700%2C466&ssl=1&resize=350%2C200 1x, https:\/\/i0.wp.com\/larevistadigital.com.ar\/blog\/wp-content\/uploads\/WhatsApp-Image-2024-05-21-at-10.49.04.jpeg?fit=700%2C466&ssl=1&resize=525%2C300 1.5x, https:\/\/i0.wp.com\/larevistadigital.com.ar\/blog\/wp-content\/uploads\/WhatsApp-Image-2024-05-21-at-10.49.04.jpeg?fit=700%2C466&ssl=1&resize=700%2C400 2x"},"classes":[]},{"id":29248,"url":"https:\/\/larevistadigital.com.ar\/blog\/bahia-blanca-y-pringles-se-firman-convenios-para-la-construccion-de-casas\/","url_meta":{"origin":36150,"position":1},"title":"BAH\u00cdA BLANCA Y PRINGLES: SE FIRMAN CONVENIOS PARA LA CONSTRUCCI\u00d3N DE CASAS","author":"Alejandro Sosa Ruda","date":"4 diciembre, 2022","format":false,"excerpt":"El administrador general del Instituto de la Vivienda provincial, Diego Men\u00e9ndez, viaj\u00f3 hasta la delegaci\u00f3n de Bah\u00eda Blanca para recorrer las obras en marcha y firmar dos convenios que impulsan la construcci\u00f3n de 145 viviendas m\u00e1s en esa ciudad, y otras 40 en Coronel Pringles. 4 de diciembre de 2022\u2026","rel":"","context":"En \u00abREGIONALES\u00bb","block_context":{"text":"REGIONALES","link":"https:\/\/larevistadigital.com.ar\/blog\/category\/regionales\/"},"img":{"alt_text":"","src":"https:\/\/i0.wp.com\/larevistadigital.com.ar\/blog\/wp-content\/uploads\/20221203101220_viviendas-bahia-blanca-pringles.jpg?fit=880%2C512&ssl=1&resize=350%2C200","width":350,"height":200,"srcset":"https:\/\/i0.wp.com\/larevistadigital.com.ar\/blog\/wp-content\/uploads\/20221203101220_viviendas-bahia-blanca-pringles.jpg?fit=880%2C512&ssl=1&resize=350%2C200 1x, https:\/\/i0.wp.com\/larevistadigital.com.ar\/blog\/wp-content\/uploads\/20221203101220_viviendas-bahia-blanca-pringles.jpg?fit=880%2C512&ssl=1&resize=525%2C300 1.5x, https:\/\/i0.wp.com\/larevistadigital.com.ar\/blog\/wp-content\/uploads\/20221203101220_viviendas-bahia-blanca-pringles.jpg?fit=880%2C512&ssl=1&resize=700%2C400 2x"},"classes":[]},{"id":19921,"url":"https:\/\/larevistadigital.com.ar\/blog\/coronel-pringles-vecinos-saquearon-un-camion-que-volco-en-la-ruta-51\/","url_meta":{"origin":36150,"position":2},"title":"CORONEL PRINGLES: VECINOS SAQUEARON UN CAMI\u00d3N QUE VOLC\u00d3 EN LA RUTA 51","author":"Alejandro Sosa Ruda","date":"29 abril, 2021","format":false,"excerpt":"CORONEL PRINGLES - En la medianoche del domingo, un cami\u00f3n cargado de mercader\u00eda volc\u00f3 en las afueras de Coronel Pringles sobre Ruta 51. En el lugar se mont\u00f3 una custodia policial, pero los efectivos nada pudieron hacer ante la gran cantidad de vecinos que se acercaron para llevarse los alimentos.\u2026","rel":"","context":"En \u00abREGIONALES\u00bb","block_context":{"text":"REGIONALES","link":"https:\/\/larevistadigital.com.ar\/blog\/category\/regionales\/"},"img":{"alt_text":"","src":"https:\/\/i0.wp.com\/larevistadigital.com.ar\/blog\/wp-content\/uploads\/vuelco-camion-pringles-abril-2021.jpg?fit=880%2C512&ssl=1&resize=350%2C200","width":350,"height":200,"srcset":"https:\/\/i0.wp.com\/larevistadigital.com.ar\/blog\/wp-content\/uploads\/vuelco-camion-pringles-abril-2021.jpg?fit=880%2C512&ssl=1&resize=350%2C200 1x, https:\/\/i0.wp.com\/larevistadigital.com.ar\/blog\/wp-content\/uploads\/vuelco-camion-pringles-abril-2021.jpg?fit=880%2C512&ssl=1&resize=525%2C300 1.5x, https:\/\/i0.wp.com\/larevistadigital.com.ar\/blog\/wp-content\/uploads\/vuelco-camion-pringles-abril-2021.jpg?fit=880%2C512&ssl=1&resize=700%2C400 2x"},"classes":[]},{"id":33334,"url":"https:\/\/larevistadigital.com.ar\/blog\/coronel-pringles-condenaron-a-tres-personas-por-robar-y-faenar-18-corderos\/","url_meta":{"origin":36150,"position":3},"title":"CORONEL PRINGLES: CONDENARON A TRES PERSONAS POR ROBAR Y FAENAR 18 CORDEROS","author":"Alejandro Sosa Ruda","date":"6 septiembre, 2023","format":false,"excerpt":"El Tribunal en lo Criminal N\u00b0 1 de Bah\u00eda les impuso a Tom\u00e1s Graff, Bruno Maximiliano Iba\u00f1ez y Adri\u00e1n Beloscar penas de m\u00e1s de 4 a\u00f1os de prisi\u00f3n. 7 de Septiembre de 2023 CNEL. PR\u00cdNGLES -\u00a0 El Tribunal en lo Criminal N\u00b0 1 conden\u00f3, en juicio abreviado, a tres personas\u2026","rel":"","context":"En \u00abPOLICIALES\u00bb","block_context":{"text":"POLICIALES","link":"https:\/\/larevistadigital.com.ar\/blog\/category\/policiales\/"},"img":{"alt_text":"","src":"https:\/\/i0.wp.com\/larevistadigital.com.ar\/blog\/wp-content\/uploads\/20230906193048_cordero-argentina-2023-204167.jpg?fit=880%2C512&ssl=1&resize=350%2C200","width":350,"height":200,"srcset":"https:\/\/i0.wp.com\/larevistadigital.com.ar\/blog\/wp-content\/uploads\/20230906193048_cordero-argentina-2023-204167.jpg?fit=880%2C512&ssl=1&resize=350%2C200 1x, https:\/\/i0.wp.com\/larevistadigital.com.ar\/blog\/wp-content\/uploads\/20230906193048_cordero-argentina-2023-204167.jpg?fit=880%2C512&ssl=1&resize=525%2C300 1.5x, https:\/\/i0.wp.com\/larevistadigital.com.ar\/blog\/wp-content\/uploads\/20230906193048_cordero-argentina-2023-204167.jpg?fit=880%2C512&ssl=1&resize=700%2C400 2x"},"classes":[]},{"id":31200,"url":"https:\/\/larevistadigital.com.ar\/blog\/monte-hermoso-300-familias-cumplieron-el-sueno-de-la-casa-propia\/","url_meta":{"origin":36150,"position":4},"title":"MONTE HERMOSO: 300 FAMILIAS CUMPLIERON EL SUE\u00d1O DE LA CASA PROPIA","author":"Alejandro Sosa Ruda","date":"23 abril, 2023","format":false,"excerpt":"El administrador general del Instituto de la Vivienda, Diego Men\u00e9ndez, y el intendente local, Marcos Fern\u00e1ndez, entregaron este viernes, 30 viviendas, en Monte Hermoso, ciudad cabecera del distrito hom\u00f3nimo, ubicado en el sur de la Costa Atl\u00e1ntica bonaerense, durante un acto cargado de emociones. Tambi\u00e9n estuvo presente el diputado provincial,\u2026","rel":"","context":"En \u00abREGIONALES\u00bb","block_context":{"text":"REGIONALES","link":"https:\/\/larevistadigital.com.ar\/blog\/category\/regionales\/"},"img":{"alt_text":"","src":"https:\/\/i0.wp.com\/larevistadigital.com.ar\/blog\/wp-content\/uploads\/20230422094256_viviendas-monte-hermoso-complejo.jpg?fit=880%2C512&ssl=1&resize=350%2C200","width":350,"height":200,"srcset":"https:\/\/i0.wp.com\/larevistadigital.com.ar\/blog\/wp-content\/uploads\/20230422094256_viviendas-monte-hermoso-complejo.jpg?fit=880%2C512&ssl=1&resize=350%2C200 1x, https:\/\/i0.wp.com\/larevistadigital.com.ar\/blog\/wp-content\/uploads\/20230422094256_viviendas-monte-hermoso-complejo.jpg?fit=880%2C512&ssl=1&resize=525%2C300 1.5x, https:\/\/i0.wp.com\/larevistadigital.com.ar\/blog\/wp-content\/uploads\/20230422094256_viviendas-monte-hermoso-complejo.jpg?fit=880%2C512&ssl=1&resize=700%2C400 2x"},"classes":[]},{"id":34183,"url":"https:\/\/larevistadigital.com.ar\/blog\/cual-fue-la-unica-seccion-electoral-bonaerense-en-la-que-no-ganaron-massa-y-kicillof\/","url_meta":{"origin":36150,"position":5},"title":"CUAL FUE LA \u00daNICA SECCI\u00d3N ELECTORAL BONAERENSE EN LA QUE NO GANARON MASSA Y KICILLOF","author":"Alejandro Sosa Ruda","date":"25 octubre, 2023","format":false,"excerpt":"Ambos candidatos perdieron tan solo en una de las ochos secciones en que se divide pol\u00edticamente el territorio bonaerense. 25 de Octubre de 2023 BUENOS AIRES -\u00a0 Axel Kicillof y Sergio Massa hicieron una hist\u00f3rica elecci\u00f3n este domingo ganando por amplio margen en el territorio bonaerense. Sin embargo, ambos perdieron\u2026","rel":"","context":"En \u00abREGIONALES\u00bb","block_context":{"text":"REGIONALES","link":"https:\/\/larevistadigital.com.ar\/blog\/category\/regionales\/"},"img":{"alt_text":"","src":"https:\/\/i0.wp.com\/larevistadigital.com.ar\/blog\/wp-content\/uploads\/20231023183327_ambos.jpg?fit=880%2C512&ssl=1&resize=350%2C200","width":350,"height":200,"srcset":"https:\/\/i0.wp.com\/larevistadigital.com.ar\/blog\/wp-content\/uploads\/20231023183327_ambos.jpg?fit=880%2C512&ssl=1&resize=350%2C200 1x, https:\/\/i0.wp.com\/larevistadigital.com.ar\/blog\/wp-content\/uploads\/20231023183327_ambos.jpg?fit=880%2C512&ssl=1&resize=525%2C300 1.5x, https:\/\/i0.wp.com\/larevistadigital.com.ar\/blog\/wp-content\/uploads\/20231023183327_ambos.jpg?fit=880%2C512&ssl=1&resize=700%2C400 2x"},"classes":[]}],"_links":{"self":[{"href":"https:\/\/larevistadigital.com.ar\/blog\/wp-json\/wp\/v2\/posts\/36150","targetHints":{"allow":["GET"]}}],"collection":[{"href":"https:\/\/larevistadigital.com.ar\/blog\/wp-json\/wp\/v2\/posts"}],"about":[{"href":"https:\/\/larevistadigital.com.ar\/blog\/wp-json\/wp\/v2\/types\/post"}],"author":[{"embeddable":true,"href":"https:\/\/larevistadigital.com.ar\/blog\/wp-json\/wp\/v2\/users\/3"}],"replies":[{"embeddable":true,"href":"https:\/\/larevistadigital.com.ar\/blog\/wp-json\/wp\/v2\/comments?post=36150"}],"version-history":[{"count":1,"href":"https:\/\/larevistadigital.com.ar\/blog\/wp-json\/wp\/v2\/posts\/36150\/revisions"}],"predecessor-version":[{"id":36152,"href":"https:\/\/larevistadigital.com.ar\/blog\/wp-json\/wp\/v2\/posts\/36150\/revisions\/36152"}],"wp:featuredmedia":[{"embeddable":true,"href":"https:\/\/larevistadigital.com.ar\/blog\/wp-json\/wp\/v2\/media\/36151"}],"wp:attachment":[{"href":"https:\/\/larevistadigital.com.ar\/blog\/wp-json\/wp\/v2\/media?parent=36150"}],"wp:term":[{"taxonomy":"category","embeddable":true,"href":"https:\/\/larevistadigital.com.ar\/blog\/wp-json\/wp\/v2\/categories?post=36150"},{"taxonomy":"post_tag","embeddable":true,"href":"https:\/\/larevistadigital.com.ar\/blog\/wp-json\/wp\/v2\/tags?post=36150"}],"curies":[{"name":"wp","href":"https:\/\/api.w.org\/{rel}","templated":true}]}}