{"id":36153,"date":"2024-05-27T18:57:15","date_gmt":"2024-05-27T21:57:15","guid":{"rendered":"https:\/\/larevistadigital.com.ar\/blog\/?p=36153"},"modified":"2024-05-27T18:57:15","modified_gmt":"2024-05-27T21:57:15","slug":"hallaron-muerta-a-julia-horm-la-turista-alemana-que-realizaba-treecking-en-san-juan","status":"publish","type":"post","link":"https:\/\/larevistadigital.com.ar\/blog\/hallaron-muerta-a-julia-horm-la-turista-alemana-que-realizaba-treecking-en-san-juan\/","title":{"rendered":"HALLARON MUERTA A JULIA HORM, LA TURISTA ALEMANA QUE REALIZABA TREECKING EN SAN JUAN"},"content":{"rendered":"<h2 class=\"intro\">\u00abCoincide con las caracter\u00edsticas de la joven\u00bb, anunciaron desde la Justicia sanjuanina. La joven hab\u00eda desaparecido el jueves 24 de mayo.<\/h2>\n<p>27 de Mayo de 2024<\/p>\n<p>Tras cuatro d\u00edas de b\u00fasqueda, finalmente este lunes\u00a0<span class=\"text_bold\">apareci\u00f3 sin vida Julia Horn<\/span>, la turista alemana de 19 a\u00f1os que se encontraba desaparecida despu\u00e9s de salir a realizar\u00a0<span class=\"text_bold\">trekking<\/span>\u00a0en el cerro Tres Mar\u00edas de\u00a0<span class=\"text_bold\">San Juan<\/span>. Su cuerpo fue visualizado desde un helic\u00f3ptero y desde la Justicia aseguraron que <em><strong>\u00abcoincide con las caracter\u00edsticas\u00bb<\/strong><\/em> de la joven.<\/p>\n<p>Luego de cuatro d\u00edas de rastrillaje en el cerro\u00a0<span class=\"text_bold\">Tres Mar\u00edas<\/span>, las autoridades de la provincia de\u00a0<span class=\"text_bold\">San Juan\u00a0<\/span>confirmaron que el cuerpo de la joven fue visualizado desde un helic\u00f3ptero que realizaba la b\u00fasqueda. <em><strong>\u00abFue personal de delitos especiales y la polic\u00eda para levantar el cuerpo que se encontr\u00f3\u00bb<\/strong><\/em>, detall\u00f3\u00a0<strong><span class=\"text_bold\">Daniela Pringles<\/span><\/strong>, una de las fiscales del caso.<\/p>\n<p>&nbsp;<\/p>\n<div class=\"fixed-container\"><img data-recalc-dims=\"1\" decoding=\"async\" class=\"i-amphtml-fill-content i-amphtml-replaced-content\" src=\"https:\/\/i0.wp.com\/px.fotos.cdn.0223.com.ar\/f\/052024\/1716830931632\/GOcEwhhXcAA_Hot.webp?ssl=1\" alt=\"\" data-amp-auto-lightbox-disable=\"\" \/><\/div>\n<p>Seg\u00fan informaron fuentes de la zona, el cuerpo fue hallado en el otro extremo del cord\u00f3n monta\u00f1oso, exactamente en el lado de\u00a0<span class=\"text_bold\">Rivadavia<\/span>, en inmediaciones del aut\u00f3dromo\u00a0<span class=\"text_bold\">El Zonda<\/span>. <em><strong>\u00abLe contamos a los pap\u00e1s con prudencia las probabilidades muy cercanas que hay de que sea Julia, pero tambi\u00e9n les pedimos que tengan paciencia\u00bb<\/strong><\/em>, anunci\u00f3 el fiscal\u00a0<strong><span class=\"text_bold\">Ignacio Achem<\/span>.<\/strong><\/p>\n<p>Finalmente, los investigadores comunicaron que la joven habr\u00eda tenido un accidente mientras hac\u00eda trekking el pasado\u00a0<span class=\"text_bold\">jueves 23 de mayo<\/span>.\u00a0Sin embargo, frente a diversas especulaciones, el fiscal destac\u00f3 que <strong><em>\u201cno se descarta ninguna hip\u00f3tesis\u201d<\/em><\/strong> y que se contin\u00faa trabajando para saber qu\u00e9 pas\u00f3.<\/p>\n","protected":false},"excerpt":{"rendered":"<div class=\"mh-excerpt\"><p>\u00abCoincide con las caracter\u00edsticas de la joven\u00bb, anunciaron desde la Justicia sanjuanina. La joven hab\u00eda desaparecido el jueves 24 de mayo. 27 de Mayo de 2024 Tras cuatro d\u00edas de b\u00fasqueda, finalmente este lunes\u00a0apareci\u00f3 sin <a class=\"mh-excerpt-more\" href=\"https:\/\/larevistadigital.com.ar\/blog\/hallaron-muerta-a-julia-horm-la-turista-alemana-que-realizaba-treecking-en-san-juan\/\" title=\"HALLARON MUERTA A JULIA HORM, LA TURISTA ALEMANA QUE REALIZABA TREECKING EN SAN JUAN\">[Leer M\u00e1s]<\/a><\/p>\n<\/div>","protected":false},"author":3,"featured_media":36155,"comment_status":"open","ping_status":"open","sticky":false,"template":"","format":"standard","meta":{"_jetpack_memberships_contains_paid_content":false,"footnotes":"","jetpack_publicize_message":"","jetpack_publicize_feature_enabled":true,"jetpack_social_post_already_shared":true,"jetpack_social_options":{"image_generator_settings":{"template":"highway","default_image_id":0,"font":"","enabled":false},"version":2}},"categories":[50,44],"tags":[],"class_list":{"0":"post-36153","1":"post","2":"type-post","3":"status-publish","4":"format-standard","5":"has-post-thumbnail","7":"category-interes-general","8":"category-policiales"},"jetpack_publicize_connections":[],"jetpack_featured_media_url":"https:\/\/i0.wp.com\/larevistadigital.com.ar\/blog\/wp-content\/uploads\/turista-alemana-julia-horn.png?fit=800%2C459&ssl=1","jetpack_sharing_enabled":true,"jetpack_shortlink":"https:\/\/wp.me\/p8qtrQ-9p7","jetpack-related-posts":[{"id":2095,"url":"https:\/\/larevistadigital.com.ar\/blog\/aparecio-el-cadaver-de-un-muchacho-buscado-desde-el-viernes\/","url_meta":{"origin":36153,"position":0},"title":"APARECI\u00d3 EL CADAVER DE UN MUCHACHO BUSCADO DESDE EL VIERNES","author":"Alejandro Sosa Ruda","date":"25 abril, 2017","format":false,"excerpt":"Maximiliano Eduardo Ben\u00edtez era buscado desde el viernes. En las \u00faltimas horas hallaron su cad\u00e1ver. El muchacho fue el viernes a bailar a Puerto Madero, pero nunca regres\u00f3. A partir de ah\u00ed comenz\u00f3 su b\u00fasqueda sobre todo a trav\u00e9s de las redes sociales en donde se viraliz\u00f3. Este lunes el\u2026","rel":"","context":"En \u00abDESTACADAS\u00bb","block_context":{"text":"DESTACADAS","link":"https:\/\/larevistadigital.com.ar\/blog\/category\/destacadas\/"},"img":{"alt_text":"","src":"https:\/\/i0.wp.com\/larevistadigital.com.ar\/blog\/wp-content\/uploads\/2017\/04\/Maximiliano-Benitez-1920-2.jpg?fit=600%2C338&ssl=1&resize=350%2C200","width":350,"height":200,"srcset":"https:\/\/i0.wp.com\/larevistadigital.com.ar\/blog\/wp-content\/uploads\/2017\/04\/Maximiliano-Benitez-1920-2.jpg?fit=600%2C338&ssl=1&resize=350%2C200 1x, https:\/\/i0.wp.com\/larevistadigital.com.ar\/blog\/wp-content\/uploads\/2017\/04\/Maximiliano-Benitez-1920-2.jpg?fit=600%2C338&ssl=1&resize=525%2C300 1.5x"},"classes":[]},{"id":33170,"url":"https:\/\/larevistadigital.com.ar\/blog\/la-peor-noticia-encontraron-sin-vida-a-daiana-guldriz-la-joven-platense-que-era-buscada-en-bariloche\/","url_meta":{"origin":36153,"position":1},"title":"LA PEOR NOTICIA: ENCONTRARON SIN VIDA A DAIANA GULDRIZ, LA JOVEN PLATENSE QUE ERA BUSCADA EN BARILOCHE","author":"Alejandro Sosa Ruda","date":"31 agosto, 2023","format":false,"excerpt":"Fue encontrada en el R\u00edo Nahuel Huapi. Su madre estaba en el lugar de la b\u00fasqueda. 31 de agosto de 2023 Fue encontrada sin vida Daiana Guldriz, la joven de La Plata que era intensamente buscada en San Carlos de Bariloche desde el lunes pasado. El hallazgo fue en la\u2026","rel":"","context":"En \u00abINTERES GENERAL\u00bb","block_context":{"text":"INTERES GENERAL","link":"https:\/\/larevistadigital.com.ar\/blog\/category\/interes-general\/"},"img":{"alt_text":"","src":"https:\/\/i0.wp.com\/larevistadigital.com.ar\/blog\/wp-content\/uploads\/1693495905998.jpg?fit=1200%2C750&ssl=1&resize=350%2C200","width":350,"height":200,"srcset":"https:\/\/i0.wp.com\/larevistadigital.com.ar\/blog\/wp-content\/uploads\/1693495905998.jpg?fit=1200%2C750&ssl=1&resize=350%2C200 1x, https:\/\/i0.wp.com\/larevistadigital.com.ar\/blog\/wp-content\/uploads\/1693495905998.jpg?fit=1200%2C750&ssl=1&resize=525%2C300 1.5x, https:\/\/i0.wp.com\/larevistadigital.com.ar\/blog\/wp-content\/uploads\/1693495905998.jpg?fit=1200%2C750&ssl=1&resize=700%2C400 2x, https:\/\/i0.wp.com\/larevistadigital.com.ar\/blog\/wp-content\/uploads\/1693495905998.jpg?fit=1200%2C750&ssl=1&resize=1050%2C600 3x"},"classes":[]},{"id":30024,"url":"https:\/\/larevistadigital.com.ar\/blog\/tragedia-en-san-luis-turista-muere-ahogado-al-intentar-salvar-a-su-hijo\/","url_meta":{"origin":36153,"position":2},"title":"TRAGEDIA EN SAN LUIS: TURISTA MUERE AHOGADO AL INTENTAR SALVAR A SU HIJO","author":"Alejandro Sosa Ruda","date":"8 febrero, 2023","format":false,"excerpt":"El hecho se registr\u00f3 en la tarde del s\u00e1bado en el R\u00edo de los Siete Cajones, que se sit\u00faa a unos 40 kil\u00f3metros de la capital provincial. El joven cay\u00f3 al agua y su padre intent\u00f3 sacarlo, pero al no saber nadar se hundi\u00f3. 8 de febrero de 2023 SAN\u2026","rel":"","context":"En \u00abINTERES GENERAL\u00bb","block_context":{"text":"INTERES GENERAL","link":"https:\/\/larevistadigital.com.ar\/blog\/category\/interes-general\/"},"img":{"alt_text":"","src":"https:\/\/i0.wp.com\/larevistadigital.com.ar\/blog\/wp-content\/uploads\/20230207104240_rio.jpg?fit=880%2C512&ssl=1&resize=350%2C200","width":350,"height":200,"srcset":"https:\/\/i0.wp.com\/larevistadigital.com.ar\/blog\/wp-content\/uploads\/20230207104240_rio.jpg?fit=880%2C512&ssl=1&resize=350%2C200 1x, https:\/\/i0.wp.com\/larevistadigital.com.ar\/blog\/wp-content\/uploads\/20230207104240_rio.jpg?fit=880%2C512&ssl=1&resize=525%2C300 1.5x, https:\/\/i0.wp.com\/larevistadigital.com.ar\/blog\/wp-content\/uploads\/20230207104240_rio.jpg?fit=880%2C512&ssl=1&resize=700%2C400 2x"},"classes":[]},{"id":13540,"url":"https:\/\/larevistadigital.com.ar\/blog\/tran-once-dias-de-intensa-busqueda-hallaron-muerto-a-jonathan-corales\/","url_meta":{"origin":36153,"position":3},"title":"TRAN ONCE D\u00cdAS DE INTENSA B\u00daSQUEDA, HALLARON MUERTO A JONATHAN CORALES","author":"Alejandro Sosa Ruda","date":"7 diciembre, 2019","format":false,"excerpt":"Aproximadamente a las 15 horas de este s\u00e1bado 7 se confirm\u00f3 que fue hallado el cuerpo sin vida del joven Jonathan Colares, oriundo de Magdalena, quien se hallaba desaparecido desde el martes 26 de noviembre. Los Bomberos Voluntarios de Magdalena fueron quienes lo hallaron en un terreno bald\u00edo ubicado en\u2026","rel":"","context":"En \u00abDESTACADAS\u00bb","block_context":{"text":"DESTACADAS","link":"https:\/\/larevistadigital.com.ar\/blog\/category\/destacadas\/"},"img":{"alt_text":"","src":"https:\/\/i0.wp.com\/larevistadigital.com.ar\/blog\/wp-content\/uploads\/jonathan-magdalena-1-1140x570-1.jpg?fit=1140%2C570&ssl=1&resize=350%2C200","width":350,"height":200,"srcset":"https:\/\/i0.wp.com\/larevistadigital.com.ar\/blog\/wp-content\/uploads\/jonathan-magdalena-1-1140x570-1.jpg?fit=1140%2C570&ssl=1&resize=350%2C200 1x, https:\/\/i0.wp.com\/larevistadigital.com.ar\/blog\/wp-content\/uploads\/jonathan-magdalena-1-1140x570-1.jpg?fit=1140%2C570&ssl=1&resize=525%2C300 1.5x, https:\/\/i0.wp.com\/larevistadigital.com.ar\/blog\/wp-content\/uploads\/jonathan-magdalena-1-1140x570-1.jpg?fit=1140%2C570&ssl=1&resize=700%2C400 2x, https:\/\/i0.wp.com\/larevistadigital.com.ar\/blog\/wp-content\/uploads\/jonathan-magdalena-1-1140x570-1.jpg?fit=1140%2C570&ssl=1&resize=1050%2C600 3x"},"classes":[]},{"id":40459,"url":"https:\/\/larevistadigital.com.ar\/blog\/dolor-misterio-y-sospechas-un-joven-de-santa-teresita-fue-hallado-muerto-en-una-torre-de-alta-tension-en-santa-cruz\/","url_meta":{"origin":36153,"position":4},"title":"Dolor, misterio y sospechas: un joven de Santa Teresita fue hallado muerto en una torre de alta tensi\u00f3n en Santa Cruz","author":"Alejandro Sosa Ruda","date":"14 julio, 2025","format":false,"excerpt":"La familia de Walter Quintero, conocido como \u201cChayanne\u201d, no cree en la hip\u00f3tesis de suicidio y exige una investigaci\u00f3n profunda. El joven hab\u00eda hecho una llamada desesperada antes de desaparecer. La comunidad pide justicia. 14 de Julio de 2025 SANTA TERESITA -\u00a0 \u00a0Una conmoci\u00f3n profunda atraviesa por estas horas al\u2026","rel":"","context":"En \u00abPOLICIALES\u00bb","block_context":{"text":"POLICIALES","link":"https:\/\/larevistadigital.com.ar\/blog\/category\/policiales\/"},"img":{"alt_text":"","src":"https:\/\/i0.wp.com\/larevistadigital.com.ar\/blog\/wp-content\/uploads\/c5b116fe00616a6caa0736bd33f24db1b87923aa.jpg?fit=1140%2C607&ssl=1&resize=350%2C200","width":350,"height":200,"srcset":"https:\/\/i0.wp.com\/larevistadigital.com.ar\/blog\/wp-content\/uploads\/c5b116fe00616a6caa0736bd33f24db1b87923aa.jpg?fit=1140%2C607&ssl=1&resize=350%2C200 1x, https:\/\/i0.wp.com\/larevistadigital.com.ar\/blog\/wp-content\/uploads\/c5b116fe00616a6caa0736bd33f24db1b87923aa.jpg?fit=1140%2C607&ssl=1&resize=525%2C300 1.5x, https:\/\/i0.wp.com\/larevistadigital.com.ar\/blog\/wp-content\/uploads\/c5b116fe00616a6caa0736bd33f24db1b87923aa.jpg?fit=1140%2C607&ssl=1&resize=700%2C400 2x, https:\/\/i0.wp.com\/larevistadigital.com.ar\/blog\/wp-content\/uploads\/c5b116fe00616a6caa0736bd33f24db1b87923aa.jpg?fit=1140%2C607&ssl=1&resize=1050%2C600 3x"},"classes":[]},{"id":20713,"url":"https:\/\/larevistadigital.com.ar\/blog\/fallece-una-joven-tras-caer-de-un-puente-en-bariloche-como-le-habia-pasado-a-una-turista-de-la-plata\/","url_meta":{"origin":36153,"position":5},"title":"FALLECE UNA JOVEN TRAS CAER DE UN PUENTE EN BARILOCHE, COMO LE HAB\u00cdA PASADO A UNA TURISTA DE LA PLATA","author":"Alejandro Sosa Ruda","date":"11 junio, 2021","format":false,"excerpt":"Sucedi\u00f3 en la zona del\u00a0arroyo Goye, en Bariloche. Durante Semana Santa, Teresita Bulf\u00f3n resbal\u00f3 en el mismo puente y cay\u00f3 al agua, donde luego fue hallada. Una joven de 21 a\u00f1os muri\u00f3 tras caer desde un puente -por motivos desconocidos- al arroyo Goye, ubicado en\u00a0Bariloche.\u00a0Efectivos de Prefectura y un vecino\u2026","rel":"","context":"En \u00abINTERES GENERAL\u00bb","block_context":{"text":"INTERES GENERAL","link":"https:\/\/larevistadigital.com.ar\/blog\/category\/interes-general\/"},"img":{"alt_text":"","src":"https:\/\/i0.wp.com\/larevistadigital.com.ar\/blog\/wp-content\/uploads\/1623369388938.jpg?fit=1200%2C675&ssl=1&resize=350%2C200","width":350,"height":200,"srcset":"https:\/\/i0.wp.com\/larevistadigital.com.ar\/blog\/wp-content\/uploads\/1623369388938.jpg?fit=1200%2C675&ssl=1&resize=350%2C200 1x, https:\/\/i0.wp.com\/larevistadigital.com.ar\/blog\/wp-content\/uploads\/1623369388938.jpg?fit=1200%2C675&ssl=1&resize=525%2C300 1.5x, https:\/\/i0.wp.com\/larevistadigital.com.ar\/blog\/wp-content\/uploads\/1623369388938.jpg?fit=1200%2C675&ssl=1&resize=700%2C400 2x, https:\/\/i0.wp.com\/larevistadigital.com.ar\/blog\/wp-content\/uploads\/1623369388938.jpg?fit=1200%2C675&ssl=1&resize=1050%2C600 3x"},"classes":[]}],"_links":{"self":[{"href":"https:\/\/larevistadigital.com.ar\/blog\/wp-json\/wp\/v2\/posts\/36153","targetHints":{"allow":["GET"]}}],"collection":[{"href":"https:\/\/larevistadigital.com.ar\/blog\/wp-json\/wp\/v2\/posts"}],"about":[{"href":"https:\/\/larevistadigital.com.ar\/blog\/wp-json\/wp\/v2\/types\/post"}],"author":[{"embeddable":true,"href":"https:\/\/larevistadigital.com.ar\/blog\/wp-json\/wp\/v2\/users\/3"}],"replies":[{"embeddable":true,"href":"https:\/\/larevistadigital.com.ar\/blog\/wp-json\/wp\/v2\/comments?post=36153"}],"version-history":[{"count":1,"href":"https:\/\/larevistadigital.com.ar\/blog\/wp-json\/wp\/v2\/posts\/36153\/revisions"}],"predecessor-version":[{"id":36156,"href":"https:\/\/larevistadigital.com.ar\/blog\/wp-json\/wp\/v2\/posts\/36153\/revisions\/36156"}],"wp:featuredmedia":[{"embeddable":true,"href":"https:\/\/larevistadigital.com.ar\/blog\/wp-json\/wp\/v2\/media\/36155"}],"wp:attachment":[{"href":"https:\/\/larevistadigital.com.ar\/blog\/wp-json\/wp\/v2\/media?parent=36153"}],"wp:term":[{"taxonomy":"category","embeddable":true,"href":"https:\/\/larevistadigital.com.ar\/blog\/wp-json\/wp\/v2\/categories?post=36153"},{"taxonomy":"post_tag","embeddable":true,"href":"https:\/\/larevistadigital.com.ar\/blog\/wp-json\/wp\/v2\/tags?post=36153"}],"curies":[{"name":"wp","href":"https:\/\/api.w.org\/{rel}","templated":true}]}}