{"id":36159,"date":"2024-05-28T23:28:47","date_gmt":"2024-05-29T02:28:47","guid":{"rendered":"https:\/\/larevistadigital.com.ar\/blog\/?p=36159"},"modified":"2024-05-28T23:28:47","modified_gmt":"2024-05-29T02:28:47","slug":"chascomus-prepara-un-gran-festejo-por-el-245-aniversario-de-nuestra-fundacion","status":"publish","type":"post","link":"https:\/\/larevistadigital.com.ar\/blog\/chascomus-prepara-un-gran-festejo-por-el-245-aniversario-de-nuestra-fundacion\/","title":{"rendered":"CHASCOM\u00daS PREPARA UN GRAN FESTEJO POR EL 245\u00b0 ANIVERSARIO DE NUESTRA FUNDACI\u00d3N"},"content":{"rendered":"<h2 class=\"notaIntro\"><em>Encabezado por el Intendente Javier Gast\u00f3n, el acto oficial ser\u00e1 el domingo a las 15 horas, para luego disfrutar del cumplea\u00f1os en la plaza con numerosas actividades, chocolate, juegos y shows en vivo, entre otras atractivas propuestas.<\/em><\/h2>\n<p>28 de Mayo de 2024<\/p>\n<p class=\"notaTexto\"><strong>CHASCOM\u00daS &#8211;<\/strong>\u00a0 Las actividades que se ofrecer\u00e1n en adhesi\u00f3n al nuevo aniversario de la fundaci\u00f3n de nuestra ciudad, comenzar\u00e1n este mi\u00e9rcoles 29, desde las 20 horas, cuando la Orquesta Filarm\u00f3nica de Chascom\u00fas ejecute su segundo concierto del a\u00f1o, en el Teatro Municipal Brazzola, con entrada libre y gratuita.<\/p>\n<p class=\"notaTexto\">La Filarm\u00f3nica es agrupaci\u00f3n de excelencia de la Orquesta-Escuela de Chascom\u00fas con integrantes del Programa de Formaci\u00f3n Profesional, que brindar\u00e1 la \u00abGala Aniversario\u00bb, toda vez que nuestra ciudad es Capital Nacional de las Orquestas Infantiles y Juveniles y coincidente con el mes en que se cumplieron 26 a\u00f1os de la primera clase de la Orquesta-Escuela local.<\/p>\n<blockquote>\n<h3 class=\"notaTexto\">El d\u00eda jueves 30, a las 11 horas, el Intendente municipal junto a los descendientes de nuestro fundador Pedro Nicol\u00e1s Escribano, colocar\u00e1n una ofrenda floral para rendirle homenaje, en el monumento que recuerda su figura, sito en calle Libres del Sur y Escribano.<\/h3>\n<\/blockquote>\n<p class=\"notaTexto\">Por la tarde, se realizar\u00e1 una visita especial en el Museo Pampeano, desde las 16 horas, para luego poder participar del Concierto de la Cantor\u00eda Municipal y Fundaci\u00f3n Organum, a las 17:30 horas, en la Iglesia Catedral \u201cNuestra Se\u00f1ora de la Merced\u201d.<\/p>\n<p class=\"notaTexto\">Para el domingo 2 de junio, a las 15 horas, se invita a la comunidad a tomar parte del acto oficial que se realizar\u00e1 en la Plaza Independencia, y a continuaci\u00f3n compartir una tarde de actividades recreativas y l\u00fadicas, celebrando el cumplea\u00f1os 245 de nuestra ciudad, en hermoso entorno hist\u00f3rico.<\/p>\n","protected":false},"excerpt":{"rendered":"<div class=\"mh-excerpt\"><p>Encabezado por el Intendente Javier Gast\u00f3n, el acto oficial ser\u00e1 el domingo a las 15 horas, para luego disfrutar del cumplea\u00f1os en la plaza con numerosas actividades, chocolate, juegos y shows en vivo, entre otras <a class=\"mh-excerpt-more\" href=\"https:\/\/larevistadigital.com.ar\/blog\/chascomus-prepara-un-gran-festejo-por-el-245-aniversario-de-nuestra-fundacion\/\" title=\"CHASCOM\u00daS PREPARA UN GRAN FESTEJO POR EL 245\u00b0 ANIVERSARIO DE NUESTRA FUNDACI\u00d3N\">[Leer M\u00e1s]<\/a><\/p>\n<\/div>","protected":false},"author":3,"featured_media":36160,"comment_status":"open","ping_status":"open","sticky":false,"template":"","format":"standard","meta":{"_jetpack_memberships_contains_paid_content":false,"footnotes":"","jetpack_publicize_message":"","jetpack_publicize_feature_enabled":true,"jetpack_social_post_already_shared":true,"jetpack_social_options":{"image_generator_settings":{"template":"highway","default_image_id":0,"font":"","enabled":false},"version":2}},"categories":[6],"tags":[],"class_list":{"0":"post-36159","1":"post","2":"type-post","3":"status-publish","4":"format-standard","5":"has-post-thumbnail","7":"category-chascomus"},"jetpack_publicize_connections":[],"jetpack_featured_media_url":"https:\/\/i0.wp.com\/larevistadigital.com.ar\/blog\/wp-content\/uploads\/2024_05_29_01_40_37_3867038.jpg?fit=600%2C422&ssl=1","jetpack_sharing_enabled":true,"jetpack_shortlink":"https:\/\/wp.me\/p8qtrQ-9pd","jetpack-related-posts":[{"id":39918,"url":"https:\/\/larevistadigital.com.ar\/blog\/teatro-brazzola-gala-aniversario-de-chascomus\/","url_meta":{"origin":36159,"position":0},"title":"Teatro Brazzola: Gala aniversario de Chascom\u00fas","author":"Alejandro Sosa Ruda","date":"29 mayo, 2025","format":false,"excerpt":"La cita es en las v\u00edsperas del 30 de mayo, desde las 20 horas, en el Teatro Municipal Brazzola. 29 de Mayo de 2025 CHASCOM\u00daS -\u00a0 \u00a0En el marco de los actos celebratorios por el 246\u00b0 aniversario de la fundaci\u00f3n de Chascom\u00fas, este jueves 29 de mayo, la Orquesta Filarm\u00f3nica\u2026","rel":"","context":"En \u00abCHASCOM\u00daS\u00bb","block_context":{"text":"CHASCOM\u00daS","link":"https:\/\/larevistadigital.com.ar\/blog\/category\/chascomus\/"},"img":{"alt_text":"","src":"https:\/\/i0.wp.com\/larevistadigital.com.ar\/blog\/wp-content\/uploads\/6837486f2a7e0.png?fit=668%2C445&ssl=1&resize=350%2C200","width":350,"height":200,"srcset":"https:\/\/i0.wp.com\/larevistadigital.com.ar\/blog\/wp-content\/uploads\/6837486f2a7e0.png?fit=668%2C445&ssl=1&resize=350%2C200 1x, https:\/\/i0.wp.com\/larevistadigital.com.ar\/blog\/wp-content\/uploads\/6837486f2a7e0.png?fit=668%2C445&ssl=1&resize=525%2C300 1.5x"},"classes":[]},{"id":39855,"url":"https:\/\/larevistadigital.com.ar\/blog\/chascomus-se-viene-una-gran-fiesta-aniversario-para-celebrar-246-anos-de-la-fundacion-de-chascomus\/","url_meta":{"origin":36159,"position":1},"title":"Chascom\u00fas: Se viene una gran Fiesta Aniversario para celebrar 246 a\u00f1os de la Fundaci\u00f3n de Chascom\u00fas","author":"Alejandro Sosa Ruda","date":"22 mayo, 2025","format":false,"excerpt":"Viviremos un nuevo cumplea\u00f1os, recordando la fundaci\u00f3n del Fuerte de San Juan Bautista que le dio origen, con diversos actos que tendr\u00e1n como protagonistas a numerosos vecinos de nuestra comunidad y el acompa\u00f1amiento de Atalaya. 22 de Mayo de 2025 CHASCOM\u00daS -\u00a0 \u00a0Para celebrar entre todos un nuevo cumplea\u00f1os de\u2026","rel":"","context":"En \u00abCHASCOM\u00daS\u00bb","block_context":{"text":"CHASCOM\u00daS","link":"https:\/\/larevistadigital.com.ar\/blog\/category\/chascomus\/"},"img":{"alt_text":"","src":"https:\/\/i0.wp.com\/larevistadigital.com.ar\/blog\/wp-content\/uploads\/682f67b1ccd89.png?fit=668%2C445&ssl=1&resize=350%2C200","width":350,"height":200,"srcset":"https:\/\/i0.wp.com\/larevistadigital.com.ar\/blog\/wp-content\/uploads\/682f67b1ccd89.png?fit=668%2C445&ssl=1&resize=350%2C200 1x, https:\/\/i0.wp.com\/larevistadigital.com.ar\/blog\/wp-content\/uploads\/682f67b1ccd89.png?fit=668%2C445&ssl=1&resize=525%2C300 1.5x"},"classes":[]},{"id":39915,"url":"https:\/\/larevistadigital.com.ar\/blog\/fin-de-semana-de-fiesta-en-chascomus\/","url_meta":{"origin":36159,"position":2},"title":"\u00a1Fin de semana de fiesta en Chascom\u00fas!","author":"Alejandro Sosa Ruda","date":"29 mayo, 2025","format":false,"excerpt":"Desde este jueves y hasta el domingo, se han programado numerosas actividades recreativas, art\u00edsticas y culturales para celebrar entre todos el 246\u00b0 aniversario de nuestra ciudad. 29 de Mayo de 2025 CHASCOM\u00daS\u00a0 \u00a0-\u00a0 \u00a0A continuaci\u00f3n, se brinda la programaci\u00f3n de las distintas propuestas que rendir\u00e1n homenaje a nuestra ciudad, en\u2026","rel":"","context":"En \u00abCHASCOM\u00daS\u00bb","block_context":{"text":"CHASCOM\u00daS","link":"https:\/\/larevistadigital.com.ar\/blog\/category\/chascomus\/"},"img":{"alt_text":"","src":"https:\/\/i0.wp.com\/larevistadigital.com.ar\/blog\/wp-content\/uploads\/68374930deccd.png?fit=668%2C445&ssl=1&resize=350%2C200","width":350,"height":200,"srcset":"https:\/\/i0.wp.com\/larevistadigital.com.ar\/blog\/wp-content\/uploads\/68374930deccd.png?fit=668%2C445&ssl=1&resize=350%2C200 1x, https:\/\/i0.wp.com\/larevistadigital.com.ar\/blog\/wp-content\/uploads\/68374930deccd.png?fit=668%2C445&ssl=1&resize=525%2C300 1.5x"},"classes":[]},{"id":37768,"url":"https:\/\/larevistadigital.com.ar\/blog\/la-filarmonica-de-chascomus-se-presenta-en-el-salon-de-la-rural-local\/","url_meta":{"origin":36159,"position":3},"title":"La Filarm\u00f3nica de Chascom\u00fas se presenta en el sal\u00f3n de la Rural local","author":"Alejandro Sosa Ruda","date":"7 noviembre, 2024","format":false,"excerpt":"La agrupaci\u00f3n de excelencia de la Orquesta-Escuela de Chascom\u00fas anuncia \"J\u00f3venes Solistas\" para este s\u00e1bado 9 de noviembre, con entrada libre y gratuita. 7 de Noviembre de 2024 CHASCOM\u00daS -\u00a0 Este s\u00e1bado 9 de noviembre, la Orquesta Filarm\u00f3nica de Chascom\u00fas, agrupaci\u00f3n de excelencia de la Orquesta-Escuela de Chascom\u00fas, presentar\u00e1 \"J\u00f3venes\u2026","rel":"","context":"En \u00abINTERES GENERAL\u00bb","block_context":{"text":"INTERES GENERAL","link":"https:\/\/larevistadigital.com.ar\/blog\/category\/interes-general\/"},"img":{"alt_text":"","src":"https:\/\/i0.wp.com\/larevistadigital.com.ar\/blog\/wp-content\/uploads\/672ba3d2bf299.png?fit=668%2C445&ssl=1&resize=350%2C200","width":350,"height":200,"srcset":"https:\/\/i0.wp.com\/larevistadigital.com.ar\/blog\/wp-content\/uploads\/672ba3d2bf299.png?fit=668%2C445&ssl=1&resize=350%2C200 1x, https:\/\/i0.wp.com\/larevistadigital.com.ar\/blog\/wp-content\/uploads\/672ba3d2bf299.png?fit=668%2C445&ssl=1&resize=525%2C300 1.5x"},"classes":[]},{"id":33127,"url":"https:\/\/larevistadigital.com.ar\/blog\/anuncian-importante-concierto-de-la-filarmonica-de-chascomus-para-este-jueves\/","url_meta":{"origin":36159,"position":4},"title":"ANUNCIAN IMPORTANTE CONCIERTO DE LA FILARM\u00d3NICA DE CHASCOM\u00daS PARA ESTE JUEVES","author":"Alejandro Sosa Ruda","date":"29 agosto, 2023","format":false,"excerpt":"(Por Sergio Tony Peralta) El Maestro Nicol\u00e1s Favero es el director Invitado y se destaca la actuaci\u00f3n como Solista de Viol\u00edn del joven chascomunense Vicente Rodr\u00edguez Alfons\u00edn. 29 de agosto de 2023 CHASCOM\u00daS -\u00a0 Desde la Orquesta-Escuela de Chascom\u00fas que este a\u00f1o cumple 25 a\u00f1os se anuncia para este jueves\u2026","rel":"","context":"En \u00abCHASCOM\u00daS\u00bb","block_context":{"text":"CHASCOM\u00daS","link":"https:\/\/larevistadigital.com.ar\/blog\/category\/chascomus\/"},"img":{"alt_text":"","src":"https:\/\/i0.wp.com\/larevistadigital.com.ar\/blog\/wp-content\/uploads\/WhatsApp-Image-2023-08-29-at-19.32.51-e1693349528817.jpeg?fit=960%2C1026&ssl=1&resize=350%2C200","width":350,"height":200,"srcset":"https:\/\/i0.wp.com\/larevistadigital.com.ar\/blog\/wp-content\/uploads\/WhatsApp-Image-2023-08-29-at-19.32.51-e1693349528817.jpeg?fit=960%2C1026&ssl=1&resize=350%2C200 1x, https:\/\/i0.wp.com\/larevistadigital.com.ar\/blog\/wp-content\/uploads\/WhatsApp-Image-2023-08-29-at-19.32.51-e1693349528817.jpeg?fit=960%2C1026&ssl=1&resize=525%2C300 1.5x, https:\/\/i0.wp.com\/larevistadigital.com.ar\/blog\/wp-content\/uploads\/WhatsApp-Image-2023-08-29-at-19.32.51-e1693349528817.jpeg?fit=960%2C1026&ssl=1&resize=700%2C400 2x"},"classes":[]},{"id":37485,"url":"https:\/\/larevistadigital.com.ar\/blog\/aniversario-y-conciertazo\/","url_meta":{"origin":36159,"position":5},"title":"Aniversario y conciertazo","author":"Alejandro Sosa Ruda","date":"9 octubre, 2024","format":false,"excerpt":"Se cumplen 26 a\u00f1os del primer concierto de la Orquesta Escuela y lo celebra en Chascom\u00fas, capital Nacional de las Orquestas Escuelas Infantiles 09 de Octubre de 2024 CHASCOM\u00daS -\u00a0 El jueves 10 a las 20 horas en el Gimnasio ICM se presentar\u00e1n las distintas agrupaciones que conforman la Orquesta-Escuela\u2026","rel":"","context":"En \u00abINTERES GENERAL\u00bb","block_context":{"text":"INTERES GENERAL","link":"https:\/\/larevistadigital.com.ar\/blog\/category\/interes-general\/"},"img":{"alt_text":"","src":"https:\/\/i0.wp.com\/larevistadigital.com.ar\/blog\/wp-content\/uploads\/6706be329e061.png?fit=668%2C445&ssl=1&resize=350%2C200","width":350,"height":200,"srcset":"https:\/\/i0.wp.com\/larevistadigital.com.ar\/blog\/wp-content\/uploads\/6706be329e061.png?fit=668%2C445&ssl=1&resize=350%2C200 1x, https:\/\/i0.wp.com\/larevistadigital.com.ar\/blog\/wp-content\/uploads\/6706be329e061.png?fit=668%2C445&ssl=1&resize=525%2C300 1.5x"},"classes":[]}],"_links":{"self":[{"href":"https:\/\/larevistadigital.com.ar\/blog\/wp-json\/wp\/v2\/posts\/36159","targetHints":{"allow":["GET"]}}],"collection":[{"href":"https:\/\/larevistadigital.com.ar\/blog\/wp-json\/wp\/v2\/posts"}],"about":[{"href":"https:\/\/larevistadigital.com.ar\/blog\/wp-json\/wp\/v2\/types\/post"}],"author":[{"embeddable":true,"href":"https:\/\/larevistadigital.com.ar\/blog\/wp-json\/wp\/v2\/users\/3"}],"replies":[{"embeddable":true,"href":"https:\/\/larevistadigital.com.ar\/blog\/wp-json\/wp\/v2\/comments?post=36159"}],"version-history":[{"count":1,"href":"https:\/\/larevistadigital.com.ar\/blog\/wp-json\/wp\/v2\/posts\/36159\/revisions"}],"predecessor-version":[{"id":36161,"href":"https:\/\/larevistadigital.com.ar\/blog\/wp-json\/wp\/v2\/posts\/36159\/revisions\/36161"}],"wp:featuredmedia":[{"embeddable":true,"href":"https:\/\/larevistadigital.com.ar\/blog\/wp-json\/wp\/v2\/media\/36160"}],"wp:attachment":[{"href":"https:\/\/larevistadigital.com.ar\/blog\/wp-json\/wp\/v2\/media?parent=36159"}],"wp:term":[{"taxonomy":"category","embeddable":true,"href":"https:\/\/larevistadigital.com.ar\/blog\/wp-json\/wp\/v2\/categories?post=36159"},{"taxonomy":"post_tag","embeddable":true,"href":"https:\/\/larevistadigital.com.ar\/blog\/wp-json\/wp\/v2\/tags?post=36159"}],"curies":[{"name":"wp","href":"https:\/\/api.w.org\/{rel}","templated":true}]}}