{"id":36162,"date":"2024-05-28T23:35:20","date_gmt":"2024-05-29T02:35:20","guid":{"rendered":"https:\/\/larevistadigital.com.ar\/blog\/?p=36162"},"modified":"2024-05-28T23:35:20","modified_gmt":"2024-05-29T02:35:20","slug":"este-jueves-30-de-mayo-es-dia-no-laborable-para-la-administracion-publica","status":"publish","type":"post","link":"https:\/\/larevistadigital.com.ar\/blog\/este-jueves-30-de-mayo-es-dia-no-laborable-para-la-administracion-publica\/","title":{"rendered":"ESTE JUEVES 30 DE MAYO ES D\u00cdA NO LABORABLE PARA LA ADMINISTRACI\u00d3N P\u00daBLICA"},"content":{"rendered":"<h2 class=\"notaIntro\"><em>Con motivo de la celebraci\u00f3n del 245\u00ba aniversario de la fundaci\u00f3n de Chascom\u00fas, y mediante el Decreto N\u00b0381\/2024 se declara d\u00eda no laborable para la administraci\u00f3n p\u00fablica y el Banco de la Provincia de Buenos Aires y, feriado optativo para la industria, el comercio y restantes actividades.<\/em><\/h2>\n<p>24 de Mayo de 2024<\/p>\n<p><strong>CHASCOM\u00daS &#8211;\u00a0<\/strong> \u00a0Cabe recordar que s\u00f3lo se mantendr\u00e1n guardias para los servicios esenciales y de emergencia, as\u00ed como tambi\u00e9n, el servicio de recolecci\u00f3n de residuos.<\/p>\n<p>Esta fecha significa nuestra pertenencia identitaria y, por ende, merece un reconocimiento muy especial, con lo cual se realizar\u00e1n diversas actividades para celebrar este nuevo aniversario y rendirle homenaje a nuestro fundador el Capit\u00e1n del Blandengues Pedro Nicol\u00e1s Escribano.<\/p>\n","protected":false},"excerpt":{"rendered":"<div class=\"mh-excerpt\"><p>Con motivo de la celebraci\u00f3n del 245\u00ba aniversario de la fundaci\u00f3n de Chascom\u00fas, y mediante el Decreto N\u00b0381\/2024 se declara d\u00eda no laborable para la administraci\u00f3n p\u00fablica y el Banco de la Provincia de Buenos <a class=\"mh-excerpt-more\" href=\"https:\/\/larevistadigital.com.ar\/blog\/este-jueves-30-de-mayo-es-dia-no-laborable-para-la-administracion-publica\/\" title=\"ESTE JUEVES 30 DE MAYO ES D\u00cdA NO LABORABLE PARA LA ADMINISTRACI\u00d3N P\u00daBLICA\">[Leer M\u00e1s]<\/a><\/p>\n<\/div>","protected":false},"author":3,"featured_media":36163,"comment_status":"open","ping_status":"open","sticky":false,"template":"","format":"standard","meta":{"_jetpack_memberships_contains_paid_content":false,"footnotes":"","jetpack_publicize_message":"","jetpack_publicize_feature_enabled":true,"jetpack_social_post_already_shared":true,"jetpack_social_options":{"image_generator_settings":{"template":"highway","default_image_id":0,"font":"","enabled":false},"version":2}},"categories":[50],"tags":[],"class_list":{"0":"post-36162","1":"post","2":"type-post","3":"status-publish","4":"format-standard","5":"has-post-thumbnail","7":"category-interes-general"},"jetpack_publicize_connections":[],"jetpack_featured_media_url":"https:\/\/i0.wp.com\/larevistadigital.com.ar\/blog\/wp-content\/uploads\/2024_05_29_01_46_47_8351575.jpg?fit=600%2C401&ssl=1","jetpack_sharing_enabled":true,"jetpack_shortlink":"https:\/\/wp.me\/p8qtrQ-9pg","jetpack-related-posts":[{"id":6609,"url":"https:\/\/larevistadigital.com.ar\/blog\/6609-2\/","url_meta":{"origin":36162,"position":0},"title":"CHASCOMUS: SUSANA BEDACARRATZ HABL\u00d3 DE IMPORTANTES PROYECTOS","author":"Alejandro Sosa Ruda","date":"23 septiembre, 2018","format":false,"excerpt":"La Secretaria General del CEC de Chascom\u00fas. Susana Bedacarratz dialog\u00f3 con el periodista Alfredo Perona en la FM \u201cRadio UNO\u201d acerca de varios temas de importancia para el sector. La dirigente se refiri\u00f3 al festejo que se prepara por conmemorarse el d\u00eda del Empleado de Comercio, aclarando que luego de\u2026","rel":"","context":"En \u00abGREMIALES\u00bb","block_context":{"text":"GREMIALES","link":"https:\/\/larevistadigital.com.ar\/blog\/category\/gremiales\/"},"img":{"alt_text":"","src":"https:\/\/i0.wp.com\/larevistadigital.com.ar\/blog\/wp-content\/uploads\/2018\/09\/bedacarrazt_05deseptiembrede2017_elfuerte.jpg?fit=737%2C415&ssl=1&resize=350%2C200","width":350,"height":200,"srcset":"https:\/\/i0.wp.com\/larevistadigital.com.ar\/blog\/wp-content\/uploads\/2018\/09\/bedacarrazt_05deseptiembrede2017_elfuerte.jpg?fit=737%2C415&ssl=1&resize=350%2C200 1x, https:\/\/i0.wp.com\/larevistadigital.com.ar\/blog\/wp-content\/uploads\/2018\/09\/bedacarrazt_05deseptiembrede2017_elfuerte.jpg?fit=737%2C415&ssl=1&resize=525%2C300 1.5x, https:\/\/i0.wp.com\/larevistadigital.com.ar\/blog\/wp-content\/uploads\/2018\/09\/bedacarrazt_05deseptiembrede2017_elfuerte.jpg?fit=737%2C415&ssl=1&resize=700%2C400 2x"},"classes":[]},{"id":36159,"url":"https:\/\/larevistadigital.com.ar\/blog\/chascomus-prepara-un-gran-festejo-por-el-245-aniversario-de-nuestra-fundacion\/","url_meta":{"origin":36162,"position":1},"title":"CHASCOM\u00daS PREPARA UN GRAN FESTEJO POR EL 245\u00b0 ANIVERSARIO DE NUESTRA FUNDACI\u00d3N","author":"Alejandro Sosa Ruda","date":"28 mayo, 2024","format":false,"excerpt":"Encabezado por el Intendente Javier Gast\u00f3n, el acto oficial ser\u00e1 el domingo a las 15 horas, para luego disfrutar del cumplea\u00f1os en la plaza con numerosas actividades, chocolate, juegos y shows en vivo, entre otras atractivas propuestas. 28 de Mayo de 2024 CHASCOM\u00daS -\u00a0 Las actividades que se ofrecer\u00e1n en\u2026","rel":"","context":"En \u00abCHASCOM\u00daS\u00bb","block_context":{"text":"CHASCOM\u00daS","link":"https:\/\/larevistadigital.com.ar\/blog\/category\/chascomus\/"},"img":{"alt_text":"","src":"https:\/\/i0.wp.com\/larevistadigital.com.ar\/blog\/wp-content\/uploads\/2024_05_29_01_40_37_3867038.jpg?fit=600%2C422&ssl=1&resize=350%2C200","width":350,"height":200,"srcset":"https:\/\/i0.wp.com\/larevistadigital.com.ar\/blog\/wp-content\/uploads\/2024_05_29_01_40_37_3867038.jpg?fit=600%2C422&ssl=1&resize=350%2C200 1x, https:\/\/i0.wp.com\/larevistadigital.com.ar\/blog\/wp-content\/uploads\/2024_05_29_01_40_37_3867038.jpg?fit=600%2C422&ssl=1&resize=525%2C300 1.5x"},"classes":[]},{"id":39918,"url":"https:\/\/larevistadigital.com.ar\/blog\/teatro-brazzola-gala-aniversario-de-chascomus\/","url_meta":{"origin":36162,"position":2},"title":"Teatro Brazzola: Gala aniversario de Chascom\u00fas","author":"Alejandro Sosa Ruda","date":"29 mayo, 2025","format":false,"excerpt":"La cita es en las v\u00edsperas del 30 de mayo, desde las 20 horas, en el Teatro Municipal Brazzola. 29 de Mayo de 2025 CHASCOM\u00daS -\u00a0 \u00a0En el marco de los actos celebratorios por el 246\u00b0 aniversario de la fundaci\u00f3n de Chascom\u00fas, este jueves 29 de mayo, la Orquesta Filarm\u00f3nica\u2026","rel":"","context":"En \u00abCHASCOM\u00daS\u00bb","block_context":{"text":"CHASCOM\u00daS","link":"https:\/\/larevistadigital.com.ar\/blog\/category\/chascomus\/"},"img":{"alt_text":"","src":"https:\/\/i0.wp.com\/larevistadigital.com.ar\/blog\/wp-content\/uploads\/6837486f2a7e0.png?fit=668%2C445&ssl=1&resize=350%2C200","width":350,"height":200,"srcset":"https:\/\/i0.wp.com\/larevistadigital.com.ar\/blog\/wp-content\/uploads\/6837486f2a7e0.png?fit=668%2C445&ssl=1&resize=350%2C200 1x, https:\/\/i0.wp.com\/larevistadigital.com.ar\/blog\/wp-content\/uploads\/6837486f2a7e0.png?fit=668%2C445&ssl=1&resize=525%2C300 1.5x"},"classes":[]},{"id":39909,"url":"https:\/\/larevistadigital.com.ar\/blog\/chascomus-corte-de-calles-por-el-festejo-del-aniversario-de-la-ciudad\/","url_meta":{"origin":36162,"position":3},"title":"Chascom\u00fas: Corte de calles por el festejo del aniversario de la ciudad","author":"Alejandro Sosa Ruda","date":"29 mayo, 2025","format":false,"excerpt":"El pr\u00f3ximo domingo, se restringir\u00e1 la circulaci\u00f3n en la zona de la plaza Independencia. 29 de Mayo de 2025 CHASCOM\u00daS -\u00a0 \u00a0Para permitir la realizaci\u00f3n de la fiesta de aniversario de la ciudad, el pr\u00f3ximo domingo desde horas de la ma\u00f1ana, se cerrar\u00e1 el tr\u00e1nsito en las inmediaciones de la\u2026","rel":"","context":"En \u00abCHASCOM\u00daS\u00bb","block_context":{"text":"CHASCOM\u00daS","link":"https:\/\/larevistadigital.com.ar\/blog\/category\/chascomus\/"},"img":{"alt_text":"","src":"https:\/\/i0.wp.com\/larevistadigital.com.ar\/blog\/wp-content\/uploads\/68374063dfe6d.png?fit=668%2C445&ssl=1&resize=350%2C200","width":350,"height":200,"srcset":"https:\/\/i0.wp.com\/larevistadigital.com.ar\/blog\/wp-content\/uploads\/68374063dfe6d.png?fit=668%2C445&ssl=1&resize=350%2C200 1x, https:\/\/i0.wp.com\/larevistadigital.com.ar\/blog\/wp-content\/uploads\/68374063dfe6d.png?fit=668%2C445&ssl=1&resize=525%2C300 1.5x"},"classes":[]},{"id":39915,"url":"https:\/\/larevistadigital.com.ar\/blog\/fin-de-semana-de-fiesta-en-chascomus\/","url_meta":{"origin":36162,"position":4},"title":"\u00a1Fin de semana de fiesta en Chascom\u00fas!","author":"Alejandro Sosa Ruda","date":"29 mayo, 2025","format":false,"excerpt":"Desde este jueves y hasta el domingo, se han programado numerosas actividades recreativas, art\u00edsticas y culturales para celebrar entre todos el 246\u00b0 aniversario de nuestra ciudad. 29 de Mayo de 2025 CHASCOM\u00daS\u00a0 \u00a0-\u00a0 \u00a0A continuaci\u00f3n, se brinda la programaci\u00f3n de las distintas propuestas que rendir\u00e1n homenaje a nuestra ciudad, en\u2026","rel":"","context":"En \u00abCHASCOM\u00daS\u00bb","block_context":{"text":"CHASCOM\u00daS","link":"https:\/\/larevistadigital.com.ar\/blog\/category\/chascomus\/"},"img":{"alt_text":"","src":"https:\/\/i0.wp.com\/larevistadigital.com.ar\/blog\/wp-content\/uploads\/68374930deccd.png?fit=668%2C445&ssl=1&resize=350%2C200","width":350,"height":200,"srcset":"https:\/\/i0.wp.com\/larevistadigital.com.ar\/blog\/wp-content\/uploads\/68374930deccd.png?fit=668%2C445&ssl=1&resize=350%2C200 1x, https:\/\/i0.wp.com\/larevistadigital.com.ar\/blog\/wp-content\/uploads\/68374930deccd.png?fit=668%2C445&ssl=1&resize=525%2C300 1.5x"},"classes":[]},{"id":39855,"url":"https:\/\/larevistadigital.com.ar\/blog\/chascomus-se-viene-una-gran-fiesta-aniversario-para-celebrar-246-anos-de-la-fundacion-de-chascomus\/","url_meta":{"origin":36162,"position":5},"title":"Chascom\u00fas: Se viene una gran Fiesta Aniversario para celebrar 246 a\u00f1os de la Fundaci\u00f3n de Chascom\u00fas","author":"Alejandro Sosa Ruda","date":"22 mayo, 2025","format":false,"excerpt":"Viviremos un nuevo cumplea\u00f1os, recordando la fundaci\u00f3n del Fuerte de San Juan Bautista que le dio origen, con diversos actos que tendr\u00e1n como protagonistas a numerosos vecinos de nuestra comunidad y el acompa\u00f1amiento de Atalaya. 22 de Mayo de 2025 CHASCOM\u00daS -\u00a0 \u00a0Para celebrar entre todos un nuevo cumplea\u00f1os de\u2026","rel":"","context":"En \u00abCHASCOM\u00daS\u00bb","block_context":{"text":"CHASCOM\u00daS","link":"https:\/\/larevistadigital.com.ar\/blog\/category\/chascomus\/"},"img":{"alt_text":"","src":"https:\/\/i0.wp.com\/larevistadigital.com.ar\/blog\/wp-content\/uploads\/682f67b1ccd89.png?fit=668%2C445&ssl=1&resize=350%2C200","width":350,"height":200,"srcset":"https:\/\/i0.wp.com\/larevistadigital.com.ar\/blog\/wp-content\/uploads\/682f67b1ccd89.png?fit=668%2C445&ssl=1&resize=350%2C200 1x, https:\/\/i0.wp.com\/larevistadigital.com.ar\/blog\/wp-content\/uploads\/682f67b1ccd89.png?fit=668%2C445&ssl=1&resize=525%2C300 1.5x"},"classes":[]}],"_links":{"self":[{"href":"https:\/\/larevistadigital.com.ar\/blog\/wp-json\/wp\/v2\/posts\/36162","targetHints":{"allow":["GET"]}}],"collection":[{"href":"https:\/\/larevistadigital.com.ar\/blog\/wp-json\/wp\/v2\/posts"}],"about":[{"href":"https:\/\/larevistadigital.com.ar\/blog\/wp-json\/wp\/v2\/types\/post"}],"author":[{"embeddable":true,"href":"https:\/\/larevistadigital.com.ar\/blog\/wp-json\/wp\/v2\/users\/3"}],"replies":[{"embeddable":true,"href":"https:\/\/larevistadigital.com.ar\/blog\/wp-json\/wp\/v2\/comments?post=36162"}],"version-history":[{"count":1,"href":"https:\/\/larevistadigital.com.ar\/blog\/wp-json\/wp\/v2\/posts\/36162\/revisions"}],"predecessor-version":[{"id":36164,"href":"https:\/\/larevistadigital.com.ar\/blog\/wp-json\/wp\/v2\/posts\/36162\/revisions\/36164"}],"wp:featuredmedia":[{"embeddable":true,"href":"https:\/\/larevistadigital.com.ar\/blog\/wp-json\/wp\/v2\/media\/36163"}],"wp:attachment":[{"href":"https:\/\/larevistadigital.com.ar\/blog\/wp-json\/wp\/v2\/media?parent=36162"}],"wp:term":[{"taxonomy":"category","embeddable":true,"href":"https:\/\/larevistadigital.com.ar\/blog\/wp-json\/wp\/v2\/categories?post=36162"},{"taxonomy":"post_tag","embeddable":true,"href":"https:\/\/larevistadigital.com.ar\/blog\/wp-json\/wp\/v2\/tags?post=36162"}],"curies":[{"name":"wp","href":"https:\/\/api.w.org\/{rel}","templated":true}]}}