{"id":36165,"date":"2024-05-28T23:39:36","date_gmt":"2024-05-29T02:39:36","guid":{"rendered":"https:\/\/larevistadigital.com.ar\/blog\/?p=36165"},"modified":"2024-05-28T23:39:36","modified_gmt":"2024-05-29T02:39:36","slug":"el-centro-de-almacenamiento-transitorio-chascomus-cada-dia-mas-cerca","status":"publish","type":"post","link":"https:\/\/larevistadigital.com.ar\/blog\/el-centro-de-almacenamiento-transitorio-chascomus-cada-dia-mas-cerca\/","title":{"rendered":"EL CENTRO DE ALMACENAMIENTO TRANSITORIO CHASCOM\u00daS, CADA D\u00cdA M\u00c1S CERCA"},"content":{"rendered":"<h2 class=\"notaIntro\"><em>Ubicado en el kil\u00f3metro 119 de la autov\u00eda 2, este predio se destinar\u00e1 al acopio de la gran cantidad de envases generados por la producci\u00f3n agropecuaria.<\/em><\/h2>\n<p>28 de Mayo de 2024<\/p>\n<p class=\"notaTexto\"><strong>CHASCOM\u00daS\u00a0 &#8211;\u00a0<\/strong> \u00a0El Centro de Almacenamiento Transitorio (CAT Chascom\u00fas) para envases vac\u00edos de fitosanitarios est\u00e1 en su etapa final de construcci\u00f3n.<\/p>\n<p class=\"notaTexto\">La producci\u00f3n agropecuaria genera bienes y servicios, pero tambi\u00e9n distintos tipos de residuos. Los envases vac\u00edos de fitosanitarios son algunos de ellos y, dada la cantidad que se generan a\u00f1o a a\u00f1o, es sumamente necesario actuar para su tratamiento.<\/p>\n<blockquote>\n<h3 class=\"notaTexto\">En ese sentido, el CAT es una instalaci\u00f3n construida de acuerdo a las normativas vigentes para acopiar transitoriamente envases vac\u00edos de agroqu\u00edmicos.<\/h3>\n<\/blockquote>\n<p class=\"notaTexto\">La iniciativa es resultado de la colaboraci\u00f3n entre la Municipalidad de Chascom\u00fas, a trav\u00e9s de la Subsecretar\u00eda de Ambiente y Desarrollo Sustentable, el Ministerio de Ambiente y la organizaci\u00f3n \u201cCampo Limpio\u201d, responsable del Sistema de Gesti\u00f3n y construcci\u00f3n de los CAT seg\u00fan la Ley Nacional N\u00ba 27.279.<\/p>\n<blockquote>\n<h3 class=\"notaTexto\">Entrada en vigencia de la Ordenanza 5329\/19, que regula el uso de agroqu\u00edmicos en Chascom\u00fas, se realizaron diversas jornadas itinerantes de recolecci\u00f3n de envases vac\u00edos, gracias al compromiso de las agronom\u00edas, productores y aplicadores.<\/h3>\n<\/blockquote>\n<p class=\"notaTexto\">Esto ha permitido que pr\u00f3ximamente los productores de la regi\u00f3n puedan disponer de manera adecuada y segura de los residuos generados por la actividad productiva.<\/p>\n<blockquote>\n<h3 class=\"notaTexto\">La Ley Nacional N\u00ba 27.279 establece los Presupuestos M\u00ednimos de Protecci\u00f3n Ambiental para la Gesti\u00f3n de Envases Vac\u00edos de Fitosanitarios, designando al Ministerio de Ambiente como autoridad competente para su implementaci\u00f3n en la provincia de Buenos Aires.<\/h3>\n<\/blockquote>\n<p class=\"notaTexto\">A trav\u00e9s de esta normativa, se destaca la gesti\u00f3n diferenciada de los envases, la trazabilidad, el triple lavado y\/o lavado a presi\u00f3n (Norma IRAM 12.069), las \u201cbuenas pr\u00e1cticas para labores agr\u00edcolas\u201d (Norma IRAM 14.130) y la creaci\u00f3n de Centros de Almacenamiento Transitorio (CAT) y Nodos Log\u00edsticos de gesti\u00f3n local (NL).<\/p>\n","protected":false},"excerpt":{"rendered":"<div class=\"mh-excerpt\"><p>Ubicado en el kil\u00f3metro 119 de la autov\u00eda 2, este predio se destinar\u00e1 al acopio de la gran cantidad de envases generados por la producci\u00f3n agropecuaria. 28 de Mayo de 2024 CHASCOM\u00daS\u00a0 &#8211;\u00a0 \u00a0El Centro <a class=\"mh-excerpt-more\" href=\"https:\/\/larevistadigital.com.ar\/blog\/el-centro-de-almacenamiento-transitorio-chascomus-cada-dia-mas-cerca\/\" title=\"EL CENTRO DE ALMACENAMIENTO TRANSITORIO CHASCOM\u00daS, CADA D\u00cdA M\u00c1S CERCA\">[Leer M\u00e1s]<\/a><\/p>\n<\/div>","protected":false},"author":3,"featured_media":36166,"comment_status":"open","ping_status":"open","sticky":false,"template":"","format":"standard","meta":{"_jetpack_memberships_contains_paid_content":false,"footnotes":"","jetpack_publicize_message":"","jetpack_publicize_feature_enabled":true,"jetpack_social_post_already_shared":true,"jetpack_social_options":{"image_generator_settings":{"template":"highway","default_image_id":0,"font":"","enabled":false},"version":2}},"categories":[51],"tags":[],"class_list":{"0":"post-36165","1":"post","2":"type-post","3":"status-publish","4":"format-standard","5":"has-post-thumbnail","7":"category-regionales"},"jetpack_publicize_connections":[],"jetpack_featured_media_url":"https:\/\/i0.wp.com\/larevistadigital.com.ar\/blog\/wp-content\/uploads\/2024_05_29_02_31_16_7984504.jpeg?fit=600%2C450&ssl=1","jetpack_sharing_enabled":true,"jetpack_shortlink":"https:\/\/wp.me\/p8qtrQ-9pj","jetpack-related-posts":[{"id":40081,"url":"https:\/\/larevistadigital.com.ar\/blog\/inaugura-oficialmente-el-cat-chascomus\/","url_meta":{"origin":36165,"position":0},"title":"Inaugura oficialmente el CAT Chascom\u00fas","author":"Alejandro Sosa Ruda","date":"12 junio, 2025","format":false,"excerpt":"Un lugar seguro para la devoluci\u00f3n de envases vac\u00edos de agroqu\u00edmicos. 12 de Junio de 2025 CHASCOM\u00daS -\u00a0 \u00a0Se inaugur\u00f3 oficialmente esta ma\u00f1ana el Centro de Almacenamiento Transitorio (CAT) de bidones vac\u00edos de agroqu\u00edmicos. El mismo se encuentra ubicado en el predio Ceres Tolvas, Ruta 2 km 118,5 mano a\u2026","rel":"","context":"En \u00abCHASCOM\u00daS\u00bb","block_context":{"text":"CHASCOM\u00daS","link":"https:\/\/larevistadigital.com.ar\/blog\/category\/chascomus\/"},"img":{"alt_text":"","src":"https:\/\/i0.wp.com\/larevistadigital.com.ar\/blog\/wp-content\/uploads\/684b138ed7dd7.png?fit=668%2C445&ssl=1&resize=350%2C200","width":350,"height":200,"srcset":"https:\/\/i0.wp.com\/larevistadigital.com.ar\/blog\/wp-content\/uploads\/684b138ed7dd7.png?fit=668%2C445&ssl=1&resize=350%2C200 1x, https:\/\/i0.wp.com\/larevistadigital.com.ar\/blog\/wp-content\/uploads\/684b138ed7dd7.png?fit=668%2C445&ssl=1&resize=525%2C300 1.5x"},"classes":[]},{"id":7559,"url":"https:\/\/larevistadigital.com.ar\/blog\/chascomus-la-asociacion-rural-desconforme-con-la-ordenanza-de-fitosanitarios\/","url_meta":{"origin":36165,"position":1},"title":"CHASCOM\u00daS: LA ASOCIACI\u00d3N RURAL DESCONFORME CON LA ORDENANZA DE FITOSANITARIOS","author":"Alejandro Sosa Ruda","date":"3 enero, 2019","format":false,"excerpt":"Desde la Asociaci\u00f3n Rural de Chascom\u00fas, se manifestaron desconformes con el alcance de la ordenanza votada en el Concejo Deliberante que regula el uso de fitosanitarios en el distrito. As\u00ed lo hizo saber el presidente de la misma, Ra\u00fal Naufel, quien asegur\u00f3 que\u00a0\u201cEs una norma retr\u00f3grada, hoy existen m\u00e9todos m\u00e1s\u2026","rel":"","context":"En \u00abCHASCOM\u00daS\u00bb","block_context":{"text":"CHASCOM\u00daS","link":"https:\/\/larevistadigital.com.ar\/blog\/category\/chascomus\/"},"img":{"alt_text":"","src":"https:\/\/i0.wp.com\/larevistadigital.com.ar\/blog\/wp-content\/uploads\/2019\/01\/fitosanitarios.jpg?fit=1200%2C698&ssl=1&resize=350%2C200","width":350,"height":200,"srcset":"https:\/\/i0.wp.com\/larevistadigital.com.ar\/blog\/wp-content\/uploads\/2019\/01\/fitosanitarios.jpg?fit=1200%2C698&ssl=1&resize=350%2C200 1x, https:\/\/i0.wp.com\/larevistadigital.com.ar\/blog\/wp-content\/uploads\/2019\/01\/fitosanitarios.jpg?fit=1200%2C698&ssl=1&resize=525%2C300 1.5x, https:\/\/i0.wp.com\/larevistadigital.com.ar\/blog\/wp-content\/uploads\/2019\/01\/fitosanitarios.jpg?fit=1200%2C698&ssl=1&resize=700%2C400 2x, https:\/\/i0.wp.com\/larevistadigital.com.ar\/blog\/wp-content\/uploads\/2019\/01\/fitosanitarios.jpg?fit=1200%2C698&ssl=1&resize=1050%2C600 3x"},"classes":[]},{"id":38762,"url":"https:\/\/larevistadigital.com.ar\/blog\/38762-2\/","url_meta":{"origin":36165,"position":2},"title":"Reuni\u00f3n de la Comisi\u00f3n de Emergencia Agropecuaria local","author":"Alejandro Sosa Ruda","date":"20 febrero, 2025","format":false,"excerpt":"La escasez de lluvias complica la situaci\u00f3n de productores locales 20 De Febrero de 2025 CHASCOM\u00daS -\u00a0 Se realiz\u00f3 la primera reuni\u00f3n de la Comisi\u00f3n de emergencia agropecuaria local donde se eligieron sus nuevas autoridades: Presidente, Pablo Gianollini (ARCh); Vicepresidente, Cipriano P\u00e9rez del Cerro (MdeCh); Tesorero, Alejandro Reinoso (ARCh); Secretaria,\u2026","rel":"","context":"En \u00abCHASCOM\u00daS\u00bb","block_context":{"text":"CHASCOM\u00daS","link":"https:\/\/larevistadigital.com.ar\/blog\/category\/chascomus\/"},"img":{"alt_text":"","src":"https:\/\/i0.wp.com\/larevistadigital.com.ar\/blog\/wp-content\/uploads\/67b60ea8475d5.png?fit=668%2C445&ssl=1&resize=350%2C200","width":350,"height":200,"srcset":"https:\/\/i0.wp.com\/larevistadigital.com.ar\/blog\/wp-content\/uploads\/67b60ea8475d5.png?fit=668%2C445&ssl=1&resize=350%2C200 1x, https:\/\/i0.wp.com\/larevistadigital.com.ar\/blog\/wp-content\/uploads\/67b60ea8475d5.png?fit=668%2C445&ssl=1&resize=525%2C300 1.5x"},"classes":[]},{"id":44478,"url":"https:\/\/larevistadigital.com.ar\/blog\/chascomus-separa-convocan-a-una-nueva-jornada-de-reciclado-abierta-a-toda-la-comunidad\/","url_meta":{"origin":36165,"position":3},"title":"Chascom\u00fas separa: convocan a una nueva jornada de reciclado abierta a toda la comunidad","author":"Alejandro Sosa Ruda","date":"13 marzo, 2026","format":false,"excerpt":"Este viernes 13 se realizar\u00e1 una campa\u00f1a para recolectar materiales reciclables y residuos especiales. La iniciativa busca promover el cuidado del ambiente y la participaci\u00f3n de los vecinos. 13 de Marzo de 2026 CHASCOM\u00daS -\u00a0 \u00a0La Municipalidad de Chascom\u00fas llevar\u00e1 adelante una nueva jornada de reciclado denominada \u201cChascom\u00fas Separa\u201d, una\u2026","rel":"","context":"En \u00abCHASCOM\u00daS\u00bb","block_context":{"text":"CHASCOM\u00daS","link":"https:\/\/larevistadigital.com.ar\/blog\/category\/chascomus\/"},"img":{"alt_text":"","src":"https:\/\/i0.wp.com\/larevistadigital.com.ar\/blog\/wp-content\/uploads\/ChatGPT-Image-13-mar-2026-11_32_46-a.m.png?fit=800%2C1200&ssl=1&resize=350%2C200","width":350,"height":200,"srcset":"https:\/\/i0.wp.com\/larevistadigital.com.ar\/blog\/wp-content\/uploads\/ChatGPT-Image-13-mar-2026-11_32_46-a.m.png?fit=800%2C1200&ssl=1&resize=350%2C200 1x, https:\/\/i0.wp.com\/larevistadigital.com.ar\/blog\/wp-content\/uploads\/ChatGPT-Image-13-mar-2026-11_32_46-a.m.png?fit=800%2C1200&ssl=1&resize=525%2C300 1.5x, https:\/\/i0.wp.com\/larevistadigital.com.ar\/blog\/wp-content\/uploads\/ChatGPT-Image-13-mar-2026-11_32_46-a.m.png?fit=800%2C1200&ssl=1&resize=700%2C400 2x"},"classes":[]},{"id":29543,"url":"https:\/\/larevistadigital.com.ar\/blog\/chascomus-reunion-para-garantizar-la-seguridad-en-las-fiestas-habilitadas-para-navidad-y-ano-nuevo\/","url_meta":{"origin":36165,"position":4},"title":"CHASCOM\u00daS: REUNI\u00d3N PARA GARANTIZAR LA SEGURIDAD EN LAS FIESTAS HABILITADAS PARA NAVIDAD Y A\u00d1O NUEVO","author":"Alejandro Sosa Ruda","date":"19 diciembre, 2022","format":false,"excerpt":"Este lunes, la secretaria de Seguridad Ciudadana Mariela Moscarella mantuvo una reuni\u00f3n con los responsables de los eventos al aire libre habilitados para el 24 y el 31 de diciembre, con el fin de acordar criterios de trabajo que garantice la seguridad de los concurrentes. 19 de diciembre de 2022\u2026","rel":"","context":"En \u00abDESTACADAS\u00bb","block_context":{"text":"DESTACADAS","link":"https:\/\/larevistadigital.com.ar\/blog\/category\/destacadas\/"},"img":{"alt_text":"","src":"https:\/\/i0.wp.com\/larevistadigital.com.ar\/blog\/wp-content\/uploads\/REUNION-SEGURIDAD-FIESTAS.jpg?fit=900%2C604&ssl=1&resize=350%2C200","width":350,"height":200,"srcset":"https:\/\/i0.wp.com\/larevistadigital.com.ar\/blog\/wp-content\/uploads\/REUNION-SEGURIDAD-FIESTAS.jpg?fit=900%2C604&ssl=1&resize=350%2C200 1x, https:\/\/i0.wp.com\/larevistadigital.com.ar\/blog\/wp-content\/uploads\/REUNION-SEGURIDAD-FIESTAS.jpg?fit=900%2C604&ssl=1&resize=525%2C300 1.5x, https:\/\/i0.wp.com\/larevistadigital.com.ar\/blog\/wp-content\/uploads\/REUNION-SEGURIDAD-FIESTAS.jpg?fit=900%2C604&ssl=1&resize=700%2C400 2x"},"classes":[]},{"id":816,"url":"https:\/\/larevistadigital.com.ar\/blog\/la-camara-comercio-industria-produccion-servicios-chascomus-publico-reconocimiento-dia-la-mujer\/","url_meta":{"origin":36165,"position":5},"title":"La C\u00e1mara de Comercio, Industria, Producci\u00f3n y Servicios de Chascom\u00fas hace p\u00fablico su reconocimiento en el D\u00eda de la Mujer","author":"Alejandro Sosa Ruda","date":"8 marzo, 2017","format":false,"excerpt":"Como lo viene haciendo los \u00faltimos a\u00f1os,\u00a0reconocer\u00e1 en el presente mes,\u00a0a mujeres que han contribuido al desarrollo comercial y emprendedor de nuestro distrito, como tambi\u00e9n aquellas que han logrado por su trabajo en equipo un lugar\u00a0 destacado en nuestra sociedad. Los reconocimientos ser\u00e1n los siguientes: Reconocimiento a la mujer y\u2026","rel":"","context":"En \u00abCHASCOM\u00daS\u00bb","block_context":{"text":"CHASCOM\u00daS","link":"https:\/\/larevistadigital.com.ar\/blog\/category\/chascomus\/"},"img":{"alt_text":"","src":"https:\/\/i0.wp.com\/larevistadigital.com.ar\/blog\/wp-content\/uploads\/2017\/03\/maxresdefault-1.jpg?fit=1200%2C675&ssl=1&resize=350%2C200","width":350,"height":200,"srcset":"https:\/\/i0.wp.com\/larevistadigital.com.ar\/blog\/wp-content\/uploads\/2017\/03\/maxresdefault-1.jpg?fit=1200%2C675&ssl=1&resize=350%2C200 1x, https:\/\/i0.wp.com\/larevistadigital.com.ar\/blog\/wp-content\/uploads\/2017\/03\/maxresdefault-1.jpg?fit=1200%2C675&ssl=1&resize=525%2C300 1.5x, https:\/\/i0.wp.com\/larevistadigital.com.ar\/blog\/wp-content\/uploads\/2017\/03\/maxresdefault-1.jpg?fit=1200%2C675&ssl=1&resize=700%2C400 2x, https:\/\/i0.wp.com\/larevistadigital.com.ar\/blog\/wp-content\/uploads\/2017\/03\/maxresdefault-1.jpg?fit=1200%2C675&ssl=1&resize=1050%2C600 3x"},"classes":[]}],"_links":{"self":[{"href":"https:\/\/larevistadigital.com.ar\/blog\/wp-json\/wp\/v2\/posts\/36165","targetHints":{"allow":["GET"]}}],"collection":[{"href":"https:\/\/larevistadigital.com.ar\/blog\/wp-json\/wp\/v2\/posts"}],"about":[{"href":"https:\/\/larevistadigital.com.ar\/blog\/wp-json\/wp\/v2\/types\/post"}],"author":[{"embeddable":true,"href":"https:\/\/larevistadigital.com.ar\/blog\/wp-json\/wp\/v2\/users\/3"}],"replies":[{"embeddable":true,"href":"https:\/\/larevistadigital.com.ar\/blog\/wp-json\/wp\/v2\/comments?post=36165"}],"version-history":[{"count":1,"href":"https:\/\/larevistadigital.com.ar\/blog\/wp-json\/wp\/v2\/posts\/36165\/revisions"}],"predecessor-version":[{"id":36167,"href":"https:\/\/larevistadigital.com.ar\/blog\/wp-json\/wp\/v2\/posts\/36165\/revisions\/36167"}],"wp:featuredmedia":[{"embeddable":true,"href":"https:\/\/larevistadigital.com.ar\/blog\/wp-json\/wp\/v2\/media\/36166"}],"wp:attachment":[{"href":"https:\/\/larevistadigital.com.ar\/blog\/wp-json\/wp\/v2\/media?parent=36165"}],"wp:term":[{"taxonomy":"category","embeddable":true,"href":"https:\/\/larevistadigital.com.ar\/blog\/wp-json\/wp\/v2\/categories?post=36165"},{"taxonomy":"post_tag","embeddable":true,"href":"https:\/\/larevistadigital.com.ar\/blog\/wp-json\/wp\/v2\/tags?post=36165"}],"curies":[{"name":"wp","href":"https:\/\/api.w.org\/{rel}","templated":true}]}}