{"id":36169,"date":"2024-05-28T23:52:51","date_gmt":"2024-05-29T02:52:51","guid":{"rendered":"https:\/\/larevistadigital.com.ar\/blog\/?p=36169"},"modified":"2024-05-28T23:53:29","modified_gmt":"2024-05-29T02:53:29","slug":"36169-2","status":"publish","type":"post","link":"https:\/\/larevistadigital.com.ar\/blog\/36169-2\/","title":{"rendered":"SE INAUGUR\u00d3 EL ESPACIO JAURETCHE EN  LA CASA DE LA PROVINCIA."},"content":{"rendered":"<h2>La iniciativa se llev\u00f3 a cabo en el marco de los 50 a\u00f1os del fallecimiento del escritor e intelectual.<\/h2>\n<p>28 de Mayo de 2024<\/p>\n<p>El gobernador <strong>Axel Kicillof<\/strong> encabez\u00f3 este martes el acto de inauguraci\u00f3n del Espacio Jauretche en la Casa de la Provincia de Buenos Aires de la Capital Federal. Fue junto a la jefa de Asesores,<strong> Cristina \u00c1lvarez Rodr\u00edguez<\/strong>; los ministros de Infraestructura y Servicios P\u00fablicos, <strong>Gabriel Katopodis<\/strong> y de Desarrollo de la Comunidad, <strong>Andr\u00e9s Larroque<\/strong>; el presidente del Banco Provincia, <strong>Juan Cuattromo<\/strong>; el ex diputado nacional <strong>Marcelo Koenig<\/strong>; y la escritora <strong>Natal\u00ed Incaminato<\/strong>.<\/p>\n<p>En ese marco, <strong>Kicillof<\/strong> destac\u00f3 que <em><strong>\u201cla mejor manera de recordar y homenajear a Arturo Jauretche, m\u00e1s all\u00e1 del an\u00e1lisis de su obra literaria y sus ideas, es con hechos, pol\u00edticas p\u00fablicas y gesti\u00f3n\u201d. \u201cLo que hizo cuando estuvo a cargo del Banco Provincia fue llevar a la pr\u00e1ctica todo lo que dec\u00edan sus escritos y hab\u00eda defendido durante toda su vida: en ese mismo camino estamos hoy, con una banca p\u00fablica que acompa\u00f1a a los bonaerenses y sostiene con cr\u00e9dito productivo a la industria y a las pymes\u201d<\/strong><\/em>, agreg\u00f3.<\/p>\n<p><strong><em>\u201cEste no es un homenaje que sirve \u00fanicamente para recapitular hermosos textos, sino fundamentalmente para destacar la actualidad de su pensamiento en el contexto tan dif\u00edcil que estamos atravesando\u201d<\/em><\/strong>, expres\u00f3 el Gobernador y a\u00f1adi\u00f3: <strong><em>\u201cGran parte de lo que necesitamos para persuadir y demostrar el da\u00f1o que puedan generar el DNU 70, la Ley Bases y el proyecto pol\u00edtico que impulsa el Gobierno nacional, est\u00e1 expresado en la obra de Jauretche\u201d.<\/em><\/strong><\/p>\n<p>La iniciativa se llev\u00f3 a cabo en el marco de los 50 a\u00f1os del fallecimiento del escritor e intelectual, quien se desempe\u00f1\u00f3 tambi\u00e9n como presidente del Banco Provincia entre 1946 y 1950. <strong><em>\u00abCuando asumimos la conducci\u00f3n del Banco nos inspiramos en Arturo Jauretche, quien nos ense\u00f1\u00f3 que la banca p\u00fablica tiene que estar al servicio de su pueblo y tener compromiso con su historia\u00bb<\/em><\/strong>, sostuvo <strong>Cuattromo<\/strong>, al tiempo que destac\u00f3 que <em><strong>\u201cadem\u00e1s de recuperarlo como pensador y militante, lo recordamos tambi\u00e9n por ser quien llev\u00f3 adelante una de las transformaciones m\u00e1s profundas que tuvo nuestra instituci\u00f3n a lo largo de su historia\u00bb<\/strong><\/em>.<\/p>\n<p><strong><em>\u201cEste homenaje a Jauretche nos llena de orgullo bonaerense, ya que fue un hombre que desde sus comienzos transit\u00f3 y desarroll\u00f3 su trabajo intelectual y militante en la provincia de Buenos Aires\u201d<\/em><\/strong>, expres\u00f3 <strong>\u00c1lvarez Rodr\u00edguez<\/strong> y agreg\u00f3: <strong><em>\u201cDesde el Gobierno provincial retomamos su camino y ponemos al pueblo en el centro de la escena para lograr su dignidad\u201d.<\/em><\/strong><\/p>\n<blockquote>\n<h3>En tanto, Incaminato subray\u00f3 que \u201c<em>en sus escritos que recurr\u00edan al humor y la s\u00e1tira y mezclaban lo culto con lo popular, se hac\u00eda frente al des\u00e1nimo para reivindicar nuestra autoestima e introducir discusiones acerca de temas que eran negados en su \u00e9poca\u201d.<\/em><\/h3>\n<\/blockquote>\n<p><em><strong>\u201cJauretche fue un pensador y un pol\u00edtico indispensable, que eligi\u00f3 utilizar un lenguaje llano, que se pueda entender y reproducir en cualquier sector de la sociedad, y cuyo pensamiento todav\u00eda nos interpela y tiene hoy absoluta vigencia en la Argentina\u201d<\/strong><\/em>, se\u00f1al\u00f3 <strong>Koenig<\/strong>.<\/p>\n<blockquote>\n<h3>Las autoridades recorrieron la muestra itinerante \u201cPensar con Jauretche, hoy\u201d, curada por el Banco Provincia y que, compuesta por 31 placas con im\u00e1genes, videos y reflexiones de Arturo Jauretche, podr\u00e1 ser visitada gratuitamente hasta el 14 de junio. Adem\u00e1s, se descubri\u00f3 una escultura del artista pl\u00e1stico bonaerense Alejandro Marmo.<\/h3>\n<\/blockquote>\n<p>Estuvieron presentes el ministro de Trabajo, Walter Correa; el director General de Cultura y Educaci\u00f3n, Alberto Sileoni; las diputadas nacionales Victoria Tolosa Paz y Sabrina Selva; los diputados Daniel Gollan, Sergio Palazzo y Juan Marino; y el vicerrector de la Universidad Nacional Arturo Jauretche, Miguel Binstock.<\/p>\n","protected":false},"excerpt":{"rendered":"<div class=\"mh-excerpt\"><p>La iniciativa se llev\u00f3 a cabo en el marco de los 50 a\u00f1os del fallecimiento del escritor e intelectual. 28 de Mayo de 2024 El gobernador Axel Kicillof encabez\u00f3 este martes el acto de inauguraci\u00f3n <a class=\"mh-excerpt-more\" href=\"https:\/\/larevistadigital.com.ar\/blog\/36169-2\/\" title=\"SE INAUGUR\u00d3 EL ESPACIO JAURETCHE EN  LA CASA DE LA PROVINCIA.\">[Leer M\u00e1s]<\/a><\/p>\n<\/div>","protected":false},"author":3,"featured_media":36170,"comment_status":"open","ping_status":"open","sticky":false,"template":"","format":"standard","meta":{"_jetpack_memberships_contains_paid_content":false,"footnotes":"","jetpack_publicize_message":"","jetpack_publicize_feature_enabled":true,"jetpack_social_post_already_shared":true,"jetpack_social_options":{"image_generator_settings":{"template":"highway","default_image_id":0,"font":"","enabled":false},"version":2}},"categories":[41,24],"tags":[],"class_list":{"0":"post-36169","1":"post","2":"type-post","3":"status-publish","4":"format-standard","5":"has-post-thumbnail","7":"category-destacadas","8":"category-politica-provincial"},"jetpack_publicize_connections":[],"jetpack_featured_media_url":"https:\/\/i0.wp.com\/larevistadigital.com.ar\/blog\/wp-content\/uploads\/inauguracion-1.jpg?fit=700%2C467&ssl=1","jetpack_sharing_enabled":true,"jetpack_shortlink":"https:\/\/wp.me\/p8qtrQ-9pn","jetpack-related-posts":[{"id":38106,"url":"https:\/\/larevistadigital.com.ar\/blog\/el-gobernador-kicillof-visitara-chascomus-este-miercoles\/","url_meta":{"origin":36169,"position":0},"title":"El gobernador Kicillof visitar\u00e1 Chascom\u00fas este mi\u00e9rcoles","author":"Alejandro Sosa Ruda","date":"3 diciembre, 2024","format":false,"excerpt":"El jefe de gabinete de ministros del gobierno provincial, Carlos Bianco, confirm\u00f3 que el gobernador Axel Kicillof inaugurar\u00e1 las 16 viviendas del Programa Bonaerense II Solidaridad. 03 de diciembre de 2024 CHASCOM\u00daS -\u00a0 El acto se realizar\u00e1 a las 10 horas en el predio ubicado en Hip\u00f3lito Yrigoyen y Arturo\u2026","rel":"","context":"En \u00abDESTACADAS\u00bb","block_context":{"text":"DESTACADAS","link":"https:\/\/larevistadigital.com.ar\/blog\/category\/destacadas\/"},"img":{"alt_text":"","src":"https:\/\/i0.wp.com\/larevistadigital.com.ar\/blog\/wp-content\/uploads\/674e208f82ae6.png?fit=668%2C445&ssl=1&resize=350%2C200","width":350,"height":200,"srcset":"https:\/\/i0.wp.com\/larevistadigital.com.ar\/blog\/wp-content\/uploads\/674e208f82ae6.png?fit=668%2C445&ssl=1&resize=350%2C200 1x, https:\/\/i0.wp.com\/larevistadigital.com.ar\/blog\/wp-content\/uploads\/674e208f82ae6.png?fit=668%2C445&ssl=1&resize=525%2C300 1.5x"},"classes":[]},{"id":35570,"url":"https:\/\/larevistadigital.com.ar\/blog\/el-viceministro-de-cultura-juan-ignacio-cote-rossi-visito-la-isla-martin-garcia-junto-al-gobernador-kicillof\/","url_meta":{"origin":36169,"position":1},"title":"EL VICEMINISTRO DE CULTURA, JUAN IGNACIO \u00abCOTE\u00bb ROSSI VISIT\u00d3 LA ISLA MART\u00cdN GARC\u00cdA JUNTO AL GOBERNADOR KICILLOF","author":"Alejandro Sosa Ruda","date":"16 marzo, 2024","format":false,"excerpt":"\u00a0 16 de marzo de 2024 LRD - El chascomunense Juan Ignacio \"Cote\" Rossi, viceministro de Cultura de la Provincia de Buenos Aires, junto al gobernador Axel Kicillof\u00a0 y en representaci\u00f3n del Instituto Cultural de la Provincia de Buenos Aires, de un reconocimiento a Eva Per\u00f3n, abanderada de los humildes\u2026","rel":"","context":"En \u00abINTERES GENERAL\u00bb","block_context":{"text":"INTERES GENERAL","link":"https:\/\/larevistadigital.com.ar\/blog\/category\/interes-general\/"},"img":{"alt_text":"","src":"https:\/\/i0.wp.com\/larevistadigital.com.ar\/blog\/wp-content\/uploads\/432381351_824620576348153_5614084164306149309_n.jpg?fit=1200%2C1200&ssl=1&resize=350%2C200","width":350,"height":200,"srcset":"https:\/\/i0.wp.com\/larevistadigital.com.ar\/blog\/wp-content\/uploads\/432381351_824620576348153_5614084164306149309_n.jpg?fit=1200%2C1200&ssl=1&resize=350%2C200 1x, https:\/\/i0.wp.com\/larevistadigital.com.ar\/blog\/wp-content\/uploads\/432381351_824620576348153_5614084164306149309_n.jpg?fit=1200%2C1200&ssl=1&resize=525%2C300 1.5x, https:\/\/i0.wp.com\/larevistadigital.com.ar\/blog\/wp-content\/uploads\/432381351_824620576348153_5614084164306149309_n.jpg?fit=1200%2C1200&ssl=1&resize=700%2C400 2x, https:\/\/i0.wp.com\/larevistadigital.com.ar\/blog\/wp-content\/uploads\/432381351_824620576348153_5614084164306149309_n.jpg?fit=1200%2C1200&ssl=1&resize=1050%2C600 3x"},"classes":[]},{"id":41728,"url":"https:\/\/larevistadigital.com.ar\/blog\/el-gobernador-axel-kicillof-visitara-chascomus-en-el-marco-de-una-nueva-reunion-del-consejo-provincial-de-turismo\/","url_meta":{"origin":36169,"position":2},"title":"El gobernador Axel Kicillof visitar\u00e1 Chascom\u00fas en el marco de una nueva reuni\u00f3n del Consejo Provincial de Turismo","author":"Alejandro Sosa Ruda","date":"3 octubre, 2025","format":false,"excerpt":"El encuentro reunir\u00e1 a representantes de los 135 municipios bonaerenses y contar\u00e1 con la presencia de ministros y autoridades provinciales. 03 de octubre de 2025 BUENOS AIRES -\u00a0 \u00a0El gobernador de la provincia de Buenos Aires, Axel Kicillof, visitar\u00e1 la ciudad de Chascom\u00fas el pr\u00f3ximo lunes 13 de octubre, en\u2026","rel":"","context":"En \u00abPOLITICA\u00bb","block_context":{"text":"POLITICA","link":"https:\/\/larevistadigital.com.ar\/blog\/category\/politica\/"},"img":{"alt_text":"","src":"https:\/\/i0.wp.com\/larevistadigital.com.ar\/blog\/wp-content\/uploads\/Captura-de-pantalla-2025-10-03-144909.jpg?fit=714%2C458&ssl=1&resize=350%2C200","width":350,"height":200,"srcset":"https:\/\/i0.wp.com\/larevistadigital.com.ar\/blog\/wp-content\/uploads\/Captura-de-pantalla-2025-10-03-144909.jpg?fit=714%2C458&ssl=1&resize=350%2C200 1x, https:\/\/i0.wp.com\/larevistadigital.com.ar\/blog\/wp-content\/uploads\/Captura-de-pantalla-2025-10-03-144909.jpg?fit=714%2C458&ssl=1&resize=525%2C300 1.5x, https:\/\/i0.wp.com\/larevistadigital.com.ar\/blog\/wp-content\/uploads\/Captura-de-pantalla-2025-10-03-144909.jpg?fit=714%2C458&ssl=1&resize=700%2C400 2x"},"classes":[]},{"id":35926,"url":"https:\/\/larevistadigital.com.ar\/blog\/se-inauguro-una-nueva-casa-de-la-provincia-en-pila-y-cuenta-con-oficina-del-ips\/","url_meta":{"origin":36169,"position":3},"title":"SE INAUGUR\u00d3 UNA NUEVA CASA DE LA PROVINCIA EN PILA Y CUENTA CON OFICINA DEL IPS","author":"Alejandro Sosa Ruda","date":"27 abril, 2024","format":false,"excerpt":"El gobernador Axel Kicillof encabez\u00f3 este viernes el acto inaugural de la quinta Casa de la Provincia, esta vez en la localidad de Pila.\u00a0\u00a0 27 de anril de 1024 BUENOS AIRES -\u00a0 El nuevo edificio, que cuenta con una oficina del IPS, est\u00e1 pensado para garantizar el acceso a los\u2026","rel":"","context":"En \u00abPOLITICA PROVINCIAL\u00bb","block_context":{"text":"POLITICA PROVINCIAL","link":"https:\/\/larevistadigital.com.ar\/blog\/category\/politica\/politica-provincial\/"},"img":{"alt_text":"","src":"https:\/\/i0.wp.com\/larevistadigital.com.ar\/blog\/wp-content\/uploads\/casa-de-la-provincia-pilaaa-1000x600-1.jpg?fit=1000%2C600&ssl=1&resize=350%2C200","width":350,"height":200,"srcset":"https:\/\/i0.wp.com\/larevistadigital.com.ar\/blog\/wp-content\/uploads\/casa-de-la-provincia-pilaaa-1000x600-1.jpg?fit=1000%2C600&ssl=1&resize=350%2C200 1x, https:\/\/i0.wp.com\/larevistadigital.com.ar\/blog\/wp-content\/uploads\/casa-de-la-provincia-pilaaa-1000x600-1.jpg?fit=1000%2C600&ssl=1&resize=525%2C300 1.5x, https:\/\/i0.wp.com\/larevistadigital.com.ar\/blog\/wp-content\/uploads\/casa-de-la-provincia-pilaaa-1000x600-1.jpg?fit=1000%2C600&ssl=1&resize=700%2C400 2x"},"classes":[]},{"id":34654,"url":"https:\/\/larevistadigital.com.ar\/blog\/axel-kicillof-se-reunio-con-intendentes-bonaerenses-y-les-llevo-tranquilidad\/","url_meta":{"origin":36169,"position":4},"title":"AXEL KICILLOF SE REUNI\u00d3 CON INTENDENTES BONAERENSES Y LES LLEV\u00d3 TRANQUILIDAD","author":"Alejandro Sosa Ruda","date":"27 noviembre, 2023","format":false,"excerpt":"Los intendentes peronistas desembarcaron en La Plata con la intenci\u00f3n de dialogar en busca de respuestas para los tiempos que se avecinan a ra\u00edz del plan de ajuste que propone La Libertad Avanza. 27 de Noviembre de 2023 BUENOS AIRES -\u00a0 Este lunes, el gobernador de la provincia de Buenos\u2026","rel":"","context":"En \u00abDESTACADAS\u00bb","block_context":{"text":"DESTACADAS","link":"https:\/\/larevistadigital.com.ar\/blog\/category\/destacadas\/"},"img":{"alt_text":"","src":"https:\/\/i0.wp.com\/larevistadigital.com.ar\/blog\/wp-content\/uploads\/20231127173251_kicillof.jpg?fit=880%2C512&ssl=1&resize=350%2C200","width":350,"height":200,"srcset":"https:\/\/i0.wp.com\/larevistadigital.com.ar\/blog\/wp-content\/uploads\/20231127173251_kicillof.jpg?fit=880%2C512&ssl=1&resize=350%2C200 1x, https:\/\/i0.wp.com\/larevistadigital.com.ar\/blog\/wp-content\/uploads\/20231127173251_kicillof.jpg?fit=880%2C512&ssl=1&resize=525%2C300 1.5x, https:\/\/i0.wp.com\/larevistadigital.com.ar\/blog\/wp-content\/uploads\/20231127173251_kicillof.jpg?fit=880%2C512&ssl=1&resize=700%2C400 2x"},"classes":[]},{"id":41853,"url":"https:\/\/larevistadigital.com.ar\/blog\/kicillof-recorrio-la-casa-de-la-provincia-en-saladillo\/","url_meta":{"origin":36169,"position":5},"title":"Kicillof recorri\u00f3 la Casa de la Provincia en Saladillo","author":"Alejandro Sosa Ruda","date":"9 octubre, 2025","format":false,"excerpt":"Adem\u00e1s, el Gobernador visit\u00f3 las instalaciones de las cooperativas Agr\u00edcola Ganadera y de Trabajo Molinera. 09 de Octubre de 2025 BUENOS AIRES -\u00a0 \u00a0El gobernador de la provincia de Buenos Aires, Axel Kicillof, recorri\u00f3 este mi\u00e9rcoles la Casa de la Provincia en el municipio de Saladillo, donde adem\u00e1s visit\u00f3 las\u2026","rel":"","context":"En \u00abPOLITICA PROVINCIAL\u00bb","block_context":{"text":"POLITICA PROVINCIAL","link":"https:\/\/larevistadigital.com.ar\/blog\/category\/politica\/politica-provincial\/"},"img":{"alt_text":"","src":"https:\/\/i0.wp.com\/larevistadigital.com.ar\/blog\/wp-content\/uploads\/AR10117-scaled.jpg?fit=1200%2C800&ssl=1&resize=350%2C200","width":350,"height":200,"srcset":"https:\/\/i0.wp.com\/larevistadigital.com.ar\/blog\/wp-content\/uploads\/AR10117-scaled.jpg?fit=1200%2C800&ssl=1&resize=350%2C200 1x, https:\/\/i0.wp.com\/larevistadigital.com.ar\/blog\/wp-content\/uploads\/AR10117-scaled.jpg?fit=1200%2C800&ssl=1&resize=525%2C300 1.5x, https:\/\/i0.wp.com\/larevistadigital.com.ar\/blog\/wp-content\/uploads\/AR10117-scaled.jpg?fit=1200%2C800&ssl=1&resize=700%2C400 2x, https:\/\/i0.wp.com\/larevistadigital.com.ar\/blog\/wp-content\/uploads\/AR10117-scaled.jpg?fit=1200%2C800&ssl=1&resize=1050%2C600 3x"},"classes":[]}],"_links":{"self":[{"href":"https:\/\/larevistadigital.com.ar\/blog\/wp-json\/wp\/v2\/posts\/36169","targetHints":{"allow":["GET"]}}],"collection":[{"href":"https:\/\/larevistadigital.com.ar\/blog\/wp-json\/wp\/v2\/posts"}],"about":[{"href":"https:\/\/larevistadigital.com.ar\/blog\/wp-json\/wp\/v2\/types\/post"}],"author":[{"embeddable":true,"href":"https:\/\/larevistadigital.com.ar\/blog\/wp-json\/wp\/v2\/users\/3"}],"replies":[{"embeddable":true,"href":"https:\/\/larevistadigital.com.ar\/blog\/wp-json\/wp\/v2\/comments?post=36169"}],"version-history":[{"count":3,"href":"https:\/\/larevistadigital.com.ar\/blog\/wp-json\/wp\/v2\/posts\/36169\/revisions"}],"predecessor-version":[{"id":36174,"href":"https:\/\/larevistadigital.com.ar\/blog\/wp-json\/wp\/v2\/posts\/36169\/revisions\/36174"}],"wp:featuredmedia":[{"embeddable":true,"href":"https:\/\/larevistadigital.com.ar\/blog\/wp-json\/wp\/v2\/media\/36170"}],"wp:attachment":[{"href":"https:\/\/larevistadigital.com.ar\/blog\/wp-json\/wp\/v2\/media?parent=36169"}],"wp:term":[{"taxonomy":"category","embeddable":true,"href":"https:\/\/larevistadigital.com.ar\/blog\/wp-json\/wp\/v2\/categories?post=36169"},{"taxonomy":"post_tag","embeddable":true,"href":"https:\/\/larevistadigital.com.ar\/blog\/wp-json\/wp\/v2\/tags?post=36169"}],"curies":[{"name":"wp","href":"https:\/\/api.w.org\/{rel}","templated":true}]}}