{"id":36176,"date":"2024-05-30T00:05:16","date_gmt":"2024-05-30T03:05:16","guid":{"rendered":"https:\/\/larevistadigital.com.ar\/blog\/?p=36176"},"modified":"2024-05-30T00:05:16","modified_gmt":"2024-05-30T03:05:16","slug":"el-gobierno-municipal-acompanara-a-merenderos-y-comedores-comunitarios","status":"publish","type":"post","link":"https:\/\/larevistadigital.com.ar\/blog\/el-gobierno-municipal-acompanara-a-merenderos-y-comedores-comunitarios\/","title":{"rendered":"EL GOBIERNO MUNICIPAL ACOMPA\u00d1AR\u00c1 A MERENDEROS Y COMEDORES COMUNITARIOS"},"content":{"rendered":"<h2 class=\"notaIntro\"><em>Lo har\u00e1 a trav\u00e9s de la Secretar\u00eda de Desarrollo Social en medio de la crisis que atraviesan estos espacios<\/em><\/h2>\n<p>30 de Mayo de 2024<\/p>\n<p class=\"notaTexto\"><strong>CHASCOM\u00daS &#8211;<\/strong>\u00a0 Desde Desarrollo Social la secretaria <strong>Yanina Gazzaniga<\/strong>, inform\u00f3 que se implementar\u00e1 el programa <em><strong>\u201cComplemento Alimentario Municipal\u201d<\/strong><\/em>. Ser\u00e1 a partir de junio y consiste en la entrega de alimentos no perecederos a merenderos y comedores comunitarios que funcionan en la ciudad.<\/p>\n<p class=\"notaTexto\">De este modo, se brindar\u00e1 un acompa\u00f1amiento mensual a los distintos espacios que ofrecen viandas y\/o meriendas, los cuales afrontan serias dificultades para sostener sus actividades en un contexto de crisis econ\u00f3mica y creciente demanda. A esta dif\u00edcil situaci\u00f3n debe sumarse la falta de acompa\u00f1amiento por parte del gobierno nacional.<\/p>\n<p class=\"notaTexto\">En este sentido, se realiz\u00f3 un relevamiento que permiti\u00f3 reconocer a veintisiete espacios activos que ya se encuentran inscriptos en el programa. As\u00ed mismo, aquellos merenderos y\/o comedores interesados en ser parte del programa pero que no fueron alcanzados por dicho relevamiento, podr\u00e1n acercarse a la oficina de Pol\u00edticas Comunitarias en calle Sarmiento 42.<\/p>\n<p class=\"notaTexto\"><strong>Yanina Gazzaniga<\/strong> asegura que: <em><strong>\u201cel gobierno municipal valora el trabajo de los merenderos y los comedores, y es en su reconocimiento que se decidi\u00f3 por una pol\u00edtica de construcci\u00f3n colectiva como \u00e9sta\u201d<\/strong><\/em>. Cabe destacar adem\u00e1s que de manera trimestral se organizar\u00e1n mesas de trabajo con el fin de fortalecer el programa a partir del intercambio y una mirada territorial que permita repensar estrategias y l\u00edneas de acci\u00f3n conjuntas. Por \u00faltimo, los equipos profesionales que integran la Direcci\u00f3n de Pol\u00edticas comunitarias estar\u00e1n a disposici\u00f3n de los beneficiarios de este programa, que incluir\u00e1 asesoramiento nutricional y capacitaciones sobre manipulaci\u00f3n de alimentos para aquellos que lo soliciten.<\/p>\n","protected":false},"excerpt":{"rendered":"<div class=\"mh-excerpt\"><p>Lo har\u00e1 a trav\u00e9s de la Secretar\u00eda de Desarrollo Social en medio de la crisis que atraviesan estos espacios 30 de Mayo de 2024 CHASCOM\u00daS &#8211;\u00a0 Desde Desarrollo Social la secretaria Yanina Gazzaniga, inform\u00f3 que <a class=\"mh-excerpt-more\" href=\"https:\/\/larevistadigital.com.ar\/blog\/el-gobierno-municipal-acompanara-a-merenderos-y-comedores-comunitarios\/\" title=\"EL GOBIERNO MUNICIPAL ACOMPA\u00d1AR\u00c1 A MERENDEROS Y COMEDORES COMUNITARIOS\">[Leer M\u00e1s]<\/a><\/p>\n<\/div>","protected":false},"author":3,"featured_media":36177,"comment_status":"open","ping_status":"open","sticky":false,"template":"","format":"standard","meta":{"_jetpack_memberships_contains_paid_content":false,"footnotes":"","jetpack_publicize_message":"","jetpack_publicize_feature_enabled":true,"jetpack_social_post_already_shared":true,"jetpack_social_options":{"image_generator_settings":{"template":"highway","default_image_id":0,"font":"","enabled":false},"version":2}},"categories":[23,51],"tags":[],"class_list":{"0":"post-36176","1":"post","2":"type-post","3":"status-publish","4":"format-standard","5":"has-post-thumbnail","7":"category-politica-local","8":"category-regionales"},"jetpack_publicize_connections":[],"jetpack_featured_media_url":"https:\/\/i0.wp.com\/larevistadigital.com.ar\/blog\/wp-content\/uploads\/2024_05_30_02_11_36_9639234.jpg?fit=600%2C440&ssl=1","jetpack_sharing_enabled":true,"jetpack_shortlink":"https:\/\/wp.me\/p8qtrQ-9pu","jetpack-related-posts":[{"id":39769,"url":"https:\/\/larevistadigital.com.ar\/blog\/chascomus-trabajo-conjunto-con-comedores-y-merenderos-barriales\/","url_meta":{"origin":36176,"position":0},"title":"Chascom\u00fas: Trabajo conjunto con comedores y merenderos barriales","author":"Alejandro Sosa Ruda","date":"16 mayo, 2025","format":false,"excerpt":"El intendente Javier Gast\u00f3n y la secretaria de Desarrollo Social y Educaci\u00f3n, Yanina Gazzaniga, encabezaron una reuni\u00f3n con referentes de espacios comunitarios. 16 de Mayo de 2025 CHASCOM\u00daS -\u00a0 La actividad forma parte de las actividades programadas en el marco del programa Complemento Alimentario Municipal, que garantiza la entrega mensual\u2026","rel":"","context":"En \u00abCHASCOM\u00daS\u00bb","block_context":{"text":"CHASCOM\u00daS","link":"https:\/\/larevistadigital.com.ar\/blog\/category\/chascomus\/"},"img":{"alt_text":"","src":"https:\/\/i0.wp.com\/larevistadigital.com.ar\/blog\/wp-content\/uploads\/682627fa60139.png?fit=668%2C445&ssl=1&resize=350%2C200","width":350,"height":200,"srcset":"https:\/\/i0.wp.com\/larevistadigital.com.ar\/blog\/wp-content\/uploads\/682627fa60139.png?fit=668%2C445&ssl=1&resize=350%2C200 1x, https:\/\/i0.wp.com\/larevistadigital.com.ar\/blog\/wp-content\/uploads\/682627fa60139.png?fit=668%2C445&ssl=1&resize=525%2C300 1.5x"},"classes":[]},{"id":40415,"url":"https:\/\/larevistadigital.com.ar\/blog\/crisis-economica-casi-el-30-de-los-adultos-mayores-recurre-a-la-ayuda-estatal\/","url_meta":{"origin":36176,"position":1},"title":"Cr\u00edsis econ\u00f3mica&#8230; Casi el 30% de los adultos mayores recurre a la ayuda estatal","author":"Alejandro Sosa Ruda","date":"10 julio, 2025","format":false,"excerpt":"La pol\u00edtica de ajuste del Estado nacional modific\u00f3 la din\u00e1mica social y obliga al gobierno municipal a redoblar esfuerzos para contener la demanda. 10 de Julio de 2025 CHASCOM\u00daS -\u00a0 Mientras el Congreso Nacional est\u00e1 tratando de debatir hoy proyectos de leyes sobre la emergencia en discapacidad, la actualizaci\u00f3n de\u2026","rel":"","context":"En \u00abCHASCOM\u00daS\u00bb","block_context":{"text":"CHASCOM\u00daS","link":"https:\/\/larevistadigital.com.ar\/blog\/category\/chascomus\/"},"img":{"alt_text":"","src":"https:\/\/i0.wp.com\/larevistadigital.com.ar\/blog\/wp-content\/uploads\/686ffbe6962b8.png?fit=668%2C445&ssl=1&resize=350%2C200","width":350,"height":200,"srcset":"https:\/\/i0.wp.com\/larevistadigital.com.ar\/blog\/wp-content\/uploads\/686ffbe6962b8.png?fit=668%2C445&ssl=1&resize=350%2C200 1x, https:\/\/i0.wp.com\/larevistadigital.com.ar\/blog\/wp-content\/uploads\/686ffbe6962b8.png?fit=668%2C445&ssl=1&resize=525%2C300 1.5x"},"classes":[]},{"id":38845,"url":"https:\/\/larevistadigital.com.ar\/blog\/yanina-gazzaniga-es-tiempo-de-abrazar-la-gente-tiene-necesidad-de-ser-escuchada\/","url_meta":{"origin":36176,"position":2},"title":"Yanina Gazzaniga: \u201ces tiempo de abrazar, la gente tiene necesidad de ser escuchada\u201d","author":"Alejandro Sosa Ruda","date":"27 febrero, 2025","format":false,"excerpt":"Sostuvo esta ma\u00f1ana la secretaria de Desarrollo Social en una entrevista radial 27 de Febrero de 2025 CHASCOM\u00daS -\u00a0 En el programa conducido por Mar\u00eda Fernanda Herrera, por Radio Chascom\u00fas, la secretaria de Desarrollo Social, Yanina Gazzaniga, convers\u00f3 sobre la creciente demanda de ayuda social en el contexto actual. Consultada\u2026","rel":"","context":"En \u00abCHASCOM\u00daS\u00bb","block_context":{"text":"CHASCOM\u00daS","link":"https:\/\/larevistadigital.com.ar\/blog\/category\/chascomus\/"},"img":{"alt_text":"","src":"https:\/\/i0.wp.com\/larevistadigital.com.ar\/blog\/wp-content\/uploads\/67bf495b1c424.png?fit=668%2C445&ssl=1&resize=350%2C200","width":350,"height":200,"srcset":"https:\/\/i0.wp.com\/larevistadigital.com.ar\/blog\/wp-content\/uploads\/67bf495b1c424.png?fit=668%2C445&ssl=1&resize=350%2C200 1x, https:\/\/i0.wp.com\/larevistadigital.com.ar\/blog\/wp-content\/uploads\/67bf495b1c424.png?fit=668%2C445&ssl=1&resize=525%2C300 1.5x"},"classes":[]},{"id":45216,"url":"https:\/\/larevistadigital.com.ar\/blog\/chascomus-se-desarrollo-con-exito-la-carrera-solidaria-por-asid\/","url_meta":{"origin":36176,"position":3},"title":"Chascom\u00fas: Se desarroll\u00f3 con \u00e9xito la Carrera solidaria por ASID","author":"Alejandro Sosa Ruda","date":"20 abril, 2026","format":false,"excerpt":"Hubo sorteos y mucho entusiasmo de los participantes que colaboraron con esta importante instituci\u00f3n de nuestra comunidad. 20 de abril de 2026 CHASCOM\u00daS -\u00a0 \u00a0Con un clima ideal, en una ma\u00f1ana de domingo soleada, se llev\u00f3 a cabo la \u201cCarrera Solidaria por ASID\u201d, una propuesta deportiva y solidaria que convoc\u00f3\u2026","rel":"","context":"En \u00abCHASCOM\u00daS\u00bb","block_context":{"text":"CHASCOM\u00daS","link":"https:\/\/larevistadigital.com.ar\/blog\/category\/chascomus\/"},"img":{"alt_text":"","src":"https:\/\/i0.wp.com\/larevistadigital.com.ar\/blog\/wp-content\/uploads\/69e66679c31e7.png?fit=668%2C445&ssl=1&resize=350%2C200","width":350,"height":200,"srcset":"https:\/\/i0.wp.com\/larevistadigital.com.ar\/blog\/wp-content\/uploads\/69e66679c31e7.png?fit=668%2C445&ssl=1&resize=350%2C200 1x, https:\/\/i0.wp.com\/larevistadigital.com.ar\/blog\/wp-content\/uploads\/69e66679c31e7.png?fit=668%2C445&ssl=1&resize=525%2C300 1.5x"},"classes":[]},{"id":42524,"url":"https:\/\/larevistadigital.com.ar\/blog\/triste-en-chascomus-la-asistencia-alimentaria-crecio-casi-1000-entre-marzo-de-2024-y-noviembre-de-2025\/","url_meta":{"origin":36176,"position":4},"title":"Triste: En Chascom\u00fas, la asistencia alimentaria creci\u00f3 casi 1000% entre marzo de 2024 y  noviembre de 2025","author":"Alejandro Sosa Ruda","date":"18 noviembre, 2025","format":false,"excerpt":"Un salto que refleja crudamente la dif\u00edcil situaci\u00f3n econ\u00f3mica y la ca\u00edda de la ayuda nacional. 18 de Noviembre de 2025 CHASCOM\u00daS -\u00a0 \u00a0Entre marzo de 2024 y noviembre de 2025, el nivel de asistencia alimentaria que brinda la Municipalidad de Chascom\u00fas se dispar\u00f3 un 946%, un indicador que no\u2026","rel":"","context":"En \u00abSin categor\u00eda\u00bb","block_context":{"text":"Sin categor\u00eda","link":"https:\/\/larevistadigital.com.ar\/blog\/category\/sin-categoria\/"},"img":{"alt_text":"","src":"https:\/\/i0.wp.com\/larevistadigital.com.ar\/blog\/wp-content\/uploads\/691cabde73809.png?fit=668%2C445&ssl=1&resize=350%2C200","width":350,"height":200,"srcset":"https:\/\/i0.wp.com\/larevistadigital.com.ar\/blog\/wp-content\/uploads\/691cabde73809.png?fit=668%2C445&ssl=1&resize=350%2C200 1x, https:\/\/i0.wp.com\/larevistadigital.com.ar\/blog\/wp-content\/uploads\/691cabde73809.png?fit=668%2C445&ssl=1&resize=525%2C300 1.5x"},"classes":[]},{"id":36650,"url":"https:\/\/larevistadigital.com.ar\/blog\/chascomus-las-unidades-descentralizadas-de-atencion-para-dar-respuesta-a-la-creciente-demanda-social\/","url_meta":{"origin":36176,"position":5},"title":"CHASCOM\u00daS: LAS UNIDADES DESCENTRALIZADAS DE ATENCI\u00d3N PARA DAR RESPUESTA A LA CRECIENTE DEMANDA SOCIAL","author":"Alejandro Sosa Ruda","date":"12 julio, 2024","format":false,"excerpt":"Estas unidades estar\u00e1n ubicadas en sedes barriales y espacios comunitarios, donde el equipo de trabajadores sociales de la Direcci\u00f3n de Pol\u00edticas Comunitarias brindar\u00e1 atenci\u00f3n directa a los vecinos. 10 de Julio de 2024 CHASCOM\u00daS -\u00a0 La Secretar\u00eda de Desarrollo Social brinda el acompa\u00f1amiento a las familias de las distintas comunidades\u2026","rel":"","context":"En \u00abCHASCOM\u00daS\u00bb","block_context":{"text":"CHASCOM\u00daS","link":"https:\/\/larevistadigital.com.ar\/blog\/category\/chascomus\/"},"img":{"alt_text":"","src":"https:\/\/i0.wp.com\/larevistadigital.com.ar\/blog\/wp-content\/uploads\/2024_07_12_01_09_16_9673909.jpg?fit=600%2C401&ssl=1&resize=350%2C200","width":350,"height":200,"srcset":"https:\/\/i0.wp.com\/larevistadigital.com.ar\/blog\/wp-content\/uploads\/2024_07_12_01_09_16_9673909.jpg?fit=600%2C401&ssl=1&resize=350%2C200 1x, https:\/\/i0.wp.com\/larevistadigital.com.ar\/blog\/wp-content\/uploads\/2024_07_12_01_09_16_9673909.jpg?fit=600%2C401&ssl=1&resize=525%2C300 1.5x"},"classes":[]}],"_links":{"self":[{"href":"https:\/\/larevistadigital.com.ar\/blog\/wp-json\/wp\/v2\/posts\/36176","targetHints":{"allow":["GET"]}}],"collection":[{"href":"https:\/\/larevistadigital.com.ar\/blog\/wp-json\/wp\/v2\/posts"}],"about":[{"href":"https:\/\/larevistadigital.com.ar\/blog\/wp-json\/wp\/v2\/types\/post"}],"author":[{"embeddable":true,"href":"https:\/\/larevistadigital.com.ar\/blog\/wp-json\/wp\/v2\/users\/3"}],"replies":[{"embeddable":true,"href":"https:\/\/larevistadigital.com.ar\/blog\/wp-json\/wp\/v2\/comments?post=36176"}],"version-history":[{"count":1,"href":"https:\/\/larevistadigital.com.ar\/blog\/wp-json\/wp\/v2\/posts\/36176\/revisions"}],"predecessor-version":[{"id":36178,"href":"https:\/\/larevistadigital.com.ar\/blog\/wp-json\/wp\/v2\/posts\/36176\/revisions\/36178"}],"wp:featuredmedia":[{"embeddable":true,"href":"https:\/\/larevistadigital.com.ar\/blog\/wp-json\/wp\/v2\/media\/36177"}],"wp:attachment":[{"href":"https:\/\/larevistadigital.com.ar\/blog\/wp-json\/wp\/v2\/media?parent=36176"}],"wp:term":[{"taxonomy":"category","embeddable":true,"href":"https:\/\/larevistadigital.com.ar\/blog\/wp-json\/wp\/v2\/categories?post=36176"},{"taxonomy":"post_tag","embeddable":true,"href":"https:\/\/larevistadigital.com.ar\/blog\/wp-json\/wp\/v2\/tags?post=36176"}],"curies":[{"name":"wp","href":"https:\/\/api.w.org\/{rel}","templated":true}]}}