{"id":36182,"date":"2024-05-31T09:20:24","date_gmt":"2024-05-31T12:20:24","guid":{"rendered":"https:\/\/larevistadigital.com.ar\/blog\/?p=36182"},"modified":"2024-05-31T09:20:24","modified_gmt":"2024-05-31T12:20:24","slug":"detienen-a-una-pareja-que-robo-una-rueda-en-diarco","status":"publish","type":"post","link":"https:\/\/larevistadigital.com.ar\/blog\/detienen-a-una-pareja-que-robo-una-rueda-en-diarco\/","title":{"rendered":"DETIENEN A UNA PAREJA QUE ROB\u00d3 UNA RUEDA EN DIARCO"},"content":{"rendered":"<p><strong>CHASCOM\u00daS &#8211;\u00a0<\/strong> En horas de la tarde de ayer, Personal de E.P.C. Chascomus en conjunto con personal de E.P.C. Ranchos, procedieron a la aprehension de una persona masculina y otra femenina, ambos mayores de edad oriundos de Lomas de Zamora, momentos despues de que ambos sustrajeran rueda de auxilio de un veh\u00edculo tipo camioneta que se encontraba estacionada en comercio DIARCO.<\/p>\n<p>El procedimiento se desarrollo en el km 103.800 de la Ruta Provincial 20, lugar el que se incauto elementos para cometer el hecho, telefonia celular y el veh\u00edculo en el que se movilizaban. La rueda sustra\u00edda se encuentra en poder de la v\u00edctima. Los Aprehendidos imputados por el delito de ROBO EN GRADO DE TENTATIVA, alojados en E.P.C. Chascom\u00fas 1ra. hasta nueva orden judicial que disponga respecto de sus libertades.<\/p>\n","protected":false},"excerpt":{"rendered":"<div class=\"mh-excerpt\"><p>CHASCOM\u00daS &#8211;\u00a0 En horas de la tarde de ayer, Personal de E.P.C. Chascomus en conjunto con personal de E.P.C. Ranchos, procedieron a la aprehension de una persona masculina y otra femenina, ambos mayores de edad <a class=\"mh-excerpt-more\" href=\"https:\/\/larevistadigital.com.ar\/blog\/detienen-a-una-pareja-que-robo-una-rueda-en-diarco\/\" title=\"DETIENEN A UNA PAREJA QUE ROB\u00d3 UNA RUEDA EN DIARCO\">[Leer M\u00e1s]<\/a><\/p>\n<\/div>","protected":false},"author":3,"featured_media":21648,"comment_status":"open","ping_status":"open","sticky":false,"template":"","format":"standard","meta":{"_jetpack_memberships_contains_paid_content":false,"footnotes":"","jetpack_publicize_message":"","jetpack_publicize_feature_enabled":true,"jetpack_social_post_already_shared":true,"jetpack_social_options":{"image_generator_settings":{"template":"highway","default_image_id":0,"font":"","enabled":false},"version":2}},"categories":[41,44],"tags":[],"class_list":{"0":"post-36182","1":"post","2":"type-post","3":"status-publish","4":"format-standard","5":"has-post-thumbnail","7":"category-destacadas","8":"category-policiales"},"jetpack_publicize_connections":[],"jetpack_featured_media_url":"https:\/\/i0.wp.com\/larevistadigital.com.ar\/blog\/wp-content\/uploads\/POLICIA.png?fit=1002%2C658&ssl=1","jetpack_sharing_enabled":true,"jetpack_shortlink":"https:\/\/wp.me\/p8qtrQ-9pA","jetpack-related-posts":[{"id":37314,"url":"https:\/\/larevistadigital.com.ar\/blog\/chascomus-detienen-a-un-joven-cuando-intentaba-robar-una-moto\/","url_meta":{"origin":36182,"position":0},"title":"CHASCOM\u00daS: Detienen a un joven cuando intentaba robar una moto","author":"Alejandro Sosa Ruda","date":"25 septiembre, 2024","format":false,"excerpt":"El detenido tiene 18 a\u00f1os de edad y qued\u00f3 alojado en la Comisar\u00eda 1ra. 25 de Septiembre de 2024 CHASCOM\u00daS -\u00a0 En horas del mediodia del dia Domingo, personal policial de E.P.C. Chascomus 1ra. procedio a aprehender a un muchacho de 18 a\u00f1os, en momentos en que el mismo intentaba\u2026","rel":"","context":"En \u00abINTERES GENERAL\u00bb","block_context":{"text":"INTERES GENERAL","link":"https:\/\/larevistadigital.com.ar\/blog\/category\/interes-general\/"},"img":{"alt_text":"","src":"https:\/\/i0.wp.com\/larevistadigital.com.ar\/blog\/wp-content\/uploads\/20220821171121_auto-policial-bernal.jpg?fit=880%2C512&ssl=1&resize=350%2C200","width":350,"height":200,"srcset":"https:\/\/i0.wp.com\/larevistadigital.com.ar\/blog\/wp-content\/uploads\/20220821171121_auto-policial-bernal.jpg?fit=880%2C512&ssl=1&resize=350%2C200 1x, https:\/\/i0.wp.com\/larevistadigital.com.ar\/blog\/wp-content\/uploads\/20220821171121_auto-policial-bernal.jpg?fit=880%2C512&ssl=1&resize=525%2C300 1.5x, https:\/\/i0.wp.com\/larevistadigital.com.ar\/blog\/wp-content\/uploads\/20220821171121_auto-policial-bernal.jpg?fit=880%2C512&ssl=1&resize=700%2C400 2x"},"classes":[]},{"id":35996,"url":"https:\/\/larevistadigital.com.ar\/blog\/chascomus-la-policia-aprehendio-a-un-sujeto-que-intentaba-ingresar-a-un-galpon-de-la-rural-con-fines-de-robo\/","url_meta":{"origin":36182,"position":1},"title":"CHASCOM\u00daS: LA POLIC\u00cdA APREHENDI\u00d3 A UN SUJETO QUE INTENTABA INGRESAR A UN GALP\u00d3N DE LA RURAL CON FINES DE ROBO","author":"Alejandro Sosa Ruda","date":"5 mayo, 2024","format":false,"excerpt":"El sujeto fue detenido cuando intent\u00f3 ingresar a un galp\u00f3n. 5 de mayo de 2024 CHASCOM\u00daS\u00a0 -\u00a0 En horas de la madrugada de ayer, personal policial de E.P.C. Chascom\u00fas 1ra. procedi\u00f3 en conjunto con personal de seguridad privada a aprehender a una persona mayor de edad de esta localidad con\u2026","rel":"","context":"En \u00abINTERES GENERAL\u00bb","block_context":{"text":"INTERES GENERAL","link":"https:\/\/larevistadigital.com.ar\/blog\/category\/interes-general\/"},"img":{"alt_text":"","src":"https:\/\/i0.wp.com\/larevistadigital.com.ar\/blog\/wp-content\/uploads\/WhatsApp-Image-2024-05-04-at-20.36.15.jpeg?fit=980%2C1200&ssl=1&resize=350%2C200","width":350,"height":200,"srcset":"https:\/\/i0.wp.com\/larevistadigital.com.ar\/blog\/wp-content\/uploads\/WhatsApp-Image-2024-05-04-at-20.36.15.jpeg?fit=980%2C1200&ssl=1&resize=350%2C200 1x, https:\/\/i0.wp.com\/larevistadigital.com.ar\/blog\/wp-content\/uploads\/WhatsApp-Image-2024-05-04-at-20.36.15.jpeg?fit=980%2C1200&ssl=1&resize=525%2C300 1.5x, https:\/\/i0.wp.com\/larevistadigital.com.ar\/blog\/wp-content\/uploads\/WhatsApp-Image-2024-05-04-at-20.36.15.jpeg?fit=980%2C1200&ssl=1&resize=700%2C400 2x"},"classes":[]},{"id":35437,"url":"https:\/\/larevistadigital.com.ar\/blog\/chascomus-robo-en-un-corralon-y-fue-detenido-por-la-policia\/","url_meta":{"origin":36182,"position":2},"title":"CHASCOM\u00daS: ROB\u00d3 EN UN CORRAL\u00d3N Y FUE DETENIDO POR LA POLIC\u00cdA","author":"Alejandro Sosa Ruda","date":"9 marzo, 2024","format":false,"excerpt":"El sujeto oriundo de Dolores, intent\u00f3 escapar, pero fue aprehendido a pocas cuadras del lugar, con todos los elementos robados. 9 de marzo de 2024 CHASCOM\u00daS -\u00a0 Durante las primeras horas de la madrugada del dia de la fecha, personal policial de E.P.C. Chascomus 1ra., procedi\u00f3 a la aprehensi\u00f3n de\u2026","rel":"","context":"En \u00abCHASCOM\u00daS\u00bb","block_context":{"text":"CHASCOM\u00daS","link":"https:\/\/larevistadigital.com.ar\/blog\/category\/chascomus\/"},"img":{"alt_text":"","src":"https:\/\/i0.wp.com\/larevistadigital.com.ar\/blog\/wp-content\/uploads\/1620734311775.jpg?fit=1200%2C777&ssl=1&resize=350%2C200","width":350,"height":200,"srcset":"https:\/\/i0.wp.com\/larevistadigital.com.ar\/blog\/wp-content\/uploads\/1620734311775.jpg?fit=1200%2C777&ssl=1&resize=350%2C200 1x, https:\/\/i0.wp.com\/larevistadigital.com.ar\/blog\/wp-content\/uploads\/1620734311775.jpg?fit=1200%2C777&ssl=1&resize=525%2C300 1.5x, https:\/\/i0.wp.com\/larevistadigital.com.ar\/blog\/wp-content\/uploads\/1620734311775.jpg?fit=1200%2C777&ssl=1&resize=700%2C400 2x, https:\/\/i0.wp.com\/larevistadigital.com.ar\/blog\/wp-content\/uploads\/1620734311775.jpg?fit=1200%2C777&ssl=1&resize=1050%2C600 3x"},"classes":[]},{"id":5671,"url":"https:\/\/larevistadigital.com.ar\/blog\/chascomus-actuaciones-policiales\/","url_meta":{"origin":36182,"position":3},"title":"CHASCOM\u00daS: ACTUACIONES POLICIALES","author":"Alejandro Sosa Ruda","date":"27 mayo, 2018","format":false,"excerpt":"Ayer a las 19:00 hs en Av. Costanera y Manuel Fresco (la Bajadita) personal de la E.P.C Chascomus junto al personal del Grupo GAD Interceptan Fiat Siena en el cual dos j\u00f3venes uno de ellos de 21 a\u00f1os masculino y otra de 19 a\u00f1os (hermanos) ambos domiciliados en CABA a\u2026","rel":"","context":"En \u00abPOLICIALES\u00bb","block_context":{"text":"POLICIALES","link":"https:\/\/larevistadigital.com.ar\/blog\/category\/policiales\/"},"img":{"alt_text":"","src":"https:\/\/i0.wp.com\/larevistadigital.com.ar\/blog\/wp-content\/uploads\/2018\/05\/WhatsApp-Image-2018-05-27-at-01.15.50.jpeg?fit=600%2C1066&ssl=1&resize=350%2C200","width":350,"height":200,"srcset":"https:\/\/i0.wp.com\/larevistadigital.com.ar\/blog\/wp-content\/uploads\/2018\/05\/WhatsApp-Image-2018-05-27-at-01.15.50.jpeg?fit=600%2C1066&ssl=1&resize=350%2C200 1x, https:\/\/i0.wp.com\/larevistadigital.com.ar\/blog\/wp-content\/uploads\/2018\/05\/WhatsApp-Image-2018-05-27-at-01.15.50.jpeg?fit=600%2C1066&ssl=1&resize=525%2C300 1.5x"},"classes":[]},{"id":35259,"url":"https:\/\/larevistadigital.com.ar\/blog\/chascomus-fue-liberado-hace-dos-semanas-ayer-lastimo-y-robo-a-una-mujer-de-77-anos-y-la-policia-volvio-a-apresarlo\/","url_meta":{"origin":36182,"position":4},"title":"CHASCOM\u00daS: FUE LIBERADO HACE DOS SEMANAS, AYER LASTIM\u00d3 Y ROB\u00d3 A UNA MUJER DE 77 A\u00d1OS Y LA POLIC\u00cdA VOLVI\u00d3 A APRESARLO","author":"Alejandro Sosa Ruda","date":"14 febrero, 2024","format":false,"excerpt":"El detenido viv\u00eda en el Barrio 30 de Mayo y estuvo encarcelado hasta hace dos semanas. Ahora volvi\u00f3 a delinquir y nuevamente se encuentra detenido. 14 de febrero de 2024 CHASCOM\u00daS -\u00a0 \u00a0En horas de la tarde del dia de ayer, la polic\u00eda recibio una denuncia de una mujer de\u2026","rel":"","context":"En \u00abCHASCOM\u00daS\u00bb","block_context":{"text":"CHASCOM\u00daS","link":"https:\/\/larevistadigital.com.ar\/blog\/category\/chascomus\/"},"img":{"alt_text":"","src":"https:\/\/i0.wp.com\/larevistadigital.com.ar\/blog\/wp-content\/uploads\/detenido-2-e1707954251403.jpg?fit=699%2C401&ssl=1&resize=350%2C200","width":350,"height":200,"srcset":"https:\/\/i0.wp.com\/larevistadigital.com.ar\/blog\/wp-content\/uploads\/detenido-2-e1707954251403.jpg?fit=699%2C401&ssl=1&resize=350%2C200 1x, https:\/\/i0.wp.com\/larevistadigital.com.ar\/blog\/wp-content\/uploads\/detenido-2-e1707954251403.jpg?fit=699%2C401&ssl=1&resize=525%2C300 1.5x"},"classes":[]},{"id":35256,"url":"https:\/\/larevistadigital.com.ar\/blog\/chascomus-la-policia-comunal-aprehendio-a-un-sujeto-que-intentaba-robar-un-auto\/","url_meta":{"origin":36182,"position":5},"title":"CHASCOM\u00daS: LA POLIC\u00cdA COMUNAL APREHENDI\u00d3 A UN SUJETO QUE INTENTABA ROBAR UN AUTO","author":"Alejandro Sosa Ruda","date":"14 febrero, 2024","format":false,"excerpt":"La aprehensi\u00f3n se transform\u00f3 en detenci\u00f3n y el sujeto est\u00e1 alojado en la comisar\u00eda primera. CHASCOM\u00daS -\u00a0 En el dia de ayer en horas de la ma\u00f1ana, personal policial de E.P.C. Chascomus 1ra. procedi\u00f3 a aprehender a una persona mayor de esta localidad, en momentos en que el mismo intentaba\u2026","rel":"","context":"En \u00abDESTACADAS\u00bb","block_context":{"text":"DESTACADAS","link":"https:\/\/larevistadigital.com.ar\/blog\/category\/destacadas\/"},"img":{"alt_text":"","src":"https:\/\/i0.wp.com\/larevistadigital.com.ar\/blog\/wp-content\/uploads\/WhatsApp-Image-2024-02-14-at-20.12.05-e1707953058506.jpeg?fit=874%2C512&ssl=1&resize=350%2C200","width":350,"height":200,"srcset":"https:\/\/i0.wp.com\/larevistadigital.com.ar\/blog\/wp-content\/uploads\/WhatsApp-Image-2024-02-14-at-20.12.05-e1707953058506.jpeg?fit=874%2C512&ssl=1&resize=350%2C200 1x, https:\/\/i0.wp.com\/larevistadigital.com.ar\/blog\/wp-content\/uploads\/WhatsApp-Image-2024-02-14-at-20.12.05-e1707953058506.jpeg?fit=874%2C512&ssl=1&resize=525%2C300 1.5x, https:\/\/i0.wp.com\/larevistadigital.com.ar\/blog\/wp-content\/uploads\/WhatsApp-Image-2024-02-14-at-20.12.05-e1707953058506.jpeg?fit=874%2C512&ssl=1&resize=700%2C400 2x"},"classes":[]}],"_links":{"self":[{"href":"https:\/\/larevistadigital.com.ar\/blog\/wp-json\/wp\/v2\/posts\/36182","targetHints":{"allow":["GET"]}}],"collection":[{"href":"https:\/\/larevistadigital.com.ar\/blog\/wp-json\/wp\/v2\/posts"}],"about":[{"href":"https:\/\/larevistadigital.com.ar\/blog\/wp-json\/wp\/v2\/types\/post"}],"author":[{"embeddable":true,"href":"https:\/\/larevistadigital.com.ar\/blog\/wp-json\/wp\/v2\/users\/3"}],"replies":[{"embeddable":true,"href":"https:\/\/larevistadigital.com.ar\/blog\/wp-json\/wp\/v2\/comments?post=36182"}],"version-history":[{"count":1,"href":"https:\/\/larevistadigital.com.ar\/blog\/wp-json\/wp\/v2\/posts\/36182\/revisions"}],"predecessor-version":[{"id":36183,"href":"https:\/\/larevistadigital.com.ar\/blog\/wp-json\/wp\/v2\/posts\/36182\/revisions\/36183"}],"wp:featuredmedia":[{"embeddable":true,"href":"https:\/\/larevistadigital.com.ar\/blog\/wp-json\/wp\/v2\/media\/21648"}],"wp:attachment":[{"href":"https:\/\/larevistadigital.com.ar\/blog\/wp-json\/wp\/v2\/media?parent=36182"}],"wp:term":[{"taxonomy":"category","embeddable":true,"href":"https:\/\/larevistadigital.com.ar\/blog\/wp-json\/wp\/v2\/categories?post=36182"},{"taxonomy":"post_tag","embeddable":true,"href":"https:\/\/larevistadigital.com.ar\/blog\/wp-json\/wp\/v2\/tags?post=36182"}],"curies":[{"name":"wp","href":"https:\/\/api.w.org\/{rel}","templated":true}]}}