{"id":36185,"date":"2024-06-01T11:24:44","date_gmt":"2024-06-01T14:24:44","guid":{"rendered":"https:\/\/larevistadigital.com.ar\/blog\/?p=36185"},"modified":"2024-06-01T12:25:22","modified_gmt":"2024-06-01T15:25:22","slug":"chascomus-el-lunes-javier-hartmann-asume-como-el-nuevo-jefe-de-pami","status":"publish","type":"post","link":"https:\/\/larevistadigital.com.ar\/blog\/chascomus-el-lunes-javier-hartmann-asume-como-el-nuevo-jefe-de-pami\/","title":{"rendered":"CHASCOM\u00daS: EL LUNES  JAVIER HARTMANN ASUME COMO EL NUEVO JEFE DE PAMI"},"content":{"rendered":"<h2>Lo har\u00e1 luego de 6 meses de asumido el gobierno de Javier Milei.<\/h2>\n<p>1&#8243; de Junio de 2024<\/p>\n<p><strong>CHASCOM\u00daS &#8211;\u00a0 \u00a0<\/strong>Durante la jornada de ayer, y luego de seis meses de asumido el gobierno del presidente <strong>Javier Milei<\/strong>, se firmaron las resoluciones para el ingreso de los nuevos directores de PAMI , en la quinta secci\u00f3n electoral,<\/p>\n<p>Entre ellos, figura la asuncion de Chascomus a Nombre de <strong>Javier Hartmann.<\/strong><\/p>\n<p>La presentaci\u00f3n se har\u00eda a las 8:00 hs.<\/p>\n<p>La Revista Digital, lo hab\u00eda anticipado en el mes de Marzo, en una nota al referente de LLA en Chascom\u00fas, Antonio \u00abLito\u00bb Fernandez,\u00a0<a href=\"https:\/\/larevistadigital.com.ar\/blog\/35415-2\/\">https:\/\/larevistadigital.com.ar\/blog\/35415-2\/<\/a><\/p>\n<p>&nbsp;<\/p>\n","protected":false},"excerpt":{"rendered":"<div class=\"mh-excerpt\"><p>Lo har\u00e1 luego de 6 meses de asumido el gobierno de Javier Milei. 1&#8243; de Junio de 2024 CHASCOM\u00daS &#8211;\u00a0 \u00a0Durante la jornada de ayer, y luego de seis meses de asumido el gobierno del <a class=\"mh-excerpt-more\" href=\"https:\/\/larevistadigital.com.ar\/blog\/chascomus-el-lunes-javier-hartmann-asume-como-el-nuevo-jefe-de-pami\/\" title=\"CHASCOM\u00daS: EL LUNES  JAVIER HARTMANN ASUME COMO EL NUEVO JEFE DE PAMI\">[Leer M\u00e1s]<\/a><\/p>\n<\/div>","protected":false},"author":3,"featured_media":36186,"comment_status":"open","ping_status":"open","sticky":false,"template":"","format":"standard","meta":{"_jetpack_memberships_contains_paid_content":false,"footnotes":"","jetpack_publicize_message":"","jetpack_publicize_feature_enabled":true,"jetpack_social_post_already_shared":true,"jetpack_social_options":{"image_generator_settings":{"template":"highway","default_image_id":0,"font":"","enabled":false},"version":2}},"categories":[50,23],"tags":[],"class_list":{"0":"post-36185","1":"post","2":"type-post","3":"status-publish","4":"format-standard","5":"has-post-thumbnail","7":"category-interes-general","8":"category-politica-local"},"jetpack_publicize_connections":[],"jetpack_featured_media_url":"https:\/\/i0.wp.com\/larevistadigital.com.ar\/blog\/wp-content\/uploads\/432729461_10229482065548797_5440544988613717060_n.jpg?fit=672%2C679&ssl=1","jetpack_sharing_enabled":true,"jetpack_shortlink":"https:\/\/wp.me\/p8qtrQ-9pD","jetpack-related-posts":[{"id":42985,"url":"https:\/\/larevistadigital.com.ar\/blog\/javier-hartmann-renuncio-a-la-jefatura-del-pami-de-chascomus\/","url_meta":{"origin":36185,"position":0},"title":"Javier Hartmann renunci\u00f3 a la jefatura del PAMI de Chascom\u00fas","author":"Alejandro Sosa Ruda","date":"20 diciembre, 2025","format":false,"excerpt":"El ex candidato a intendente de LLA habl\u00f3 con La Revista Digital y explic\u00f3 las razones. 20 de diciembre de 2025 CHASCOM\u00daS -\u00a0\u00a0El dirigente y ex candidato a intendente por La Libertad Avanza, Javier Hartmann confirm\u00f3 anoche a La Revista Digital que tom\u00f3 la decisi\u00f3n de renunciar al cargo de\u2026","rel":"","context":"En \u00abINTERES GENERAL\u00bb","block_context":{"text":"INTERES GENERAL","link":"https:\/\/larevistadigital.com.ar\/blog\/category\/interes-general\/"},"img":{"alt_text":"","src":"https:\/\/i0.wp.com\/larevistadigital.com.ar\/blog\/wp-content\/uploads\/Captura-de-pantalla-2025-12-20-024923.jpg?fit=723%2C468&ssl=1&resize=350%2C200","width":350,"height":200,"srcset":"https:\/\/i0.wp.com\/larevistadigital.com.ar\/blog\/wp-content\/uploads\/Captura-de-pantalla-2025-12-20-024923.jpg?fit=723%2C468&ssl=1&resize=350%2C200 1x, https:\/\/i0.wp.com\/larevistadigital.com.ar\/blog\/wp-content\/uploads\/Captura-de-pantalla-2025-12-20-024923.jpg?fit=723%2C468&ssl=1&resize=525%2C300 1.5x, https:\/\/i0.wp.com\/larevistadigital.com.ar\/blog\/wp-content\/uploads\/Captura-de-pantalla-2025-12-20-024923.jpg?fit=723%2C468&ssl=1&resize=700%2C400 2x"},"classes":[]},{"id":35415,"url":"https:\/\/larevistadigital.com.ar\/blog\/35415-2\/","url_meta":{"origin":36185,"position":1},"title":"ANTONIO \u00abLITO\u00bb FERN\u00c1NDEZ ASEGUR\u00d3 QUE \u00abHARTMANN TIENE SERIAS POSIBILIDADES DE HACERSE CARGO DEL PAMI\u00bb","author":"Alejandro Sosa Ruda","date":"7 marzo, 2024","format":false,"excerpt":"El referente de La Libertad Avanza en Chascom\u00fas habl\u00f3 de varios temas, y fue terminante acerca de la ordenanza econ\u00f3mica que reclama Javier Gast\u00f3n. 7 de marzo de 2024 CHASCOM\u00daS -\u00a0\u00a0El referente chascomunense de La Libertad Avanza, Antonio \"Lito\" Fern\u00e1ndez, dialog\u00f3 con Alejandro \"El Tano\" Sosa y Carlos Lasserre durante\u2026","rel":"","context":"En \u00abINTERES GENERAL\u00bb","block_context":{"text":"INTERES GENERAL","link":"https:\/\/larevistadigital.com.ar\/blog\/category\/interes-general\/"},"img":{"alt_text":"","src":"https:\/\/i0.wp.com\/larevistadigital.com.ar\/blog\/wp-content\/uploads\/WhatsApp-Image-2024-03-07-at-09.46.43-e1709815857429.jpeg?fit=719%2C754&ssl=1&resize=350%2C200","width":350,"height":200,"srcset":"https:\/\/i0.wp.com\/larevistadigital.com.ar\/blog\/wp-content\/uploads\/WhatsApp-Image-2024-03-07-at-09.46.43-e1709815857429.jpeg?fit=719%2C754&ssl=1&resize=350%2C200 1x, https:\/\/i0.wp.com\/larevistadigital.com.ar\/blog\/wp-content\/uploads\/WhatsApp-Image-2024-03-07-at-09.46.43-e1709815857429.jpeg?fit=719%2C754&ssl=1&resize=525%2C300 1.5x, https:\/\/i0.wp.com\/larevistadigital.com.ar\/blog\/wp-content\/uploads\/WhatsApp-Image-2024-03-07-at-09.46.43-e1709815857429.jpeg?fit=719%2C754&ssl=1&resize=700%2C400 2x"},"classes":[]},{"id":21072,"url":"https:\/\/larevistadigital.com.ar\/blog\/dias-atras-visito-chascomus-la-titular-del-pami-con-muchas-promesas-a-futuro\/","url_meta":{"origin":36185,"position":2},"title":"D\u00cdAS ATRAS, VISIT\u00d3 CHASCOM\u00daS LA TITULAR DEL PAMI, CON MUCHAS PROMESAS A FUTURO","author":"Alejandro Sosa Ruda","date":"8 julio, 2021","format":false,"excerpt":"La titular del Pami, y novia de M\u00e1ximo Kirchner, Luana Volnovich, firm\u00f3 el lunes en su visita a la ciudad de Chascom\u00fas un convenio de cooperaci\u00f3n para poner en marcha actividades de turismo, recreaci\u00f3n y entretenimiento con el intendente municipal Javier Gast\u00f3n, y sus pares de la regi\u00f3n. CHASCOM\u00daS -\u00a0\u2026","rel":"","context":"En \u00abINTERES GENERAL\u00bb","block_context":{"text":"INTERES GENERAL","link":"https:\/\/larevistadigital.com.ar\/blog\/category\/interes-general\/"},"img":{"alt_text":"","src":"https:\/\/i0.wp.com\/larevistadigital.com.ar\/blog\/wp-content\/uploads\/PAMI.png?fit=945%2C762&ssl=1&resize=350%2C200","width":350,"height":200,"srcset":"https:\/\/i0.wp.com\/larevistadigital.com.ar\/blog\/wp-content\/uploads\/PAMI.png?fit=945%2C762&ssl=1&resize=350%2C200 1x, https:\/\/i0.wp.com\/larevistadigital.com.ar\/blog\/wp-content\/uploads\/PAMI.png?fit=945%2C762&ssl=1&resize=525%2C300 1.5x, https:\/\/i0.wp.com\/larevistadigital.com.ar\/blog\/wp-content\/uploads\/PAMI.png?fit=945%2C762&ssl=1&resize=700%2C400 2x"},"classes":[]},{"id":34905,"url":"https:\/\/larevistadigital.com.ar\/blog\/chascomus-el-pj-local-conducido-por-alfreddo-machin-emitio-un-comunicado-repudiando-las-medidas-del-gobierno-de-milei\/","url_meta":{"origin":36185,"position":3},"title":"CHASCOM\u00daS: EL PJ LOCAL, CONDUCIDO POR ALFREDDO MACH\u00cdN, EMITI\u00d3 UN COMUNICADO REPUDIANDO LAS MEDIDAS DEL GOBIERNO DE MILEI","author":"Alejandro Sosa Ruda","date":"22 diciembre, 2023","format":false,"excerpt":"Lo hizo el d\u00eda de ayer, a trav\u00e9s de su cuenta de Facebook. El diputado (m\/c) Jos\u00e9 Ignacio Cote Rossi, hizo lo propio en su cuenta de la red social. 22 de diciembre de 2023 CHASCOM\u00daS\u00a0 -\u00a0\u00a0El Partido Justicialista de Chascom\u00fas, presidido por el dirigente Alfredo Machin, hizo llegar un\u2026","rel":"","context":"En \u00abDESTACADAS\u00bb","block_context":{"text":"DESTACADAS","link":"https:\/\/larevistadigital.com.ar\/blog\/category\/destacadas\/"},"img":{"alt_text":"","src":"https:\/\/i0.wp.com\/larevistadigital.com.ar\/blog\/wp-content\/uploads\/COMUNICADO-PJ-scaled.jpg?fit=1200%2C606&ssl=1&resize=350%2C200","width":350,"height":200,"srcset":"https:\/\/i0.wp.com\/larevistadigital.com.ar\/blog\/wp-content\/uploads\/COMUNICADO-PJ-scaled.jpg?fit=1200%2C606&ssl=1&resize=350%2C200 1x, https:\/\/i0.wp.com\/larevistadigital.com.ar\/blog\/wp-content\/uploads\/COMUNICADO-PJ-scaled.jpg?fit=1200%2C606&ssl=1&resize=525%2C300 1.5x, https:\/\/i0.wp.com\/larevistadigital.com.ar\/blog\/wp-content\/uploads\/COMUNICADO-PJ-scaled.jpg?fit=1200%2C606&ssl=1&resize=700%2C400 2x, https:\/\/i0.wp.com\/larevistadigital.com.ar\/blog\/wp-content\/uploads\/COMUNICADO-PJ-scaled.jpg?fit=1200%2C606&ssl=1&resize=1050%2C600 3x"},"classes":[]},{"id":34020,"url":"https:\/\/larevistadigital.com.ar\/blog\/chascomus-turismo-social-de-pami-para-adultos-mayores\/","url_meta":{"origin":36185,"position":4},"title":"CHASCOM\u00daS: TURISMO SOCIAL DE PAMI PARA ADULTOS MAYORES","author":"Alejandro Sosa Ruda","date":"15 octubre, 2023","format":false,"excerpt":"15 de Octubre de 2023 CHASCOM\u00daS -\u00a0 As\u00ed, d\u00edas atr\u00e1s sali\u00f3 el micro al Parque de la Costa, con los afiliados que ganaron su viaje en el encuentro en el Museo del d\u00eda 29, festejo del D\u00eda de las Personas Mayores. Fueron a despedirlos con @javierchapagaston, y en su viaje,\u2026","rel":"","context":"En \u00abSin categor\u00eda\u00bb","block_context":{"text":"Sin categor\u00eda","link":"https:\/\/larevistadigital.com.ar\/blog\/category\/sin-categoria\/"},"img":{"alt_text":"","src":"https:\/\/i0.wp.com\/larevistadigital.com.ar\/blog\/wp-content\/uploads\/387092444_10229465218047150_4506802908154958378_n.jpg?fit=902%2C1128&ssl=1&resize=350%2C200","width":350,"height":200,"srcset":"https:\/\/i0.wp.com\/larevistadigital.com.ar\/blog\/wp-content\/uploads\/387092444_10229465218047150_4506802908154958378_n.jpg?fit=902%2C1128&ssl=1&resize=350%2C200 1x, https:\/\/i0.wp.com\/larevistadigital.com.ar\/blog\/wp-content\/uploads\/387092444_10229465218047150_4506802908154958378_n.jpg?fit=902%2C1128&ssl=1&resize=525%2C300 1.5x, https:\/\/i0.wp.com\/larevistadigital.com.ar\/blog\/wp-content\/uploads\/387092444_10229465218047150_4506802908154958378_n.jpg?fit=902%2C1128&ssl=1&resize=700%2C400 2x"},"classes":[]},{"id":40700,"url":"https:\/\/larevistadigital.com.ar\/blog\/dirigentes-y-candidatos-de-la-libertad-avanza-de-chascomus-estuvieron-en-la-presentacion-de-la-lista-en-dolores\/","url_meta":{"origin":36185,"position":5},"title":"Dirigentes y candidatos de La Libertad Avanza de Chascom\u00fas, estuvieron en la presentaci\u00f3n de la lista en Dolores.","author":"Alejandro Sosa Ruda","date":"1 agosto, 2025","format":false,"excerpt":"El evento cont\u00f3 con la presencia de distintos dirigentes, incluyendo al candidato a 1er. Senador de la 5ta secci\u00f3n, Guillermo Montenegro. 01 de Agosto de 2025 DOLORES\u00a0 -\u00a0 \u00a0En el d\u00eda de ayer, se realiz\u00f3 la presentaci\u00f3n de candidatos de La Libertad Avanza en la ciudad de Dolores, donde adem\u00e1s\u2026","rel":"","context":"En \u00abINTERES GENERAL\u00bb","block_context":{"text":"INTERES GENERAL","link":"https:\/\/larevistadigital.com.ar\/blog\/category\/interes-general\/"},"img":{"alt_text":"","src":"https:\/\/i0.wp.com\/larevistadigital.com.ar\/blog\/wp-content\/uploads\/WhatsApp-Image-2025-08-01-at-11.12.24.jpeg?fit=814%2C543&ssl=1&resize=350%2C200","width":350,"height":200,"srcset":"https:\/\/i0.wp.com\/larevistadigital.com.ar\/blog\/wp-content\/uploads\/WhatsApp-Image-2025-08-01-at-11.12.24.jpeg?fit=814%2C543&ssl=1&resize=350%2C200 1x, https:\/\/i0.wp.com\/larevistadigital.com.ar\/blog\/wp-content\/uploads\/WhatsApp-Image-2025-08-01-at-11.12.24.jpeg?fit=814%2C543&ssl=1&resize=525%2C300 1.5x, https:\/\/i0.wp.com\/larevistadigital.com.ar\/blog\/wp-content\/uploads\/WhatsApp-Image-2025-08-01-at-11.12.24.jpeg?fit=814%2C543&ssl=1&resize=700%2C400 2x"},"classes":[]}],"_links":{"self":[{"href":"https:\/\/larevistadigital.com.ar\/blog\/wp-json\/wp\/v2\/posts\/36185","targetHints":{"allow":["GET"]}}],"collection":[{"href":"https:\/\/larevistadigital.com.ar\/blog\/wp-json\/wp\/v2\/posts"}],"about":[{"href":"https:\/\/larevistadigital.com.ar\/blog\/wp-json\/wp\/v2\/types\/post"}],"author":[{"embeddable":true,"href":"https:\/\/larevistadigital.com.ar\/blog\/wp-json\/wp\/v2\/users\/3"}],"replies":[{"embeddable":true,"href":"https:\/\/larevistadigital.com.ar\/blog\/wp-json\/wp\/v2\/comments?post=36185"}],"version-history":[{"count":3,"href":"https:\/\/larevistadigital.com.ar\/blog\/wp-json\/wp\/v2\/posts\/36185\/revisions"}],"predecessor-version":[{"id":36190,"href":"https:\/\/larevistadigital.com.ar\/blog\/wp-json\/wp\/v2\/posts\/36185\/revisions\/36190"}],"wp:featuredmedia":[{"embeddable":true,"href":"https:\/\/larevistadigital.com.ar\/blog\/wp-json\/wp\/v2\/media\/36186"}],"wp:attachment":[{"href":"https:\/\/larevistadigital.com.ar\/blog\/wp-json\/wp\/v2\/media?parent=36185"}],"wp:term":[{"taxonomy":"category","embeddable":true,"href":"https:\/\/larevistadigital.com.ar\/blog\/wp-json\/wp\/v2\/categories?post=36185"},{"taxonomy":"post_tag","embeddable":true,"href":"https:\/\/larevistadigital.com.ar\/blog\/wp-json\/wp\/v2\/tags?post=36185"}],"curies":[{"name":"wp","href":"https:\/\/api.w.org\/{rel}","templated":true}]}}