{"id":36191,"date":"2024-06-01T12:44:12","date_gmt":"2024-06-01T15:44:12","guid":{"rendered":"https:\/\/larevistadigital.com.ar\/blog\/?p=36191"},"modified":"2024-06-01T12:44:12","modified_gmt":"2024-06-01T15:44:12","slug":"chascomus-la-policia-recupero-en-un-baldio-elementos-supuestamente-robados","status":"publish","type":"post","link":"https:\/\/larevistadigital.com.ar\/blog\/chascomus-la-policia-recupero-en-un-baldio-elementos-supuestamente-robados\/","title":{"rendered":"CHASCOM\u00daS: LA POLIC\u00cdA RECUPER\u00d3 EN UN BALD\u00cdO ELEMENTOS SUPUESTAMENTE ROBADOS"},"content":{"rendered":"<h2>Los elementos encontrados son de escaso valor, lo que denota la cala\u00f1a de los delincuentes.<\/h2>\n<p>1\u00b0 de Junio de 2024<\/p>\n<p><strong>CHASCOM\u00daS &#8211;\u00a0<\/strong> En horas de la tarde del d\u00eda de ayer, personal policial de E.P.C. Chascom\u00fas 1ra. procedi\u00f3 a incautar de un terreno baldio del barrio San Cayetano dos pavas electricas, un secador de pelo, plancha para el pelo, sandalias crocs, un dent\u00edfrico, crema para peinar, un alargue y una sabana, todos estos elementos en excelente estado de conservaci\u00f3n.<\/p>\n<p>Se iniciaron actuaciones por HALLAZGO. Al momento se intenta dar con la v\u00edctima de alg\u00fan ilicito que constate el faltante los elementos incautados.<\/p>\n","protected":false},"excerpt":{"rendered":"<div class=\"mh-excerpt\"><p>Los elementos encontrados son de escaso valor, lo que denota la cala\u00f1a de los delincuentes. 1\u00b0 de Junio de 2024 CHASCOM\u00daS &#8211;\u00a0 En horas de la tarde del d\u00eda de ayer, personal policial de E.P.C. <a class=\"mh-excerpt-more\" href=\"https:\/\/larevistadigital.com.ar\/blog\/chascomus-la-policia-recupero-en-un-baldio-elementos-supuestamente-robados\/\" title=\"CHASCOM\u00daS: LA POLIC\u00cdA RECUPER\u00d3 EN UN BALD\u00cdO ELEMENTOS SUPUESTAMENTE ROBADOS\">[Leer M\u00e1s]<\/a><\/p>\n<\/div>","protected":false},"author":3,"featured_media":36192,"comment_status":"open","ping_status":"open","sticky":false,"template":"","format":"standard","meta":{"_jetpack_memberships_contains_paid_content":false,"footnotes":"","jetpack_publicize_message":"","jetpack_publicize_feature_enabled":true,"jetpack_social_post_already_shared":true,"jetpack_social_options":{"image_generator_settings":{"template":"highway","default_image_id":0,"font":"","enabled":false},"version":2}},"categories":[1],"tags":[],"class_list":{"0":"post-36191","1":"post","2":"type-post","3":"status-publish","4":"format-standard","5":"has-post-thumbnail","7":"category-sin-categoria"},"jetpack_publicize_connections":[],"jetpack_featured_media_url":"https:\/\/i0.wp.com\/larevistadigital.com.ar\/blog\/wp-content\/uploads\/WhatsApp-Image-2024-05-31-at-12.28.02.jpeg?fit=868%2C1156&ssl=1","jetpack_sharing_enabled":true,"jetpack_shortlink":"https:\/\/wp.me\/p8qtrQ-9pJ","jetpack-related-posts":[{"id":5592,"url":"https:\/\/larevistadigital.com.ar\/blog\/chascomus-la-policia-recupero-elementos-robados\/","url_meta":{"origin":36191,"position":0},"title":"CHASCOM\u00daS: LA POLIC\u00cdA RECUPER\u00d3 ELEMENTOS ROBADOS","author":"Alejandro Sosa Ruda","date":"21 mayo, 2018","format":false,"excerpt":"En la noche del viernes, denunci\u00f3 Fernando Scardigno que durante su ausencia de su domicilio en calle Ameghino durante el d\u00eda jueves unos desconocidos\u00a0 previo violentar una reja ingresaron sustrayendo varios efectos. A ra\u00edz de ello personal del GTO (gabinete t\u00e9cnico operativo) de la EPC Chascomus inici\u00f3 la investigaci\u00f3n la\u2026","rel":"","context":"En \u00abPOLICIALES\u00bb","block_context":{"text":"POLICIALES","link":"https:\/\/larevistadigital.com.ar\/blog\/category\/policiales\/"},"img":{"alt_text":"","src":"https:\/\/i0.wp.com\/larevistadigital.com.ar\/blog\/wp-content\/uploads\/2018\/05\/WhatsApp-Image-2018-05-19-at-21.58.18.jpeg?fit=1032%2C581&ssl=1&resize=350%2C200","width":350,"height":200,"srcset":"https:\/\/i0.wp.com\/larevistadigital.com.ar\/blog\/wp-content\/uploads\/2018\/05\/WhatsApp-Image-2018-05-19-at-21.58.18.jpeg?fit=1032%2C581&ssl=1&resize=350%2C200 1x, https:\/\/i0.wp.com\/larevistadigital.com.ar\/blog\/wp-content\/uploads\/2018\/05\/WhatsApp-Image-2018-05-19-at-21.58.18.jpeg?fit=1032%2C581&ssl=1&resize=525%2C300 1.5x, https:\/\/i0.wp.com\/larevistadigital.com.ar\/blog\/wp-content\/uploads\/2018\/05\/WhatsApp-Image-2018-05-19-at-21.58.18.jpeg?fit=1032%2C581&ssl=1&resize=700%2C400 2x"},"classes":[]},{"id":27864,"url":"https:\/\/larevistadigital.com.ar\/blog\/chascomus-en-un-rapido-accionar-el-comando-de-prevencion-rural-secuestro-elementos-de-galgueros\/","url_meta":{"origin":36191,"position":1},"title":"CHASCOM\u00daS: EN UN R\u00c1PIDO ACCIONAR EL COMANDO DE PREVENCI\u00d3N RURAL SECUESTR\u00d3 ELEMENTOS DE \u00abGALGUEROS\u00bb","author":"Alejandro Sosa Ruda","date":"19 septiembre, 2022","format":false,"excerpt":"Intervino el CPR de Chascom\u00fas y se secuestraron elementos. 18 de septiembre de 2022 Durante la jornada de este domingo y a ra\u00edz de un llamado telef\u00f3nico al 911 se toma conocimiento de la presencia de \"galgueros\" en el establecimiento San Jos\u00e9 de cuartel VIII de este medio. Una vez\u2026","rel":"","context":"En \u00abDESTACADAS\u00bb","block_context":{"text":"DESTACADAS","link":"https:\/\/larevistadigital.com.ar\/blog\/category\/destacadas\/"},"img":{"alt_text":"","src":"https:\/\/i0.wp.com\/larevistadigital.com.ar\/blog\/wp-content\/uploads\/WhatsApp-Image-2022-09-18-at-17.31.58.jpeg?fit=1156%2C650&ssl=1&resize=350%2C200","width":350,"height":200,"srcset":"https:\/\/i0.wp.com\/larevistadigital.com.ar\/blog\/wp-content\/uploads\/WhatsApp-Image-2022-09-18-at-17.31.58.jpeg?fit=1156%2C650&ssl=1&resize=350%2C200 1x, https:\/\/i0.wp.com\/larevistadigital.com.ar\/blog\/wp-content\/uploads\/WhatsApp-Image-2022-09-18-at-17.31.58.jpeg?fit=1156%2C650&ssl=1&resize=525%2C300 1.5x, https:\/\/i0.wp.com\/larevistadigital.com.ar\/blog\/wp-content\/uploads\/WhatsApp-Image-2022-09-18-at-17.31.58.jpeg?fit=1156%2C650&ssl=1&resize=700%2C400 2x, https:\/\/i0.wp.com\/larevistadigital.com.ar\/blog\/wp-content\/uploads\/WhatsApp-Image-2022-09-18-at-17.31.58.jpeg?fit=1156%2C650&ssl=1&resize=1050%2C600 3x"},"classes":[]},{"id":31238,"url":"https:\/\/larevistadigital.com.ar\/blog\/chascomus-aprehenden-a-un-menor-que-robo-elementos-en-el-barrio-fatima\/","url_meta":{"origin":36191,"position":2},"title":"CHASCOM\u00daS: APREHENDEN A UN MENOR QUE ROBO ELEMENTOS EN EL BARRIO F\u00c1TIMA","author":"Alejandro Sosa Ruda","date":"25 abril, 2023","format":false,"excerpt":"Rob\u00f3 distintos elementos y termin\u00f3 aprehendido. 25 de abril de 2023 CHASCOM\u00daS -\u00a0 Durante el d\u00eda de hoy, y aproximadamente a las 10:30 hs. personal de Polic\u00eda Comunal procedi\u00f3 a la aprehensi\u00f3n de un menor de edad. El joven hab\u00eda sustra\u00eddo elementos de un veh\u00edculo en el Barrio F\u00e1tima, los\u2026","rel":"","context":"En \u00abINTERES GENERAL\u00bb","block_context":{"text":"INTERES GENERAL","link":"https:\/\/larevistadigital.com.ar\/blog\/category\/interes-general\/"},"img":{"alt_text":"","src":"https:\/\/i0.wp.com\/larevistadigital.com.ar\/blog\/wp-content\/uploads\/WhatsApp-Image-2023-04-25-at-11.30.20.jpeg?fit=675%2C1200&ssl=1&resize=350%2C200","width":350,"height":200,"srcset":"https:\/\/i0.wp.com\/larevistadigital.com.ar\/blog\/wp-content\/uploads\/WhatsApp-Image-2023-04-25-at-11.30.20.jpeg?fit=675%2C1200&ssl=1&resize=350%2C200 1x, https:\/\/i0.wp.com\/larevistadigital.com.ar\/blog\/wp-content\/uploads\/WhatsApp-Image-2023-04-25-at-11.30.20.jpeg?fit=675%2C1200&ssl=1&resize=525%2C300 1.5x"},"classes":[]},{"id":1187,"url":"https:\/\/larevistadigital.com.ar\/blog\/chascomus-allanamientos-con-resultado-positivo\/","url_meta":{"origin":36191,"position":3},"title":"CHASCOMUS: ALLANAMIENTOS CON RESULTADO POSITIVO","author":"Alejandro Sosa Ruda","date":"15 marzo, 2017","format":false,"excerpt":"En la jornada de ayer se realizaron dos allanamientos\u00a0 en el barrio san Luis. Los mismos se dan en el marco de dos hechos de robo del pasado fin de semana. El primero de ellos, se realiz\u00f3 \u00a0en calle Machado al 300, luego se llev\u00f3 a cabo otro en \u00a0calle\u2026","rel":"","context":"En \u00abCHASCOM\u00daS\u00bb","block_context":{"text":"CHASCOM\u00daS","link":"https:\/\/larevistadigital.com.ar\/blog\/category\/chascomus\/"},"img":{"alt_text":"","src":"https:\/\/i0.wp.com\/larevistadigital.com.ar\/blog\/wp-content\/uploads\/2017\/03\/amadeo_25defebrerode2017_elfuerte.jpg?fit=909%2C915&ssl=1&resize=350%2C200","width":350,"height":200,"srcset":"https:\/\/i0.wp.com\/larevistadigital.com.ar\/blog\/wp-content\/uploads\/2017\/03\/amadeo_25defebrerode2017_elfuerte.jpg?fit=909%2C915&ssl=1&resize=350%2C200 1x, https:\/\/i0.wp.com\/larevistadigital.com.ar\/blog\/wp-content\/uploads\/2017\/03\/amadeo_25defebrerode2017_elfuerte.jpg?fit=909%2C915&ssl=1&resize=525%2C300 1.5x, https:\/\/i0.wp.com\/larevistadigital.com.ar\/blog\/wp-content\/uploads\/2017\/03\/amadeo_25defebrerode2017_elfuerte.jpg?fit=909%2C915&ssl=1&resize=700%2C400 2x"},"classes":[]},{"id":31841,"url":"https:\/\/larevistadigital.com.ar\/blog\/chascomus-la-policia-aprehendio-a-un-sujeto-que-robo-elementos-de-la-escuela-2-y-recupero-lo-sustraido\/","url_meta":{"origin":36191,"position":4},"title":"CHASCOM\u00daS: LA POLIC\u00cdA APREHENDI\u00d3 A UN SUJETO QUE ROB\u00d3 ELEMENTOS DE LA ESCUELA 2 Y RECUPER\u00d3 LO SUSTRA\u00cdDO","author":"Alejandro Sosa Ruda","date":"4 junio, 2023","format":false,"excerpt":"Eran 3 de los cuales pudieron detener a uno, tras subir a los techos. Recuperaron lo robado. 4 de Junio de 2023 CHASCOM\u00daS -\u00a0\u00a0 Durante el d\u00eda de ayer, alrededor de las siete horas, personal policial se traslad\u00f3 a la escuela n 2 ubicada en la calle Franklin, dado a\u2026","rel":"","context":"En \u00abDESTACADAS\u00bb","block_context":{"text":"DESTACADAS","link":"https:\/\/larevistadigital.com.ar\/blog\/category\/destacadas\/"},"img":{"alt_text":"","src":"https:\/\/i0.wp.com\/larevistadigital.com.ar\/blog\/wp-content\/uploads\/WhatsApp-Image-2023-06-03-at-19.31.06-1.jpeg?fit=898%2C1200&ssl=1&resize=350%2C200","width":350,"height":200,"srcset":"https:\/\/i0.wp.com\/larevistadigital.com.ar\/blog\/wp-content\/uploads\/WhatsApp-Image-2023-06-03-at-19.31.06-1.jpeg?fit=898%2C1200&ssl=1&resize=350%2C200 1x, https:\/\/i0.wp.com\/larevistadigital.com.ar\/blog\/wp-content\/uploads\/WhatsApp-Image-2023-06-03-at-19.31.06-1.jpeg?fit=898%2C1200&ssl=1&resize=525%2C300 1.5x, https:\/\/i0.wp.com\/larevistadigital.com.ar\/blog\/wp-content\/uploads\/WhatsApp-Image-2023-06-03-at-19.31.06-1.jpeg?fit=898%2C1200&ssl=1&resize=700%2C400 2x"},"classes":[]},{"id":38453,"url":"https:\/\/larevistadigital.com.ar\/blog\/38453-2\/","url_meta":{"origin":36191,"position":5},"title":"Chascom\u00fas: La polic\u00eda recuper\u00f3 elementos sustra\u00eddos en sendos allanamientos","author":"Alejandro Sosa Ruda","date":"8 enero, 2025","format":false,"excerpt":"CHASCOM\u00daS -\u00a0 \u00a0En horas de la tarde y en base a diferentes hechos delictivos ocurridos en esta localidad entre donde se destacan hechos en el barrio Esteban Etcheverria, personal policial de E.P.C. Chascomus 1ra. procedio con colaboracion del cuerpo de infanteria afectado al operativo sol a sol, a realizar allanamientos\u2026","rel":"","context":"En \u00abCHASCOM\u00daS\u00bb","block_context":{"text":"CHASCOM\u00daS","link":"https:\/\/larevistadigital.com.ar\/blog\/category\/chascomus\/"},"img":{"alt_text":"","src":"https:\/\/i0.wp.com\/larevistadigital.com.ar\/blog\/wp-content\/uploads\/POLICIA.png?fit=1002%2C658&ssl=1&resize=350%2C200","width":350,"height":200,"srcset":"https:\/\/i0.wp.com\/larevistadigital.com.ar\/blog\/wp-content\/uploads\/POLICIA.png?fit=1002%2C658&ssl=1&resize=350%2C200 1x, https:\/\/i0.wp.com\/larevistadigital.com.ar\/blog\/wp-content\/uploads\/POLICIA.png?fit=1002%2C658&ssl=1&resize=525%2C300 1.5x, https:\/\/i0.wp.com\/larevistadigital.com.ar\/blog\/wp-content\/uploads\/POLICIA.png?fit=1002%2C658&ssl=1&resize=700%2C400 2x"},"classes":[]}],"_links":{"self":[{"href":"https:\/\/larevistadigital.com.ar\/blog\/wp-json\/wp\/v2\/posts\/36191","targetHints":{"allow":["GET"]}}],"collection":[{"href":"https:\/\/larevistadigital.com.ar\/blog\/wp-json\/wp\/v2\/posts"}],"about":[{"href":"https:\/\/larevistadigital.com.ar\/blog\/wp-json\/wp\/v2\/types\/post"}],"author":[{"embeddable":true,"href":"https:\/\/larevistadigital.com.ar\/blog\/wp-json\/wp\/v2\/users\/3"}],"replies":[{"embeddable":true,"href":"https:\/\/larevistadigital.com.ar\/blog\/wp-json\/wp\/v2\/comments?post=36191"}],"version-history":[{"count":1,"href":"https:\/\/larevistadigital.com.ar\/blog\/wp-json\/wp\/v2\/posts\/36191\/revisions"}],"predecessor-version":[{"id":36193,"href":"https:\/\/larevistadigital.com.ar\/blog\/wp-json\/wp\/v2\/posts\/36191\/revisions\/36193"}],"wp:featuredmedia":[{"embeddable":true,"href":"https:\/\/larevistadigital.com.ar\/blog\/wp-json\/wp\/v2\/media\/36192"}],"wp:attachment":[{"href":"https:\/\/larevistadigital.com.ar\/blog\/wp-json\/wp\/v2\/media?parent=36191"}],"wp:term":[{"taxonomy":"category","embeddable":true,"href":"https:\/\/larevistadigital.com.ar\/blog\/wp-json\/wp\/v2\/categories?post=36191"},{"taxonomy":"post_tag","embeddable":true,"href":"https:\/\/larevistadigital.com.ar\/blog\/wp-json\/wp\/v2\/tags?post=36191"}],"curies":[{"name":"wp","href":"https:\/\/api.w.org\/{rel}","templated":true}]}}