{"id":36198,"date":"2024-06-02T19:39:38","date_gmt":"2024-06-02T22:39:38","guid":{"rendered":"https:\/\/larevistadigital.com.ar\/blog\/?p=36198"},"modified":"2024-06-02T19:39:38","modified_gmt":"2024-06-02T22:39:38","slug":"mar-del-plata-encuentran-a-una-policia-en-su-casa","status":"publish","type":"post","link":"https:\/\/larevistadigital.com.ar\/blog\/mar-del-plata-encuentran-a-una-policia-en-su-casa\/","title":{"rendered":"MAR DEL PLATA: ENCUENTRAN A UNA POLIC\u00cdA EN SU CASA"},"content":{"rendered":"<h2><em>Se hallaba de licencia m\u00e9dica por trastornos en el estado de \u00e1nimo, informaron desde la fuerza. El fiscal Fernando Berlingeri estuvo en el lugar y sospecha que se habr\u00eda suicidado<\/em><em>.<\/em><\/h2>\n<p>2 de Junio de 2024<\/p>\n<p>Una polic\u00eda<strong>\u00a0fue encontrada muerta este domingo en su casa del barrio Parque Pe\u00f1a<\/strong>\u00a0y los investigadores sospechan que se suicid\u00f3.<\/p>\n<blockquote>\n<h3>Se trata de una mujer que se hallaba de licencia m\u00e9dica en la fuerza, por trastornos en su estado de \u00e1nimo, seg\u00fan informaron desde la propia\u00a0<strong>Jefatura Departamental<\/strong>\u00a0en un comunicado de prensa.<\/h3>\n<\/blockquote>\n<p>El caso se conoci\u00f3 en horas de la ma\u00f1ana de este domingo en la vivienda de la uniformada, cuyo cad\u00e1ver fue hallado por su padre. De inmediato, el hombre de 45 a\u00f1os llam\u00f3 al 911 y personal de la\u00a0<strong>comisar\u00eda decimoquinta<\/strong>\u00a0-con jurisdicci\u00f3n en la zona- se present\u00f3 r\u00e1pidamente en el lugar y constat\u00f3 que hab\u00eda fallecido por ahorcamiento.<\/p>\n<blockquote>\n<h3>Posteriormente, hizo lo propio el\u00a0<strong>fiscal Fernando Berlingeri<\/strong>, quien inici\u00f3 una causa caratulada\u00a0<strong>\u201cAveriguaci\u00f3n casuales de muerte\u201d<\/strong>, aunque todos los indicios le hacen sospechar que se habr\u00eda suicidado. En las pr\u00f3ximas horas, y por orden del investigador, se le realizar\u00e1 la autopsia correspondiente al cuerpo.<\/h3>\n<\/blockquote>\n<p>Conforme trascendi\u00f3, la mujer hab\u00eda prestado servicios como oficial en la Polic\u00eda de la provincia de Buenos Aires y\u00a0<strong>su \u00faltimo destino fue la comisar\u00eda decimocuarta, en Sierra de los Padres<\/strong>.<\/p>\n","protected":false},"excerpt":{"rendered":"<div class=\"mh-excerpt\"><p>Se hallaba de licencia m\u00e9dica por trastornos en el estado de \u00e1nimo, informaron desde la fuerza. El fiscal Fernando Berlingeri estuvo en el lugar y sospecha que se habr\u00eda suicidado. 2 de Junio de 2024 <a class=\"mh-excerpt-more\" href=\"https:\/\/larevistadigital.com.ar\/blog\/mar-del-plata-encuentran-a-una-policia-en-su-casa\/\" title=\"MAR DEL PLATA: ENCUENTRAN A UNA POLIC\u00cdA EN SU CASA\">[Leer M\u00e1s]<\/a><\/p>\n<\/div>","protected":false},"author":3,"featured_media":23109,"comment_status":"open","ping_status":"open","sticky":false,"template":"","format":"standard","meta":{"_jetpack_memberships_contains_paid_content":false,"footnotes":"","jetpack_publicize_message":"","jetpack_publicize_feature_enabled":true,"jetpack_social_post_already_shared":true,"jetpack_social_options":{"image_generator_settings":{"template":"highway","default_image_id":0,"font":"","enabled":false},"version":2}},"categories":[44,51],"tags":[],"class_list":{"0":"post-36198","1":"post","2":"type-post","3":"status-publish","4":"format-standard","5":"has-post-thumbnail","7":"category-policiales","8":"category-regionales"},"jetpack_publicize_connections":[],"jetpack_featured_media_url":"https:\/\/i0.wp.com\/larevistadigital.com.ar\/blog\/wp-content\/uploads\/Captura-de-pantalla-2021-12-29-203210.jpg?fit=1013%2C675&ssl=1","jetpack_sharing_enabled":true,"jetpack_shortlink":"https:\/\/wp.me\/p8qtrQ-9pQ","jetpack-related-posts":[{"id":34926,"url":"https:\/\/larevistadigital.com.ar\/blog\/tragedia-en-la-plata-muere-una-mujer-durante-un-incendio-en-su-casa-en-navidad\/","url_meta":{"origin":36198,"position":0},"title":"TRAGEDIA EN LA PLATA: MUERE UNA MUJER DURANTE UN INCENDIO EN SU CASA EN NAVIDAD","author":"Alejandro Sosa Ruda","date":"26 diciembre, 2023","format":false,"excerpt":"Seg\u00fan informaron fuentes oficiales, la mujer se hallaba postrada en su cama y no pudo salir cuando se inici\u00f3 el foco. 26 de diciembre de 2023 LA PLATA -\u00a0 El portal 0221 infotm\u00f3 acerca de un tr\u00e1gico episodio se registr\u00f3 este lunes de\u00a0Navidad\u00a0en\u00a0La\u00a0Plata, luego de que\u00a0una jubilada de 69 a\u00f1os\u2026","rel":"","context":"En \u00abPOLICIALES\u00bb","block_context":{"text":"POLICIALES","link":"https:\/\/larevistadigital.com.ar\/blog\/category\/policiales\/"},"img":{"alt_text":"","src":"https:\/\/i0.wp.com\/larevistadigital.com.ar\/blog\/wp-content\/uploads\/Captura-de-pantalla-2023-12-26-111710.png?fit=889%2C482&ssl=1&resize=350%2C200","width":350,"height":200,"srcset":"https:\/\/i0.wp.com\/larevistadigital.com.ar\/blog\/wp-content\/uploads\/Captura-de-pantalla-2023-12-26-111710.png?fit=889%2C482&ssl=1&resize=350%2C200 1x, https:\/\/i0.wp.com\/larevistadigital.com.ar\/blog\/wp-content\/uploads\/Captura-de-pantalla-2023-12-26-111710.png?fit=889%2C482&ssl=1&resize=525%2C300 1.5x, https:\/\/i0.wp.com\/larevistadigital.com.ar\/blog\/wp-content\/uploads\/Captura-de-pantalla-2023-12-26-111710.png?fit=889%2C482&ssl=1&resize=700%2C400 2x"},"classes":[]},{"id":12247,"url":"https:\/\/larevistadigital.com.ar\/blog\/violo-la-perimetral-rocio-a-su-ex-con-nafta-y-la-prendio-fuego\/","url_meta":{"origin":36198,"position":1},"title":"VIOL\u00d3 LA PERIMETRAL, ROCI\u00d3 A SU EX CON NAFTA Y LA PRENDI\u00d3 FUEGO","author":"Alejandro Sosa Ruda","date":"23 septiembre, 2019","format":false,"excerpt":"Una mujer de 24 a\u00f1os permanec\u00eda este lunes internada en grave estado luego de que fuera rociada con nafta y prendida fuego en la ciudad de Posadas\u00a0por su ex pareja, un hombre de 31 a\u00f1os que ten\u00eda prohibici\u00f3n de acercamiento vigente por la justicia. Voceros de la polic\u00eda de Misiones\u00a0informaron\u2026","rel":"","context":"En \u00abINTERES GENERAL\u00bb","block_context":{"text":"INTERES GENERAL","link":"https:\/\/larevistadigital.com.ar\/blog\/category\/interes-general\/"},"img":{"alt_text":"","src":"https:\/\/i0.wp.com\/larevistadigital.com.ar\/blog\/wp-content\/uploads\/Screenshot_2-42.jpg?fit=1200%2C605&ssl=1&resize=350%2C200","width":350,"height":200,"srcset":"https:\/\/i0.wp.com\/larevistadigital.com.ar\/blog\/wp-content\/uploads\/Screenshot_2-42.jpg?fit=1200%2C605&ssl=1&resize=350%2C200 1x, https:\/\/i0.wp.com\/larevistadigital.com.ar\/blog\/wp-content\/uploads\/Screenshot_2-42.jpg?fit=1200%2C605&ssl=1&resize=525%2C300 1.5x, https:\/\/i0.wp.com\/larevistadigital.com.ar\/blog\/wp-content\/uploads\/Screenshot_2-42.jpg?fit=1200%2C605&ssl=1&resize=700%2C400 2x, https:\/\/i0.wp.com\/larevistadigital.com.ar\/blog\/wp-content\/uploads\/Screenshot_2-42.jpg?fit=1200%2C605&ssl=1&resize=1050%2C600 3x"},"classes":[]},{"id":29755,"url":"https:\/\/larevistadigital.com.ar\/blog\/chapadmalal-cayo-a-la-playa-desde-un-acantilado-y-esta-grave\/","url_meta":{"origin":36198,"position":2},"title":"CHAPADMALAL: CAY\u00d3 A LA PLAYA DESDE UN ACANTILADO Y EST\u00c1 GRAVE","author":"Alejandro Sosa Ruda","date":"16 enero, 2023","format":false,"excerpt":"Tiene aproximadamente 40 a\u00f1os y fue trasladado al Hospital Interzonal General de Agudos. En el lugar trabaj\u00f3 personal de Prefectura y bomberos. CHAPADMALAL -\u00a0 Un hombre de aproximadamente 40 a\u00f1os se encuentra en grave estado\u00a0tras haber ca\u00eddo de un acantilado de 10 metros de altura en la zona de Chapadmalal.\u2026","rel":"","context":"En \u00abPOLICIALES\u00bb","block_context":{"text":"POLICIALES","link":"https:\/\/larevistadigital.com.ar\/blog\/category\/policiales\/"},"img":{"alt_text":"","src":"https:\/\/i0.wp.com\/larevistadigital.com.ar\/blog\/wp-content\/uploads\/acantilados.jpg?fit=809%2C438&ssl=1&resize=350%2C200","width":350,"height":200,"srcset":"https:\/\/i0.wp.com\/larevistadigital.com.ar\/blog\/wp-content\/uploads\/acantilados.jpg?fit=809%2C438&ssl=1&resize=350%2C200 1x, https:\/\/i0.wp.com\/larevistadigital.com.ar\/blog\/wp-content\/uploads\/acantilados.jpg?fit=809%2C438&ssl=1&resize=525%2C300 1.5x, https:\/\/i0.wp.com\/larevistadigital.com.ar\/blog\/wp-content\/uploads\/acantilados.jpg?fit=809%2C438&ssl=1&resize=700%2C400 2x"},"classes":[]},{"id":13540,"url":"https:\/\/larevistadigital.com.ar\/blog\/tran-once-dias-de-intensa-busqueda-hallaron-muerto-a-jonathan-corales\/","url_meta":{"origin":36198,"position":3},"title":"TRAN ONCE D\u00cdAS DE INTENSA B\u00daSQUEDA, HALLARON MUERTO A JONATHAN CORALES","author":"Alejandro Sosa Ruda","date":"7 diciembre, 2019","format":false,"excerpt":"Aproximadamente a las 15 horas de este s\u00e1bado 7 se confirm\u00f3 que fue hallado el cuerpo sin vida del joven Jonathan Colares, oriundo de Magdalena, quien se hallaba desaparecido desde el martes 26 de noviembre. Los Bomberos Voluntarios de Magdalena fueron quienes lo hallaron en un terreno bald\u00edo ubicado en\u2026","rel":"","context":"En \u00abDESTACADAS\u00bb","block_context":{"text":"DESTACADAS","link":"https:\/\/larevistadigital.com.ar\/blog\/category\/destacadas\/"},"img":{"alt_text":"","src":"https:\/\/i0.wp.com\/larevistadigital.com.ar\/blog\/wp-content\/uploads\/jonathan-magdalena-1-1140x570-1.jpg?fit=1140%2C570&ssl=1&resize=350%2C200","width":350,"height":200,"srcset":"https:\/\/i0.wp.com\/larevistadigital.com.ar\/blog\/wp-content\/uploads\/jonathan-magdalena-1-1140x570-1.jpg?fit=1140%2C570&ssl=1&resize=350%2C200 1x, https:\/\/i0.wp.com\/larevistadigital.com.ar\/blog\/wp-content\/uploads\/jonathan-magdalena-1-1140x570-1.jpg?fit=1140%2C570&ssl=1&resize=525%2C300 1.5x, https:\/\/i0.wp.com\/larevistadigital.com.ar\/blog\/wp-content\/uploads\/jonathan-magdalena-1-1140x570-1.jpg?fit=1140%2C570&ssl=1&resize=700%2C400 2x, https:\/\/i0.wp.com\/larevistadigital.com.ar\/blog\/wp-content\/uploads\/jonathan-magdalena-1-1140x570-1.jpg?fit=1140%2C570&ssl=1&resize=1050%2C600 3x"},"classes":[]},{"id":9458,"url":"https:\/\/larevistadigital.com.ar\/blog\/brandsen-el-tren-arrollo-a-una-camioneta-y-fallece-sargento-de-la-policia-federal\/","url_meta":{"origin":36198,"position":4},"title":"BRANDSEN: EL TREN ARROLL\u00d3 A UNA CAMIONETA Y FALLECE SARGENTO DE LA POLIC\u00cdA FEDERAL","author":"Alejandro Sosa Ruda","date":"31 marzo, 2019","format":false,"excerpt":"El tr\u00e1gico hecho ocurri\u00f3 alrededor de las 16:50hs de este domingo 31 de marzo en el paso a nivel ubicado en el barrio Teniente Origone de la localidad de Brandsen. Testigos del hecho informaron a\u00a0detrasdelanoticia.com.ar\u00a0que el conductor, -identificado como\u00a0Villaverde Diego,\u00a0Sargento 1\u00b0 de la Polic\u00eda Federal Argentina-, no habr\u00eda visto que\u2026","rel":"","context":"En \u00abDESTACADAS\u00bb","block_context":{"text":"DESTACADAS","link":"https:\/\/larevistadigital.com.ar\/blog\/category\/destacadas\/"},"img":{"alt_text":"","src":"https:\/\/i0.wp.com\/larevistadigital.com.ar\/blog\/wp-content\/uploads\/2019\/03\/IMG-20190331-WA0018_wm.jpg?fit=1024%2C575&ssl=1&resize=350%2C200","width":350,"height":200,"srcset":"https:\/\/i0.wp.com\/larevistadigital.com.ar\/blog\/wp-content\/uploads\/2019\/03\/IMG-20190331-WA0018_wm.jpg?fit=1024%2C575&ssl=1&resize=350%2C200 1x, https:\/\/i0.wp.com\/larevistadigital.com.ar\/blog\/wp-content\/uploads\/2019\/03\/IMG-20190331-WA0018_wm.jpg?fit=1024%2C575&ssl=1&resize=525%2C300 1.5x, https:\/\/i0.wp.com\/larevistadigital.com.ar\/blog\/wp-content\/uploads\/2019\/03\/IMG-20190331-WA0018_wm.jpg?fit=1024%2C575&ssl=1&resize=700%2C400 2x"},"classes":[]},{"id":21175,"url":"https:\/\/larevistadigital.com.ar\/blog\/21175-2\/","url_meta":{"origin":36198,"position":5},"title":"CUMPL\u00cdA ARRESTO DOMICILIARIO, AMENAZ\u00d3 A SU PAREJA Y SE ENCONTR\u00d3 CON SU HIJA DE 5 A\u00d1OS","author":"Alejandro Sosa Ruda","date":"19 julio, 2021","format":false,"excerpt":"Ocurri\u00f3 ayer a la noche en e barrio Zacagnini. El hombre, de 25 a\u00f1os, fue reducido por la polic\u00eda sin que la nena resultara herida. Qued\u00f3 detenido en el \u00c1rea de Salud Mental del Higa ya que habr\u00eda sufrido un brote psic\u00f3tico. MAR DEL PLATA - Una tensa situaci\u00f3n se\u2026","rel":"","context":"En \u00abPOLICIALES\u00bb","block_context":{"text":"POLICIALES","link":"https:\/\/larevistadigital.com.ar\/blog\/category\/policiales\/"},"img":{"alt_text":"","src":"https:\/\/i0.wp.com\/larevistadigital.com.ar\/blog\/wp-content\/uploads\/Captura-de-pantalla-2021-07-19-140855.png?fit=1016%2C676&ssl=1&resize=350%2C200","width":350,"height":200,"srcset":"https:\/\/i0.wp.com\/larevistadigital.com.ar\/blog\/wp-content\/uploads\/Captura-de-pantalla-2021-07-19-140855.png?fit=1016%2C676&ssl=1&resize=350%2C200 1x, https:\/\/i0.wp.com\/larevistadigital.com.ar\/blog\/wp-content\/uploads\/Captura-de-pantalla-2021-07-19-140855.png?fit=1016%2C676&ssl=1&resize=525%2C300 1.5x, https:\/\/i0.wp.com\/larevistadigital.com.ar\/blog\/wp-content\/uploads\/Captura-de-pantalla-2021-07-19-140855.png?fit=1016%2C676&ssl=1&resize=700%2C400 2x"},"classes":[]}],"_links":{"self":[{"href":"https:\/\/larevistadigital.com.ar\/blog\/wp-json\/wp\/v2\/posts\/36198","targetHints":{"allow":["GET"]}}],"collection":[{"href":"https:\/\/larevistadigital.com.ar\/blog\/wp-json\/wp\/v2\/posts"}],"about":[{"href":"https:\/\/larevistadigital.com.ar\/blog\/wp-json\/wp\/v2\/types\/post"}],"author":[{"embeddable":true,"href":"https:\/\/larevistadigital.com.ar\/blog\/wp-json\/wp\/v2\/users\/3"}],"replies":[{"embeddable":true,"href":"https:\/\/larevistadigital.com.ar\/blog\/wp-json\/wp\/v2\/comments?post=36198"}],"version-history":[{"count":1,"href":"https:\/\/larevistadigital.com.ar\/blog\/wp-json\/wp\/v2\/posts\/36198\/revisions"}],"predecessor-version":[{"id":36199,"href":"https:\/\/larevistadigital.com.ar\/blog\/wp-json\/wp\/v2\/posts\/36198\/revisions\/36199"}],"wp:featuredmedia":[{"embeddable":true,"href":"https:\/\/larevistadigital.com.ar\/blog\/wp-json\/wp\/v2\/media\/23109"}],"wp:attachment":[{"href":"https:\/\/larevistadigital.com.ar\/blog\/wp-json\/wp\/v2\/media?parent=36198"}],"wp:term":[{"taxonomy":"category","embeddable":true,"href":"https:\/\/larevistadigital.com.ar\/blog\/wp-json\/wp\/v2\/categories?post=36198"},{"taxonomy":"post_tag","embeddable":true,"href":"https:\/\/larevistadigital.com.ar\/blog\/wp-json\/wp\/v2\/tags?post=36198"}],"curies":[{"name":"wp","href":"https:\/\/api.w.org\/{rel}","templated":true}]}}