{"id":36200,"date":"2024-06-02T19:52:19","date_gmt":"2024-06-02T22:52:19","guid":{"rendered":"https:\/\/larevistadigital.com.ar\/blog\/?p=36200"},"modified":"2024-06-02T19:52:19","modified_gmt":"2024-06-02T22:52:19","slug":"bukele-estuvo-con-milei-luego-de-su-asuncion-presidencial-en-ecuador","status":"publish","type":"post","link":"https:\/\/larevistadigital.com.ar\/blog\/bukele-estuvo-con-milei-luego-de-su-asuncion-presidencial-en-ecuador\/","title":{"rendered":"BUKELE ESTUVO CON MILEI, LUEGO DE SU ASUNCI\u00d3N PRESIDENCIAL EN ECUADOR"},"content":{"rendered":"<p><strong>SAN SALVADOR, \u2013 El presidente de El Salvador, Nayib Bukele, se reuni\u00f3 con su hom\u00f3logo argentino, Javier Milei, tras la ceremonia de investidura para su segundo mandato consecutivo de cinco a\u00f1os (2024-2029).<\/strong><\/p>\n<blockquote>\n<h3>La Casa Presidencial salvadore\u00f1a inform\u00f3 sobre el encuentro y comparti\u00f3 en X un corto video en el que se observa a ambos mandatarios estrech\u00e1ndose la mano y d\u00e1ndose un abrazo.<\/h3>\n<\/blockquote>\n<p><strong>\u201cUn placer conocerte en persona la verdad. Un verdadero gusto\u201d,<\/strong>\u00a0le dijo Milei a Bukele y seguidamente le pregunt\u00f3 muy efusivamente: \u00bfC\u00f3mo es esto de ser reelecto?.<\/p>\n<p>\u201cEs necesario\u201d, respondi\u00f3 Bukele.<\/p>\n<blockquote>\n<h3>La Casa Presidencial se\u00f1al\u00f3 en un mensaje en X que durante la reuni\u00f3n -de car\u00e1cter privada- \u201cconversaron sobre temas clave para fortalecer la cooperaci\u00f3n bilateral y buscar nuevas oportunidades de desarrollo conjunto\u201d.<\/h3>\n<\/blockquote>\n<p>El mandatario argentino particip\u00f3 en la toma de posesi\u00f3n de Bukele, junto con el rey de Espa\u00f1a, Felipe VI; los presidentes de Costa Rica, Rodrigo Chaves; de Ecuador, Daniel Noboa; de Paraguay, Santiago Pe\u00f1a; y las presidentas de Honduras, Xiomara Castro; y de Kosovo, Vjosa Osmani.<\/p>\n<blockquote>\n<h3>La visita a El Salvador representa la primera vez que Milei asiste a la toma posesi\u00f3n de otro presidente desde que lleg\u00f3 a la Casa Rosada el pasado 10 de diciembre, as\u00ed como su primer viaje oficial a otro pa\u00eds de Latinoam\u00e9rica.<\/h3>\n<\/blockquote>\n<p><strong>Tras la victoria de Bukele en las urnas con el 84,6 % de los votos el pasado 4 de febrero, gracias a su alta popularidad por su lucha contra el crimen organizado en El Salvador, fue felicitado por el Gobierno de Milei.<\/strong><\/p>\n<blockquote>\n<h3>En la misma jornada electoral, el presidente Bukele ofreci\u00f3 su colaboraci\u00f3n al Ejecutivo de Argentina en materia de seguridad.<\/h3>\n<\/blockquote>\n<p>Fue el primer encuentro entre ambos l\u00edderes, protagonistas del giro pol\u00edtico regional, despu\u00e9s de que el mandatario salvadore\u00f1o no asistiera a la asunci\u00f3n del ultraliberal en Buenos Aires en diciembre.<\/p>\n","protected":false},"excerpt":{"rendered":"<div class=\"mh-excerpt\"><p>SAN SALVADOR, \u2013 El presidente de El Salvador, Nayib Bukele, se reuni\u00f3 con su hom\u00f3logo argentino, Javier Milei, tras la ceremonia de investidura para su segundo mandato consecutivo de cinco a\u00f1os (2024-2029). La Casa Presidencial <a class=\"mh-excerpt-more\" href=\"https:\/\/larevistadigital.com.ar\/blog\/bukele-estuvo-con-milei-luego-de-su-asuncion-presidencial-en-ecuador\/\" title=\"BUKELE ESTUVO CON MILEI, LUEGO DE SU ASUNCI\u00d3N PRESIDENCIAL EN ECUADOR\">[Leer M\u00e1s]<\/a><\/p>\n<\/div>","protected":false},"author":3,"featured_media":36201,"comment_status":"open","ping_status":"open","sticky":false,"template":"","format":"standard","meta":{"_jetpack_memberships_contains_paid_content":false,"footnotes":"","jetpack_publicize_message":"","jetpack_publicize_feature_enabled":true,"jetpack_social_post_already_shared":true,"jetpack_social_options":{"image_generator_settings":{"template":"highway","default_image_id":0,"font":"","enabled":false},"version":2}},"categories":[12,51],"tags":[],"class_list":{"0":"post-36200","1":"post","2":"type-post","3":"status-publish","4":"format-standard","5":"has-post-thumbnail","7":"category-politica","8":"category-regionales"},"jetpack_publicize_connections":[],"jetpack_featured_media_url":"https:\/\/i0.wp.com\/larevistadigital.com.ar\/blog\/wp-content\/uploads\/Captura-de-pantalla-2024-06-02-194902.png?fit=795%2C487&ssl=1","jetpack_sharing_enabled":true,"jetpack_shortlink":"https:\/\/wp.me\/p8qtrQ-9pS","jetpack-related-posts":[{"id":35399,"url":"https:\/\/larevistadigital.com.ar\/blog\/santa-fe-a-lo-bukele-cada-vez-lo-van-a-pasar-peor\/","url_meta":{"origin":36200,"position":0},"title":"SANTA F\u00c9 A LO BUKELE: \u00abCADA VEZ LO VAN A PASAR PEOR\u00bb","author":"Alejandro Sosa Ruda","date":"7 marzo, 2024","format":false,"excerpt":"Las revisiones sorpresivas se llevaron a cabo en el complejo de Pi\u00f1ero, que aloja a reclusos de \"alto perfil\". Se produjeron despu\u00e9s del ataque a balazos contra dos micros del Servicio Penitenciario. 6 de marzo de 2024 SANTA FE -\u00a0 \u00a0El ataque a balazos contra dos autobuses que transportaban a\u2026","rel":"","context":"En \u00abINTERES GENERAL\u00bb","block_context":{"text":"INTERES GENERAL","link":"https:\/\/larevistadigital.com.ar\/blog\/category\/interes-general\/"},"img":{"alt_text":"","src":"https:\/\/i0.wp.com\/larevistadigital.com.ar\/blog\/wp-content\/uploads\/Captura-de-pantalla-2024-03-06-084518.png?fit=1200%2C525&ssl=1&resize=350%2C200","width":350,"height":200,"srcset":"https:\/\/i0.wp.com\/larevistadigital.com.ar\/blog\/wp-content\/uploads\/Captura-de-pantalla-2024-03-06-084518.png?fit=1200%2C525&ssl=1&resize=350%2C200 1x, https:\/\/i0.wp.com\/larevistadigital.com.ar\/blog\/wp-content\/uploads\/Captura-de-pantalla-2024-03-06-084518.png?fit=1200%2C525&ssl=1&resize=525%2C300 1.5x, https:\/\/i0.wp.com\/larevistadigital.com.ar\/blog\/wp-content\/uploads\/Captura-de-pantalla-2024-03-06-084518.png?fit=1200%2C525&ssl=1&resize=700%2C400 2x, https:\/\/i0.wp.com\/larevistadigital.com.ar\/blog\/wp-content\/uploads\/Captura-de-pantalla-2024-03-06-084518.png?fit=1200%2C525&ssl=1&resize=1050%2C600 3x"},"classes":[]},{"id":42308,"url":"https:\/\/larevistadigital.com.ar\/blog\/empezaron-los-cambios-renuncio-guillermo-francos-y-manuel-adorni-sera-el-nuevo-jefe-de-gabinete\/","url_meta":{"origin":36200,"position":1},"title":"Empezaron los cambios: renunci\u00f3 Guillermo Francos y Manuel Adorni ser\u00e1 el nuevo jefe de Gabinete","author":"Alejandro Sosa Ruda","date":"31 octubre, 2025","format":false,"excerpt":"A casi una semana del triunfo legislativo de La Libertad Avanza, el Gobierno de Javier Milei atraviesa una fuerte reconfiguraci\u00f3n interna. Francos present\u00f3 su renuncia en medio de tensiones con el asesor presidencial Santiago Caputo. Tambi\u00e9n dej\u00f3 su cargo el ministro del Interior, Lisandro Catal\u00e1n. 31 de Octubre de 2025\u2026","rel":"","context":"En \u00abDESTACADAS\u00bb","block_context":{"text":"DESTACADAS","link":"https:\/\/larevistadigital.com.ar\/blog\/category\/destacadas\/"},"img":{"alt_text":"","src":"https:\/\/i0.wp.com\/larevistadigital.com.ar\/blog\/wp-content\/uploads\/Captura-de-pantalla-2025-10-31-215643.jpg?fit=735%2C509&ssl=1&resize=350%2C200","width":350,"height":200,"srcset":"https:\/\/i0.wp.com\/larevistadigital.com.ar\/blog\/wp-content\/uploads\/Captura-de-pantalla-2025-10-31-215643.jpg?fit=735%2C509&ssl=1&resize=350%2C200 1x, https:\/\/i0.wp.com\/larevistadigital.com.ar\/blog\/wp-content\/uploads\/Captura-de-pantalla-2025-10-31-215643.jpg?fit=735%2C509&ssl=1&resize=525%2C300 1.5x, https:\/\/i0.wp.com\/larevistadigital.com.ar\/blog\/wp-content\/uploads\/Captura-de-pantalla-2025-10-31-215643.jpg?fit=735%2C509&ssl=1&resize=700%2C400 2x"},"classes":[]},{"id":34294,"url":"https:\/\/larevistadigital.com.ar\/blog\/el-miercoles-sortearan-los-seis-temas-del-debate-presidencial-entre-massa-y-milei\/","url_meta":{"origin":36200,"position":2},"title":"EL MI\u00c9RCOLES: SORTEAR\u00c1N LOS SEIS TEMAS DEL DEBATE PRESIDENCIAL ENTRE MASSA Y MILEI","author":"Alejandro Sosa Ruda","date":"31 octubre, 2023","format":false,"excerpt":"El encuentro de los candidatos de Uni\u00f3n por la Patria y de La Libertad Avanza ser\u00e1 el pr\u00f3ximo domingo 12 de noviembre, en la Facultad de Derecho de la Universidad de Buenos Aires. 31 de Octubre de 2023 La\u00a0C\u00e1mara Nacional Electoral (CNE) sortear\u00e1 este mi\u00e9rcoles los seis ejes tem\u00e1ticos del\u2026","rel":"","context":"En \u00abPOLITICA\u00bb","block_context":{"text":"POLITICA","link":"https:\/\/larevistadigital.com.ar\/blog\/category\/politica\/"},"img":{"alt_text":"","src":"https:\/\/i0.wp.com\/larevistadigital.com.ar\/blog\/wp-content\/uploads\/651a0fc099ab1_1200.jpg?fit=1200%2C675&ssl=1&resize=350%2C200","width":350,"height":200,"srcset":"https:\/\/i0.wp.com\/larevistadigital.com.ar\/blog\/wp-content\/uploads\/651a0fc099ab1_1200.jpg?fit=1200%2C675&ssl=1&resize=350%2C200 1x, https:\/\/i0.wp.com\/larevistadigital.com.ar\/blog\/wp-content\/uploads\/651a0fc099ab1_1200.jpg?fit=1200%2C675&ssl=1&resize=525%2C300 1.5x, https:\/\/i0.wp.com\/larevistadigital.com.ar\/blog\/wp-content\/uploads\/651a0fc099ab1_1200.jpg?fit=1200%2C675&ssl=1&resize=700%2C400 2x, https:\/\/i0.wp.com\/larevistadigital.com.ar\/blog\/wp-content\/uploads\/651a0fc099ab1_1200.jpg?fit=1200%2C675&ssl=1&resize=1050%2C600 3x"},"classes":[]},{"id":41881,"url":"https:\/\/larevistadigital.com.ar\/blog\/javier-y-karina-milei-fueron-increpados-en-el-microcentro-porteno\/","url_meta":{"origin":36200,"position":3},"title":"Javier y Karina Milei fueron increpados en el microcentro porte\u00f1o","author":"Alejandro Sosa Ruda","date":"9 octubre, 2025","format":false,"excerpt":"El presidente Javier Milei y su hermana Karina Milei, secretaria general de la Presidencia, fueron protagonistas este mi\u00e9rcoles de un tenso episodio en el microcentro de la Ciudad de Buenos Aires, cuando ambos sal\u00edan del local de La Libertad Avanza, en avenida de Mayo y Per\u00fa, y un grupo de\u2026","rel":"","context":"En \u00abINTERES GENERAL\u00bb","block_context":{"text":"INTERES GENERAL","link":"https:\/\/larevistadigital.com.ar\/blog\/category\/interes-general\/"},"img":{"alt_text":"","src":"https:\/\/i0.wp.com\/larevistadigital.com.ar\/blog\/wp-content\/uploads\/20251009183958_javier-karina-milei-fueron-abucheados-microcentro-porteno.jpg?fit=880%2C512&ssl=1&resize=350%2C200","width":350,"height":200,"srcset":"https:\/\/i0.wp.com\/larevistadigital.com.ar\/blog\/wp-content\/uploads\/20251009183958_javier-karina-milei-fueron-abucheados-microcentro-porteno.jpg?fit=880%2C512&ssl=1&resize=350%2C200 1x, https:\/\/i0.wp.com\/larevistadigital.com.ar\/blog\/wp-content\/uploads\/20251009183958_javier-karina-milei-fueron-abucheados-microcentro-porteno.jpg?fit=880%2C512&ssl=1&resize=525%2C300 1.5x, https:\/\/i0.wp.com\/larevistadigital.com.ar\/blog\/wp-content\/uploads\/20251009183958_javier-karina-milei-fueron-abucheados-microcentro-porteno.jpg?fit=880%2C512&ssl=1&resize=700%2C400 2x"},"classes":[]},{"id":34739,"url":"https:\/\/larevistadigital.com.ar\/blog\/luis-petri-sera-el-ministro-de-defensa-del-gobierno-de-milei\/","url_meta":{"origin":36200,"position":4},"title":"LUIS PETRI SER\u00c1 EL MINISTRO DE DEFENSA DEL GOBIERNO DE MILEI","author":"Alejandro Sosa Ruda","date":"4 diciembre, 2023","format":false,"excerpt":"El presidente electo confirm\u00f3 que el dirigente radical estar\u00e1 al frente de la cartera que hoy conduce Jorge Taiana. \u201cLa f\u00f3rmula completa de Juntos por el Cambio ha quedado integrada al gobierno\u201d, inform\u00f3 la oficina del presidente electo. 4 de Diciembre de 2023 La f\u00f3rmula presidencial de Juntos por el\u2026","rel":"","context":"En \u00abINTERES GENERAL\u00bb","block_context":{"text":"INTERES GENERAL","link":"https:\/\/larevistadigital.com.ar\/blog\/category\/interes-general\/"},"img":{"alt_text":"","src":"https:\/\/i0.wp.com\/larevistadigital.com.ar\/blog\/wp-content\/uploads\/Captura-de-pantalla-2023-12-04-170029.png?fit=800%2C511&ssl=1&resize=350%2C200","width":350,"height":200,"srcset":"https:\/\/i0.wp.com\/larevistadigital.com.ar\/blog\/wp-content\/uploads\/Captura-de-pantalla-2023-12-04-170029.png?fit=800%2C511&ssl=1&resize=350%2C200 1x, https:\/\/i0.wp.com\/larevistadigital.com.ar\/blog\/wp-content\/uploads\/Captura-de-pantalla-2023-12-04-170029.png?fit=800%2C511&ssl=1&resize=525%2C300 1.5x, https:\/\/i0.wp.com\/larevistadigital.com.ar\/blog\/wp-content\/uploads\/Captura-de-pantalla-2023-12-04-170029.png?fit=800%2C511&ssl=1&resize=700%2C400 2x"},"classes":[]},{"id":27001,"url":"https:\/\/larevistadigital.com.ar\/blog\/la-plata-milei-recorrio-calle-12-y-se-saco-selfies-con-los-vecinos\/","url_meta":{"origin":36200,"position":5},"title":"LA PLATA: MILEI RECORRI\u00d3 CALLE 12 Y SE SAC\u00d3 SELFIES CON LOS VECINOS","author":"Alejandro Sosa Ruda","date":"5 agosto, 2022","format":false,"excerpt":"El economista libertario camin\u00f3 las calles del centro comercial platense de cara a su futura candidatura presidencial. LA PLATA -\u00a0 El diputado nacional de Avanza Libertad, Javier Milei, lleg\u00f3 este jueves a La Plata y recorri\u00f3 la calle 12 con el objetivo de medir su popularidad entre los platenses, de\u2026","rel":"","context":"En \u00abPOLITICA\u00bb","block_context":{"text":"POLITICA","link":"https:\/\/larevistadigital.com.ar\/blog\/category\/politica\/"},"img":{"alt_text":"","src":"https:\/\/i0.wp.com\/larevistadigital.com.ar\/blog\/wp-content\/uploads\/1659657616621.jpeg?fit=1200%2C594&ssl=1&resize=350%2C200","width":350,"height":200,"srcset":"https:\/\/i0.wp.com\/larevistadigital.com.ar\/blog\/wp-content\/uploads\/1659657616621.jpeg?fit=1200%2C594&ssl=1&resize=350%2C200 1x, https:\/\/i0.wp.com\/larevistadigital.com.ar\/blog\/wp-content\/uploads\/1659657616621.jpeg?fit=1200%2C594&ssl=1&resize=525%2C300 1.5x, https:\/\/i0.wp.com\/larevistadigital.com.ar\/blog\/wp-content\/uploads\/1659657616621.jpeg?fit=1200%2C594&ssl=1&resize=700%2C400 2x, https:\/\/i0.wp.com\/larevistadigital.com.ar\/blog\/wp-content\/uploads\/1659657616621.jpeg?fit=1200%2C594&ssl=1&resize=1050%2C600 3x"},"classes":[]}],"_links":{"self":[{"href":"https:\/\/larevistadigital.com.ar\/blog\/wp-json\/wp\/v2\/posts\/36200","targetHints":{"allow":["GET"]}}],"collection":[{"href":"https:\/\/larevistadigital.com.ar\/blog\/wp-json\/wp\/v2\/posts"}],"about":[{"href":"https:\/\/larevistadigital.com.ar\/blog\/wp-json\/wp\/v2\/types\/post"}],"author":[{"embeddable":true,"href":"https:\/\/larevistadigital.com.ar\/blog\/wp-json\/wp\/v2\/users\/3"}],"replies":[{"embeddable":true,"href":"https:\/\/larevistadigital.com.ar\/blog\/wp-json\/wp\/v2\/comments?post=36200"}],"version-history":[{"count":1,"href":"https:\/\/larevistadigital.com.ar\/blog\/wp-json\/wp\/v2\/posts\/36200\/revisions"}],"predecessor-version":[{"id":36202,"href":"https:\/\/larevistadigital.com.ar\/blog\/wp-json\/wp\/v2\/posts\/36200\/revisions\/36202"}],"wp:featuredmedia":[{"embeddable":true,"href":"https:\/\/larevistadigital.com.ar\/blog\/wp-json\/wp\/v2\/media\/36201"}],"wp:attachment":[{"href":"https:\/\/larevistadigital.com.ar\/blog\/wp-json\/wp\/v2\/media?parent=36200"}],"wp:term":[{"taxonomy":"category","embeddable":true,"href":"https:\/\/larevistadigital.com.ar\/blog\/wp-json\/wp\/v2\/categories?post=36200"},{"taxonomy":"post_tag","embeddable":true,"href":"https:\/\/larevistadigital.com.ar\/blog\/wp-json\/wp\/v2\/tags?post=36200"}],"curies":[{"name":"wp","href":"https:\/\/api.w.org\/{rel}","templated":true}]}}