{"id":36204,"date":"2024-06-04T09:58:59","date_gmt":"2024-06-04T12:58:59","guid":{"rendered":"https:\/\/larevistadigital.com.ar\/blog\/?p=36204"},"modified":"2024-06-04T09:58:59","modified_gmt":"2024-06-04T12:58:59","slug":"chascomus-visita-del-subsecretario-provincial-de-deportes-acompanado-por-el-viceministro-de-cultura-jose-ignacio-cote-rossi","status":"publish","type":"post","link":"https:\/\/larevistadigital.com.ar\/blog\/chascomus-visita-del-subsecretario-provincial-de-deportes-acompanado-por-el-viceministro-de-cultura-jose-ignacio-cote-rossi\/","title":{"rendered":"CHASCOM\u00daS: VISITA DEL SUBSECRETARIO PROVINCIAL DE DEPORTES, ACOMPA\u00d1ADO POR EL VICEMINISTRO DE CULTURA JOS\u00c9 IGNACIO \u00abCOTE\u00bb ROSSI"},"content":{"rendered":"<h2>Durante la visita, el dirigente entreg\u00f3 elementos para los clubes locales.<\/h2>\n<p>4 de Junio de 2024<\/p>\n<p><strong>CHASCOM\u00daS &#8211;\u00a0 <\/strong>La gesti\u00f3n del gobernador <strong>Axel Kicillof<\/strong> ha hecho hincapi\u00e9 en su pol\u00edtica deportiva, lo que llev\u00f3 al actual Subsecretario de Deportes, <strong>Leandro Lurati<\/strong>, a visitar la ciudad de Chascom\u00fas. Acompa\u00f1ado por el funcionario bonaerense<strong> Jos\u00e9 \u00abCote\u00bb Rossi<\/strong>, que siempre genera o acompa\u00f1a\u00a0 las visitas de los funcionarios de Gobierno Provincial, y bajo la hospitalidad del intendente <strong>Javier Gast\u00f3n<\/strong>, <strong>Lurati<\/strong> explor\u00f3 los terrenos de los clubes Tiro Federal y Atl\u00e9tico Chascom\u00fas, adem\u00e1s de recorrer el polideportivo municipal, donde la comuna est\u00e1 llevando a cabo una serie de obras para revitalizar el estadio \u00abJuan Silverio Oroz\u00bb.<\/p>\n<blockquote>\n<h3>Durante su estad\u00eda en Chascom\u00fas, Lurati tuvo la oportunidad de sumergirse en el funcionamiento de algunas escuelas de f\u00fatbol infantil y de v\u00f3ley que operan en la ciudad.<\/h3>\n<\/blockquote>\n<p>En las diversas reuniones mantenidas, que incluyeron un di\u00e1logo con figuras destacadas del \u00e1mbito deportivo en las oficinas de la subsecretar\u00eda de deportes local, se abordaron temas cruciales, como la dif\u00edcil situaci\u00f3n financiera que enfrentan las instituciones deportivas en medio de la crisis, especialmente debido al aumento en las tarifas de servicios p\u00fablicos, destacando <em><strong>\u00abel importante rol social que estas organizaciones cumplen en la comunidad\u00bb,<\/strong><\/em> seg\u00fan expres\u00f3 el comunicado emitido por el municipio.<\/p>\n<blockquote>\n<h3>El concejal local Leandro Bordalecou tambi\u00e9n estuvo presente durante la visita oficial.<\/h3>\n<\/blockquote>\n<p>Como gesto de apoyo, el funcionario provincial distribuy\u00f3 kits deportivos que inclu\u00edan pelotas, redes, conos y otros implementos de entrenamiento. En particular, <strong>Lurati<\/strong> visit\u00f3 el terreno del Club Tiro Federal en el barrio 30 de Mayo, donde fue recibido por el presidente de la instituci\u00f3n, <strong>Marcelo Molina<\/strong>, y otros miembros de la comisi\u00f3n directiva. Impresionado por las obras en curso y finalizadas, as\u00ed como por el compromiso socioeducativo con ni\u00f1os y adolescentes, el representante de <strong>Kicillof<\/strong> manifest\u00f3 su admiraci\u00f3n por el trabajo llevado a cabo en dicha entidad.<\/p>\n<p>Fuente: ZNoticias.com.ar<\/p>\n","protected":false},"excerpt":{"rendered":"<div class=\"mh-excerpt\"><p>Durante la visita, el dirigente entreg\u00f3 elementos para los clubes locales. 4 de Junio de 2024 CHASCOM\u00daS &#8211;\u00a0 La gesti\u00f3n del gobernador Axel Kicillof ha hecho hincapi\u00e9 en su pol\u00edtica deportiva, lo que llev\u00f3 al <a class=\"mh-excerpt-more\" href=\"https:\/\/larevistadigital.com.ar\/blog\/chascomus-visita-del-subsecretario-provincial-de-deportes-acompanado-por-el-viceministro-de-cultura-jose-ignacio-cote-rossi\/\" title=\"CHASCOM\u00daS: VISITA DEL SUBSECRETARIO PROVINCIAL DE DEPORTES, ACOMPA\u00d1ADO POR EL VICEMINISTRO DE CULTURA JOS\u00c9 IGNACIO \u00abCOTE\u00bb ROSSI\">[Leer M\u00e1s]<\/a><\/p>\n<\/div>","protected":false},"author":3,"featured_media":36205,"comment_status":"open","ping_status":"open","sticky":false,"template":"","format":"standard","meta":{"_jetpack_memberships_contains_paid_content":false,"footnotes":"","jetpack_publicize_message":"","jetpack_publicize_feature_enabled":true,"jetpack_social_post_already_shared":true,"jetpack_social_options":{"image_generator_settings":{"template":"highway","default_image_id":0,"font":"","enabled":false},"version":2}},"categories":[41],"tags":[],"class_list":{"0":"post-36204","1":"post","2":"type-post","3":"status-publish","4":"format-standard","5":"has-post-thumbnail","7":"category-destacadas"},"jetpack_publicize_connections":[],"jetpack_featured_media_url":"https:\/\/i0.wp.com\/larevistadigital.com.ar\/blog\/wp-content\/uploads\/FOTO-2.jpg?fit=600%2C400&ssl=1","jetpack_sharing_enabled":true,"jetpack_shortlink":"https:\/\/wp.me\/p8qtrQ-9pW","jetpack-related-posts":[{"id":18948,"url":"https:\/\/larevistadigital.com.ar\/blog\/el-diputado-provincial-jose-cote-rossi-se-refirio-a-los-subsidios-entregados-a-union-deportiva-y-tiro-federal\/","url_meta":{"origin":36204,"position":0},"title":"EL DIPUTADO PROVINCIAL JOS\u00c9 \u00abCOTE\u00bb ROSSI SE REFIRI\u00d3 A LOS SUBSIDIOS ENTREGADOS A UNI\u00d3N DEPORTIVA Y TIRO FEDERAL","author":"Alejandro Sosa Ruda","date":"22 febrero, 2021","format":false,"excerpt":"Durante una entrevista radial con Alberto Morel en su programa AM Show, el diputado provincial Jos\u00e9 Ignacio \"Cote\" Rossi habl\u00f3 de los subsidios que entreg\u00f3 al Club Uni\u00f3n Deportiva y Tiro Federal. En referencia a Uni\u00f3n Deportiva, Rossi mencion\u00f3 el dif\u00edcil momento que pasa la instituci\u00f3n que durante la pandemia\u2026","rel":"","context":"En \u00abCHASCOM\u00daS\u00bb","block_context":{"text":"CHASCOM\u00daS","link":"https:\/\/larevistadigital.com.ar\/blog\/category\/chascomus\/"},"img":{"alt_text":"","src":"https:\/\/i0.wp.com\/larevistadigital.com.ar\/blog\/wp-content\/uploads\/Captura-16.png?fit=1154%2C748&ssl=1&resize=350%2C200","width":350,"height":200,"srcset":"https:\/\/i0.wp.com\/larevistadigital.com.ar\/blog\/wp-content\/uploads\/Captura-16.png?fit=1154%2C748&ssl=1&resize=350%2C200 1x, https:\/\/i0.wp.com\/larevistadigital.com.ar\/blog\/wp-content\/uploads\/Captura-16.png?fit=1154%2C748&ssl=1&resize=525%2C300 1.5x, https:\/\/i0.wp.com\/larevistadigital.com.ar\/blog\/wp-content\/uploads\/Captura-16.png?fit=1154%2C748&ssl=1&resize=700%2C400 2x, https:\/\/i0.wp.com\/larevistadigital.com.ar\/blog\/wp-content\/uploads\/Captura-16.png?fit=1154%2C748&ssl=1&resize=1050%2C600 3x"},"classes":[]},{"id":28580,"url":"https:\/\/larevistadigital.com.ar\/blog\/el-diputado-jose-iganacio-cote-rossi-estuvo-en-el-operativo-dni-y-pasaporte-en-chascomus\/","url_meta":{"origin":36204,"position":1},"title":"EL DIPUTADO JOS\u00c9 IGANACIO \u00abCOTE\u00bb ROSSI, ESTUVO EN EL OPERATIVO \u00abDNI Y PASAPORTE EN CHASCOM\u00daS\u00bb","author":"Alejandro Sosa Ruda","date":"25 octubre, 2022","format":false,"excerpt":"Con gran afluencia de p\u00fablico, se llev\u00f3 a cabo el operativo, y \"Cote\" Rossi asegur\u00f3 que \"Seguimos trabajando para acercar herramientas a nuestros vecinos de los barrios populares\". 25 de Octubre de 2022 CHASCOM\u00daS -\u00a0 En el marco del operativo \"DNI Y PASAPORTE EN CHASCOM\u00daS\" se realiz\u00f3 la primera jornada\u2026","rel":"","context":"En \u00abINTERES GENERAL\u00bb","block_context":{"text":"INTERES GENERAL","link":"https:\/\/larevistadigital.com.ar\/blog\/category\/interes-general\/"},"img":{"alt_text":"","src":"https:\/\/i0.wp.com\/larevistadigital.com.ar\/blog\/wp-content\/uploads\/312242308_10225291479507978_5094689957255557948_n.jpg?fit=1024%2C683&ssl=1&resize=350%2C200","width":350,"height":200,"srcset":"https:\/\/i0.wp.com\/larevistadigital.com.ar\/blog\/wp-content\/uploads\/312242308_10225291479507978_5094689957255557948_n.jpg?fit=1024%2C683&ssl=1&resize=350%2C200 1x, https:\/\/i0.wp.com\/larevistadigital.com.ar\/blog\/wp-content\/uploads\/312242308_10225291479507978_5094689957255557948_n.jpg?fit=1024%2C683&ssl=1&resize=525%2C300 1.5x, https:\/\/i0.wp.com\/larevistadigital.com.ar\/blog\/wp-content\/uploads\/312242308_10225291479507978_5094689957255557948_n.jpg?fit=1024%2C683&ssl=1&resize=700%2C400 2x"},"classes":[]},{"id":14173,"url":"https:\/\/larevistadigital.com.ar\/blog\/el-diputado-chascomunense-cote-rossi-junto-al-gobernador-y-ministros-en-el-lanzamiento-del-programa-recreo\/","url_meta":{"origin":36204,"position":2},"title":"EL DIPUTADO CHASCOMUNENSE COTE ROSSI JUNTO AL GOBERNADOR Y MINISTROS EN EL LANZAMIENTO DEL PROGRAMA \u00abRECREO\u00bb","author":"Alejandro Sosa Ruda","date":"13 enero, 2020","format":false,"excerpt":"El diputado chascomunense acompa\u00f1\u00f3 al gobernador, a los ministros de seguridad y de producci\u00f3n y al intendente costero presentando un programa provincial. En la tarde del \u00faltimo viernes y al cumplirse un mes de su asunci\u00f3n, el gobernador bonaerense Axel Kicillof, visit\u00f3 la localidad costera de San Bernardo, acompa\u00f1ado por\u2026","rel":"","context":"En \u00abCHASCOM\u00daS\u00bb","block_context":{"text":"CHASCOM\u00daS","link":"https:\/\/larevistadigital.com.ar\/blog\/category\/chascomus\/"},"img":{"alt_text":"","src":"https:\/\/i0.wp.com\/larevistadigital.com.ar\/blog\/wp-content\/uploads\/82706890_3471983062842711_402877587451281408_o.jpg?fit=1200%2C872&ssl=1&resize=350%2C200","width":350,"height":200,"srcset":"https:\/\/i0.wp.com\/larevistadigital.com.ar\/blog\/wp-content\/uploads\/82706890_3471983062842711_402877587451281408_o.jpg?fit=1200%2C872&ssl=1&resize=350%2C200 1x, https:\/\/i0.wp.com\/larevistadigital.com.ar\/blog\/wp-content\/uploads\/82706890_3471983062842711_402877587451281408_o.jpg?fit=1200%2C872&ssl=1&resize=525%2C300 1.5x, https:\/\/i0.wp.com\/larevistadigital.com.ar\/blog\/wp-content\/uploads\/82706890_3471983062842711_402877587451281408_o.jpg?fit=1200%2C872&ssl=1&resize=700%2C400 2x, https:\/\/i0.wp.com\/larevistadigital.com.ar\/blog\/wp-content\/uploads\/82706890_3471983062842711_402877587451281408_o.jpg?fit=1200%2C872&ssl=1&resize=1050%2C600 3x"},"classes":[]},{"id":42944,"url":"https:\/\/larevistadigital.com.ar\/blog\/con-la-asuncion-de-cote-rossi-la-ciudad-de-chascomus-vuelve-a-tener-un-diputado\/","url_meta":{"origin":36204,"position":3},"title":"Con la asuncion de \u00abCote\u00bb Rossi, la ciudad de Chascomus vuelve a tener un diputado","author":"Alejandro Sosa Ruda","date":"17 diciembre, 2025","format":false,"excerpt":"El nativo de Chascom\u00fas, jur\u00f3 como diputado provincial, en reemplazo del diputado marplatense Gustavo Pulti. 17 de Diciembre de 2025 En horas de la tarde de este martes 16 de diciembre se llev\u00f3 a cabo una sesi\u00f3n extraordinaria de la C\u00e1mara de Diputados de la Provincia de Buenos Aires. Durante\u2026","rel":"","context":"En \u00abDESTACADAS\u00bb","block_context":{"text":"DESTACADAS","link":"https:\/\/larevistadigital.com.ar\/blog\/category\/destacadas\/"},"img":{"alt_text":"","src":"https:\/\/i0.wp.com\/larevistadigital.com.ar\/blog\/wp-content\/uploads\/WhatsApp-Image-2025-12-17-at-09.10.13.jpeg?fit=1200%2C800&ssl=1&resize=350%2C200","width":350,"height":200,"srcset":"https:\/\/i0.wp.com\/larevistadigital.com.ar\/blog\/wp-content\/uploads\/WhatsApp-Image-2025-12-17-at-09.10.13.jpeg?fit=1200%2C800&ssl=1&resize=350%2C200 1x, https:\/\/i0.wp.com\/larevistadigital.com.ar\/blog\/wp-content\/uploads\/WhatsApp-Image-2025-12-17-at-09.10.13.jpeg?fit=1200%2C800&ssl=1&resize=525%2C300 1.5x, https:\/\/i0.wp.com\/larevistadigital.com.ar\/blog\/wp-content\/uploads\/WhatsApp-Image-2025-12-17-at-09.10.13.jpeg?fit=1200%2C800&ssl=1&resize=700%2C400 2x, https:\/\/i0.wp.com\/larevistadigital.com.ar\/blog\/wp-content\/uploads\/WhatsApp-Image-2025-12-17-at-09.10.13.jpeg?fit=1200%2C800&ssl=1&resize=1050%2C600 3x"},"classes":[]},{"id":40640,"url":"https:\/\/larevistadigital.com.ar\/blog\/chascomus-gran-jornada-cultural-para-las-infancias-en-el-barrio-jardin\/","url_meta":{"origin":36204,"position":4},"title":"Chascom\u00fas: Gran jornada cultural para las infancias en el Barrio Jard\u00edn","author":"Alejandro Sosa Ruda","date":"28 julio, 2025","format":false,"excerpt":"Cote Rossi, Vicepresidente del Instituto Cultural bonaerense, sostuvo: \u201dEs fundamental crear espacios para que toda la comunidad pueda disfrutar y compartir\". 28 de Julio de 2025 CHASCOM\u00daS\u00a0 -\u00a0 El s\u00e1bado por la tarde, la Sociedad de Fomento del Barrio Jard\u00edn fue la anfitriona de una maravillosa jornada para las infancias.\u2026","rel":"","context":"En \u00abCHASCOM\u00daS\u00bb","block_context":{"text":"CHASCOM\u00daS","link":"https:\/\/larevistadigital.com.ar\/blog\/category\/chascomus\/"},"img":{"alt_text":"","src":"https:\/\/i0.wp.com\/larevistadigital.com.ar\/blog\/wp-content\/uploads\/O4A1943-scaled.jpg?fit=1200%2C800&ssl=1&resize=350%2C200","width":350,"height":200,"srcset":"https:\/\/i0.wp.com\/larevistadigital.com.ar\/blog\/wp-content\/uploads\/O4A1943-scaled.jpg?fit=1200%2C800&ssl=1&resize=350%2C200 1x, https:\/\/i0.wp.com\/larevistadigital.com.ar\/blog\/wp-content\/uploads\/O4A1943-scaled.jpg?fit=1200%2C800&ssl=1&resize=525%2C300 1.5x, https:\/\/i0.wp.com\/larevistadigital.com.ar\/blog\/wp-content\/uploads\/O4A1943-scaled.jpg?fit=1200%2C800&ssl=1&resize=700%2C400 2x, https:\/\/i0.wp.com\/larevistadigital.com.ar\/blog\/wp-content\/uploads\/O4A1943-scaled.jpg?fit=1200%2C800&ssl=1&resize=1050%2C600 3x"},"classes":[]},{"id":25191,"url":"https:\/\/larevistadigital.com.ar\/blog\/chascomus-el-diputado-jose-ignacio-cote-rossi-presento-un-proyecto-para-declarar-de-interes-legislativo-la-muestra-artistica-que-se-realiza-en-la-bancaria\/","url_meta":{"origin":36204,"position":5},"title":"CHASCOM\u00daS: EL DIPUTADO JOS\u00c9 IGNACIO \u00abCOTE\u00bb ROSSI PRESENT\u00d3 UN PROYECTO PARA DECLARAR DE INTER\u00c9S LEGISLATIVO LA \u00abMUESTRA ART\u00cdSTICA\u00bb QUE SE REALIZA EN LA BANCARIA","author":"Alejandro Sosa Ruda","date":"21 abril, 2022","format":false,"excerpt":"El Diputado Provincial Jos\u00e9 Ignacio \"Cote\" Rossi, present\u00f3 un proyecto para que la \"Muestra Art\u00edstica\" que se realiza en la Bancaria de Chascom\u00fas, sea declarado de \"Inter\u00e9s Legislativo Provincial\". El evento, se realizar\u00e1 el d\u00eda de hoy, jueves 21\/04\/22 en el Sal\u00f3n de la Asociaci\u00f3n Bancaria, en calle Bolivar 77\u2026","rel":"","context":"En \u00abDESTACADAS\u00bb","block_context":{"text":"DESTACADAS","link":"https:\/\/larevistadigital.com.ar\/blog\/category\/destacadas\/"},"img":{"alt_text":"","src":"https:\/\/i0.wp.com\/larevistadigital.com.ar\/blog\/wp-content\/uploads\/WhatsApp-Image-2022-04-21-at-9.02.26-AM-e1650543693966.jpeg?fit=864%2C688&ssl=1&resize=350%2C200","width":350,"height":200,"srcset":"https:\/\/i0.wp.com\/larevistadigital.com.ar\/blog\/wp-content\/uploads\/WhatsApp-Image-2022-04-21-at-9.02.26-AM-e1650543693966.jpeg?fit=864%2C688&ssl=1&resize=350%2C200 1x, https:\/\/i0.wp.com\/larevistadigital.com.ar\/blog\/wp-content\/uploads\/WhatsApp-Image-2022-04-21-at-9.02.26-AM-e1650543693966.jpeg?fit=864%2C688&ssl=1&resize=525%2C300 1.5x, https:\/\/i0.wp.com\/larevistadigital.com.ar\/blog\/wp-content\/uploads\/WhatsApp-Image-2022-04-21-at-9.02.26-AM-e1650543693966.jpeg?fit=864%2C688&ssl=1&resize=700%2C400 2x"},"classes":[]}],"_links":{"self":[{"href":"https:\/\/larevistadigital.com.ar\/blog\/wp-json\/wp\/v2\/posts\/36204","targetHints":{"allow":["GET"]}}],"collection":[{"href":"https:\/\/larevistadigital.com.ar\/blog\/wp-json\/wp\/v2\/posts"}],"about":[{"href":"https:\/\/larevistadigital.com.ar\/blog\/wp-json\/wp\/v2\/types\/post"}],"author":[{"embeddable":true,"href":"https:\/\/larevistadigital.com.ar\/blog\/wp-json\/wp\/v2\/users\/3"}],"replies":[{"embeddable":true,"href":"https:\/\/larevistadigital.com.ar\/blog\/wp-json\/wp\/v2\/comments?post=36204"}],"version-history":[{"count":1,"href":"https:\/\/larevistadigital.com.ar\/blog\/wp-json\/wp\/v2\/posts\/36204\/revisions"}],"predecessor-version":[{"id":36206,"href":"https:\/\/larevistadigital.com.ar\/blog\/wp-json\/wp\/v2\/posts\/36204\/revisions\/36206"}],"wp:featuredmedia":[{"embeddable":true,"href":"https:\/\/larevistadigital.com.ar\/blog\/wp-json\/wp\/v2\/media\/36205"}],"wp:attachment":[{"href":"https:\/\/larevistadigital.com.ar\/blog\/wp-json\/wp\/v2\/media?parent=36204"}],"wp:term":[{"taxonomy":"category","embeddable":true,"href":"https:\/\/larevistadigital.com.ar\/blog\/wp-json\/wp\/v2\/categories?post=36204"},{"taxonomy":"post_tag","embeddable":true,"href":"https:\/\/larevistadigital.com.ar\/blog\/wp-json\/wp\/v2\/tags?post=36204"}],"curies":[{"name":"wp","href":"https:\/\/api.w.org\/{rel}","templated":true}]}}